{"id":22182,"date":"2017-03-06T15:07:47","date_gmt":"2017-03-06T14:07:47","guid":{"rendered":"http:\/\/newsestlyonnais.fr\/site\/?p=22182"},"modified":"2020-11-17T11:32:10","modified_gmt":"2020-11-17T10:32:10","slug":"lyon-toutes-moto-journee-internationale-droits-femmes","status":"publish","type":"post","link":"https:\/\/newsestlyonnais.fr\/site\/2017\/03\/06\/lyon-toutes-moto-journee-internationale-droits-femmes\/","title":{"rendered":"LYON | \u00ab\u00a0Toutes en Moto \u00a0\u00bb pour la \u00ab\u00a0Journ\u00e9e Internationale des Droits des Femmes\u00a0\u00bb"},"content":{"rendered":"<h4>Sous la houlette d\u2019<i>Anne Sixdeniers<\/i>, pr\u00e9sidente de l\u2019association \u00ab\u00a0Toutes en Moto\u00a0\u00bb et co-fondatrice du mouvement, la <b>8\u00b0 \u00e9dition des d\u00e9fil\u00e9s aura lieu le 12 mars 2017 <\/b>dans 10 villes en France et pour la premi\u00e8re fois \u00e0 Cayenne (Guyane) et \u00e0 Gen\u00e8ve le 9 avril.<\/h4>\n<p>Toujours fid\u00e8les au leitmotiv de l\u2019association \u00ab\u00a0Conduisons nos vies\u00a0\u00bb, les organisatrices des villes concern\u00e9es auront \u00e0 coeur de brandir les banderoles aux couleurs de Toutes en Moto pour <b>c\u00e9l\u00e9brer la journ\u00e9e des droits de la femme<\/b>.<br \/>\nCr\u00e9\u00e9 le 8 mars depuis 1977, date o\u00f9 les Nations Unies ont officialis\u00e9 cet hommage fait aux femmes et \u00e0 la lutte pour leurs droits, ce jour de soutien sera un mardi en 2017. Le choix s\u2019est port\u00e9 sur le dimanche 12 mars pour faciliter les d\u00e9placements des cort\u00e8ges et les autorisations des diff\u00e9rentes pr\u00e9fectures.Les d\u00e9fil\u00e9s pr\u00e9c\u00e9dents avaient rassembl\u00e9 pr\u00e8s de 10 000 motardes et motards en France dont 3000 \u00e0 Paris.<\/p>\n<p>Les amazones de Toutes en Moto invitent donc tous les amoureux du deux roues \u00e0 se joindre \u00e0 elles, au d\u00e9part de ces 12 villes, en d\u00e9but d\u2019apr\u00e8s midi.<br \/>\nComme chaque ann\u00e9e, <b>l\u2019association Toutes en Moto s\u2019associe \u00e0 une cause<\/b> qui lui est ch\u00e8re et porte parole de cette journ\u00e9e du 8 mars. Une belle rencontre, faite avec <i>Fr\u00e9d\u00e9rique Martz et Pierre Fold\u00e8s<\/i> , tous deux \u00e0 l\u2019origine de la cr\u00e9ation de <b>l\u2019Institut en Sant\u00e9 g\u00e9n\u00e9sique<\/b>, a conduit les membres du bureau de l\u2019association \u00e0 faire cause commune la violence faite aux femmes. L\u2019Institut, bas\u00e9 \u00e0 l\u2019h\u00f4pital de Saint Germain en Laye, a d\u00e9j\u00e0 aid\u00e9 plus de 900 femmes \u00e9paul\u00e9 par une \u00e9quipe d\u2019une vingtaine de b\u00e9n\u00e9voles, juristes, psychologues, infirmi\u00e8res, avocat, et bien s\u00fbr des m\u00e9decins comme <i>Pierre Fold\u00e8s<\/i>, \u00e9minent urologue, dont la lutte contre l\u2019excision est devenue son cheval de bataille, tant dans la prise en charge pr\u00e9-op\u00e9ratoire que post-op\u00e9ratoire.. <b>Fond\u00e9 en 2012, l\u2019Institut a pour mission d\u2019accueillir ces femmes violent\u00e9es<\/b>, viol\u00e9es, victimes d\u2019injustices physiques et psychologiques, de les prendre en charge, de les orienter vers un r\u00e9seau de professionnels de la sant\u00e9, du social, de la justice. La moto, symbole et vecteur de libert\u00e9, a s\u00e9duit la co-fondatrice et directrice g\u00e9n\u00e9rale de l ISG, <i>Fr\u00e9d\u00e9rique Martz<\/i>, qui sera aux c\u00f4t\u00e9s des organisatrices du d\u00e9fil\u00e9 parisien. Motard \u00e9galement, BMiste plus particuli\u00e8rement, <i>Pierre Fold\u00e8s<\/i> rejoindra le cort\u00e8ge au guidon de sa machine.<\/p>\n<p>Le rendez vous est pris une nouvelle fois cette ann\u00e9e, dans la bonne humeur, la solidarit\u00e9, en musique, o\u00f9 tous les v\u00e9hicules \u00e0 deux roues sont admis, de la mobylette aux grosses cylindr\u00e9es, tant que la passion anime toutes ces amazones au grand coeur. Rappelons que <span style=\"text-decoration: underline\">14% des permis moto sont f\u00e9minins et qu\u2019un quart des usagers scooters confondus sont des femmes<\/span>. Une population grandissante et qui n\u2019a pas dit son dernier mot : Libert\u00e9 ch\u00e9rie\u2026<\/p>\n<ul>\n<li>\u00a0<strong><em>Rendez Vous : Dimanche 12 mars 2017 \u00e0 partir de 12 heures (Place Jean Jaur\u00e8s \u00e0 Lyon 7)\u00b0<\/em><\/strong><\/li>\n<\/ul>\n<h4>Plus d&rsquo;infos sur:\u00a0<a href=\"http:\/\/www.toutesenmoto.org\" target=\"_blank\" rel=\"noopener noreferrer\">http:\/\/www.toutesenmoto.org<\/a><\/h4>\n","protected":false},"excerpt":{"rendered":"<p>Sous la houlette d\u2019Anne Sixdeniers, pr\u00e9sidente de l\u2019association \u00ab\u00a0Toutes en Moto\u00a0\u00bb et co-fondatrice du mouvement, la 8\u00b0 \u00e9dition des d\u00e9fil\u00e9s aura lieu le 12 mars 2017 dans 10 villes en France et pour la premi\u00e8re fois \u00e0 Cayenne (Guyane) et \u00e0 Gen\u00e8ve le 9 avril. Toujours fid\u00e8les au leitmotiv de l\u2019association \u00ab\u00a0Conduisons nos vies\u00a0\u00bb, les [&hellip;]<\/p>\n","protected":false},"author":4,"featured_media":22181,"comment_status":"open","ping_status":"open","sticky":false,"template":"","format":"standard","meta":{"footnotes":""},"categories":[3009,3421,1625,18],"tags":[],"class_list":["post-22182","post","type-post","status-publish","format-standard","has-post-thumbnail","hentry","category-autos-motos","category-feminin-actu-au","category-lyon","category-sante-bien-etre-solidarite"],"yoast_head":"<!-- This site is optimized with the Yoast SEO plugin v27.2 - https:\/\/yoast.com\/product\/yoast-seo-wordpress\/ -->\n<title>LYON : &quot;TOUTES EN MOTO&quot; pour la &quot;Journ\u00e9e Internationale des Droits des Femmes&quot;<\/title>\n<meta name=\"description\" content=\"LYON : &quot;TOUTES EN MOTO&quot; pour la &quot;Journ\u00e9e Internationale des Droits des Femmes&quot;\" \/>\n<meta name=\"robots\" content=\"index, follow, max-snippet:-1, max-image-preview:large, max-video-preview:-1\" \/>\n<link rel=\"canonical\" href=\"https:\/\/newsestlyonnais.fr\/site\/2017\/03\/06\/lyon-toutes-moto-journee-internationale-droits-femmes\/\" \/>\n<meta property=\"og:locale\" content=\"fr_FR\" \/>\n<meta property=\"og:type\" content=\"article\" \/>\n<meta property=\"og:title\" content=\"LYON : &quot;TOUTES EN MOTO&quot; pour la &quot;Journ\u00e9e Internationale des Droits des Femmes&quot;\" \/>\n<meta property=\"og:description\" content=\"LYON : &quot;TOUTES EN MOTO&quot; pour la &quot;Journ\u00e9e Internationale des Droits des Femmes&quot;\" \/>\n<meta property=\"og:url\" content=\"https:\/\/newsestlyonnais.fr\/site\/2017\/03\/06\/lyon-toutes-moto-journee-internationale-droits-femmes\/\" \/>\n<meta property=\"og:site_name\" content=\"News Est Lyonnais\" \/>\n<meta property=\"article:author\" content=\"https:\/\/www.facebook.com\/pascal.oberson.1?fref=ts\" \/>\n<meta property=\"article:published_time\" content=\"2017-03-06T14:07:47+00:00\" \/>\n<meta property=\"article:modified_time\" content=\"2020-11-17T10:32:10+00:00\" \/>\n<meta property=\"og:image\" content=\"https:\/\/i1.wp.com\/newsestlyonnais.fr\/site\/wp-content\/uploads\/2017\/03\/NEWSESTLYONNAIS-TOUTES-EN-MOTO.jpg?fit=1000%2C750&ssl=1\" \/>\n\t<meta property=\"og:image:width\" content=\"1000\" \/>\n\t<meta property=\"og:image:height\" content=\"750\" \/>\n\t<meta property=\"og:image:type\" content=\"image\/jpeg\" \/>\n<meta name=\"author\" content=\"R\u00e9dac. NEWS\" \/>\n<meta name=\"twitter:card\" content=\"summary_large_image\" \/>\n<meta name=\"twitter:label1\" content=\"\u00c9crit par\" \/>\n\t<meta name=\"twitter:data1\" content=\"R\u00e9dac. NEWS\" \/>\n\t<meta name=\"twitter:label2\" content=\"Dur\u00e9e de lecture estim\u00e9e\" \/>\n\t<meta name=\"twitter:data2\" content=\"3 minutes\" \/>\n<script type=\"application\/ld+json\" class=\"yoast-schema-graph\">{\"@context\":\"https:\/\/schema.org\",\"@graph\":[{\"@type\":\"Article\",\"@id\":\"https:\/\/newsestlyonnais.fr\/site\/2017\/03\/06\/lyon-toutes-moto-journee-internationale-droits-femmes\/#article\",\"isPartOf\":{\"@id\":\"https:\/\/newsestlyonnais.fr\/site\/2017\/03\/06\/lyon-toutes-moto-journee-internationale-droits-femmes\/\"},\"author\":{\"name\":\"R\u00e9dac. NEWS\",\"@id\":\"https:\/\/newsestlyonnais.fr\/site\/#\/schema\/person\/3230d5615f390bb808365d673001e887\"},\"headline\":\"LYON | \u00ab\u00a0Toutes en Moto \u00a0\u00bb pour la \u00ab\u00a0Journ\u00e9e Internationale des Droits des Femmes\u00a0\u00bb\",\"datePublished\":\"2017-03-06T14:07:47+00:00\",\"dateModified\":\"2020-11-17T10:32:10+00:00\",\"mainEntityOfPage\":{\"@id\":\"https:\/\/newsestlyonnais.fr\/site\/2017\/03\/06\/lyon-toutes-moto-journee-internationale-droits-femmes\/\"},\"wordCount\":544,\"commentCount\":0,\"publisher\":{\"@id\":\"https:\/\/newsestlyonnais.fr\/site\/#organization\"},\"image\":{\"@id\":\"https:\/\/newsestlyonnais.fr\/site\/2017\/03\/06\/lyon-toutes-moto-journee-internationale-droits-femmes\/#primaryimage\"},\"thumbnailUrl\":\"https:\/\/newsestlyonnais.fr\/site\/wp-content\/uploads\/2017\/03\/NEWSESTLYONNAIS-TOUTES-EN-MOTO.jpg\",\"articleSection\":[\"Autos | Motos\",\"F\u00e9minin (Actu au)\",\"Lyon\",\"Sant\u00e9 | Bien Etre | Solidarit\u00e9\"],\"inLanguage\":\"fr-FR\",\"potentialAction\":[{\"@type\":\"CommentAction\",\"name\":\"Comment\",\"target\":[\"https:\/\/newsestlyonnais.fr\/site\/2017\/03\/06\/lyon-toutes-moto-journee-internationale-droits-femmes\/#respond\"]}]},{\"@type\":\"WebPage\",\"@id\":\"https:\/\/newsestlyonnais.fr\/site\/2017\/03\/06\/lyon-toutes-moto-journee-internationale-droits-femmes\/\",\"url\":\"https:\/\/newsestlyonnais.fr\/site\/2017\/03\/06\/lyon-toutes-moto-journee-internationale-droits-femmes\/\",\"name\":\"LYON : \\\"TOUTES EN MOTO\\\" pour la \\\"Journ\u00e9e Internationale des Droits des Femmes\\\"\",\"isPartOf\":{\"@id\":\"https:\/\/newsestlyonnais.fr\/site\/#website\"},\"primaryImageOfPage\":{\"@id\":\"https:\/\/newsestlyonnais.fr\/site\/2017\/03\/06\/lyon-toutes-moto-journee-internationale-droits-femmes\/#primaryimage\"},\"image\":{\"@id\":\"https:\/\/newsestlyonnais.fr\/site\/2017\/03\/06\/lyon-toutes-moto-journee-internationale-droits-femmes\/#primaryimage\"},\"thumbnailUrl\":\"https:\/\/newsestlyonnais.fr\/site\/wp-content\/uploads\/2017\/03\/NEWSESTLYONNAIS-TOUTES-EN-MOTO.jpg\",\"datePublished\":\"2017-03-06T14:07:47+00:00\",\"dateModified\":\"2020-11-17T10:32:10+00:00\",\"description\":\"LYON : \\\"TOUTES EN MOTO\\\" pour la \\\"Journ\u00e9e Internationale des Droits des Femmes\\\"\",\"breadcrumb\":{\"@id\":\"https:\/\/newsestlyonnais.fr\/site\/2017\/03\/06\/lyon-toutes-moto-journee-internationale-droits-femmes\/#breadcrumb\"},\"inLanguage\":\"fr-FR\",\"potentialAction\":[{\"@type\":\"ReadAction\",\"target\":[\"https:\/\/newsestlyonnais.fr\/site\/2017\/03\/06\/lyon-toutes-moto-journee-internationale-droits-femmes\/\"]}]},{\"@type\":\"ImageObject\",\"inLanguage\":\"fr-FR\",\"@id\":\"https:\/\/newsestlyonnais.fr\/site\/2017\/03\/06\/lyon-toutes-moto-journee-internationale-droits-femmes\/#primaryimage\",\"url\":\"https:\/\/newsestlyonnais.fr\/site\/wp-content\/uploads\/2017\/03\/NEWSESTLYONNAIS-TOUTES-EN-MOTO.jpg\",\"contentUrl\":\"https:\/\/newsestlyonnais.fr\/site\/wp-content\/uploads\/2017\/03\/NEWSESTLYONNAIS-TOUTES-EN-MOTO.jpg\",\"width\":1000,\"height\":750,\"caption\":\"NEWSESTLYONNAIS - TOUTES EN MOTO\"},{\"@type\":\"BreadcrumbList\",\"@id\":\"https:\/\/newsestlyonnais.fr\/site\/2017\/03\/06\/lyon-toutes-moto-journee-internationale-droits-femmes\/#breadcrumb\",\"itemListElement\":[{\"@type\":\"ListItem\",\"position\":1,\"name\":\"Accueil\",\"item\":\"https:\/\/newsestlyonnais.fr\/site\/\"},{\"@type\":\"ListItem\",\"position\":2,\"name\":\"LYON | \u00ab\u00a0Toutes en Moto \u00a0\u00bb pour la \u00ab\u00a0Journ\u00e9e Internationale des Droits des Femmes\u00a0\u00bb\"}]},{\"@type\":\"WebSite\",\"@id\":\"https:\/\/newsestlyonnais.fr\/site\/#website\",\"url\":\"https:\/\/newsestlyonnais.fr\/site\/\",\"name\":\"News Est Lyonnais\",\"description\":\"L&#039;actualit\u00e9 au plus pr\u00e8s\",\"publisher\":{\"@id\":\"https:\/\/newsestlyonnais.fr\/site\/#organization\"},\"potentialAction\":[{\"@type\":\"SearchAction\",\"target\":{\"@type\":\"EntryPoint\",\"urlTemplate\":\"https:\/\/newsestlyonnais.fr\/site\/?s={search_term_string}\"},\"query-input\":{\"@type\":\"PropertyValueSpecification\",\"valueRequired\":true,\"valueName\":\"search_term_string\"}}],\"inLanguage\":\"fr-FR\"},{\"@type\":\"Organization\",\"@id\":\"https:\/\/newsestlyonnais.fr\/site\/#organization\",\"name\":\"News EST LYONNAIS\",\"url\":\"https:\/\/newsestlyonnais.fr\/site\/\",\"logo\":{\"@type\":\"ImageObject\",\"inLanguage\":\"fr-FR\",\"@id\":\"https:\/\/newsestlyonnais.fr\/site\/#\/schema\/logo\/image\/\",\"url\":\"\",\"contentUrl\":\"\",\"caption\":\"News EST LYONNAIS\"},\"image\":{\"@id\":\"https:\/\/newsestlyonnais.fr\/site\/#\/schema\/logo\/image\/\"}},{\"@type\":\"Person\",\"@id\":\"https:\/\/newsestlyonnais.fr\/site\/#\/schema\/person\/3230d5615f390bb808365d673001e887\",\"name\":\"R\u00e9dac. NEWS\",\"sameAs\":[\"http:\/\/www.newsestlyonnais.fr\",\"https:\/\/www.facebook.com\/pascal.oberson.1?fref=ts\",\"https:\/\/fr.linkedin.com\/in\/pascal-oberson-b17045113\"],\"url\":\"https:\/\/newsestlyonnais.fr\/site\/author\/nel\/\"}]}<\/script>\n<!-- \/ Yoast SEO plugin. -->","yoast_head_json":{"title":"LYON : \"TOUTES EN MOTO\" pour la \"Journ\u00e9e Internationale des Droits des Femmes\"","description":"LYON : \"TOUTES EN MOTO\" pour la \"Journ\u00e9e Internationale des Droits des Femmes\"","robots":{"index":"index","follow":"follow","max-snippet":"max-snippet:-1","max-image-preview":"max-image-preview:large","max-video-preview":"max-video-preview:-1"},"canonical":"https:\/\/newsestlyonnais.fr\/site\/2017\/03\/06\/lyon-toutes-moto-journee-internationale-droits-femmes\/","og_locale":"fr_FR","og_type":"article","og_title":"LYON : \"TOUTES EN MOTO\" pour la \"Journ\u00e9e Internationale des Droits des Femmes\"","og_description":"LYON : \"TOUTES EN MOTO\" pour la \"Journ\u00e9e Internationale des Droits des Femmes\"","og_url":"https:\/\/newsestlyonnais.fr\/site\/2017\/03\/06\/lyon-toutes-moto-journee-internationale-droits-femmes\/","og_site_name":"News Est Lyonnais","article_author":"https:\/\/www.facebook.com\/pascal.oberson.1?fref=ts","article_published_time":"2017-03-06T14:07:47+00:00","article_modified_time":"2020-11-17T10:32:10+00:00","og_image":[{"width":1000,"height":750,"url":"https:\/\/i1.wp.com\/newsestlyonnais.fr\/site\/wp-content\/uploads\/2017\/03\/NEWSESTLYONNAIS-TOUTES-EN-MOTO.jpg?fit=1000%2C750&ssl=1","type":"image\/jpeg"}],"author":"R\u00e9dac. NEWS","twitter_card":"summary_large_image","twitter_misc":{"\u00c9crit par":"R\u00e9dac. NEWS","Dur\u00e9e de lecture estim\u00e9e":"3 minutes"},"schema":{"@context":"https:\/\/schema.org","@graph":[{"@type":"Article","@id":"https:\/\/newsestlyonnais.fr\/site\/2017\/03\/06\/lyon-toutes-moto-journee-internationale-droits-femmes\/#article","isPartOf":{"@id":"https:\/\/newsestlyonnais.fr\/site\/2017\/03\/06\/lyon-toutes-moto-journee-internationale-droits-femmes\/"},"author":{"name":"R\u00e9dac. NEWS","@id":"https:\/\/newsestlyonnais.fr\/site\/#\/schema\/person\/3230d5615f390bb808365d673001e887"},"headline":"LYON | \u00ab\u00a0Toutes en Moto \u00a0\u00bb pour la \u00ab\u00a0Journ\u00e9e Internationale des Droits des Femmes\u00a0\u00bb","datePublished":"2017-03-06T14:07:47+00:00","dateModified":"2020-11-17T10:32:10+00:00","mainEntityOfPage":{"@id":"https:\/\/newsestlyonnais.fr\/site\/2017\/03\/06\/lyon-toutes-moto-journee-internationale-droits-femmes\/"},"wordCount":544,"commentCount":0,"publisher":{"@id":"https:\/\/newsestlyonnais.fr\/site\/#organization"},"image":{"@id":"https:\/\/newsestlyonnais.fr\/site\/2017\/03\/06\/lyon-toutes-moto-journee-internationale-droits-femmes\/#primaryimage"},"thumbnailUrl":"https:\/\/newsestlyonnais.fr\/site\/wp-content\/uploads\/2017\/03\/NEWSESTLYONNAIS-TOUTES-EN-MOTO.jpg","articleSection":["Autos | Motos","F\u00e9minin (Actu au)","Lyon","Sant\u00e9 | Bien Etre | Solidarit\u00e9"],"inLanguage":"fr-FR","potentialAction":[{"@type":"CommentAction","name":"Comment","target":["https:\/\/newsestlyonnais.fr\/site\/2017\/03\/06\/lyon-toutes-moto-journee-internationale-droits-femmes\/#respond"]}]},{"@type":"WebPage","@id":"https:\/\/newsestlyonnais.fr\/site\/2017\/03\/06\/lyon-toutes-moto-journee-internationale-droits-femmes\/","url":"https:\/\/newsestlyonnais.fr\/site\/2017\/03\/06\/lyon-toutes-moto-journee-internationale-droits-femmes\/","name":"LYON : \"TOUTES EN MOTO\" pour la \"Journ\u00e9e Internationale des Droits des Femmes\"","isPartOf":{"@id":"https:\/\/newsestlyonnais.fr\/site\/#website"},"primaryImageOfPage":{"@id":"https:\/\/newsestlyonnais.fr\/site\/2017\/03\/06\/lyon-toutes-moto-journee-internationale-droits-femmes\/#primaryimage"},"image":{"@id":"https:\/\/newsestlyonnais.fr\/site\/2017\/03\/06\/lyon-toutes-moto-journee-internationale-droits-femmes\/#primaryimage"},"thumbnailUrl":"https:\/\/newsestlyonnais.fr\/site\/wp-content\/uploads\/2017\/03\/NEWSESTLYONNAIS-TOUTES-EN-MOTO.jpg","datePublished":"2017-03-06T14:07:47+00:00","dateModified":"2020-11-17T10:32:10+00:00","description":"LYON : \"TOUTES EN MOTO\" pour la \"Journ\u00e9e Internationale des Droits des Femmes\"","breadcrumb":{"@id":"https:\/\/newsestlyonnais.fr\/site\/2017\/03\/06\/lyon-toutes-moto-journee-internationale-droits-femmes\/#breadcrumb"},"inLanguage":"fr-FR","potentialAction":[{"@type":"ReadAction","target":["https:\/\/newsestlyonnais.fr\/site\/2017\/03\/06\/lyon-toutes-moto-journee-internationale-droits-femmes\/"]}]},{"@type":"ImageObject","inLanguage":"fr-FR","@id":"https:\/\/newsestlyonnais.fr\/site\/2017\/03\/06\/lyon-toutes-moto-journee-internationale-droits-femmes\/#primaryimage","url":"https:\/\/newsestlyonnais.fr\/site\/wp-content\/uploads\/2017\/03\/NEWSESTLYONNAIS-TOUTES-EN-MOTO.jpg","contentUrl":"https:\/\/newsestlyonnais.fr\/site\/wp-content\/uploads\/2017\/03\/NEWSESTLYONNAIS-TOUTES-EN-MOTO.jpg","width":1000,"height":750,"caption":"NEWSESTLYONNAIS - TOUTES EN MOTO"},{"@type":"BreadcrumbList","@id":"https:\/\/newsestlyonnais.fr\/site\/2017\/03\/06\/lyon-toutes-moto-journee-internationale-droits-femmes\/#breadcrumb","itemListElement":[{"@type":"ListItem","position":1,"name":"Accueil","item":"https:\/\/newsestlyonnais.fr\/site\/"},{"@type":"ListItem","position":2,"name":"LYON | \u00ab\u00a0Toutes en Moto \u00a0\u00bb pour la \u00ab\u00a0Journ\u00e9e Internationale des Droits des Femmes\u00a0\u00bb"}]},{"@type":"WebSite","@id":"https:\/\/newsestlyonnais.fr\/site\/#website","url":"https:\/\/newsestlyonnais.fr\/site\/","name":"News Est Lyonnais","description":"L&#039;actualit\u00e9 au plus pr\u00e8s","publisher":{"@id":"https:\/\/newsestlyonnais.fr\/site\/#organization"},"potentialAction":[{"@type":"SearchAction","target":{"@type":"EntryPoint","urlTemplate":"https:\/\/newsestlyonnais.fr\/site\/?s={search_term_string}"},"query-input":{"@type":"PropertyValueSpecification","valueRequired":true,"valueName":"search_term_string"}}],"inLanguage":"fr-FR"},{"@type":"Organization","@id":"https:\/\/newsestlyonnais.fr\/site\/#organization","name":"News EST LYONNAIS","url":"https:\/\/newsestlyonnais.fr\/site\/","logo":{"@type":"ImageObject","inLanguage":"fr-FR","@id":"https:\/\/newsestlyonnais.fr\/site\/#\/schema\/logo\/image\/","url":"","contentUrl":"","caption":"News EST LYONNAIS"},"image":{"@id":"https:\/\/newsestlyonnais.fr\/site\/#\/schema\/logo\/image\/"}},{"@type":"Person","@id":"https:\/\/newsestlyonnais.fr\/site\/#\/schema\/person\/3230d5615f390bb808365d673001e887","name":"R\u00e9dac. NEWS","sameAs":["http:\/\/www.newsestlyonnais.fr","https:\/\/www.facebook.com\/pascal.oberson.1?fref=ts","https:\/\/fr.linkedin.com\/in\/pascal-oberson-b17045113"],"url":"https:\/\/newsestlyonnais.fr\/site\/author\/nel\/"}]}},"_links":{"self":[{"href":"https:\/\/newsestlyonnais.fr\/site\/wp-json\/wp\/v2\/posts\/22182","targetHints":{"allow":["GET"]}}],"collection":[{"href":"https:\/\/newsestlyonnais.fr\/site\/wp-json\/wp\/v2\/posts"}],"about":[{"href":"https:\/\/newsestlyonnais.fr\/site\/wp-json\/wp\/v2\/types\/post"}],"author":[{"embeddable":true,"href":"https:\/\/newsestlyonnais.fr\/site\/wp-json\/wp\/v2\/users\/4"}],"replies":[{"embeddable":true,"href":"https:\/\/newsestlyonnais.fr\/site\/wp-json\/wp\/v2\/comments?post=22182"}],"version-history":[{"count":0,"href":"https:\/\/newsestlyonnais.fr\/site\/wp-json\/wp\/v2\/posts\/22182\/revisions"}],"wp:featuredmedia":[{"embeddable":true,"href":"https:\/\/newsestlyonnais.fr\/site\/wp-json\/wp\/v2\/media\/22181"}],"wp:attachment":[{"href":"https:\/\/newsestlyonnais.fr\/site\/wp-json\/wp\/v2\/media?parent=22182"}],"wp:term":[{"taxonomy":"category","embeddable":true,"href":"https:\/\/newsestlyonnais.fr\/site\/wp-json\/wp\/v2\/categories?post=22182"},{"taxonomy":"post_tag","embeddable":true,"href":"https:\/\/newsestlyonnais.fr\/site\/wp-json\/wp\/v2\/tags?post=22182"}],"curies":[{"name":"wp","href":"https:\/\/api.w.org\/{rel}","templated":true}]}}