{"id":22264,"date":"2017-03-07T19:49:01","date_gmt":"2017-03-07T18:49:01","guid":{"rendered":"http:\/\/newsestlyonnais.fr\/site\/?p=22264"},"modified":"2020-11-17T15:32:32","modified_gmt":"2020-11-17T14:32:32","slug":"bron-celebre-les-femmes-les-8-et-18-mars","status":"publish","type":"post","link":"https:\/\/newsestlyonnais.fr\/site\/2017\/03\/07\/bron-celebre-les-femmes-les-8-et-18-mars\/","title":{"rendered":"BRON c\u00e9l\u00e8bre les femmes les 8 et 18 mars !"},"content":{"rendered":"<h4><b>Mercredi 8 et samedi 18 mars<\/b>, deux journ\u00e9es \u00e0 Bron pour d\u00e9battre, se rencontrer, \u00e9changer, autour de la Journ\u00e9e Internationale des Droits des Femmes. Femmes et hommes, vous \u00eates tous invit\u00e9s !<\/h4>\n<ul>\n<li><b>D\u00e8s ce mercredi 8 mars<\/b>, <span style=\"text-decoration: underline\">\u00e0 18 heures \u00e0 la Librairie de l&rsquo;H\u00f4tel de Ville<\/span> (150, avenue Franklin-Roosevelt), une rencontre-d\u00e9dicace avec Isabelle Kauffman autour de son livre \u201cLes corps fragiles\u201d puis <span style=\"text-decoration: underline\">\u00e0 20 heures au cin\u00e9ma Les Aliz\u00e9s<\/span> (214, avenue Franklin-Roosevelt), la projection du film \u201c\u00c0 peine j&rsquo;ouvre les yeux\u201d, de Leyla Bouzid, suivie d&rsquo;un d\u00e9bat. Sans oublier une grande exposition dans la ville autour des \u201cFemmes en r\u00e9sistance\u201d, des balades urbaines avec le Centre social G\u00e9rard Philipe&#8230;<br \/>\n<b>Samedi 18 mars<\/b>, <span style=\"text-decoration: underline\">\u00e0 9 heures<\/span>, le traditionnel\u00a0 \u201cCaf\u2019\u00e9galit\u00e9\u201d organis\u00e9 par la Ville <span style=\"text-decoration: underline\">\u00e0 l\u2019Espace Roger Pestourie<\/span>, square Grimma (arr\u00eat tramway T2 ou T5 Bron H\u00f4tel de Ville), pour marquer les 10 ans de ce \u201cCaf\u00e9-Femmes\u201d.<\/li>\n<\/ul>\n<h4>Plus d&rsquo;infos sur: <a href=\"http:\/\/www.ville-bron.fr\/editorial.php?Rub=260&amp;only_one=8633&amp;only_one=8633&amp;back_url=index.php\" target=\"_blank\" rel=\"noopener noreferrer\">http:\/\/www.ville-bron.fr\/editorial.php?Rub=260&amp;only_one=8633&amp;only_one=8633&amp;back_url=index.php<\/a><\/h4>\n<p>&nbsp;<\/p>\n","protected":false},"excerpt":{"rendered":"<p>Mercredi 8 et samedi 18 mars, deux journ\u00e9es \u00e0 Bron pour d\u00e9battre, se rencontrer, \u00e9changer, autour de la Journ\u00e9e Internationale des Droits des Femmes. Femmes et hommes, vous \u00eates tous invit\u00e9s ! D\u00e8s ce mercredi 8 mars, \u00e0 18 heures \u00e0 la Librairie de l&rsquo;H\u00f4tel de Ville (150, avenue Franklin-Roosevelt), une rencontre-d\u00e9dicace avec Isabelle Kauffman [&hellip;]<\/p>\n","protected":false},"author":4,"featured_media":14003,"comment_status":"open","ping_status":"open","sticky":false,"template":"","format":"standard","meta":{"footnotes":""},"categories":[19,3421,18],"tags":[],"class_list":["post-22264","post","type-post","status-publish","format-standard","has-post-thumbnail","hentry","category-bron","category-feminin-actu-au","category-sante-bien-etre-solidarite"],"yoast_head":"<!-- This site is optimized with the Yoast SEO plugin v27.2 - https:\/\/yoast.com\/product\/yoast-seo-wordpress\/ -->\n<title>BRON C\u00c9L\u00c8BRE LES FEMMES les 8 et 18 mars !<\/title>\n<meta name=\"description\" content=\"BRON C\u00c9L\u00c8BRE LES FEMMES les 8 et 18 mars !\" \/>\n<meta name=\"robots\" content=\"index, follow, max-snippet:-1, max-image-preview:large, max-video-preview:-1\" \/>\n<link rel=\"canonical\" href=\"https:\/\/newsestlyonnais.fr\/site\/2017\/03\/07\/bron-celebre-les-femmes-les-8-et-18-mars\/\" \/>\n<meta property=\"og:locale\" content=\"fr_FR\" \/>\n<meta property=\"og:type\" content=\"article\" \/>\n<meta property=\"og:title\" content=\"BRON C\u00c9L\u00c8BRE LES FEMMES les 8 et 18 mars !\" \/>\n<meta property=\"og:description\" content=\"BRON C\u00c9L\u00c8BRE LES FEMMES les 8 et 18 mars !\" \/>\n<meta property=\"og:url\" content=\"https:\/\/newsestlyonnais.fr\/site\/2017\/03\/07\/bron-celebre-les-femmes-les-8-et-18-mars\/\" \/>\n<meta property=\"og:site_name\" content=\"News Est Lyonnais\" \/>\n<meta property=\"article:author\" content=\"https:\/\/www.facebook.com\/pascal.oberson.1?fref=ts\" \/>\n<meta property=\"article:published_time\" content=\"2017-03-07T18:49:01+00:00\" \/>\n<meta property=\"article:modified_time\" content=\"2020-11-17T14:32:32+00:00\" \/>\n<meta property=\"og:image\" content=\"https:\/\/i0.wp.com\/newsestlyonnais.fr\/site\/wp-content\/uploads\/2016\/10\/NEWSESTLYONNAIS-BIS-PANNEAUBRON.jpg?fit=1000%2C750&ssl=1\" \/>\n\t<meta property=\"og:image:width\" content=\"1000\" \/>\n\t<meta property=\"og:image:height\" content=\"750\" \/>\n\t<meta property=\"og:image:type\" content=\"image\/jpeg\" \/>\n<meta name=\"author\" content=\"R\u00e9dac. NEWS\" \/>\n<meta name=\"twitter:card\" content=\"summary_large_image\" \/>\n<meta name=\"twitter:label1\" content=\"\u00c9crit par\" \/>\n\t<meta name=\"twitter:data1\" content=\"R\u00e9dac. NEWS\" \/>\n\t<meta name=\"twitter:label2\" content=\"Dur\u00e9e de lecture estim\u00e9e\" \/>\n\t<meta name=\"twitter:data2\" content=\"1 minute\" \/>\n<script type=\"application\/ld+json\" class=\"yoast-schema-graph\">{\"@context\":\"https:\/\/schema.org\",\"@graph\":[{\"@type\":\"Article\",\"@id\":\"https:\/\/newsestlyonnais.fr\/site\/2017\/03\/07\/bron-celebre-les-femmes-les-8-et-18-mars\/#article\",\"isPartOf\":{\"@id\":\"https:\/\/newsestlyonnais.fr\/site\/2017\/03\/07\/bron-celebre-les-femmes-les-8-et-18-mars\/\"},\"author\":{\"name\":\"R\u00e9dac. NEWS\",\"@id\":\"https:\/\/newsestlyonnais.fr\/site\/#\/schema\/person\/3230d5615f390bb808365d673001e887\"},\"headline\":\"BRON c\u00e9l\u00e8bre les femmes les 8 et 18 mars !\",\"datePublished\":\"2017-03-07T18:49:01+00:00\",\"dateModified\":\"2020-11-17T14:32:32+00:00\",\"mainEntityOfPage\":{\"@id\":\"https:\/\/newsestlyonnais.fr\/site\/2017\/03\/07\/bron-celebre-les-femmes-les-8-et-18-mars\/\"},\"wordCount\":180,\"commentCount\":0,\"publisher\":{\"@id\":\"https:\/\/newsestlyonnais.fr\/site\/#organization\"},\"image\":{\"@id\":\"https:\/\/newsestlyonnais.fr\/site\/2017\/03\/07\/bron-celebre-les-femmes-les-8-et-18-mars\/#primaryimage\"},\"thumbnailUrl\":\"https:\/\/newsestlyonnais.fr\/site\/wp-content\/uploads\/2016\/10\/NEWSESTLYONNAIS-BIS-PANNEAUBRON.jpg\",\"articleSection\":[\"Bron\",\"F\u00e9minin (Actu au)\",\"Sant\u00e9 | Bien Etre | Solidarit\u00e9\"],\"inLanguage\":\"fr-FR\",\"potentialAction\":[{\"@type\":\"CommentAction\",\"name\":\"Comment\",\"target\":[\"https:\/\/newsestlyonnais.fr\/site\/2017\/03\/07\/bron-celebre-les-femmes-les-8-et-18-mars\/#respond\"]}]},{\"@type\":\"WebPage\",\"@id\":\"https:\/\/newsestlyonnais.fr\/site\/2017\/03\/07\/bron-celebre-les-femmes-les-8-et-18-mars\/\",\"url\":\"https:\/\/newsestlyonnais.fr\/site\/2017\/03\/07\/bron-celebre-les-femmes-les-8-et-18-mars\/\",\"name\":\"BRON C\u00c9L\u00c8BRE LES FEMMES les 8 et 18 mars !\",\"isPartOf\":{\"@id\":\"https:\/\/newsestlyonnais.fr\/site\/#website\"},\"primaryImageOfPage\":{\"@id\":\"https:\/\/newsestlyonnais.fr\/site\/2017\/03\/07\/bron-celebre-les-femmes-les-8-et-18-mars\/#primaryimage\"},\"image\":{\"@id\":\"https:\/\/newsestlyonnais.fr\/site\/2017\/03\/07\/bron-celebre-les-femmes-les-8-et-18-mars\/#primaryimage\"},\"thumbnailUrl\":\"https:\/\/newsestlyonnais.fr\/site\/wp-content\/uploads\/2016\/10\/NEWSESTLYONNAIS-BIS-PANNEAUBRON.jpg\",\"datePublished\":\"2017-03-07T18:49:01+00:00\",\"dateModified\":\"2020-11-17T14:32:32+00:00\",\"description\":\"BRON C\u00c9L\u00c8BRE LES FEMMES les 8 et 18 mars !\",\"breadcrumb\":{\"@id\":\"https:\/\/newsestlyonnais.fr\/site\/2017\/03\/07\/bron-celebre-les-femmes-les-8-et-18-mars\/#breadcrumb\"},\"inLanguage\":\"fr-FR\",\"potentialAction\":[{\"@type\":\"ReadAction\",\"target\":[\"https:\/\/newsestlyonnais.fr\/site\/2017\/03\/07\/bron-celebre-les-femmes-les-8-et-18-mars\/\"]}]},{\"@type\":\"ImageObject\",\"inLanguage\":\"fr-FR\",\"@id\":\"https:\/\/newsestlyonnais.fr\/site\/2017\/03\/07\/bron-celebre-les-femmes-les-8-et-18-mars\/#primaryimage\",\"url\":\"https:\/\/newsestlyonnais.fr\/site\/wp-content\/uploads\/2016\/10\/NEWSESTLYONNAIS-BIS-PANNEAUBRON.jpg\",\"contentUrl\":\"https:\/\/newsestlyonnais.fr\/site\/wp-content\/uploads\/2016\/10\/NEWSESTLYONNAIS-BIS-PANNEAUBRON.jpg\",\"width\":1000,\"height\":750,\"caption\":\"newsestlyonnais-bis-panneau bron\"},{\"@type\":\"BreadcrumbList\",\"@id\":\"https:\/\/newsestlyonnais.fr\/site\/2017\/03\/07\/bron-celebre-les-femmes-les-8-et-18-mars\/#breadcrumb\",\"itemListElement\":[{\"@type\":\"ListItem\",\"position\":1,\"name\":\"Accueil\",\"item\":\"https:\/\/newsestlyonnais.fr\/site\/\"},{\"@type\":\"ListItem\",\"position\":2,\"name\":\"BRON c\u00e9l\u00e8bre les femmes les 8 et 18 mars !\"}]},{\"@type\":\"WebSite\",\"@id\":\"https:\/\/newsestlyonnais.fr\/site\/#website\",\"url\":\"https:\/\/newsestlyonnais.fr\/site\/\",\"name\":\"News Est Lyonnais\",\"description\":\"L&#039;actualit\u00e9 au plus pr\u00e8s\",\"publisher\":{\"@id\":\"https:\/\/newsestlyonnais.fr\/site\/#organization\"},\"potentialAction\":[{\"@type\":\"SearchAction\",\"target\":{\"@type\":\"EntryPoint\",\"urlTemplate\":\"https:\/\/newsestlyonnais.fr\/site\/?s={search_term_string}\"},\"query-input\":{\"@type\":\"PropertyValueSpecification\",\"valueRequired\":true,\"valueName\":\"search_term_string\"}}],\"inLanguage\":\"fr-FR\"},{\"@type\":\"Organization\",\"@id\":\"https:\/\/newsestlyonnais.fr\/site\/#organization\",\"name\":\"News EST LYONNAIS\",\"url\":\"https:\/\/newsestlyonnais.fr\/site\/\",\"logo\":{\"@type\":\"ImageObject\",\"inLanguage\":\"fr-FR\",\"@id\":\"https:\/\/newsestlyonnais.fr\/site\/#\/schema\/logo\/image\/\",\"url\":\"\",\"contentUrl\":\"\",\"caption\":\"News EST LYONNAIS\"},\"image\":{\"@id\":\"https:\/\/newsestlyonnais.fr\/site\/#\/schema\/logo\/image\/\"}},{\"@type\":\"Person\",\"@id\":\"https:\/\/newsestlyonnais.fr\/site\/#\/schema\/person\/3230d5615f390bb808365d673001e887\",\"name\":\"R\u00e9dac. NEWS\",\"sameAs\":[\"http:\/\/www.newsestlyonnais.fr\",\"https:\/\/www.facebook.com\/pascal.oberson.1?fref=ts\",\"https:\/\/fr.linkedin.com\/in\/pascal-oberson-b17045113\"],\"url\":\"https:\/\/newsestlyonnais.fr\/site\/author\/nel\/\"}]}<\/script>\n<!-- \/ Yoast SEO plugin. -->","yoast_head_json":{"title":"BRON C\u00c9L\u00c8BRE LES FEMMES les 8 et 18 mars !","description":"BRON C\u00c9L\u00c8BRE LES FEMMES les 8 et 18 mars !","robots":{"index":"index","follow":"follow","max-snippet":"max-snippet:-1","max-image-preview":"max-image-preview:large","max-video-preview":"max-video-preview:-1"},"canonical":"https:\/\/newsestlyonnais.fr\/site\/2017\/03\/07\/bron-celebre-les-femmes-les-8-et-18-mars\/","og_locale":"fr_FR","og_type":"article","og_title":"BRON C\u00c9L\u00c8BRE LES FEMMES les 8 et 18 mars !","og_description":"BRON C\u00c9L\u00c8BRE LES FEMMES les 8 et 18 mars !","og_url":"https:\/\/newsestlyonnais.fr\/site\/2017\/03\/07\/bron-celebre-les-femmes-les-8-et-18-mars\/","og_site_name":"News Est Lyonnais","article_author":"https:\/\/www.facebook.com\/pascal.oberson.1?fref=ts","article_published_time":"2017-03-07T18:49:01+00:00","article_modified_time":"2020-11-17T14:32:32+00:00","og_image":[{"width":1000,"height":750,"url":"https:\/\/i0.wp.com\/newsestlyonnais.fr\/site\/wp-content\/uploads\/2016\/10\/NEWSESTLYONNAIS-BIS-PANNEAUBRON.jpg?fit=1000%2C750&ssl=1","type":"image\/jpeg"}],"author":"R\u00e9dac. NEWS","twitter_card":"summary_large_image","twitter_misc":{"\u00c9crit par":"R\u00e9dac. NEWS","Dur\u00e9e de lecture estim\u00e9e":"1 minute"},"schema":{"@context":"https:\/\/schema.org","@graph":[{"@type":"Article","@id":"https:\/\/newsestlyonnais.fr\/site\/2017\/03\/07\/bron-celebre-les-femmes-les-8-et-18-mars\/#article","isPartOf":{"@id":"https:\/\/newsestlyonnais.fr\/site\/2017\/03\/07\/bron-celebre-les-femmes-les-8-et-18-mars\/"},"author":{"name":"R\u00e9dac. NEWS","@id":"https:\/\/newsestlyonnais.fr\/site\/#\/schema\/person\/3230d5615f390bb808365d673001e887"},"headline":"BRON c\u00e9l\u00e8bre les femmes les 8 et 18 mars !","datePublished":"2017-03-07T18:49:01+00:00","dateModified":"2020-11-17T14:32:32+00:00","mainEntityOfPage":{"@id":"https:\/\/newsestlyonnais.fr\/site\/2017\/03\/07\/bron-celebre-les-femmes-les-8-et-18-mars\/"},"wordCount":180,"commentCount":0,"publisher":{"@id":"https:\/\/newsestlyonnais.fr\/site\/#organization"},"image":{"@id":"https:\/\/newsestlyonnais.fr\/site\/2017\/03\/07\/bron-celebre-les-femmes-les-8-et-18-mars\/#primaryimage"},"thumbnailUrl":"https:\/\/newsestlyonnais.fr\/site\/wp-content\/uploads\/2016\/10\/NEWSESTLYONNAIS-BIS-PANNEAUBRON.jpg","articleSection":["Bron","F\u00e9minin (Actu au)","Sant\u00e9 | Bien Etre | Solidarit\u00e9"],"inLanguage":"fr-FR","potentialAction":[{"@type":"CommentAction","name":"Comment","target":["https:\/\/newsestlyonnais.fr\/site\/2017\/03\/07\/bron-celebre-les-femmes-les-8-et-18-mars\/#respond"]}]},{"@type":"WebPage","@id":"https:\/\/newsestlyonnais.fr\/site\/2017\/03\/07\/bron-celebre-les-femmes-les-8-et-18-mars\/","url":"https:\/\/newsestlyonnais.fr\/site\/2017\/03\/07\/bron-celebre-les-femmes-les-8-et-18-mars\/","name":"BRON C\u00c9L\u00c8BRE LES FEMMES les 8 et 18 mars !","isPartOf":{"@id":"https:\/\/newsestlyonnais.fr\/site\/#website"},"primaryImageOfPage":{"@id":"https:\/\/newsestlyonnais.fr\/site\/2017\/03\/07\/bron-celebre-les-femmes-les-8-et-18-mars\/#primaryimage"},"image":{"@id":"https:\/\/newsestlyonnais.fr\/site\/2017\/03\/07\/bron-celebre-les-femmes-les-8-et-18-mars\/#primaryimage"},"thumbnailUrl":"https:\/\/newsestlyonnais.fr\/site\/wp-content\/uploads\/2016\/10\/NEWSESTLYONNAIS-BIS-PANNEAUBRON.jpg","datePublished":"2017-03-07T18:49:01+00:00","dateModified":"2020-11-17T14:32:32+00:00","description":"BRON C\u00c9L\u00c8BRE LES FEMMES les 8 et 18 mars !","breadcrumb":{"@id":"https:\/\/newsestlyonnais.fr\/site\/2017\/03\/07\/bron-celebre-les-femmes-les-8-et-18-mars\/#breadcrumb"},"inLanguage":"fr-FR","potentialAction":[{"@type":"ReadAction","target":["https:\/\/newsestlyonnais.fr\/site\/2017\/03\/07\/bron-celebre-les-femmes-les-8-et-18-mars\/"]}]},{"@type":"ImageObject","inLanguage":"fr-FR","@id":"https:\/\/newsestlyonnais.fr\/site\/2017\/03\/07\/bron-celebre-les-femmes-les-8-et-18-mars\/#primaryimage","url":"https:\/\/newsestlyonnais.fr\/site\/wp-content\/uploads\/2016\/10\/NEWSESTLYONNAIS-BIS-PANNEAUBRON.jpg","contentUrl":"https:\/\/newsestlyonnais.fr\/site\/wp-content\/uploads\/2016\/10\/NEWSESTLYONNAIS-BIS-PANNEAUBRON.jpg","width":1000,"height":750,"caption":"newsestlyonnais-bis-panneau bron"},{"@type":"BreadcrumbList","@id":"https:\/\/newsestlyonnais.fr\/site\/2017\/03\/07\/bron-celebre-les-femmes-les-8-et-18-mars\/#breadcrumb","itemListElement":[{"@type":"ListItem","position":1,"name":"Accueil","item":"https:\/\/newsestlyonnais.fr\/site\/"},{"@type":"ListItem","position":2,"name":"BRON c\u00e9l\u00e8bre les femmes les 8 et 18 mars !"}]},{"@type":"WebSite","@id":"https:\/\/newsestlyonnais.fr\/site\/#website","url":"https:\/\/newsestlyonnais.fr\/site\/","name":"News Est Lyonnais","description":"L&#039;actualit\u00e9 au plus pr\u00e8s","publisher":{"@id":"https:\/\/newsestlyonnais.fr\/site\/#organization"},"potentialAction":[{"@type":"SearchAction","target":{"@type":"EntryPoint","urlTemplate":"https:\/\/newsestlyonnais.fr\/site\/?s={search_term_string}"},"query-input":{"@type":"PropertyValueSpecification","valueRequired":true,"valueName":"search_term_string"}}],"inLanguage":"fr-FR"},{"@type":"Organization","@id":"https:\/\/newsestlyonnais.fr\/site\/#organization","name":"News EST LYONNAIS","url":"https:\/\/newsestlyonnais.fr\/site\/","logo":{"@type":"ImageObject","inLanguage":"fr-FR","@id":"https:\/\/newsestlyonnais.fr\/site\/#\/schema\/logo\/image\/","url":"","contentUrl":"","caption":"News EST LYONNAIS"},"image":{"@id":"https:\/\/newsestlyonnais.fr\/site\/#\/schema\/logo\/image\/"}},{"@type":"Person","@id":"https:\/\/newsestlyonnais.fr\/site\/#\/schema\/person\/3230d5615f390bb808365d673001e887","name":"R\u00e9dac. NEWS","sameAs":["http:\/\/www.newsestlyonnais.fr","https:\/\/www.facebook.com\/pascal.oberson.1?fref=ts","https:\/\/fr.linkedin.com\/in\/pascal-oberson-b17045113"],"url":"https:\/\/newsestlyonnais.fr\/site\/author\/nel\/"}]}},"_links":{"self":[{"href":"https:\/\/newsestlyonnais.fr\/site\/wp-json\/wp\/v2\/posts\/22264","targetHints":{"allow":["GET"]}}],"collection":[{"href":"https:\/\/newsestlyonnais.fr\/site\/wp-json\/wp\/v2\/posts"}],"about":[{"href":"https:\/\/newsestlyonnais.fr\/site\/wp-json\/wp\/v2\/types\/post"}],"author":[{"embeddable":true,"href":"https:\/\/newsestlyonnais.fr\/site\/wp-json\/wp\/v2\/users\/4"}],"replies":[{"embeddable":true,"href":"https:\/\/newsestlyonnais.fr\/site\/wp-json\/wp\/v2\/comments?post=22264"}],"version-history":[{"count":0,"href":"https:\/\/newsestlyonnais.fr\/site\/wp-json\/wp\/v2\/posts\/22264\/revisions"}],"wp:featuredmedia":[{"embeddable":true,"href":"https:\/\/newsestlyonnais.fr\/site\/wp-json\/wp\/v2\/media\/14003"}],"wp:attachment":[{"href":"https:\/\/newsestlyonnais.fr\/site\/wp-json\/wp\/v2\/media?parent=22264"}],"wp:term":[{"taxonomy":"category","embeddable":true,"href":"https:\/\/newsestlyonnais.fr\/site\/wp-json\/wp\/v2\/categories?post=22264"},{"taxonomy":"post_tag","embeddable":true,"href":"https:\/\/newsestlyonnais.fr\/site\/wp-json\/wp\/v2\/tags?post=22264"}],"curies":[{"name":"wp","href":"https:\/\/api.w.org\/{rel}","templated":true}]}}