{"id":223384,"date":"2025-06-25T17:54:42","date_gmt":"2025-06-25T16:54:42","guid":{"rendered":"https:\/\/newsestlyonnais.fr\/site\/?p=223384"},"modified":"2025-06-25T17:54:42","modified_gmt":"2025-06-25T16:54:42","slug":"bron-debut-jeudi-soir-de-lopen-seniors-de-tennis","status":"publish","type":"post","link":"https:\/\/newsestlyonnais.fr\/site\/2025\/06\/25\/bron-debut-jeudi-soir-de-lopen-seniors-de-tennis\/","title":{"rendered":"BRON | D\u00e9but jeudi soir de l&rsquo;open seniors de tennis"},"content":{"rendered":"<p><strong><span style=\"background-color: #000000; color: #ffffff;\">Majd Rahmani avec sa double casquette de pr\u00e9sident du TC Bron, le club organisateur et juge-arbitre du tournoi, nous pr\u00e9sente cette \u00e9dition 2025 :<\/span><\/strong><\/p>\n<p>\u00a0\u00bb C&rsquo;est d\u00e9j\u00e0 un gros succ\u00e8s, puisque nous comptons \u00e0 la veille du d\u00e9marrage de la comp\u00e9tition <strong>237 inscriptions (35 femmes et 202 hommes)<\/strong> dont 9 f\u00e9minines et 32 masculins du TC Bron. La <strong>liste d&rsquo;attente importante (103 personnes)<\/strong> nous donne un peu de libert\u00e9 et permet de ne pas mettre forfait celles ou ceux qui ne peuvent venir.<\/p>\n<p>On constate <strong>un bon niveau avec une forte densit\u00e9<\/strong> (110 en 4\u00b0 s\u00e9rie, 85 en 3\u00b0 s\u00e9rie et 10 en 2\u00b0 s\u00e9rie et qui s&rsquo;inscrivent plus tard). La partie la plus dense du tableau concerne les 30\/2 et 15\/5 et une centaine de joueurs soit la moiti\u00e9 des participants, est \u00e9tal\u00e9e sur 4 classements, autant sur la liste d&rsquo;attente. On d\u00e9plore cependant que le tableau f\u00e9minin ne soit pas assez dense, d&rsquo;o\u00f9 la difficult\u00e9 d&rsquo;assurer des progressions correctes, en 3\u00b0 et 2\u00b0 s\u00e9ries car il\u00a0 n&rsquo;y a pas assez de monde.<\/p>\n<p>A noter qu&rsquo;<strong>une vingtaine de b\u00e9n\u00e9voles du club est mobilis\u00e9e<\/strong> (permanence, accueil) pour ce tournoi et que le club de Meyzieu Tennis nous pr\u00eatera des terrains en cas de besoin.<\/p>\n<p>D\u00e9but des parties \u00e0 18 h 30 (en semaine) et \u00e0 9 h (le week-end) et il va falloir am\u00e9nager, en cas de grosse chaleur, des temps de pause entre 13 h et 17 h. \u00a0\u00bb<\/p>\n<p><span style=\"background-color: #000000;\"><span style=\"color: #ffcc00;\"><strong>Photo (archives) A LA UNE :<\/strong> <\/span><span style=\"color: #ffffff;\">Majd Rahmani (pr\u00e9sident du TC Bron et juge-arbitre du tournoi).<\/span><\/span><\/p>\n<hr \/>\n<p><strong class=\"ui-sortable-handle\"><img loading=\"lazy\" decoding=\"async\" class=\"alignleft wp-image-190764\" src=\"https:\/\/newsestlyonnais.fr\/site\/wp-content\/uploads\/2023\/10\/calendar-icon-symbol-sign-vector.jpg\" sizes=\"auto, (max-width: 120px) 100vw, 120px\" srcset=\"https:\/\/newsestlyonnais.fr\/site\/wp-content\/uploads\/2023\/10\/calendar-icon-symbol-sign-vector.jpg 150w, https:\/\/newsestlyonnais.fr\/site\/wp-content\/uploads\/2023\/10\/calendar-icon-symbol-sign-vector-50x33.jpg 50w, https:\/\/newsestlyonnais.fr\/site\/wp-content\/uploads\/2023\/10\/calendar-icon-symbol-sign-vector-100x67.jpg 100w\" alt=\"\" width=\"120\" height=\"80\" data-attachment-id=\"190764\" data-permalink=\"https:\/\/newsestlyonnais.fr\/site\/2023\/10\/08\/ptites-news-breves-et-scoops-2\/calendar-icon-symbol-sign-vector-3\/\" data-orig-file=\"https:\/\/newsestlyonnais.fr\/site\/wp-content\/uploads\/2023\/10\/calendar-icon-symbol-sign-vector.jpg\" data-orig-size=\"150,100\" data-comments-opened=\"1\" data-image-meta=\"{&quot;aperture&quot;:&quot;0&quot;,&quot;credit&quot;:&quot;&quot;,&quot;camera&quot;:&quot;&quot;,&quot;caption&quot;:&quot;&quot;,&quot;created_timestamp&quot;:&quot;0&quot;,&quot;copyright&quot;:&quot;&quot;,&quot;focal_length&quot;:&quot;0&quot;,&quot;iso&quot;:&quot;0&quot;,&quot;shutter_speed&quot;:&quot;0&quot;,&quot;title&quot;:&quot;&quot;,&quot;orientation&quot;:&quot;0&quot;}\" data-image-title=\"calendar-icon-symbol-sign-vector\" data-image-description=\"\" data-image-caption=\"\" data-medium-file=\"https:\/\/newsestlyonnais.fr\/site\/wp-content\/uploads\/2023\/10\/calendar-icon-symbol-sign-vector.jpg\" data-large-file=\"https:\/\/newsestlyonnais.fr\/site\/wp-content\/uploads\/2023\/10\/calendar-icon-symbol-sign-vector.jpg\" \/><span style=\"background-color: #000000; color: #ffcc00;\">Cinq rencontres du tableau masculin, \u00e0 l\u2019affiche ce jeudi, \u00e0 partir de 18 heures 30. Le programme de la premi\u00e8re soir\u00e9e de comp\u00e9tition :<\/span><\/strong><\/p>\n<div>\n<div class=\"entry-body\">\n<div>\n<p><span style=\"background-color: #000000; color: #3366ff;\"><strong class=\"\">Tableau masculin<\/strong><\/span><\/p>\n<p><span style=\"background-color: #000000; color: #ffffff;\"><strong>18 h 30 :<\/strong><\/span><\/p>\n<ul>\n<li>Kevin Angiono (Moulin \u00e0 Vent Tennis, 40) \/ Maged Atia (ASPTT Gd Lyon Tennis, 40).<\/li>\n<li>Robin Descombes (US Villejuif, non class\u00e9) \/ <strong>Abderrezak Aouioua<\/strong> (TC Bron, non class\u00e9).<\/li>\n<\/ul>\n<p><span style=\"background-color: #000000; color: #ffffff;\"><strong>20 h :<\/strong><\/span><\/p>\n<ul>\n<li><strong>Patrick Massoma <\/strong>(TC Bron, 40) \/ Antoine Deveque (Rh\u00f4ne Sportif Tennis, 40) .<\/li>\n<li>David Demonet (TC D\u00e9cines, 30\/4) \/ Baudouin De Montarnal (TC Gerland, 30\/4).<\/li>\n<\/ul>\n<\/div>\n<p><strong><span style=\"background-color: #000000; color: #ffffff;\">20 h 30 : <\/span><\/strong><\/p>\n<div>\n<ul>\n<li><strong>Alexandre Bailly<\/strong> (TC Bron, non class\u00e9) \/ Cyril-Alexandre Saillard (ASUL Tennis, 30\/5).<\/li>\n<\/ul>\n<\/div>\n<div dir=\"ltr\">\n<div>\n<div>\n<hr \/>\n<\/div>\n<p><strong><span style=\"background-color: #000000; color: #3366ff;\">&gt; <span class=\"ui-sortable-handle\">Retrouvez AU QUOTIDIEN les r\u00e9sultats (jusqu\u2019aux finales) du tournoi du TC Bron.<\/span><\/span><\/strong><\/p>\n<\/div>\n<\/div>\n<\/div>\n<\/div>\n<hr \/>\n<p><img loading=\"lazy\" decoding=\"async\" class=\"aligncenter size-large wp-image-220788\" src=\"https:\/\/newsestlyonnais.fr\/site\/wp-content\/uploads\/2025\/06\/CIRCUIT-EST-Bron-2025-HQ-650x917.jpg\" alt=\"\" width=\"532\" height=\"750\" srcset=\"https:\/\/newsestlyonnais.fr\/site\/wp-content\/uploads\/2025\/06\/CIRCUIT-EST-Bron-2025-HQ-650x917.jpg 650w, https:\/\/newsestlyonnais.fr\/site\/wp-content\/uploads\/2025\/06\/CIRCUIT-EST-Bron-2025-HQ-400x564.jpg 400w, https:\/\/newsestlyonnais.fr\/site\/wp-content\/uploads\/2025\/06\/CIRCUIT-EST-Bron-2025-HQ-250x353.jpg 250w, https:\/\/newsestlyonnais.fr\/site\/wp-content\/uploads\/2025\/06\/CIRCUIT-EST-Bron-2025-HQ-768x1083.jpg 768w, https:\/\/newsestlyonnais.fr\/site\/wp-content\/uploads\/2025\/06\/CIRCUIT-EST-Bron-2025-HQ-150x212.jpg 150w, https:\/\/newsestlyonnais.fr\/site\/wp-content\/uploads\/2025\/06\/CIRCUIT-EST-Bron-2025-HQ-50x71.jpg 50w, https:\/\/newsestlyonnais.fr\/site\/wp-content\/uploads\/2025\/06\/CIRCUIT-EST-Bron-2025-HQ-100x141.jpg 100w, https:\/\/newsestlyonnais.fr\/site\/wp-content\/uploads\/2025\/06\/CIRCUIT-EST-Bron-2025-HQ-200x282.jpg 200w, https:\/\/newsestlyonnais.fr\/site\/wp-content\/uploads\/2025\/06\/CIRCUIT-EST-Bron-2025-HQ-300x423.jpg 300w, https:\/\/newsestlyonnais.fr\/site\/wp-content\/uploads\/2025\/06\/CIRCUIT-EST-Bron-2025-HQ-350x494.jpg 350w, https:\/\/newsestlyonnais.fr\/site\/wp-content\/uploads\/2025\/06\/CIRCUIT-EST-Bron-2025-HQ-450x635.jpg 450w, https:\/\/newsestlyonnais.fr\/site\/wp-content\/uploads\/2025\/06\/CIRCUIT-EST-Bron-2025-HQ-500x705.jpg 500w, https:\/\/newsestlyonnais.fr\/site\/wp-content\/uploads\/2025\/06\/CIRCUIT-EST-Bron-2025-HQ-550x776.jpg 550w, https:\/\/newsestlyonnais.fr\/site\/wp-content\/uploads\/2025\/06\/CIRCUIT-EST-Bron-2025-HQ-800x1128.jpg 800w, https:\/\/newsestlyonnais.fr\/site\/wp-content\/uploads\/2025\/06\/CIRCUIT-EST-Bron-2025-HQ.jpg 851w\" sizes=\"auto, (max-width: 532px) 100vw, 532px\" \/><\/p>\n","protected":false},"excerpt":{"rendered":"<p>Sixi\u00e8me et derni\u00e8re \u00e9tape du 4\u00b0 circuit de l&rsquo;est lyonnais, ce tournoi se d\u00e9roulera jusqu&rsquo;au samedi 19 juillet prochain et compte 237 inscriptions hors liste d&rsquo;attente.<\/p>\n","protected":false},"author":4,"featured_media":194465,"comment_status":"open","ping_status":"open","sticky":false,"template":"","format":"standard","meta":{"footnotes":""},"categories":[19,5131,2992,2991],"tags":[2072,2192,2670,2049,2216],"class_list":["post-223384","post","type-post","status-publish","format-standard","has-post-thumbnail","hentry","category-bron","category-circuit-2025","category-tennis-padel","category-tennis-tennis-table-sports","tag-bron","tag-open","tag-tc-bron","tag-tennis","tag-tournoi"],"yoast_head":"<!-- This site is optimized with the Yoast SEO plugin v27.2 - https:\/\/yoast.com\/product\/yoast-seo-wordpress\/ -->\n<title>BRON | D\u00e9but jeudi soir de l&#039;open seniors de tennis - News Est Lyonnais<\/title>\n<meta name=\"description\" content=\"BRON | D\u00e9but jeudi soir de l&#039;open seniors de tennis\" \/>\n<meta name=\"robots\" content=\"index, follow, max-snippet:-1, max-image-preview:large, max-video-preview:-1\" \/>\n<link rel=\"canonical\" href=\"https:\/\/newsestlyonnais.fr\/site\/2025\/06\/25\/bron-debut-jeudi-soir-de-lopen-seniors-de-tennis\/\" \/>\n<meta property=\"og:locale\" content=\"fr_FR\" \/>\n<meta property=\"og:type\" content=\"article\" \/>\n<meta property=\"og:title\" content=\"BRON | D\u00e9but jeudi soir de l&#039;open seniors de tennis - News Est Lyonnais\" \/>\n<meta property=\"og:description\" content=\"BRON | D\u00e9but jeudi soir de l&#039;open seniors de tennis\" \/>\n<meta property=\"og:url\" content=\"https:\/\/newsestlyonnais.fr\/site\/2025\/06\/25\/bron-debut-jeudi-soir-de-lopen-seniors-de-tennis\/\" \/>\n<meta property=\"og:site_name\" content=\"News Est Lyonnais\" \/>\n<meta property=\"article:author\" content=\"https:\/\/www.facebook.com\/pascal.oberson.1?fref=ts\" \/>\n<meta property=\"article:published_time\" content=\"2025-06-25T16:54:42+00:00\" \/>\n<meta property=\"og:image\" content=\"https:\/\/newsestlyonnais.fr\/site\/wp-content\/uploads\/2023\/11\/NEWSESTLYONNAIS-bis-TOURNOI-BRON2020.jpg\" \/>\n\t<meta property=\"og:image:width\" content=\"619\" \/>\n\t<meta property=\"og:image:height\" content=\"652\" \/>\n\t<meta property=\"og:image:type\" content=\"image\/jpeg\" \/>\n<meta name=\"author\" content=\"R\u00e9dac. NEWS\" \/>\n<meta name=\"twitter:card\" content=\"summary_large_image\" \/>\n<meta name=\"twitter:label1\" content=\"\u00c9crit par\" \/>\n\t<meta name=\"twitter:data1\" content=\"R\u00e9dac. NEWS\" \/>\n\t<meta name=\"twitter:label2\" content=\"Dur\u00e9e de lecture estim\u00e9e\" \/>\n\t<meta name=\"twitter:data2\" content=\"3 minutes\" \/>\n<script type=\"application\/ld+json\" class=\"yoast-schema-graph\">{\"@context\":\"https:\/\/schema.org\",\"@graph\":[{\"@type\":\"Article\",\"@id\":\"https:\/\/newsestlyonnais.fr\/site\/2025\/06\/25\/bron-debut-jeudi-soir-de-lopen-seniors-de-tennis\/#article\",\"isPartOf\":{\"@id\":\"https:\/\/newsestlyonnais.fr\/site\/2025\/06\/25\/bron-debut-jeudi-soir-de-lopen-seniors-de-tennis\/\"},\"author\":{\"name\":\"R\u00e9dac. NEWS\",\"@id\":\"https:\/\/newsestlyonnais.fr\/site\/#\/schema\/person\/3230d5615f390bb808365d673001e887\"},\"headline\":\"BRON | D\u00e9but jeudi soir de l&rsquo;open seniors de tennis\",\"datePublished\":\"2025-06-25T16:54:42+00:00\",\"mainEntityOfPage\":{\"@id\":\"https:\/\/newsestlyonnais.fr\/site\/2025\/06\/25\/bron-debut-jeudi-soir-de-lopen-seniors-de-tennis\/\"},\"wordCount\":362,\"commentCount\":0,\"publisher\":{\"@id\":\"https:\/\/newsestlyonnais.fr\/site\/#organization\"},\"image\":{\"@id\":\"https:\/\/newsestlyonnais.fr\/site\/2025\/06\/25\/bron-debut-jeudi-soir-de-lopen-seniors-de-tennis\/#primaryimage\"},\"thumbnailUrl\":\"https:\/\/newsestlyonnais.fr\/site\/wp-content\/uploads\/2023\/11\/NEWSESTLYONNAIS-bis-TOURNOI-BRON2020.jpg\",\"keywords\":[\"BRON\",\"OPEN\",\"TC BRON\",\"TENNIS\",\"TOURNOI\"],\"articleSection\":[\"Bron\",\"circuit 2025\",\"Tennis | Padel\",\"Tennis | Tennis de table\"],\"inLanguage\":\"fr-FR\",\"potentialAction\":[{\"@type\":\"CommentAction\",\"name\":\"Comment\",\"target\":[\"https:\/\/newsestlyonnais.fr\/site\/2025\/06\/25\/bron-debut-jeudi-soir-de-lopen-seniors-de-tennis\/#respond\"]}]},{\"@type\":\"WebPage\",\"@id\":\"https:\/\/newsestlyonnais.fr\/site\/2025\/06\/25\/bron-debut-jeudi-soir-de-lopen-seniors-de-tennis\/\",\"url\":\"https:\/\/newsestlyonnais.fr\/site\/2025\/06\/25\/bron-debut-jeudi-soir-de-lopen-seniors-de-tennis\/\",\"name\":\"BRON | D\u00e9but jeudi soir de l'open seniors de tennis - News Est Lyonnais\",\"isPartOf\":{\"@id\":\"https:\/\/newsestlyonnais.fr\/site\/#website\"},\"primaryImageOfPage\":{\"@id\":\"https:\/\/newsestlyonnais.fr\/site\/2025\/06\/25\/bron-debut-jeudi-soir-de-lopen-seniors-de-tennis\/#primaryimage\"},\"image\":{\"@id\":\"https:\/\/newsestlyonnais.fr\/site\/2025\/06\/25\/bron-debut-jeudi-soir-de-lopen-seniors-de-tennis\/#primaryimage\"},\"thumbnailUrl\":\"https:\/\/newsestlyonnais.fr\/site\/wp-content\/uploads\/2023\/11\/NEWSESTLYONNAIS-bis-TOURNOI-BRON2020.jpg\",\"datePublished\":\"2025-06-25T16:54:42+00:00\",\"description\":\"BRON | D\u00e9but jeudi soir de l'open seniors de tennis\",\"breadcrumb\":{\"@id\":\"https:\/\/newsestlyonnais.fr\/site\/2025\/06\/25\/bron-debut-jeudi-soir-de-lopen-seniors-de-tennis\/#breadcrumb\"},\"inLanguage\":\"fr-FR\",\"potentialAction\":[{\"@type\":\"ReadAction\",\"target\":[\"https:\/\/newsestlyonnais.fr\/site\/2025\/06\/25\/bron-debut-jeudi-soir-de-lopen-seniors-de-tennis\/\"]}]},{\"@type\":\"ImageObject\",\"inLanguage\":\"fr-FR\",\"@id\":\"https:\/\/newsestlyonnais.fr\/site\/2025\/06\/25\/bron-debut-jeudi-soir-de-lopen-seniors-de-tennis\/#primaryimage\",\"url\":\"https:\/\/newsestlyonnais.fr\/site\/wp-content\/uploads\/2023\/11\/NEWSESTLYONNAIS-bis-TOURNOI-BRON2020.jpg\",\"contentUrl\":\"https:\/\/newsestlyonnais.fr\/site\/wp-content\/uploads\/2023\/11\/NEWSESTLYONNAIS-bis-TOURNOI-BRON2020.jpg\",\"width\":619,\"height\":652},{\"@type\":\"BreadcrumbList\",\"@id\":\"https:\/\/newsestlyonnais.fr\/site\/2025\/06\/25\/bron-debut-jeudi-soir-de-lopen-seniors-de-tennis\/#breadcrumb\",\"itemListElement\":[{\"@type\":\"ListItem\",\"position\":1,\"name\":\"Accueil\",\"item\":\"https:\/\/newsestlyonnais.fr\/site\/\"},{\"@type\":\"ListItem\",\"position\":2,\"name\":\"BRON | D\u00e9but jeudi soir de l&rsquo;open seniors de tennis\"}]},{\"@type\":\"WebSite\",\"@id\":\"https:\/\/newsestlyonnais.fr\/site\/#website\",\"url\":\"https:\/\/newsestlyonnais.fr\/site\/\",\"name\":\"News Est Lyonnais\",\"description\":\"L&#039;actualit\u00e9 au plus pr\u00e8s\",\"publisher\":{\"@id\":\"https:\/\/newsestlyonnais.fr\/site\/#organization\"},\"potentialAction\":[{\"@type\":\"SearchAction\",\"target\":{\"@type\":\"EntryPoint\",\"urlTemplate\":\"https:\/\/newsestlyonnais.fr\/site\/?s={search_term_string}\"},\"query-input\":{\"@type\":\"PropertyValueSpecification\",\"valueRequired\":true,\"valueName\":\"search_term_string\"}}],\"inLanguage\":\"fr-FR\"},{\"@type\":\"Organization\",\"@id\":\"https:\/\/newsestlyonnais.fr\/site\/#organization\",\"name\":\"News EST LYONNAIS\",\"url\":\"https:\/\/newsestlyonnais.fr\/site\/\",\"logo\":{\"@type\":\"ImageObject\",\"inLanguage\":\"fr-FR\",\"@id\":\"https:\/\/newsestlyonnais.fr\/site\/#\/schema\/logo\/image\/\",\"url\":\"\",\"contentUrl\":\"\",\"caption\":\"News EST LYONNAIS\"},\"image\":{\"@id\":\"https:\/\/newsestlyonnais.fr\/site\/#\/schema\/logo\/image\/\"}},{\"@type\":\"Person\",\"@id\":\"https:\/\/newsestlyonnais.fr\/site\/#\/schema\/person\/3230d5615f390bb808365d673001e887\",\"name\":\"R\u00e9dac. NEWS\",\"sameAs\":[\"http:\/\/www.newsestlyonnais.fr\",\"https:\/\/www.facebook.com\/pascal.oberson.1?fref=ts\",\"https:\/\/fr.linkedin.com\/in\/pascal-oberson-b17045113\"],\"url\":\"https:\/\/newsestlyonnais.fr\/site\/author\/nel\/\"}]}<\/script>\n<!-- \/ Yoast SEO plugin. -->","yoast_head_json":{"title":"BRON | D\u00e9but jeudi soir de l'open seniors de tennis - News Est Lyonnais","description":"BRON | D\u00e9but jeudi soir de l'open seniors de tennis","robots":{"index":"index","follow":"follow","max-snippet":"max-snippet:-1","max-image-preview":"max-image-preview:large","max-video-preview":"max-video-preview:-1"},"canonical":"https:\/\/newsestlyonnais.fr\/site\/2025\/06\/25\/bron-debut-jeudi-soir-de-lopen-seniors-de-tennis\/","og_locale":"fr_FR","og_type":"article","og_title":"BRON | D\u00e9but jeudi soir de l'open seniors de tennis - News Est Lyonnais","og_description":"BRON | D\u00e9but jeudi soir de l'open seniors de tennis","og_url":"https:\/\/newsestlyonnais.fr\/site\/2025\/06\/25\/bron-debut-jeudi-soir-de-lopen-seniors-de-tennis\/","og_site_name":"News Est Lyonnais","article_author":"https:\/\/www.facebook.com\/pascal.oberson.1?fref=ts","article_published_time":"2025-06-25T16:54:42+00:00","og_image":[{"width":619,"height":652,"url":"https:\/\/newsestlyonnais.fr\/site\/wp-content\/uploads\/2023\/11\/NEWSESTLYONNAIS-bis-TOURNOI-BRON2020.jpg","type":"image\/jpeg"}],"author":"R\u00e9dac. NEWS","twitter_card":"summary_large_image","twitter_misc":{"\u00c9crit par":"R\u00e9dac. NEWS","Dur\u00e9e de lecture estim\u00e9e":"3 minutes"},"schema":{"@context":"https:\/\/schema.org","@graph":[{"@type":"Article","@id":"https:\/\/newsestlyonnais.fr\/site\/2025\/06\/25\/bron-debut-jeudi-soir-de-lopen-seniors-de-tennis\/#article","isPartOf":{"@id":"https:\/\/newsestlyonnais.fr\/site\/2025\/06\/25\/bron-debut-jeudi-soir-de-lopen-seniors-de-tennis\/"},"author":{"name":"R\u00e9dac. NEWS","@id":"https:\/\/newsestlyonnais.fr\/site\/#\/schema\/person\/3230d5615f390bb808365d673001e887"},"headline":"BRON | D\u00e9but jeudi soir de l&rsquo;open seniors de tennis","datePublished":"2025-06-25T16:54:42+00:00","mainEntityOfPage":{"@id":"https:\/\/newsestlyonnais.fr\/site\/2025\/06\/25\/bron-debut-jeudi-soir-de-lopen-seniors-de-tennis\/"},"wordCount":362,"commentCount":0,"publisher":{"@id":"https:\/\/newsestlyonnais.fr\/site\/#organization"},"image":{"@id":"https:\/\/newsestlyonnais.fr\/site\/2025\/06\/25\/bron-debut-jeudi-soir-de-lopen-seniors-de-tennis\/#primaryimage"},"thumbnailUrl":"https:\/\/newsestlyonnais.fr\/site\/wp-content\/uploads\/2023\/11\/NEWSESTLYONNAIS-bis-TOURNOI-BRON2020.jpg","keywords":["BRON","OPEN","TC BRON","TENNIS","TOURNOI"],"articleSection":["Bron","circuit 2025","Tennis | Padel","Tennis | Tennis de table"],"inLanguage":"fr-FR","potentialAction":[{"@type":"CommentAction","name":"Comment","target":["https:\/\/newsestlyonnais.fr\/site\/2025\/06\/25\/bron-debut-jeudi-soir-de-lopen-seniors-de-tennis\/#respond"]}]},{"@type":"WebPage","@id":"https:\/\/newsestlyonnais.fr\/site\/2025\/06\/25\/bron-debut-jeudi-soir-de-lopen-seniors-de-tennis\/","url":"https:\/\/newsestlyonnais.fr\/site\/2025\/06\/25\/bron-debut-jeudi-soir-de-lopen-seniors-de-tennis\/","name":"BRON | D\u00e9but jeudi soir de l'open seniors de tennis - News Est Lyonnais","isPartOf":{"@id":"https:\/\/newsestlyonnais.fr\/site\/#website"},"primaryImageOfPage":{"@id":"https:\/\/newsestlyonnais.fr\/site\/2025\/06\/25\/bron-debut-jeudi-soir-de-lopen-seniors-de-tennis\/#primaryimage"},"image":{"@id":"https:\/\/newsestlyonnais.fr\/site\/2025\/06\/25\/bron-debut-jeudi-soir-de-lopen-seniors-de-tennis\/#primaryimage"},"thumbnailUrl":"https:\/\/newsestlyonnais.fr\/site\/wp-content\/uploads\/2023\/11\/NEWSESTLYONNAIS-bis-TOURNOI-BRON2020.jpg","datePublished":"2025-06-25T16:54:42+00:00","description":"BRON | D\u00e9but jeudi soir de l'open seniors de tennis","breadcrumb":{"@id":"https:\/\/newsestlyonnais.fr\/site\/2025\/06\/25\/bron-debut-jeudi-soir-de-lopen-seniors-de-tennis\/#breadcrumb"},"inLanguage":"fr-FR","potentialAction":[{"@type":"ReadAction","target":["https:\/\/newsestlyonnais.fr\/site\/2025\/06\/25\/bron-debut-jeudi-soir-de-lopen-seniors-de-tennis\/"]}]},{"@type":"ImageObject","inLanguage":"fr-FR","@id":"https:\/\/newsestlyonnais.fr\/site\/2025\/06\/25\/bron-debut-jeudi-soir-de-lopen-seniors-de-tennis\/#primaryimage","url":"https:\/\/newsestlyonnais.fr\/site\/wp-content\/uploads\/2023\/11\/NEWSESTLYONNAIS-bis-TOURNOI-BRON2020.jpg","contentUrl":"https:\/\/newsestlyonnais.fr\/site\/wp-content\/uploads\/2023\/11\/NEWSESTLYONNAIS-bis-TOURNOI-BRON2020.jpg","width":619,"height":652},{"@type":"BreadcrumbList","@id":"https:\/\/newsestlyonnais.fr\/site\/2025\/06\/25\/bron-debut-jeudi-soir-de-lopen-seniors-de-tennis\/#breadcrumb","itemListElement":[{"@type":"ListItem","position":1,"name":"Accueil","item":"https:\/\/newsestlyonnais.fr\/site\/"},{"@type":"ListItem","position":2,"name":"BRON | D\u00e9but jeudi soir de l&rsquo;open seniors de tennis"}]},{"@type":"WebSite","@id":"https:\/\/newsestlyonnais.fr\/site\/#website","url":"https:\/\/newsestlyonnais.fr\/site\/","name":"News Est Lyonnais","description":"L&#039;actualit\u00e9 au plus pr\u00e8s","publisher":{"@id":"https:\/\/newsestlyonnais.fr\/site\/#organization"},"potentialAction":[{"@type":"SearchAction","target":{"@type":"EntryPoint","urlTemplate":"https:\/\/newsestlyonnais.fr\/site\/?s={search_term_string}"},"query-input":{"@type":"PropertyValueSpecification","valueRequired":true,"valueName":"search_term_string"}}],"inLanguage":"fr-FR"},{"@type":"Organization","@id":"https:\/\/newsestlyonnais.fr\/site\/#organization","name":"News EST LYONNAIS","url":"https:\/\/newsestlyonnais.fr\/site\/","logo":{"@type":"ImageObject","inLanguage":"fr-FR","@id":"https:\/\/newsestlyonnais.fr\/site\/#\/schema\/logo\/image\/","url":"","contentUrl":"","caption":"News EST LYONNAIS"},"image":{"@id":"https:\/\/newsestlyonnais.fr\/site\/#\/schema\/logo\/image\/"}},{"@type":"Person","@id":"https:\/\/newsestlyonnais.fr\/site\/#\/schema\/person\/3230d5615f390bb808365d673001e887","name":"R\u00e9dac. NEWS","sameAs":["http:\/\/www.newsestlyonnais.fr","https:\/\/www.facebook.com\/pascal.oberson.1?fref=ts","https:\/\/fr.linkedin.com\/in\/pascal-oberson-b17045113"],"url":"https:\/\/newsestlyonnais.fr\/site\/author\/nel\/"}]}},"_links":{"self":[{"href":"https:\/\/newsestlyonnais.fr\/site\/wp-json\/wp\/v2\/posts\/223384","targetHints":{"allow":["GET"]}}],"collection":[{"href":"https:\/\/newsestlyonnais.fr\/site\/wp-json\/wp\/v2\/posts"}],"about":[{"href":"https:\/\/newsestlyonnais.fr\/site\/wp-json\/wp\/v2\/types\/post"}],"author":[{"embeddable":true,"href":"https:\/\/newsestlyonnais.fr\/site\/wp-json\/wp\/v2\/users\/4"}],"replies":[{"embeddable":true,"href":"https:\/\/newsestlyonnais.fr\/site\/wp-json\/wp\/v2\/comments?post=223384"}],"version-history":[{"count":0,"href":"https:\/\/newsestlyonnais.fr\/site\/wp-json\/wp\/v2\/posts\/223384\/revisions"}],"wp:featuredmedia":[{"embeddable":true,"href":"https:\/\/newsestlyonnais.fr\/site\/wp-json\/wp\/v2\/media\/194465"}],"wp:attachment":[{"href":"https:\/\/newsestlyonnais.fr\/site\/wp-json\/wp\/v2\/media?parent=223384"}],"wp:term":[{"taxonomy":"category","embeddable":true,"href":"https:\/\/newsestlyonnais.fr\/site\/wp-json\/wp\/v2\/categories?post=223384"},{"taxonomy":"post_tag","embeddable":true,"href":"https:\/\/newsestlyonnais.fr\/site\/wp-json\/wp\/v2\/tags?post=223384"}],"curies":[{"name":"wp","href":"https:\/\/api.w.org\/{rel}","templated":true}]}}