{"id":22354,"date":"2017-03-09T15:07:25","date_gmt":"2017-03-09T14:07:25","guid":{"rendered":"http:\/\/newsestlyonnais.fr\/site\/?p=22354"},"modified":"2020-11-06T07:42:19","modified_gmt":"2020-11-06T06:42:19","slug":"villeurbanne-championnat-unss-dacademie-de-rugby-a-xiii","status":"publish","type":"post","link":"https:\/\/newsestlyonnais.fr\/site\/2017\/03\/09\/villeurbanne-championnat-unss-dacademie-de-rugby-a-xiii\/","title":{"rendered":"VILLEURBANNE | Championnat UNSS Acad\u00e9mie Rugby \u00e0 XIII"},"content":{"rendered":"<h5>Les rencontres acad\u00e9miques UNSS Auvergne Rh\u00f4ne-Alpes de Rugby \u00e0 XIII, ont eu lieu mercredi\u00a0au stade Boiron Granger (Villeurbanne) en pr\u00e9sence de B\u00e9atrice Jallade (Direction UNSS de Lyon), Christophe Apffel (Proviseur du Lyc\u00e9e Doisneau de Vaulx en Velin) et Jacques Cavezzan (Pr\u00e9sident Ligue AURA de Rugby \u00e0 XIII).<\/h5>\n<h4>Voici les r\u00e9sultats par cat\u00e9gories:<\/h4>\n<ul>\n<li><span style=\"text-decoration: underline\"><strong><em>En cadettes<\/em><\/strong><\/span>: Les joueuses du <strong>Lyc\u00e9e Robert Doisneau (Vaulx en Velin)<\/strong> sont championnes d&rsquo;acad\u00e9mie et se qualifient pour le championnat de France UNSS. Elles se sont impos\u00e9es 11 essais \u00e0 7 essais face au <strong>Lyc\u00e9e Xavier Bichat de Nantua (Ain).<\/strong><\/li>\n<li><span style=\"text-decoration: underline\"><strong>En cadets<\/strong><\/span>: succ\u00e8s du <strong>Lyc\u00e9e Xavier Bichat de Nantua (Ain)<\/strong><\/li>\n<li><strong><span style=\"text-decoration: underline\">En minimes f\u00e9minines<\/span> : <\/strong>Les joueuses du <strong>Coll\u00e8ge Laurent Mourguet (Ecully)<\/strong> s&rsquo;imposent sur le fil face au <strong>Coll\u00e8ge Henri Barbusse (Vaulx en Velin)<\/strong> 10 \u00e0 9.<\/li>\n<li><strong><span style=\"text-decoration: underline\">En minimes gar\u00e7ons<\/span> : <\/strong>Les joueurs du <strong>Coll\u00e8ge Victor Grignard<\/strong> <strong>(Lyon 8\u00b0)<\/strong> remportent le tournoi devant le <strong>Coll\u00e8ge Maryse Basti\u00e9 (D\u00e9cines) et Henri Barbusse (Vaulx en Velin).\u00a0 <\/strong><\/li>\n<\/ul>\n<p>Des m\u00e9dailles offertes par le service UNSS de LYON \u00e9taient remises aux participants par B\u00e9atrice Jallade et Jacques Cavezzan de la Ligue AURA.<\/p>\n<h4>Les 4 quatre \u00e9quipes gagnantes d&rsquo; Auvergne Rh\u00f4ne-Alpes sont ainsi qualifi\u00e9es pour le Championnat de France pr\u00e9vu du 3 au 5 Mai 2017.<\/h4>\n<div id='gallery-1' class='gallery galleryid-22354 gallery-columns-3 gallery-size-thumbnail'><figure class='gallery-item'>\n\t\t\t<div class='gallery-icon landscape'>\n\t\t\t\t<a href='https:\/\/newsestlyonnais.fr\/site\/2017\/03\/09\/villeurbanne-championnat-unss-dacademie-de-rugby-a-xiii\/olympus-digital-camera-53\/'><img loading=\"lazy\" decoding=\"async\" width=\"150\" height=\"150\" src=\"https:\/\/newsestlyonnais.fr\/site\/wp-content\/uploads\/2017\/03\/NEWSESTLYONNAIS-Cadettes-Doisneau--150x150.jpg\" class=\"attachment-thumbnail size-thumbnail\" alt=\"NEWSESTLYONNAIS-Cadettes-Doisneau-.jp\" aria-describedby=\"gallery-1-22373\" \/><\/a>\n\t\t\t<\/div>\n\t\t\t\t<figcaption class='wp-caption-text gallery-caption' id='gallery-1-22373'>\n\t\t\t\tLes joueuses du Lyc\u00e9e Robert Doisneau (Vaulx en Velin\n\t\t\t\t<\/figcaption><\/figure><figure class='gallery-item'>\n\t\t\t<div class='gallery-icon landscape'>\n\t\t\t\t<a href='https:\/\/newsestlyonnais.fr\/site\/2017\/03\/09\/villeurbanne-championnat-unss-dacademie-de-rugby-a-xiii\/olympus-digital-camera-52\/'><img loading=\"lazy\" decoding=\"async\" width=\"150\" height=\"150\" src=\"https:\/\/newsestlyonnais.fr\/site\/wp-content\/uploads\/2017\/03\/NEWSESTLYONNAIS-Minimes-Mourget--150x150.jpg\" class=\"attachment-thumbnail size-thumbnail\" alt=\"NEWSESTLYONNAIS-Minimes-Mourget-.jpg\" aria-describedby=\"gallery-1-22371\" \/><\/a>\n\t\t\t<\/div>\n\t\t\t\t<figcaption class='wp-caption-text gallery-caption' id='gallery-1-22371'>\n\t\t\t\tLes joueuses du Coll\u00e8ge Laurent Mourguet (Ecully)\n\t\t\t\t<\/figcaption><\/figure><figure class='gallery-item'>\n\t\t\t<div class='gallery-icon landscape'>\n\t\t\t\t<a href='https:\/\/newsestlyonnais.fr\/site\/2017\/03\/09\/villeurbanne-championnat-unss-dacademie-de-rugby-a-xiii\/olympus-digital-camera-51\/'><img loading=\"lazy\" decoding=\"async\" width=\"150\" height=\"150\" src=\"https:\/\/newsestlyonnais.fr\/site\/wp-content\/uploads\/2017\/03\/NEWSESTLYONNAIS-MINIMES-GRIGNARD-150x150.jpg\" class=\"attachment-thumbnail size-thumbnail\" alt=\"NEWSESTLYONNAIS-MINIMES-GRIGNARD.jpg\" aria-describedby=\"gallery-1-22369\" \/><\/a>\n\t\t\t<\/div>\n\t\t\t\t<figcaption class='wp-caption-text gallery-caption' id='gallery-1-22369'>\n\t\t\t\tLes joueurs du Coll\u00e8ge Victor Grignard (Lyon 8\u00b0)\n\t\t\t\t<\/figcaption><\/figure>\n\t\t<\/div>\n\n","protected":false},"excerpt":{"rendered":"<p>Les rencontres acad\u00e9miques UNSS Auvergne Rh\u00f4ne-Alpes de Rugby \u00e0 XIII, ont eu lieu mercredi\u00a0au stade Boiron Granger (Villeurbanne) en pr\u00e9sence de B\u00e9atrice Jallade (Direction UNSS de Lyon), Christophe Apffel (Proviseur du Lyc\u00e9e Doisneau de Vaulx en Velin) et Jacques Cavezzan (Pr\u00e9sident Ligue AURA de Rugby \u00e0 XIII). Voici les r\u00e9sultats par cat\u00e9gories: En cadettes: Les [&hellip;]<\/p>\n","protected":false},"author":4,"featured_media":22368,"comment_status":"open","ping_status":"open","sticky":false,"template":"","format":"standard","meta":{"footnotes":""},"categories":[156,2996,1625,168,173,28,29],"tags":[],"class_list":["post-22354","post","type-post","status-publish","format-standard","has-post-thumbnail","hentry","category-ain","category-football-rugby","category-lyon","category-rugby-a-xiii","category-scolaire","category-vaulx-en-velin","category-villeurbanne"],"yoast_head":"<!-- This site is optimized with the Yoast SEO plugin v27.2 - https:\/\/yoast.com\/product\/yoast-seo-wordpress\/ -->\n<title>VILLEURBANNE : CHAMPIONNAT UNSS D\u2019ACADEMIE DE RUGBY A XIII D&#039;AUVERGNE-RHONE-ALPES<\/title>\n<meta name=\"description\" content=\"VILLEURBANNE : CHAMPIONNAT UNSS D\u2019ACADEMIE DE RUGBY A XIII D&#039;AUVERGNE-RHONE-ALPES\" \/>\n<meta name=\"robots\" content=\"index, follow, max-snippet:-1, max-image-preview:large, max-video-preview:-1\" \/>\n<link rel=\"canonical\" href=\"https:\/\/newsestlyonnais.fr\/site\/2017\/03\/09\/villeurbanne-championnat-unss-dacademie-de-rugby-a-xiii\/\" \/>\n<meta property=\"og:locale\" content=\"fr_FR\" \/>\n<meta property=\"og:type\" content=\"article\" \/>\n<meta property=\"og:title\" content=\"VILLEURBANNE : CHAMPIONNAT UNSS D\u2019ACADEMIE DE RUGBY A XIII D&#039;AUVERGNE-RHONE-ALPES\" \/>\n<meta property=\"og:description\" content=\"VILLEURBANNE : CHAMPIONNAT UNSS D\u2019ACADEMIE DE RUGBY A XIII D&#039;AUVERGNE-RHONE-ALPES\" \/>\n<meta property=\"og:url\" content=\"https:\/\/newsestlyonnais.fr\/site\/2017\/03\/09\/villeurbanne-championnat-unss-dacademie-de-rugby-a-xiii\/\" \/>\n<meta property=\"og:site_name\" content=\"News Est Lyonnais\" \/>\n<meta property=\"article:author\" content=\"https:\/\/www.facebook.com\/pascal.oberson.1?fref=ts\" \/>\n<meta property=\"article:published_time\" content=\"2017-03-09T14:07:25+00:00\" \/>\n<meta property=\"article:modified_time\" content=\"2020-11-06T06:42:19+00:00\" \/>\n<meta property=\"og:image\" content=\"https:\/\/i2.wp.com\/newsestlyonnais.fr\/site\/wp-content\/uploads\/2017\/03\/NEWSESTLYONNAIS-COMPET-UNSS-RUGBY-XIII.jpg?fit=1000%2C750&ssl=1\" \/>\n\t<meta property=\"og:image:width\" content=\"1000\" \/>\n\t<meta property=\"og:image:height\" content=\"750\" \/>\n\t<meta property=\"og:image:type\" content=\"image\/jpeg\" \/>\n<meta name=\"author\" content=\"R\u00e9dac. NEWS\" \/>\n<meta name=\"twitter:card\" content=\"summary_large_image\" \/>\n<meta name=\"twitter:label1\" content=\"\u00c9crit par\" \/>\n\t<meta name=\"twitter:data1\" content=\"R\u00e9dac. NEWS\" \/>\n\t<meta name=\"twitter:label2\" content=\"Dur\u00e9e de lecture estim\u00e9e\" \/>\n\t<meta name=\"twitter:data2\" content=\"1 minute\" \/>\n<script type=\"application\/ld+json\" class=\"yoast-schema-graph\">{\"@context\":\"https:\/\/schema.org\",\"@graph\":[{\"@type\":\"Article\",\"@id\":\"https:\/\/newsestlyonnais.fr\/site\/2017\/03\/09\/villeurbanne-championnat-unss-dacademie-de-rugby-a-xiii\/#article\",\"isPartOf\":{\"@id\":\"https:\/\/newsestlyonnais.fr\/site\/2017\/03\/09\/villeurbanne-championnat-unss-dacademie-de-rugby-a-xiii\/\"},\"author\":{\"name\":\"R\u00e9dac. NEWS\",\"@id\":\"https:\/\/newsestlyonnais.fr\/site\/#\/schema\/person\/3230d5615f390bb808365d673001e887\"},\"headline\":\"VILLEURBANNE | Championnat UNSS Acad\u00e9mie Rugby \u00e0 XIII\",\"datePublished\":\"2017-03-09T14:07:25+00:00\",\"dateModified\":\"2020-11-06T06:42:19+00:00\",\"mainEntityOfPage\":{\"@id\":\"https:\/\/newsestlyonnais.fr\/site\/2017\/03\/09\/villeurbanne-championnat-unss-dacademie-de-rugby-a-xiii\/\"},\"wordCount\":226,\"commentCount\":0,\"publisher\":{\"@id\":\"https:\/\/newsestlyonnais.fr\/site\/#organization\"},\"image\":{\"@id\":\"https:\/\/newsestlyonnais.fr\/site\/2017\/03\/09\/villeurbanne-championnat-unss-dacademie-de-rugby-a-xiii\/#primaryimage\"},\"thumbnailUrl\":\"https:\/\/newsestlyonnais.fr\/site\/wp-content\/uploads\/2017\/03\/NEWSESTLYONNAIS-COMPET-UNSS-RUGBY-XIII.jpg\",\"articleSection\":[\"Ain (01)\",\"Foot | Rugby\",\"Lyon\",\"RUGBY \u00e0 XIII\",\"Scolaire\",\"Vaulx-en-Velin\",\"Villeurbanne\"],\"inLanguage\":\"fr-FR\",\"potentialAction\":[{\"@type\":\"CommentAction\",\"name\":\"Comment\",\"target\":[\"https:\/\/newsestlyonnais.fr\/site\/2017\/03\/09\/villeurbanne-championnat-unss-dacademie-de-rugby-a-xiii\/#respond\"]}]},{\"@type\":\"WebPage\",\"@id\":\"https:\/\/newsestlyonnais.fr\/site\/2017\/03\/09\/villeurbanne-championnat-unss-dacademie-de-rugby-a-xiii\/\",\"url\":\"https:\/\/newsestlyonnais.fr\/site\/2017\/03\/09\/villeurbanne-championnat-unss-dacademie-de-rugby-a-xiii\/\",\"name\":\"VILLEURBANNE : CHAMPIONNAT UNSS D\u2019ACADEMIE DE RUGBY A XIII D'AUVERGNE-RHONE-ALPES\",\"isPartOf\":{\"@id\":\"https:\/\/newsestlyonnais.fr\/site\/#website\"},\"primaryImageOfPage\":{\"@id\":\"https:\/\/newsestlyonnais.fr\/site\/2017\/03\/09\/villeurbanne-championnat-unss-dacademie-de-rugby-a-xiii\/#primaryimage\"},\"image\":{\"@id\":\"https:\/\/newsestlyonnais.fr\/site\/2017\/03\/09\/villeurbanne-championnat-unss-dacademie-de-rugby-a-xiii\/#primaryimage\"},\"thumbnailUrl\":\"https:\/\/newsestlyonnais.fr\/site\/wp-content\/uploads\/2017\/03\/NEWSESTLYONNAIS-COMPET-UNSS-RUGBY-XIII.jpg\",\"datePublished\":\"2017-03-09T14:07:25+00:00\",\"dateModified\":\"2020-11-06T06:42:19+00:00\",\"description\":\"VILLEURBANNE : CHAMPIONNAT UNSS D\u2019ACADEMIE DE RUGBY A XIII D'AUVERGNE-RHONE-ALPES\",\"breadcrumb\":{\"@id\":\"https:\/\/newsestlyonnais.fr\/site\/2017\/03\/09\/villeurbanne-championnat-unss-dacademie-de-rugby-a-xiii\/#breadcrumb\"},\"inLanguage\":\"fr-FR\",\"potentialAction\":[{\"@type\":\"ReadAction\",\"target\":[\"https:\/\/newsestlyonnais.fr\/site\/2017\/03\/09\/villeurbanne-championnat-unss-dacademie-de-rugby-a-xiii\/\"]}]},{\"@type\":\"ImageObject\",\"inLanguage\":\"fr-FR\",\"@id\":\"https:\/\/newsestlyonnais.fr\/site\/2017\/03\/09\/villeurbanne-championnat-unss-dacademie-de-rugby-a-xiii\/#primaryimage\",\"url\":\"https:\/\/newsestlyonnais.fr\/site\/wp-content\/uploads\/2017\/03\/NEWSESTLYONNAIS-COMPET-UNSS-RUGBY-XIII.jpg\",\"contentUrl\":\"https:\/\/newsestlyonnais.fr\/site\/wp-content\/uploads\/2017\/03\/NEWSESTLYONNAIS-COMPET-UNSS-RUGBY-XIII.jpg\",\"width\":1000,\"height\":750,\"caption\":\"NEWSESTLYONNAIS-COMPET-UNSS-RUGBY-XIII.jpg\"},{\"@type\":\"BreadcrumbList\",\"@id\":\"https:\/\/newsestlyonnais.fr\/site\/2017\/03\/09\/villeurbanne-championnat-unss-dacademie-de-rugby-a-xiii\/#breadcrumb\",\"itemListElement\":[{\"@type\":\"ListItem\",\"position\":1,\"name\":\"Accueil\",\"item\":\"https:\/\/newsestlyonnais.fr\/site\/\"},{\"@type\":\"ListItem\",\"position\":2,\"name\":\"VILLEURBANNE | Championnat UNSS Acad\u00e9mie Rugby \u00e0 XIII\"}]},{\"@type\":\"WebSite\",\"@id\":\"https:\/\/newsestlyonnais.fr\/site\/#website\",\"url\":\"https:\/\/newsestlyonnais.fr\/site\/\",\"name\":\"News Est Lyonnais\",\"description\":\"L&#039;actualit\u00e9 au plus pr\u00e8s\",\"publisher\":{\"@id\":\"https:\/\/newsestlyonnais.fr\/site\/#organization\"},\"potentialAction\":[{\"@type\":\"SearchAction\",\"target\":{\"@type\":\"EntryPoint\",\"urlTemplate\":\"https:\/\/newsestlyonnais.fr\/site\/?s={search_term_string}\"},\"query-input\":{\"@type\":\"PropertyValueSpecification\",\"valueRequired\":true,\"valueName\":\"search_term_string\"}}],\"inLanguage\":\"fr-FR\"},{\"@type\":\"Organization\",\"@id\":\"https:\/\/newsestlyonnais.fr\/site\/#organization\",\"name\":\"News EST LYONNAIS\",\"url\":\"https:\/\/newsestlyonnais.fr\/site\/\",\"logo\":{\"@type\":\"ImageObject\",\"inLanguage\":\"fr-FR\",\"@id\":\"https:\/\/newsestlyonnais.fr\/site\/#\/schema\/logo\/image\/\",\"url\":\"\",\"contentUrl\":\"\",\"caption\":\"News EST LYONNAIS\"},\"image\":{\"@id\":\"https:\/\/newsestlyonnais.fr\/site\/#\/schema\/logo\/image\/\"}},{\"@type\":\"Person\",\"@id\":\"https:\/\/newsestlyonnais.fr\/site\/#\/schema\/person\/3230d5615f390bb808365d673001e887\",\"name\":\"R\u00e9dac. NEWS\",\"sameAs\":[\"http:\/\/www.newsestlyonnais.fr\",\"https:\/\/www.facebook.com\/pascal.oberson.1?fref=ts\",\"https:\/\/fr.linkedin.com\/in\/pascal-oberson-b17045113\"],\"url\":\"https:\/\/newsestlyonnais.fr\/site\/author\/nel\/\"}]}<\/script>\n<!-- \/ Yoast SEO plugin. -->","yoast_head_json":{"title":"VILLEURBANNE : CHAMPIONNAT UNSS D\u2019ACADEMIE DE RUGBY A XIII D'AUVERGNE-RHONE-ALPES","description":"VILLEURBANNE : CHAMPIONNAT UNSS D\u2019ACADEMIE DE RUGBY A XIII D'AUVERGNE-RHONE-ALPES","robots":{"index":"index","follow":"follow","max-snippet":"max-snippet:-1","max-image-preview":"max-image-preview:large","max-video-preview":"max-video-preview:-1"},"canonical":"https:\/\/newsestlyonnais.fr\/site\/2017\/03\/09\/villeurbanne-championnat-unss-dacademie-de-rugby-a-xiii\/","og_locale":"fr_FR","og_type":"article","og_title":"VILLEURBANNE : CHAMPIONNAT UNSS D\u2019ACADEMIE DE RUGBY A XIII D'AUVERGNE-RHONE-ALPES","og_description":"VILLEURBANNE : CHAMPIONNAT UNSS D\u2019ACADEMIE DE RUGBY A XIII D'AUVERGNE-RHONE-ALPES","og_url":"https:\/\/newsestlyonnais.fr\/site\/2017\/03\/09\/villeurbanne-championnat-unss-dacademie-de-rugby-a-xiii\/","og_site_name":"News Est Lyonnais","article_author":"https:\/\/www.facebook.com\/pascal.oberson.1?fref=ts","article_published_time":"2017-03-09T14:07:25+00:00","article_modified_time":"2020-11-06T06:42:19+00:00","og_image":[{"width":1000,"height":750,"url":"https:\/\/i2.wp.com\/newsestlyonnais.fr\/site\/wp-content\/uploads\/2017\/03\/NEWSESTLYONNAIS-COMPET-UNSS-RUGBY-XIII.jpg?fit=1000%2C750&ssl=1","type":"image\/jpeg"}],"author":"R\u00e9dac. NEWS","twitter_card":"summary_large_image","twitter_misc":{"\u00c9crit par":"R\u00e9dac. NEWS","Dur\u00e9e de lecture estim\u00e9e":"1 minute"},"schema":{"@context":"https:\/\/schema.org","@graph":[{"@type":"Article","@id":"https:\/\/newsestlyonnais.fr\/site\/2017\/03\/09\/villeurbanne-championnat-unss-dacademie-de-rugby-a-xiii\/#article","isPartOf":{"@id":"https:\/\/newsestlyonnais.fr\/site\/2017\/03\/09\/villeurbanne-championnat-unss-dacademie-de-rugby-a-xiii\/"},"author":{"name":"R\u00e9dac. NEWS","@id":"https:\/\/newsestlyonnais.fr\/site\/#\/schema\/person\/3230d5615f390bb808365d673001e887"},"headline":"VILLEURBANNE | Championnat UNSS Acad\u00e9mie Rugby \u00e0 XIII","datePublished":"2017-03-09T14:07:25+00:00","dateModified":"2020-11-06T06:42:19+00:00","mainEntityOfPage":{"@id":"https:\/\/newsestlyonnais.fr\/site\/2017\/03\/09\/villeurbanne-championnat-unss-dacademie-de-rugby-a-xiii\/"},"wordCount":226,"commentCount":0,"publisher":{"@id":"https:\/\/newsestlyonnais.fr\/site\/#organization"},"image":{"@id":"https:\/\/newsestlyonnais.fr\/site\/2017\/03\/09\/villeurbanne-championnat-unss-dacademie-de-rugby-a-xiii\/#primaryimage"},"thumbnailUrl":"https:\/\/newsestlyonnais.fr\/site\/wp-content\/uploads\/2017\/03\/NEWSESTLYONNAIS-COMPET-UNSS-RUGBY-XIII.jpg","articleSection":["Ain (01)","Foot | Rugby","Lyon","RUGBY \u00e0 XIII","Scolaire","Vaulx-en-Velin","Villeurbanne"],"inLanguage":"fr-FR","potentialAction":[{"@type":"CommentAction","name":"Comment","target":["https:\/\/newsestlyonnais.fr\/site\/2017\/03\/09\/villeurbanne-championnat-unss-dacademie-de-rugby-a-xiii\/#respond"]}]},{"@type":"WebPage","@id":"https:\/\/newsestlyonnais.fr\/site\/2017\/03\/09\/villeurbanne-championnat-unss-dacademie-de-rugby-a-xiii\/","url":"https:\/\/newsestlyonnais.fr\/site\/2017\/03\/09\/villeurbanne-championnat-unss-dacademie-de-rugby-a-xiii\/","name":"VILLEURBANNE : CHAMPIONNAT UNSS D\u2019ACADEMIE DE RUGBY A XIII D'AUVERGNE-RHONE-ALPES","isPartOf":{"@id":"https:\/\/newsestlyonnais.fr\/site\/#website"},"primaryImageOfPage":{"@id":"https:\/\/newsestlyonnais.fr\/site\/2017\/03\/09\/villeurbanne-championnat-unss-dacademie-de-rugby-a-xiii\/#primaryimage"},"image":{"@id":"https:\/\/newsestlyonnais.fr\/site\/2017\/03\/09\/villeurbanne-championnat-unss-dacademie-de-rugby-a-xiii\/#primaryimage"},"thumbnailUrl":"https:\/\/newsestlyonnais.fr\/site\/wp-content\/uploads\/2017\/03\/NEWSESTLYONNAIS-COMPET-UNSS-RUGBY-XIII.jpg","datePublished":"2017-03-09T14:07:25+00:00","dateModified":"2020-11-06T06:42:19+00:00","description":"VILLEURBANNE : CHAMPIONNAT UNSS D\u2019ACADEMIE DE RUGBY A XIII D'AUVERGNE-RHONE-ALPES","breadcrumb":{"@id":"https:\/\/newsestlyonnais.fr\/site\/2017\/03\/09\/villeurbanne-championnat-unss-dacademie-de-rugby-a-xiii\/#breadcrumb"},"inLanguage":"fr-FR","potentialAction":[{"@type":"ReadAction","target":["https:\/\/newsestlyonnais.fr\/site\/2017\/03\/09\/villeurbanne-championnat-unss-dacademie-de-rugby-a-xiii\/"]}]},{"@type":"ImageObject","inLanguage":"fr-FR","@id":"https:\/\/newsestlyonnais.fr\/site\/2017\/03\/09\/villeurbanne-championnat-unss-dacademie-de-rugby-a-xiii\/#primaryimage","url":"https:\/\/newsestlyonnais.fr\/site\/wp-content\/uploads\/2017\/03\/NEWSESTLYONNAIS-COMPET-UNSS-RUGBY-XIII.jpg","contentUrl":"https:\/\/newsestlyonnais.fr\/site\/wp-content\/uploads\/2017\/03\/NEWSESTLYONNAIS-COMPET-UNSS-RUGBY-XIII.jpg","width":1000,"height":750,"caption":"NEWSESTLYONNAIS-COMPET-UNSS-RUGBY-XIII.jpg"},{"@type":"BreadcrumbList","@id":"https:\/\/newsestlyonnais.fr\/site\/2017\/03\/09\/villeurbanne-championnat-unss-dacademie-de-rugby-a-xiii\/#breadcrumb","itemListElement":[{"@type":"ListItem","position":1,"name":"Accueil","item":"https:\/\/newsestlyonnais.fr\/site\/"},{"@type":"ListItem","position":2,"name":"VILLEURBANNE | Championnat UNSS Acad\u00e9mie Rugby \u00e0 XIII"}]},{"@type":"WebSite","@id":"https:\/\/newsestlyonnais.fr\/site\/#website","url":"https:\/\/newsestlyonnais.fr\/site\/","name":"News Est Lyonnais","description":"L&#039;actualit\u00e9 au plus pr\u00e8s","publisher":{"@id":"https:\/\/newsestlyonnais.fr\/site\/#organization"},"potentialAction":[{"@type":"SearchAction","target":{"@type":"EntryPoint","urlTemplate":"https:\/\/newsestlyonnais.fr\/site\/?s={search_term_string}"},"query-input":{"@type":"PropertyValueSpecification","valueRequired":true,"valueName":"search_term_string"}}],"inLanguage":"fr-FR"},{"@type":"Organization","@id":"https:\/\/newsestlyonnais.fr\/site\/#organization","name":"News EST LYONNAIS","url":"https:\/\/newsestlyonnais.fr\/site\/","logo":{"@type":"ImageObject","inLanguage":"fr-FR","@id":"https:\/\/newsestlyonnais.fr\/site\/#\/schema\/logo\/image\/","url":"","contentUrl":"","caption":"News EST LYONNAIS"},"image":{"@id":"https:\/\/newsestlyonnais.fr\/site\/#\/schema\/logo\/image\/"}},{"@type":"Person","@id":"https:\/\/newsestlyonnais.fr\/site\/#\/schema\/person\/3230d5615f390bb808365d673001e887","name":"R\u00e9dac. NEWS","sameAs":["http:\/\/www.newsestlyonnais.fr","https:\/\/www.facebook.com\/pascal.oberson.1?fref=ts","https:\/\/fr.linkedin.com\/in\/pascal-oberson-b17045113"],"url":"https:\/\/newsestlyonnais.fr\/site\/author\/nel\/"}]}},"_links":{"self":[{"href":"https:\/\/newsestlyonnais.fr\/site\/wp-json\/wp\/v2\/posts\/22354","targetHints":{"allow":["GET"]}}],"collection":[{"href":"https:\/\/newsestlyonnais.fr\/site\/wp-json\/wp\/v2\/posts"}],"about":[{"href":"https:\/\/newsestlyonnais.fr\/site\/wp-json\/wp\/v2\/types\/post"}],"author":[{"embeddable":true,"href":"https:\/\/newsestlyonnais.fr\/site\/wp-json\/wp\/v2\/users\/4"}],"replies":[{"embeddable":true,"href":"https:\/\/newsestlyonnais.fr\/site\/wp-json\/wp\/v2\/comments?post=22354"}],"version-history":[{"count":0,"href":"https:\/\/newsestlyonnais.fr\/site\/wp-json\/wp\/v2\/posts\/22354\/revisions"}],"wp:featuredmedia":[{"embeddable":true,"href":"https:\/\/newsestlyonnais.fr\/site\/wp-json\/wp\/v2\/media\/22368"}],"wp:attachment":[{"href":"https:\/\/newsestlyonnais.fr\/site\/wp-json\/wp\/v2\/media?parent=22354"}],"wp:term":[{"taxonomy":"category","embeddable":true,"href":"https:\/\/newsestlyonnais.fr\/site\/wp-json\/wp\/v2\/categories?post=22354"},{"taxonomy":"post_tag","embeddable":true,"href":"https:\/\/newsestlyonnais.fr\/site\/wp-json\/wp\/v2\/tags?post=22354"}],"curies":[{"name":"wp","href":"https:\/\/api.w.org\/{rel}","templated":true}]}}