{"id":22384,"date":"2017-03-10T06:20:39","date_gmt":"2017-03-10T05:20:39","guid":{"rendered":"http:\/\/newsestlyonnais.fr\/site\/?p=22384"},"modified":"2020-11-16T19:28:03","modified_gmt":"2020-11-16T18:28:03","slug":"villeurbanne-la-ceremonie-de-citoyennete-aura-lieu-le-mercredi-15-mars","status":"publish","type":"post","link":"https:\/\/newsestlyonnais.fr\/site\/2017\/03\/10\/villeurbanne-la-ceremonie-de-citoyennete-aura-lieu-le-mercredi-15-mars\/","title":{"rendered":"VILLEURBANNE | La c\u00e9r\u00e9monie de citoyennet\u00e9 aura lieu le mercredi 15 mars"},"content":{"rendered":"<h4>La traditionnelle c\u00e9r\u00e9monie de citoyennet\u00e9 est un moment convivial et officiel plac\u00e9 sous le signe de l\u2019engagement.<\/h4>\n<div>Mercredi 15 mars \u00e0 18 heures, les jeunes Villeurbannais(es) qui viennent d\u2019avoir 18 ans seront accueilli(e)s en mairie dans le cadre d\u2019une c\u00e9r\u00e9monie de citoyennet\u00e9.<\/div>\n<div>Les jeunes qui viennent d\u2019obtenir le droit de vote sont invit\u00e9s \u00e0 venir retirer leur premi\u00e8re carte d\u2019\u00e9lecteur et \u00e0 c\u00e9l\u00e9brer le d\u00e9but de leur vie de citoyen.<\/div>\n<div>La ville de Villeurbanne organise pour eux une \u00abc\u00e9r\u00e9monie de citoyennet\u00e9 \u00bb le 15 mars \u00e0 18 h \u00e0 l\u2019h\u00f4tel de ville.<\/div>\n<div>1.500 jeunes parmi les 84.000 \u00e9lecteurs villeurbannais sont ainsi concern\u00e9s<\/div>\n<p>Entour\u00e9 de ses adjoints, le maire, Jean-Paul Bret, accueillera les participants dans la salle du Conseil municipal et r\u00e9v\u00e9lera la figure embl\u00e9matique de l\u2019engagement choisie par les jeunes lors d\u2019un vote organis\u00e9 du 28 f\u00e9vrier au 9 mars sur internet via le site jeunes.villeurbanne.fr.<\/p>\n<p>Les personnalit\u00e9s propos\u00e9es : Katrina Switzer, Coluche, les Fr\u00e8res Lumi\u00e8re et Marie Curie.<\/p>\n<div>&#8211; L\u2019Afev (association de la fondation \u00e9tudiante pour la ville) proposera \u00ab Porteurs de parole \u00bb, une animation invitant les jeunes \u00e0 s\u2019exprimer et \u00e0 r\u00e9agir sur deux probl\u00e9matiques: \u00abPour vous \u00eatre solidaire, c\u2019est&#8230;\u00bb et \u00abquels r\u00eaves pour la jeunesse ?\u00bb. Leur expression sera recueillie sous la forme d\u2019une frise qui sera expos\u00e9e lors de la soir\u00e9e.<\/div>\n<div><\/div>\n<div>&#8211; <strong>Mercredi 15 mars, 18 h \u2013 Salons de l\u2019h\u00f4tel de ville, 2\u00b0 \u00e9tage.<\/strong><\/div>\n<h4>\u00a0\u00a0\u00a0\u00a0\u00a0\u00a0\u00a0\u00a0\u00a0\u00a0\u00a0\u00a0\u00a0\u00a0\u00a0\u00a0\u00a0\u00a0\u00a0\u00a0\u00a0\u00a0\u00a0\u00a0\u00a0\u00a0\u00a0\u00a0\u00a0\u00a0\u00a0 Retrouvez l&rsquo;ACTU de la commune sur:\u00a0<a href=\"http:\/\/www.villeurbanne.fr\" target=\"_blank\" rel=\"noopener noreferrer\">http:\/\/www.villeurbanne.fr<\/a><\/h4>\n<div><\/div>\n","protected":false},"excerpt":{"rendered":"<p>La traditionnelle c\u00e9r\u00e9monie de citoyennet\u00e9 est un moment convivial et officiel plac\u00e9 sous le signe de l\u2019engagement. Mercredi 15 mars \u00e0 18 heures, les jeunes Villeurbannais(es) qui viennent d\u2019avoir 18 ans seront accueilli(e)s en mairie dans le cadre d\u2019une c\u00e9r\u00e9monie de citoyennet\u00e9. Les jeunes qui viennent d\u2019obtenir le droit de vote sont invit\u00e9s \u00e0 venir [&hellip;]<\/p>\n","protected":false},"author":4,"featured_media":12277,"comment_status":"open","ping_status":"open","sticky":false,"template":"","format":"standard","meta":{"footnotes":""},"categories":[3336,309,29],"tags":[],"class_list":["post-22384","post","type-post","status-publish","format-standard","has-post-thumbnail","hentry","category-citoyennete-recensement","category-pratique","category-villeurbanne"],"yoast_head":"<!-- This site is optimized with the Yoast SEO plugin v27.2 - https:\/\/yoast.com\/product\/yoast-seo-wordpress\/ -->\n<title>VILLEURBANNE : La c\u00e9r\u00e9monie de citoyennet\u00e9 aura lieu le mercredi 15 mars<\/title>\n<meta name=\"description\" content=\"VILLEURBANNE : La c\u00e9r\u00e9monie de citoyennet\u00e9 aura lieu le mercredi 15 mars\" \/>\n<meta name=\"robots\" content=\"index, follow, max-snippet:-1, max-image-preview:large, max-video-preview:-1\" \/>\n<link rel=\"canonical\" href=\"https:\/\/newsestlyonnais.fr\/site\/2017\/03\/10\/villeurbanne-la-ceremonie-de-citoyennete-aura-lieu-le-mercredi-15-mars\/\" \/>\n<meta property=\"og:locale\" content=\"fr_FR\" \/>\n<meta property=\"og:type\" content=\"article\" \/>\n<meta property=\"og:title\" content=\"VILLEURBANNE : La c\u00e9r\u00e9monie de citoyennet\u00e9 aura lieu le mercredi 15 mars\" \/>\n<meta property=\"og:description\" content=\"VILLEURBANNE : La c\u00e9r\u00e9monie de citoyennet\u00e9 aura lieu le mercredi 15 mars\" \/>\n<meta property=\"og:url\" content=\"https:\/\/newsestlyonnais.fr\/site\/2017\/03\/10\/villeurbanne-la-ceremonie-de-citoyennete-aura-lieu-le-mercredi-15-mars\/\" \/>\n<meta property=\"og:site_name\" content=\"News Est Lyonnais\" \/>\n<meta property=\"article:author\" content=\"https:\/\/www.facebook.com\/pascal.oberson.1?fref=ts\" \/>\n<meta property=\"article:published_time\" content=\"2017-03-10T05:20:39+00:00\" \/>\n<meta property=\"article:modified_time\" content=\"2020-11-16T18:28:03+00:00\" \/>\n<meta property=\"og:image\" content=\"https:\/\/i0.wp.com\/newsestlyonnais.fr\/site\/wp-content\/uploads\/2016\/09\/NEWSESTLYONNAIS-PANNEAUVILLEURBANNE.jpg?fit=1000%2C750&ssl=1\" \/>\n\t<meta property=\"og:image:width\" content=\"1000\" \/>\n\t<meta property=\"og:image:height\" content=\"750\" \/>\n\t<meta property=\"og:image:type\" content=\"image\/jpeg\" \/>\n<meta name=\"author\" content=\"R\u00e9dac. NEWS\" \/>\n<meta name=\"twitter:card\" content=\"summary_large_image\" \/>\n<meta name=\"twitter:label1\" content=\"\u00c9crit par\" \/>\n\t<meta name=\"twitter:data1\" content=\"R\u00e9dac. NEWS\" \/>\n\t<meta name=\"twitter:label2\" content=\"Dur\u00e9e de lecture estim\u00e9e\" \/>\n\t<meta name=\"twitter:data2\" content=\"1 minute\" \/>\n<script type=\"application\/ld+json\" class=\"yoast-schema-graph\">{\"@context\":\"https:\/\/schema.org\",\"@graph\":[{\"@type\":\"Article\",\"@id\":\"https:\/\/newsestlyonnais.fr\/site\/2017\/03\/10\/villeurbanne-la-ceremonie-de-citoyennete-aura-lieu-le-mercredi-15-mars\/#article\",\"isPartOf\":{\"@id\":\"https:\/\/newsestlyonnais.fr\/site\/2017\/03\/10\/villeurbanne-la-ceremonie-de-citoyennete-aura-lieu-le-mercredi-15-mars\/\"},\"author\":{\"name\":\"R\u00e9dac. NEWS\",\"@id\":\"https:\/\/newsestlyonnais.fr\/site\/#\/schema\/person\/3230d5615f390bb808365d673001e887\"},\"headline\":\"VILLEURBANNE | La c\u00e9r\u00e9monie de citoyennet\u00e9 aura lieu le mercredi 15 mars\",\"datePublished\":\"2017-03-10T05:20:39+00:00\",\"dateModified\":\"2020-11-16T18:28:03+00:00\",\"mainEntityOfPage\":{\"@id\":\"https:\/\/newsestlyonnais.fr\/site\/2017\/03\/10\/villeurbanne-la-ceremonie-de-citoyennete-aura-lieu-le-mercredi-15-mars\/\"},\"wordCount\":273,\"commentCount\":0,\"publisher\":{\"@id\":\"https:\/\/newsestlyonnais.fr\/site\/#organization\"},\"image\":{\"@id\":\"https:\/\/newsestlyonnais.fr\/site\/2017\/03\/10\/villeurbanne-la-ceremonie-de-citoyennete-aura-lieu-le-mercredi-15-mars\/#primaryimage\"},\"thumbnailUrl\":\"https:\/\/newsestlyonnais.fr\/site\/wp-content\/uploads\/2016\/09\/NEWSESTLYONNAIS-PANNEAUVILLEURBANNE.jpg\",\"articleSection\":[\"Citoyennet\u00e9 | Recensement\",\"Pratique\",\"Villeurbanne\"],\"inLanguage\":\"fr-FR\",\"potentialAction\":[{\"@type\":\"CommentAction\",\"name\":\"Comment\",\"target\":[\"https:\/\/newsestlyonnais.fr\/site\/2017\/03\/10\/villeurbanne-la-ceremonie-de-citoyennete-aura-lieu-le-mercredi-15-mars\/#respond\"]}]},{\"@type\":\"WebPage\",\"@id\":\"https:\/\/newsestlyonnais.fr\/site\/2017\/03\/10\/villeurbanne-la-ceremonie-de-citoyennete-aura-lieu-le-mercredi-15-mars\/\",\"url\":\"https:\/\/newsestlyonnais.fr\/site\/2017\/03\/10\/villeurbanne-la-ceremonie-de-citoyennete-aura-lieu-le-mercredi-15-mars\/\",\"name\":\"VILLEURBANNE : La c\u00e9r\u00e9monie de citoyennet\u00e9 aura lieu le mercredi 15 mars\",\"isPartOf\":{\"@id\":\"https:\/\/newsestlyonnais.fr\/site\/#website\"},\"primaryImageOfPage\":{\"@id\":\"https:\/\/newsestlyonnais.fr\/site\/2017\/03\/10\/villeurbanne-la-ceremonie-de-citoyennete-aura-lieu-le-mercredi-15-mars\/#primaryimage\"},\"image\":{\"@id\":\"https:\/\/newsestlyonnais.fr\/site\/2017\/03\/10\/villeurbanne-la-ceremonie-de-citoyennete-aura-lieu-le-mercredi-15-mars\/#primaryimage\"},\"thumbnailUrl\":\"https:\/\/newsestlyonnais.fr\/site\/wp-content\/uploads\/2016\/09\/NEWSESTLYONNAIS-PANNEAUVILLEURBANNE.jpg\",\"datePublished\":\"2017-03-10T05:20:39+00:00\",\"dateModified\":\"2020-11-16T18:28:03+00:00\",\"description\":\"VILLEURBANNE : La c\u00e9r\u00e9monie de citoyennet\u00e9 aura lieu le mercredi 15 mars\",\"breadcrumb\":{\"@id\":\"https:\/\/newsestlyonnais.fr\/site\/2017\/03\/10\/villeurbanne-la-ceremonie-de-citoyennete-aura-lieu-le-mercredi-15-mars\/#breadcrumb\"},\"inLanguage\":\"fr-FR\",\"potentialAction\":[{\"@type\":\"ReadAction\",\"target\":[\"https:\/\/newsestlyonnais.fr\/site\/2017\/03\/10\/villeurbanne-la-ceremonie-de-citoyennete-aura-lieu-le-mercredi-15-mars\/\"]}]},{\"@type\":\"ImageObject\",\"inLanguage\":\"fr-FR\",\"@id\":\"https:\/\/newsestlyonnais.fr\/site\/2017\/03\/10\/villeurbanne-la-ceremonie-de-citoyennete-aura-lieu-le-mercredi-15-mars\/#primaryimage\",\"url\":\"https:\/\/newsestlyonnais.fr\/site\/wp-content\/uploads\/2016\/09\/NEWSESTLYONNAIS-PANNEAUVILLEURBANNE.jpg\",\"contentUrl\":\"https:\/\/newsestlyonnais.fr\/site\/wp-content\/uploads\/2016\/09\/NEWSESTLYONNAIS-PANNEAUVILLEURBANNE.jpg\",\"width\":1000,\"height\":750,\"caption\":\"newsestlyonnais-panneauvilleurbanne\"},{\"@type\":\"BreadcrumbList\",\"@id\":\"https:\/\/newsestlyonnais.fr\/site\/2017\/03\/10\/villeurbanne-la-ceremonie-de-citoyennete-aura-lieu-le-mercredi-15-mars\/#breadcrumb\",\"itemListElement\":[{\"@type\":\"ListItem\",\"position\":1,\"name\":\"Accueil\",\"item\":\"https:\/\/newsestlyonnais.fr\/site\/\"},{\"@type\":\"ListItem\",\"position\":2,\"name\":\"VILLEURBANNE | La c\u00e9r\u00e9monie de citoyennet\u00e9 aura lieu le mercredi 15 mars\"}]},{\"@type\":\"WebSite\",\"@id\":\"https:\/\/newsestlyonnais.fr\/site\/#website\",\"url\":\"https:\/\/newsestlyonnais.fr\/site\/\",\"name\":\"News Est Lyonnais\",\"description\":\"L&#039;actualit\u00e9 au plus pr\u00e8s\",\"publisher\":{\"@id\":\"https:\/\/newsestlyonnais.fr\/site\/#organization\"},\"potentialAction\":[{\"@type\":\"SearchAction\",\"target\":{\"@type\":\"EntryPoint\",\"urlTemplate\":\"https:\/\/newsestlyonnais.fr\/site\/?s={search_term_string}\"},\"query-input\":{\"@type\":\"PropertyValueSpecification\",\"valueRequired\":true,\"valueName\":\"search_term_string\"}}],\"inLanguage\":\"fr-FR\"},{\"@type\":\"Organization\",\"@id\":\"https:\/\/newsestlyonnais.fr\/site\/#organization\",\"name\":\"News EST LYONNAIS\",\"url\":\"https:\/\/newsestlyonnais.fr\/site\/\",\"logo\":{\"@type\":\"ImageObject\",\"inLanguage\":\"fr-FR\",\"@id\":\"https:\/\/newsestlyonnais.fr\/site\/#\/schema\/logo\/image\/\",\"url\":\"\",\"contentUrl\":\"\",\"caption\":\"News EST LYONNAIS\"},\"image\":{\"@id\":\"https:\/\/newsestlyonnais.fr\/site\/#\/schema\/logo\/image\/\"}},{\"@type\":\"Person\",\"@id\":\"https:\/\/newsestlyonnais.fr\/site\/#\/schema\/person\/3230d5615f390bb808365d673001e887\",\"name\":\"R\u00e9dac. NEWS\",\"sameAs\":[\"http:\/\/www.newsestlyonnais.fr\",\"https:\/\/www.facebook.com\/pascal.oberson.1?fref=ts\",\"https:\/\/fr.linkedin.com\/in\/pascal-oberson-b17045113\"],\"url\":\"https:\/\/newsestlyonnais.fr\/site\/author\/nel\/\"}]}<\/script>\n<!-- \/ Yoast SEO plugin. -->","yoast_head_json":{"title":"VILLEURBANNE : La c\u00e9r\u00e9monie de citoyennet\u00e9 aura lieu le mercredi 15 mars","description":"VILLEURBANNE : La c\u00e9r\u00e9monie de citoyennet\u00e9 aura lieu le mercredi 15 mars","robots":{"index":"index","follow":"follow","max-snippet":"max-snippet:-1","max-image-preview":"max-image-preview:large","max-video-preview":"max-video-preview:-1"},"canonical":"https:\/\/newsestlyonnais.fr\/site\/2017\/03\/10\/villeurbanne-la-ceremonie-de-citoyennete-aura-lieu-le-mercredi-15-mars\/","og_locale":"fr_FR","og_type":"article","og_title":"VILLEURBANNE : La c\u00e9r\u00e9monie de citoyennet\u00e9 aura lieu le mercredi 15 mars","og_description":"VILLEURBANNE : La c\u00e9r\u00e9monie de citoyennet\u00e9 aura lieu le mercredi 15 mars","og_url":"https:\/\/newsestlyonnais.fr\/site\/2017\/03\/10\/villeurbanne-la-ceremonie-de-citoyennete-aura-lieu-le-mercredi-15-mars\/","og_site_name":"News Est Lyonnais","article_author":"https:\/\/www.facebook.com\/pascal.oberson.1?fref=ts","article_published_time":"2017-03-10T05:20:39+00:00","article_modified_time":"2020-11-16T18:28:03+00:00","og_image":[{"width":1000,"height":750,"url":"https:\/\/i0.wp.com\/newsestlyonnais.fr\/site\/wp-content\/uploads\/2016\/09\/NEWSESTLYONNAIS-PANNEAUVILLEURBANNE.jpg?fit=1000%2C750&ssl=1","type":"image\/jpeg"}],"author":"R\u00e9dac. NEWS","twitter_card":"summary_large_image","twitter_misc":{"\u00c9crit par":"R\u00e9dac. NEWS","Dur\u00e9e de lecture estim\u00e9e":"1 minute"},"schema":{"@context":"https:\/\/schema.org","@graph":[{"@type":"Article","@id":"https:\/\/newsestlyonnais.fr\/site\/2017\/03\/10\/villeurbanne-la-ceremonie-de-citoyennete-aura-lieu-le-mercredi-15-mars\/#article","isPartOf":{"@id":"https:\/\/newsestlyonnais.fr\/site\/2017\/03\/10\/villeurbanne-la-ceremonie-de-citoyennete-aura-lieu-le-mercredi-15-mars\/"},"author":{"name":"R\u00e9dac. NEWS","@id":"https:\/\/newsestlyonnais.fr\/site\/#\/schema\/person\/3230d5615f390bb808365d673001e887"},"headline":"VILLEURBANNE | La c\u00e9r\u00e9monie de citoyennet\u00e9 aura lieu le mercredi 15 mars","datePublished":"2017-03-10T05:20:39+00:00","dateModified":"2020-11-16T18:28:03+00:00","mainEntityOfPage":{"@id":"https:\/\/newsestlyonnais.fr\/site\/2017\/03\/10\/villeurbanne-la-ceremonie-de-citoyennete-aura-lieu-le-mercredi-15-mars\/"},"wordCount":273,"commentCount":0,"publisher":{"@id":"https:\/\/newsestlyonnais.fr\/site\/#organization"},"image":{"@id":"https:\/\/newsestlyonnais.fr\/site\/2017\/03\/10\/villeurbanne-la-ceremonie-de-citoyennete-aura-lieu-le-mercredi-15-mars\/#primaryimage"},"thumbnailUrl":"https:\/\/newsestlyonnais.fr\/site\/wp-content\/uploads\/2016\/09\/NEWSESTLYONNAIS-PANNEAUVILLEURBANNE.jpg","articleSection":["Citoyennet\u00e9 | Recensement","Pratique","Villeurbanne"],"inLanguage":"fr-FR","potentialAction":[{"@type":"CommentAction","name":"Comment","target":["https:\/\/newsestlyonnais.fr\/site\/2017\/03\/10\/villeurbanne-la-ceremonie-de-citoyennete-aura-lieu-le-mercredi-15-mars\/#respond"]}]},{"@type":"WebPage","@id":"https:\/\/newsestlyonnais.fr\/site\/2017\/03\/10\/villeurbanne-la-ceremonie-de-citoyennete-aura-lieu-le-mercredi-15-mars\/","url":"https:\/\/newsestlyonnais.fr\/site\/2017\/03\/10\/villeurbanne-la-ceremonie-de-citoyennete-aura-lieu-le-mercredi-15-mars\/","name":"VILLEURBANNE : La c\u00e9r\u00e9monie de citoyennet\u00e9 aura lieu le mercredi 15 mars","isPartOf":{"@id":"https:\/\/newsestlyonnais.fr\/site\/#website"},"primaryImageOfPage":{"@id":"https:\/\/newsestlyonnais.fr\/site\/2017\/03\/10\/villeurbanne-la-ceremonie-de-citoyennete-aura-lieu-le-mercredi-15-mars\/#primaryimage"},"image":{"@id":"https:\/\/newsestlyonnais.fr\/site\/2017\/03\/10\/villeurbanne-la-ceremonie-de-citoyennete-aura-lieu-le-mercredi-15-mars\/#primaryimage"},"thumbnailUrl":"https:\/\/newsestlyonnais.fr\/site\/wp-content\/uploads\/2016\/09\/NEWSESTLYONNAIS-PANNEAUVILLEURBANNE.jpg","datePublished":"2017-03-10T05:20:39+00:00","dateModified":"2020-11-16T18:28:03+00:00","description":"VILLEURBANNE : La c\u00e9r\u00e9monie de citoyennet\u00e9 aura lieu le mercredi 15 mars","breadcrumb":{"@id":"https:\/\/newsestlyonnais.fr\/site\/2017\/03\/10\/villeurbanne-la-ceremonie-de-citoyennete-aura-lieu-le-mercredi-15-mars\/#breadcrumb"},"inLanguage":"fr-FR","potentialAction":[{"@type":"ReadAction","target":["https:\/\/newsestlyonnais.fr\/site\/2017\/03\/10\/villeurbanne-la-ceremonie-de-citoyennete-aura-lieu-le-mercredi-15-mars\/"]}]},{"@type":"ImageObject","inLanguage":"fr-FR","@id":"https:\/\/newsestlyonnais.fr\/site\/2017\/03\/10\/villeurbanne-la-ceremonie-de-citoyennete-aura-lieu-le-mercredi-15-mars\/#primaryimage","url":"https:\/\/newsestlyonnais.fr\/site\/wp-content\/uploads\/2016\/09\/NEWSESTLYONNAIS-PANNEAUVILLEURBANNE.jpg","contentUrl":"https:\/\/newsestlyonnais.fr\/site\/wp-content\/uploads\/2016\/09\/NEWSESTLYONNAIS-PANNEAUVILLEURBANNE.jpg","width":1000,"height":750,"caption":"newsestlyonnais-panneauvilleurbanne"},{"@type":"BreadcrumbList","@id":"https:\/\/newsestlyonnais.fr\/site\/2017\/03\/10\/villeurbanne-la-ceremonie-de-citoyennete-aura-lieu-le-mercredi-15-mars\/#breadcrumb","itemListElement":[{"@type":"ListItem","position":1,"name":"Accueil","item":"https:\/\/newsestlyonnais.fr\/site\/"},{"@type":"ListItem","position":2,"name":"VILLEURBANNE | La c\u00e9r\u00e9monie de citoyennet\u00e9 aura lieu le mercredi 15 mars"}]},{"@type":"WebSite","@id":"https:\/\/newsestlyonnais.fr\/site\/#website","url":"https:\/\/newsestlyonnais.fr\/site\/","name":"News Est Lyonnais","description":"L&#039;actualit\u00e9 au plus pr\u00e8s","publisher":{"@id":"https:\/\/newsestlyonnais.fr\/site\/#organization"},"potentialAction":[{"@type":"SearchAction","target":{"@type":"EntryPoint","urlTemplate":"https:\/\/newsestlyonnais.fr\/site\/?s={search_term_string}"},"query-input":{"@type":"PropertyValueSpecification","valueRequired":true,"valueName":"search_term_string"}}],"inLanguage":"fr-FR"},{"@type":"Organization","@id":"https:\/\/newsestlyonnais.fr\/site\/#organization","name":"News EST LYONNAIS","url":"https:\/\/newsestlyonnais.fr\/site\/","logo":{"@type":"ImageObject","inLanguage":"fr-FR","@id":"https:\/\/newsestlyonnais.fr\/site\/#\/schema\/logo\/image\/","url":"","contentUrl":"","caption":"News EST LYONNAIS"},"image":{"@id":"https:\/\/newsestlyonnais.fr\/site\/#\/schema\/logo\/image\/"}},{"@type":"Person","@id":"https:\/\/newsestlyonnais.fr\/site\/#\/schema\/person\/3230d5615f390bb808365d673001e887","name":"R\u00e9dac. NEWS","sameAs":["http:\/\/www.newsestlyonnais.fr","https:\/\/www.facebook.com\/pascal.oberson.1?fref=ts","https:\/\/fr.linkedin.com\/in\/pascal-oberson-b17045113"],"url":"https:\/\/newsestlyonnais.fr\/site\/author\/nel\/"}]}},"_links":{"self":[{"href":"https:\/\/newsestlyonnais.fr\/site\/wp-json\/wp\/v2\/posts\/22384","targetHints":{"allow":["GET"]}}],"collection":[{"href":"https:\/\/newsestlyonnais.fr\/site\/wp-json\/wp\/v2\/posts"}],"about":[{"href":"https:\/\/newsestlyonnais.fr\/site\/wp-json\/wp\/v2\/types\/post"}],"author":[{"embeddable":true,"href":"https:\/\/newsestlyonnais.fr\/site\/wp-json\/wp\/v2\/users\/4"}],"replies":[{"embeddable":true,"href":"https:\/\/newsestlyonnais.fr\/site\/wp-json\/wp\/v2\/comments?post=22384"}],"version-history":[{"count":0,"href":"https:\/\/newsestlyonnais.fr\/site\/wp-json\/wp\/v2\/posts\/22384\/revisions"}],"wp:featuredmedia":[{"embeddable":true,"href":"https:\/\/newsestlyonnais.fr\/site\/wp-json\/wp\/v2\/media\/12277"}],"wp:attachment":[{"href":"https:\/\/newsestlyonnais.fr\/site\/wp-json\/wp\/v2\/media?parent=22384"}],"wp:term":[{"taxonomy":"category","embeddable":true,"href":"https:\/\/newsestlyonnais.fr\/site\/wp-json\/wp\/v2\/categories?post=22384"},{"taxonomy":"post_tag","embeddable":true,"href":"https:\/\/newsestlyonnais.fr\/site\/wp-json\/wp\/v2\/tags?post=22384"}],"curies":[{"name":"wp","href":"https:\/\/api.w.org\/{rel}","templated":true}]}}