{"id":22388,"date":"2017-03-10T07:20:04","date_gmt":"2017-03-10T06:20:04","guid":{"rendered":"http:\/\/newsestlyonnais.fr\/site\/?p=22388"},"modified":"2020-11-19T15:07:22","modified_gmt":"2020-11-19T14:07:22","slug":"lyon-3-l-agenda-manifestations-jusqua-fin-mars-2017","status":"publish","type":"post","link":"https:\/\/newsestlyonnais.fr\/site\/2017\/03\/10\/lyon-3-l-agenda-manifestations-jusqua-fin-mars-2017\/","title":{"rendered":"LYON 3 | Agenda des manifestations jusqu&rsquo;\u00e0 fin Mars 2017"},"content":{"rendered":"<p class=\"ox-6a0c9a6bdb-Default\"><b>Les \u00e9v\u00e8nements seront encore nombreux sur le 3\u00b0 arrondissement en ce mois de mars 2017, en voici les principaux:\u00a0 <\/b><\/p>\n<ul>\n<li class=\"ox-6a0c9a6bdb-Default\"><span style=\"text-decoration: underline;\">Samedi 11 Mars<\/span> : <b>9 h 30 \u00e0 12 h30 : BOURSE DE PRINTEMPS DE L\u2019AFEE (<\/b>79 rue <span class=\"ox-6a0c9a6bdb-SpellE\"> Richerand<\/span>) et \u00e0 <b>11 H : TAILLE DES VIGNES <\/b>DU SQUARE REBATEL avec les vignerons de CHIROUBLES<b> <\/b>(Square <span class=\"ox-6a0c9a6bdb-SpellE\">Rebatel<\/span>, angle rue des Dahlias, rue Dr <span class=\"ox-6a0c9a6bdb-SpellE\">Rebatel)<\/span>.<\/li>\n<\/ul>\n<ul>\n<li class=\"ox-6a0c9a6bdb-Default\"><span style=\"text-decoration: underline;\">Lundi 13 Mars<\/span><b>: <\/b><b>14 h \u00e0 16 h 30 : CARNAVAL DES ECOLES DE MONTCHAT \u00ab VIVA LOS NINOS DE MONTCHAT \u00bb(<\/b>jardin de l\u2019Eglise de Montchat).<\/li>\n<\/ul>\n<ul>\n<li class=\"ox-6a0c9a6bdb-Default\"><span style=\"text-decoration: underline;\">Mardi 14 Mars<\/span><b>: \u00e0 <\/b><b>14 H 30 : CREPES DES SENIORS DU 3\u00b0 <\/b>(Espace Elsa Triolet, 53 rue Charles Richard) et \u00e0 <b>19 H : CONSEIL D\u2019ARRONDISSEMENT <\/b>(Salle Eug\u00e8ne Brouillard, Mairie du 3\u00b0).<\/li>\n<li class=\"ox-6a0c9a6bdb-Default\"><span style=\"text-decoration: underline;\">Mercredi 15 Mars<\/span><b>: \u00e0 <\/b><b>18 H 30 : CINE CONFERENCE ET EXPOSITION <\/b>consacr\u00e9es \u00e0<b> <\/b>ZAREH MUTAFIAN (Salle Eug\u00e8ne Brouillard, Mairie du 3\u00b0).<\/li>\n<li class=\"ox-6a0c9a6bdb-Default\"><span style=\"text-decoration: underline;\"><strong>\u00a0<\/strong><\/span><span style=\"text-decoration: underline;\">Jeudi 16 Mars<\/span><b>: \u00e0 <\/b><b>18 H 30 : REUNION SUR LE JARDIN PARTAGE DE LA PLACE FERRANDIERE<\/b> <b>(<\/b>Maison de quartier, 263 rue Paul-Bert).<\/li>\n<li class=\"ox-6a0c9a6bdb-Default\"><span style=\"text-decoration: underline;\"><strong>\u00a0<\/strong><\/span><span style=\"text-decoration: underline;\">Lundi 20 Mars<\/span><b> \u00e0 <\/b><b>11 H : INAUGURATION DU 107 RUE SERVIENT (<\/b>107 rue <span class=\"ox-6a0c9a6bdb-SpellE\">Servient).<\/span><\/li>\n<li class=\"ox-6a0c9a6bdb-Default\"><span style=\"text-decoration: underline;\"><strong>\u00a0<\/strong><\/span><span style=\"text-decoration: underline;\">Mardi 21 Mars<\/span> <b>\u00e0 <\/b><b>18 H 30 : BIENVENUE A L\u2019ECOLE MATERNELLE (<\/b>Ch\u00e2teau Sans-Souci, 36 avenue Lacassagne). Info et inscription sur: <a href=\"http:\/\/www.mairie3.lyon.fr\" target=\"_blank\" rel=\"noopener noreferrer\">www.mairie3.lyon.fr, \u00e0 <\/a><b>18 H 30 : SOIREE DES SPORTIFS ET BENEVOLES DU 3\u00b0 (<\/b>Salle Eug\u00e8ne Brouillard, Mairie du 3\u00b0) &amp; \u00e0 <b>20 H : SOIREE DEBAT \u00ab LE TRAVAIL VU PAR L\u2019ADOLESCENCE \u00bb(<\/b>Maison des Adolescents du Rh\u00f4ne, 1 bis cours Gambetta, Lyon 3\u00b0) .Infos au : 04. 37. 23. 65 03<\/li>\n<li class=\"ox-6a0c9a6bdb-Default\"><span style=\"text-decoration: underline;\">Mercredi 22 Mars<\/span><b>: \u00e0 <\/b><b>18 H 30 : REUNION D\u2019INFORMATION SUR LE PROJET DE JARDINAGE PARTICIPATIF AU PARC SISLEY. <\/b><i>Et de la direction des espaces verts de la Ville de Lyon. (<\/i>Ch\u00e2teau Sans-Souci, 36 avenue Lacassagne). &amp; \u00e0 <b>18 H 30 : VERNISSAGE DE L\u2019EXPOSITION LES GENS DE L\u2019IMAGE (<\/b>Salle d\u2019exposition, Mairie du 3\u00b0)<\/li>\n<li class=\"ox-6a0c9a6bdb-Default\"><span style=\"text-decoration: underline;\">Jeudi 23 Mars<\/span><b>: \u00e0 1<\/b><b>1 H : LA GRANDE LESSIVE (<\/b>place Gabriel P\u00e9ri).<\/li>\n<li class=\"ox-6a0c9a6bdb-Default\"><span style=\"text-decoration: underline;\">Vendredi 24 Mars<\/span><b>: \u00e0 <\/b><b>11 H : INAUGURATION DE L\u2019AGENCE TCL r\u00e9nov\u00e9e DU METRO GRANGE BLANCHE (<\/b>M\u00e9tro Grange Blanche) &amp; \u00e0 <b>18 H : INAUGURATION DU POINT INFORMATION JEUNESSE DE LA MJC MONTCHAT <\/b>(Espace Elsa Triolet, 53 rue Charles Richard).<\/li>\n<\/ul>\n<p>Retrouvez l&rsquo;ACTU du 3\u00b0 sur: <a href=\"http:\/\/www.mairie3.lyon.fr\/page\/accueil_3.html\" target=\"_blank\" rel=\"noopener noreferrer\">http:\/\/www.mairie3.lyon.fr\/page\/accueil_3.html<\/a><\/p>\n","protected":false},"excerpt":{"rendered":"<p>Les \u00e9v\u00e8nements seront encore nombreux sur le 3\u00b0 arrondissement en ce mois de mars 2017, en voici les principaux:\u00a0 Samedi 11 Mars : 9 h 30 \u00e0 12 h30 : BOURSE DE PRINTEMPS DE L\u2019AFEE (79 rue Richerand) et \u00e0 11 H : TAILLE DES VIGNES DU SQUARE REBATEL avec les vignerons de CHIROUBLES (Square [&hellip;]<\/p>\n","protected":false},"author":4,"featured_media":8840,"comment_status":"open","ping_status":"open","sticky":false,"template":"","format":"standard","meta":{"footnotes":""},"categories":[1625],"tags":[],"class_list":["post-22388","post","type-post","status-publish","format-standard","has-post-thumbnail","hentry","category-lyon"],"yoast_head":"<!-- This site is optimized with the Yoast SEO plugin v27.2 - https:\/\/yoast.com\/product\/yoast-seo-wordpress\/ -->\n<title>LYON 3\u00b0 : L&#039; AGENDA DES MANIFESTATIONS jusqu&#039;\u00e0 fin MARS 2017<\/title>\n<meta name=\"description\" content=\"LYON 3\u00b0 : L&#039; AGENDA DES MANIFESTATIONS jusqu&#039;\u00e0 fin MARS 2017\" \/>\n<meta name=\"robots\" content=\"index, follow, max-snippet:-1, max-image-preview:large, max-video-preview:-1\" \/>\n<link rel=\"canonical\" href=\"https:\/\/newsestlyonnais.fr\/site\/2017\/03\/10\/lyon-3-l-agenda-manifestations-jusqua-fin-mars-2017\/\" \/>\n<meta property=\"og:locale\" content=\"fr_FR\" \/>\n<meta property=\"og:type\" content=\"article\" \/>\n<meta property=\"og:title\" content=\"LYON 3\u00b0 : L&#039; AGENDA DES MANIFESTATIONS jusqu&#039;\u00e0 fin MARS 2017\" \/>\n<meta property=\"og:description\" content=\"LYON 3\u00b0 : L&#039; AGENDA DES MANIFESTATIONS jusqu&#039;\u00e0 fin MARS 2017\" \/>\n<meta property=\"og:url\" content=\"https:\/\/newsestlyonnais.fr\/site\/2017\/03\/10\/lyon-3-l-agenda-manifestations-jusqua-fin-mars-2017\/\" \/>\n<meta property=\"og:site_name\" content=\"News Est Lyonnais\" \/>\n<meta property=\"article:author\" content=\"https:\/\/www.facebook.com\/pascal.oberson.1?fref=ts\" \/>\n<meta property=\"article:published_time\" content=\"2017-03-10T06:20:04+00:00\" \/>\n<meta property=\"article:modified_time\" content=\"2020-11-19T14:07:22+00:00\" \/>\n<meta property=\"og:image\" content=\"https:\/\/i1.wp.com\/newsestlyonnais.fr\/site\/wp-content\/uploads\/2016\/06\/NEWSESTLYONNAIS-LYON-PANNEAUP1100180.jpg?fit=1000%2C750&ssl=1\" \/>\n\t<meta property=\"og:image:width\" content=\"1000\" \/>\n\t<meta property=\"og:image:height\" content=\"750\" \/>\n\t<meta property=\"og:image:type\" content=\"image\/jpeg\" \/>\n<meta name=\"author\" content=\"R\u00e9dac. NEWS\" \/>\n<meta name=\"twitter:card\" content=\"summary_large_image\" \/>\n<meta name=\"twitter:label1\" content=\"\u00c9crit par\" \/>\n\t<meta name=\"twitter:data1\" content=\"R\u00e9dac. NEWS\" \/>\n\t<meta name=\"twitter:label2\" content=\"Dur\u00e9e de lecture estim\u00e9e\" \/>\n\t<meta name=\"twitter:data2\" content=\"2 minutes\" \/>\n<script type=\"application\/ld+json\" class=\"yoast-schema-graph\">{\"@context\":\"https:\/\/schema.org\",\"@graph\":[{\"@type\":\"Article\",\"@id\":\"https:\/\/newsestlyonnais.fr\/site\/2017\/03\/10\/lyon-3-l-agenda-manifestations-jusqua-fin-mars-2017\/#article\",\"isPartOf\":{\"@id\":\"https:\/\/newsestlyonnais.fr\/site\/2017\/03\/10\/lyon-3-l-agenda-manifestations-jusqua-fin-mars-2017\/\"},\"author\":{\"name\":\"R\u00e9dac. NEWS\",\"@id\":\"https:\/\/newsestlyonnais.fr\/site\/#\/schema\/person\/3230d5615f390bb808365d673001e887\"},\"headline\":\"LYON 3 | Agenda des manifestations jusqu&rsquo;\u00e0 fin Mars 2017\",\"datePublished\":\"2017-03-10T06:20:04+00:00\",\"dateModified\":\"2020-11-19T14:07:22+00:00\",\"mainEntityOfPage\":{\"@id\":\"https:\/\/newsestlyonnais.fr\/site\/2017\/03\/10\/lyon-3-l-agenda-manifestations-jusqua-fin-mars-2017\/\"},\"wordCount\":309,\"commentCount\":0,\"publisher\":{\"@id\":\"https:\/\/newsestlyonnais.fr\/site\/#organization\"},\"image\":{\"@id\":\"https:\/\/newsestlyonnais.fr\/site\/2017\/03\/10\/lyon-3-l-agenda-manifestations-jusqua-fin-mars-2017\/#primaryimage\"},\"thumbnailUrl\":\"https:\/\/newsestlyonnais.fr\/site\/wp-content\/uploads\/2016\/06\/NEWSESTLYONNAIS-LYON-PANNEAUP1100180.jpg\",\"articleSection\":[\"Lyon\"],\"inLanguage\":\"fr-FR\",\"potentialAction\":[{\"@type\":\"CommentAction\",\"name\":\"Comment\",\"target\":[\"https:\/\/newsestlyonnais.fr\/site\/2017\/03\/10\/lyon-3-l-agenda-manifestations-jusqua-fin-mars-2017\/#respond\"]}]},{\"@type\":\"WebPage\",\"@id\":\"https:\/\/newsestlyonnais.fr\/site\/2017\/03\/10\/lyon-3-l-agenda-manifestations-jusqua-fin-mars-2017\/\",\"url\":\"https:\/\/newsestlyonnais.fr\/site\/2017\/03\/10\/lyon-3-l-agenda-manifestations-jusqua-fin-mars-2017\/\",\"name\":\"LYON 3\u00b0 : L' AGENDA DES MANIFESTATIONS jusqu'\u00e0 fin MARS 2017\",\"isPartOf\":{\"@id\":\"https:\/\/newsestlyonnais.fr\/site\/#website\"},\"primaryImageOfPage\":{\"@id\":\"https:\/\/newsestlyonnais.fr\/site\/2017\/03\/10\/lyon-3-l-agenda-manifestations-jusqua-fin-mars-2017\/#primaryimage\"},\"image\":{\"@id\":\"https:\/\/newsestlyonnais.fr\/site\/2017\/03\/10\/lyon-3-l-agenda-manifestations-jusqua-fin-mars-2017\/#primaryimage\"},\"thumbnailUrl\":\"https:\/\/newsestlyonnais.fr\/site\/wp-content\/uploads\/2016\/06\/NEWSESTLYONNAIS-LYON-PANNEAUP1100180.jpg\",\"datePublished\":\"2017-03-10T06:20:04+00:00\",\"dateModified\":\"2020-11-19T14:07:22+00:00\",\"description\":\"LYON 3\u00b0 : L' AGENDA DES MANIFESTATIONS jusqu'\u00e0 fin MARS 2017\",\"breadcrumb\":{\"@id\":\"https:\/\/newsestlyonnais.fr\/site\/2017\/03\/10\/lyon-3-l-agenda-manifestations-jusqua-fin-mars-2017\/#breadcrumb\"},\"inLanguage\":\"fr-FR\",\"potentialAction\":[{\"@type\":\"ReadAction\",\"target\":[\"https:\/\/newsestlyonnais.fr\/site\/2017\/03\/10\/lyon-3-l-agenda-manifestations-jusqua-fin-mars-2017\/\"]}]},{\"@type\":\"ImageObject\",\"inLanguage\":\"fr-FR\",\"@id\":\"https:\/\/newsestlyonnais.fr\/site\/2017\/03\/10\/lyon-3-l-agenda-manifestations-jusqua-fin-mars-2017\/#primaryimage\",\"url\":\"https:\/\/newsestlyonnais.fr\/site\/wp-content\/uploads\/2016\/06\/NEWSESTLYONNAIS-LYON-PANNEAUP1100180.jpg\",\"contentUrl\":\"https:\/\/newsestlyonnais.fr\/site\/wp-content\/uploads\/2016\/06\/NEWSESTLYONNAIS-LYON-PANNEAUP1100180.jpg\",\"width\":1000,\"height\":750,\"caption\":\"NEWSESTLYONNAIS - LYON PANNEAU\"},{\"@type\":\"BreadcrumbList\",\"@id\":\"https:\/\/newsestlyonnais.fr\/site\/2017\/03\/10\/lyon-3-l-agenda-manifestations-jusqua-fin-mars-2017\/#breadcrumb\",\"itemListElement\":[{\"@type\":\"ListItem\",\"position\":1,\"name\":\"Accueil\",\"item\":\"https:\/\/newsestlyonnais.fr\/site\/\"},{\"@type\":\"ListItem\",\"position\":2,\"name\":\"LYON 3 | Agenda des manifestations jusqu&rsquo;\u00e0 fin Mars 2017\"}]},{\"@type\":\"WebSite\",\"@id\":\"https:\/\/newsestlyonnais.fr\/site\/#website\",\"url\":\"https:\/\/newsestlyonnais.fr\/site\/\",\"name\":\"News Est Lyonnais\",\"description\":\"L&#039;actualit\u00e9 au plus pr\u00e8s\",\"publisher\":{\"@id\":\"https:\/\/newsestlyonnais.fr\/site\/#organization\"},\"potentialAction\":[{\"@type\":\"SearchAction\",\"target\":{\"@type\":\"EntryPoint\",\"urlTemplate\":\"https:\/\/newsestlyonnais.fr\/site\/?s={search_term_string}\"},\"query-input\":{\"@type\":\"PropertyValueSpecification\",\"valueRequired\":true,\"valueName\":\"search_term_string\"}}],\"inLanguage\":\"fr-FR\"},{\"@type\":\"Organization\",\"@id\":\"https:\/\/newsestlyonnais.fr\/site\/#organization\",\"name\":\"News EST LYONNAIS\",\"url\":\"https:\/\/newsestlyonnais.fr\/site\/\",\"logo\":{\"@type\":\"ImageObject\",\"inLanguage\":\"fr-FR\",\"@id\":\"https:\/\/newsestlyonnais.fr\/site\/#\/schema\/logo\/image\/\",\"url\":\"\",\"contentUrl\":\"\",\"caption\":\"News EST LYONNAIS\"},\"image\":{\"@id\":\"https:\/\/newsestlyonnais.fr\/site\/#\/schema\/logo\/image\/\"}},{\"@type\":\"Person\",\"@id\":\"https:\/\/newsestlyonnais.fr\/site\/#\/schema\/person\/3230d5615f390bb808365d673001e887\",\"name\":\"R\u00e9dac. NEWS\",\"sameAs\":[\"http:\/\/www.newsestlyonnais.fr\",\"https:\/\/www.facebook.com\/pascal.oberson.1?fref=ts\",\"https:\/\/fr.linkedin.com\/in\/pascal-oberson-b17045113\"],\"url\":\"https:\/\/newsestlyonnais.fr\/site\/author\/nel\/\"}]}<\/script>\n<!-- \/ Yoast SEO plugin. -->","yoast_head_json":{"title":"LYON 3\u00b0 : L' AGENDA DES MANIFESTATIONS jusqu'\u00e0 fin MARS 2017","description":"LYON 3\u00b0 : L' AGENDA DES MANIFESTATIONS jusqu'\u00e0 fin MARS 2017","robots":{"index":"index","follow":"follow","max-snippet":"max-snippet:-1","max-image-preview":"max-image-preview:large","max-video-preview":"max-video-preview:-1"},"canonical":"https:\/\/newsestlyonnais.fr\/site\/2017\/03\/10\/lyon-3-l-agenda-manifestations-jusqua-fin-mars-2017\/","og_locale":"fr_FR","og_type":"article","og_title":"LYON 3\u00b0 : L' AGENDA DES MANIFESTATIONS jusqu'\u00e0 fin MARS 2017","og_description":"LYON 3\u00b0 : L' AGENDA DES MANIFESTATIONS jusqu'\u00e0 fin MARS 2017","og_url":"https:\/\/newsestlyonnais.fr\/site\/2017\/03\/10\/lyon-3-l-agenda-manifestations-jusqua-fin-mars-2017\/","og_site_name":"News Est Lyonnais","article_author":"https:\/\/www.facebook.com\/pascal.oberson.1?fref=ts","article_published_time":"2017-03-10T06:20:04+00:00","article_modified_time":"2020-11-19T14:07:22+00:00","og_image":[{"width":1000,"height":750,"url":"https:\/\/i1.wp.com\/newsestlyonnais.fr\/site\/wp-content\/uploads\/2016\/06\/NEWSESTLYONNAIS-LYON-PANNEAUP1100180.jpg?fit=1000%2C750&ssl=1","type":"image\/jpeg"}],"author":"R\u00e9dac. NEWS","twitter_card":"summary_large_image","twitter_misc":{"\u00c9crit par":"R\u00e9dac. NEWS","Dur\u00e9e de lecture estim\u00e9e":"2 minutes"},"schema":{"@context":"https:\/\/schema.org","@graph":[{"@type":"Article","@id":"https:\/\/newsestlyonnais.fr\/site\/2017\/03\/10\/lyon-3-l-agenda-manifestations-jusqua-fin-mars-2017\/#article","isPartOf":{"@id":"https:\/\/newsestlyonnais.fr\/site\/2017\/03\/10\/lyon-3-l-agenda-manifestations-jusqua-fin-mars-2017\/"},"author":{"name":"R\u00e9dac. NEWS","@id":"https:\/\/newsestlyonnais.fr\/site\/#\/schema\/person\/3230d5615f390bb808365d673001e887"},"headline":"LYON 3 | Agenda des manifestations jusqu&rsquo;\u00e0 fin Mars 2017","datePublished":"2017-03-10T06:20:04+00:00","dateModified":"2020-11-19T14:07:22+00:00","mainEntityOfPage":{"@id":"https:\/\/newsestlyonnais.fr\/site\/2017\/03\/10\/lyon-3-l-agenda-manifestations-jusqua-fin-mars-2017\/"},"wordCount":309,"commentCount":0,"publisher":{"@id":"https:\/\/newsestlyonnais.fr\/site\/#organization"},"image":{"@id":"https:\/\/newsestlyonnais.fr\/site\/2017\/03\/10\/lyon-3-l-agenda-manifestations-jusqua-fin-mars-2017\/#primaryimage"},"thumbnailUrl":"https:\/\/newsestlyonnais.fr\/site\/wp-content\/uploads\/2016\/06\/NEWSESTLYONNAIS-LYON-PANNEAUP1100180.jpg","articleSection":["Lyon"],"inLanguage":"fr-FR","potentialAction":[{"@type":"CommentAction","name":"Comment","target":["https:\/\/newsestlyonnais.fr\/site\/2017\/03\/10\/lyon-3-l-agenda-manifestations-jusqua-fin-mars-2017\/#respond"]}]},{"@type":"WebPage","@id":"https:\/\/newsestlyonnais.fr\/site\/2017\/03\/10\/lyon-3-l-agenda-manifestations-jusqua-fin-mars-2017\/","url":"https:\/\/newsestlyonnais.fr\/site\/2017\/03\/10\/lyon-3-l-agenda-manifestations-jusqua-fin-mars-2017\/","name":"LYON 3\u00b0 : L' AGENDA DES MANIFESTATIONS jusqu'\u00e0 fin MARS 2017","isPartOf":{"@id":"https:\/\/newsestlyonnais.fr\/site\/#website"},"primaryImageOfPage":{"@id":"https:\/\/newsestlyonnais.fr\/site\/2017\/03\/10\/lyon-3-l-agenda-manifestations-jusqua-fin-mars-2017\/#primaryimage"},"image":{"@id":"https:\/\/newsestlyonnais.fr\/site\/2017\/03\/10\/lyon-3-l-agenda-manifestations-jusqua-fin-mars-2017\/#primaryimage"},"thumbnailUrl":"https:\/\/newsestlyonnais.fr\/site\/wp-content\/uploads\/2016\/06\/NEWSESTLYONNAIS-LYON-PANNEAUP1100180.jpg","datePublished":"2017-03-10T06:20:04+00:00","dateModified":"2020-11-19T14:07:22+00:00","description":"LYON 3\u00b0 : L' AGENDA DES MANIFESTATIONS jusqu'\u00e0 fin MARS 2017","breadcrumb":{"@id":"https:\/\/newsestlyonnais.fr\/site\/2017\/03\/10\/lyon-3-l-agenda-manifestations-jusqua-fin-mars-2017\/#breadcrumb"},"inLanguage":"fr-FR","potentialAction":[{"@type":"ReadAction","target":["https:\/\/newsestlyonnais.fr\/site\/2017\/03\/10\/lyon-3-l-agenda-manifestations-jusqua-fin-mars-2017\/"]}]},{"@type":"ImageObject","inLanguage":"fr-FR","@id":"https:\/\/newsestlyonnais.fr\/site\/2017\/03\/10\/lyon-3-l-agenda-manifestations-jusqua-fin-mars-2017\/#primaryimage","url":"https:\/\/newsestlyonnais.fr\/site\/wp-content\/uploads\/2016\/06\/NEWSESTLYONNAIS-LYON-PANNEAUP1100180.jpg","contentUrl":"https:\/\/newsestlyonnais.fr\/site\/wp-content\/uploads\/2016\/06\/NEWSESTLYONNAIS-LYON-PANNEAUP1100180.jpg","width":1000,"height":750,"caption":"NEWSESTLYONNAIS - LYON PANNEAU"},{"@type":"BreadcrumbList","@id":"https:\/\/newsestlyonnais.fr\/site\/2017\/03\/10\/lyon-3-l-agenda-manifestations-jusqua-fin-mars-2017\/#breadcrumb","itemListElement":[{"@type":"ListItem","position":1,"name":"Accueil","item":"https:\/\/newsestlyonnais.fr\/site\/"},{"@type":"ListItem","position":2,"name":"LYON 3 | Agenda des manifestations jusqu&rsquo;\u00e0 fin Mars 2017"}]},{"@type":"WebSite","@id":"https:\/\/newsestlyonnais.fr\/site\/#website","url":"https:\/\/newsestlyonnais.fr\/site\/","name":"News Est Lyonnais","description":"L&#039;actualit\u00e9 au plus pr\u00e8s","publisher":{"@id":"https:\/\/newsestlyonnais.fr\/site\/#organization"},"potentialAction":[{"@type":"SearchAction","target":{"@type":"EntryPoint","urlTemplate":"https:\/\/newsestlyonnais.fr\/site\/?s={search_term_string}"},"query-input":{"@type":"PropertyValueSpecification","valueRequired":true,"valueName":"search_term_string"}}],"inLanguage":"fr-FR"},{"@type":"Organization","@id":"https:\/\/newsestlyonnais.fr\/site\/#organization","name":"News EST LYONNAIS","url":"https:\/\/newsestlyonnais.fr\/site\/","logo":{"@type":"ImageObject","inLanguage":"fr-FR","@id":"https:\/\/newsestlyonnais.fr\/site\/#\/schema\/logo\/image\/","url":"","contentUrl":"","caption":"News EST LYONNAIS"},"image":{"@id":"https:\/\/newsestlyonnais.fr\/site\/#\/schema\/logo\/image\/"}},{"@type":"Person","@id":"https:\/\/newsestlyonnais.fr\/site\/#\/schema\/person\/3230d5615f390bb808365d673001e887","name":"R\u00e9dac. NEWS","sameAs":["http:\/\/www.newsestlyonnais.fr","https:\/\/www.facebook.com\/pascal.oberson.1?fref=ts","https:\/\/fr.linkedin.com\/in\/pascal-oberson-b17045113"],"url":"https:\/\/newsestlyonnais.fr\/site\/author\/nel\/"}]}},"_links":{"self":[{"href":"https:\/\/newsestlyonnais.fr\/site\/wp-json\/wp\/v2\/posts\/22388","targetHints":{"allow":["GET"]}}],"collection":[{"href":"https:\/\/newsestlyonnais.fr\/site\/wp-json\/wp\/v2\/posts"}],"about":[{"href":"https:\/\/newsestlyonnais.fr\/site\/wp-json\/wp\/v2\/types\/post"}],"author":[{"embeddable":true,"href":"https:\/\/newsestlyonnais.fr\/site\/wp-json\/wp\/v2\/users\/4"}],"replies":[{"embeddable":true,"href":"https:\/\/newsestlyonnais.fr\/site\/wp-json\/wp\/v2\/comments?post=22388"}],"version-history":[{"count":0,"href":"https:\/\/newsestlyonnais.fr\/site\/wp-json\/wp\/v2\/posts\/22388\/revisions"}],"wp:featuredmedia":[{"embeddable":true,"href":"https:\/\/newsestlyonnais.fr\/site\/wp-json\/wp\/v2\/media\/8840"}],"wp:attachment":[{"href":"https:\/\/newsestlyonnais.fr\/site\/wp-json\/wp\/v2\/media?parent=22388"}],"wp:term":[{"taxonomy":"category","embeddable":true,"href":"https:\/\/newsestlyonnais.fr\/site\/wp-json\/wp\/v2\/categories?post=22388"},{"taxonomy":"post_tag","embeddable":true,"href":"https:\/\/newsestlyonnais.fr\/site\/wp-json\/wp\/v2\/tags?post=22388"}],"curies":[{"name":"wp","href":"https:\/\/api.w.org\/{rel}","templated":true}]}}