{"id":22406,"date":"2017-03-10T09:45:50","date_gmt":"2017-03-10T08:45:50","guid":{"rendered":"http:\/\/newsestlyonnais.fr\/site\/?p=22406"},"modified":"2020-11-03T15:56:35","modified_gmt":"2020-11-03T14:56:35","slug":"lyon-8-tony-parker-entre-au-capital-du-lyon-basket-avant-den-etre-president","status":"publish","type":"post","link":"https:\/\/newsestlyonnais.fr\/site\/2017\/03\/10\/lyon-8-tony-parker-entre-au-capital-du-lyon-basket-avant-den-etre-president\/","title":{"rendered":"LYON 8 | Tony Parker entre au capital du Lyon Basket avant d&rsquo;en \u00eatre pr\u00e9sident"},"content":{"rendered":"<h4>A l\u2019issue de la derni\u00e8re assembl\u00e9e g\u00e9n\u00e9rale des actionnaires du Lyon Basket qui s&rsquo;est tenue ce jeudi 9 mars 2017, l\u2019entr\u00e9e de Tony Parker dans le capital du club a \u00e9t\u00e9 act\u00e9.<\/h4>\n<p>Il en deviendra ainsi l\u2019actionnaire majoritaire alors que <strong>Marie-Sophie Obama<\/strong> est d\u2019ores et d\u00e9j\u00e0 nomm\u00e9e directrice g\u00e9n\u00e9rale du Lyon Basket.<\/p>\n<p>A la fin de l\u2019exercice 2016\/2017, Tony Parker reprendra la pr\u00e9sidence du club et Marie-Sophie Obama en sera la<br \/>\npr\u00e9sidente d\u00e9l\u00e9gu\u00e9e. En bonne intelligence, les acteurs actuels et futurs du Lyon Basket collaborent dans cette<br \/>\np\u00e9riode de transition, pour une continuit\u00e9 du projet de d\u00e9veloppement du club et dans le respect de son histoire et<br \/>\nses valeurs.<\/p>\n<h4>Retrouvez l&rsquo;ACTU du club sur: <a href=\"http:\/\/lyonbasket.fr\" target=\"_blank\" rel=\"noopener noreferrer\">http:\/\/lyonbasket.fr<\/a><\/h4>\n","protected":false},"excerpt":{"rendered":"<p>A l\u2019issue de la derni\u00e8re assembl\u00e9e g\u00e9n\u00e9rale des actionnaires du Lyon Basket qui s&rsquo;est tenue ce jeudi 9 mars 2017, l\u2019entr\u00e9e de Tony Parker dans le capital du club a \u00e9t\u00e9 act\u00e9. Il en deviendra ainsi l\u2019actionnaire majoritaire alors que Marie-Sophie Obama est d\u2019ores et d\u00e9j\u00e0 nomm\u00e9e directrice g\u00e9n\u00e9rale du Lyon Basket. A la fin [&hellip;]<\/p>\n","protected":false},"author":4,"featured_media":15526,"comment_status":"open","ping_status":"open","sticky":false,"template":"","format":"standard","meta":{"footnotes":""},"categories":[1357,2975,1625],"tags":[],"class_list":["post-22406","post","type-post","status-publish","format-standard","has-post-thumbnail","hentry","category-basket","category-basket-hand-volley-sports","category-lyon"],"yoast_head":"<!-- This site is optimized with the Yoast SEO plugin v27.2 - https:\/\/yoast.com\/product\/yoast-seo-wordpress\/ -->\n<title>LYON 8\u00b0 : TONY PARKER ENTRE AU CAPITAL DU LYON BASKET AVANT D&#039;EN ETRE PRESIDENT !<\/title>\n<meta name=\"description\" content=\"LYON 8\u00b0 : TONY PARKER ENTRE AU CAPITAL DU LYON BASKET AVANT D&#039;EN ETRE PRESIDENT !\" \/>\n<meta name=\"robots\" content=\"index, follow, max-snippet:-1, max-image-preview:large, max-video-preview:-1\" \/>\n<link rel=\"canonical\" href=\"https:\/\/newsestlyonnais.fr\/site\/2017\/03\/10\/lyon-8-tony-parker-entre-au-capital-du-lyon-basket-avant-den-etre-president\/\" \/>\n<meta property=\"og:locale\" content=\"fr_FR\" \/>\n<meta property=\"og:type\" content=\"article\" \/>\n<meta property=\"og:title\" content=\"LYON 8\u00b0 : TONY PARKER ENTRE AU CAPITAL DU LYON BASKET AVANT D&#039;EN ETRE PRESIDENT !\" \/>\n<meta property=\"og:description\" content=\"LYON 8\u00b0 : TONY PARKER ENTRE AU CAPITAL DU LYON BASKET AVANT D&#039;EN ETRE PRESIDENT !\" \/>\n<meta property=\"og:url\" content=\"https:\/\/newsestlyonnais.fr\/site\/2017\/03\/10\/lyon-8-tony-parker-entre-au-capital-du-lyon-basket-avant-den-etre-president\/\" \/>\n<meta property=\"og:site_name\" content=\"News Est Lyonnais\" \/>\n<meta property=\"article:author\" content=\"https:\/\/www.facebook.com\/pascal.oberson.1?fref=ts\" \/>\n<meta property=\"article:published_time\" content=\"2017-03-10T08:45:50+00:00\" \/>\n<meta property=\"article:modified_time\" content=\"2020-11-03T14:56:35+00:00\" \/>\n<meta property=\"og:image\" content=\"https:\/\/i2.wp.com\/newsestlyonnais.fr\/site\/wp-content\/uploads\/2016\/11\/NEWSESTLYONNAIS-LOGOLYONBASKET.png?fit=1000%2C750&ssl=1\" \/>\n\t<meta property=\"og:image:width\" content=\"1000\" \/>\n\t<meta property=\"og:image:height\" content=\"750\" \/>\n\t<meta property=\"og:image:type\" content=\"image\/png\" \/>\n<meta name=\"author\" content=\"R\u00e9dac. NEWS\" \/>\n<meta name=\"twitter:card\" content=\"summary_large_image\" \/>\n<meta name=\"twitter:label1\" content=\"\u00c9crit par\" \/>\n\t<meta name=\"twitter:data1\" content=\"R\u00e9dac. NEWS\" \/>\n\t<meta name=\"twitter:label2\" content=\"Dur\u00e9e de lecture estim\u00e9e\" \/>\n\t<meta name=\"twitter:data2\" content=\"1 minute\" \/>\n<script type=\"application\/ld+json\" class=\"yoast-schema-graph\">{\"@context\":\"https:\/\/schema.org\",\"@graph\":[{\"@type\":\"Article\",\"@id\":\"https:\/\/newsestlyonnais.fr\/site\/2017\/03\/10\/lyon-8-tony-parker-entre-au-capital-du-lyon-basket-avant-den-etre-president\/#article\",\"isPartOf\":{\"@id\":\"https:\/\/newsestlyonnais.fr\/site\/2017\/03\/10\/lyon-8-tony-parker-entre-au-capital-du-lyon-basket-avant-den-etre-president\/\"},\"author\":{\"name\":\"R\u00e9dac. NEWS\",\"@id\":\"https:\/\/newsestlyonnais.fr\/site\/#\/schema\/person\/3230d5615f390bb808365d673001e887\"},\"headline\":\"LYON 8 | Tony Parker entre au capital du Lyon Basket avant d&rsquo;en \u00eatre pr\u00e9sident\",\"datePublished\":\"2017-03-10T08:45:50+00:00\",\"dateModified\":\"2020-11-03T14:56:35+00:00\",\"mainEntityOfPage\":{\"@id\":\"https:\/\/newsestlyonnais.fr\/site\/2017\/03\/10\/lyon-8-tony-parker-entre-au-capital-du-lyon-basket-avant-den-etre-president\/\"},\"wordCount\":152,\"commentCount\":0,\"publisher\":{\"@id\":\"https:\/\/newsestlyonnais.fr\/site\/#organization\"},\"image\":{\"@id\":\"https:\/\/newsestlyonnais.fr\/site\/2017\/03\/10\/lyon-8-tony-parker-entre-au-capital-du-lyon-basket-avant-den-etre-president\/#primaryimage\"},\"thumbnailUrl\":\"https:\/\/newsestlyonnais.fr\/site\/wp-content\/uploads\/2016\/11\/NEWSESTLYONNAIS-LOGOLYONBASKET.png\",\"articleSection\":[\"Basket\",\"Basket | Hand | Volley\",\"Lyon\"],\"inLanguage\":\"fr-FR\",\"potentialAction\":[{\"@type\":\"CommentAction\",\"name\":\"Comment\",\"target\":[\"https:\/\/newsestlyonnais.fr\/site\/2017\/03\/10\/lyon-8-tony-parker-entre-au-capital-du-lyon-basket-avant-den-etre-president\/#respond\"]}]},{\"@type\":\"WebPage\",\"@id\":\"https:\/\/newsestlyonnais.fr\/site\/2017\/03\/10\/lyon-8-tony-parker-entre-au-capital-du-lyon-basket-avant-den-etre-president\/\",\"url\":\"https:\/\/newsestlyonnais.fr\/site\/2017\/03\/10\/lyon-8-tony-parker-entre-au-capital-du-lyon-basket-avant-den-etre-president\/\",\"name\":\"LYON 8\u00b0 : TONY PARKER ENTRE AU CAPITAL DU LYON BASKET AVANT D'EN ETRE PRESIDENT !\",\"isPartOf\":{\"@id\":\"https:\/\/newsestlyonnais.fr\/site\/#website\"},\"primaryImageOfPage\":{\"@id\":\"https:\/\/newsestlyonnais.fr\/site\/2017\/03\/10\/lyon-8-tony-parker-entre-au-capital-du-lyon-basket-avant-den-etre-president\/#primaryimage\"},\"image\":{\"@id\":\"https:\/\/newsestlyonnais.fr\/site\/2017\/03\/10\/lyon-8-tony-parker-entre-au-capital-du-lyon-basket-avant-den-etre-president\/#primaryimage\"},\"thumbnailUrl\":\"https:\/\/newsestlyonnais.fr\/site\/wp-content\/uploads\/2016\/11\/NEWSESTLYONNAIS-LOGOLYONBASKET.png\",\"datePublished\":\"2017-03-10T08:45:50+00:00\",\"dateModified\":\"2020-11-03T14:56:35+00:00\",\"description\":\"LYON 8\u00b0 : TONY PARKER ENTRE AU CAPITAL DU LYON BASKET AVANT D'EN ETRE PRESIDENT !\",\"breadcrumb\":{\"@id\":\"https:\/\/newsestlyonnais.fr\/site\/2017\/03\/10\/lyon-8-tony-parker-entre-au-capital-du-lyon-basket-avant-den-etre-president\/#breadcrumb\"},\"inLanguage\":\"fr-FR\",\"potentialAction\":[{\"@type\":\"ReadAction\",\"target\":[\"https:\/\/newsestlyonnais.fr\/site\/2017\/03\/10\/lyon-8-tony-parker-entre-au-capital-du-lyon-basket-avant-den-etre-president\/\"]}]},{\"@type\":\"ImageObject\",\"inLanguage\":\"fr-FR\",\"@id\":\"https:\/\/newsestlyonnais.fr\/site\/2017\/03\/10\/lyon-8-tony-parker-entre-au-capital-du-lyon-basket-avant-den-etre-president\/#primaryimage\",\"url\":\"https:\/\/newsestlyonnais.fr\/site\/wp-content\/uploads\/2016\/11\/NEWSESTLYONNAIS-LOGOLYONBASKET.png\",\"contentUrl\":\"https:\/\/newsestlyonnais.fr\/site\/wp-content\/uploads\/2016\/11\/NEWSESTLYONNAIS-LOGOLYONBASKET.png\",\"width\":1000,\"height\":750,\"caption\":\"newsestlyonnais-logolyonbasket\"},{\"@type\":\"BreadcrumbList\",\"@id\":\"https:\/\/newsestlyonnais.fr\/site\/2017\/03\/10\/lyon-8-tony-parker-entre-au-capital-du-lyon-basket-avant-den-etre-president\/#breadcrumb\",\"itemListElement\":[{\"@type\":\"ListItem\",\"position\":1,\"name\":\"Accueil\",\"item\":\"https:\/\/newsestlyonnais.fr\/site\/\"},{\"@type\":\"ListItem\",\"position\":2,\"name\":\"LYON 8 | Tony Parker entre au capital du Lyon Basket avant d&rsquo;en \u00eatre pr\u00e9sident\"}]},{\"@type\":\"WebSite\",\"@id\":\"https:\/\/newsestlyonnais.fr\/site\/#website\",\"url\":\"https:\/\/newsestlyonnais.fr\/site\/\",\"name\":\"News Est Lyonnais\",\"description\":\"L&#039;actualit\u00e9 au plus pr\u00e8s\",\"publisher\":{\"@id\":\"https:\/\/newsestlyonnais.fr\/site\/#organization\"},\"potentialAction\":[{\"@type\":\"SearchAction\",\"target\":{\"@type\":\"EntryPoint\",\"urlTemplate\":\"https:\/\/newsestlyonnais.fr\/site\/?s={search_term_string}\"},\"query-input\":{\"@type\":\"PropertyValueSpecification\",\"valueRequired\":true,\"valueName\":\"search_term_string\"}}],\"inLanguage\":\"fr-FR\"},{\"@type\":\"Organization\",\"@id\":\"https:\/\/newsestlyonnais.fr\/site\/#organization\",\"name\":\"News EST LYONNAIS\",\"url\":\"https:\/\/newsestlyonnais.fr\/site\/\",\"logo\":{\"@type\":\"ImageObject\",\"inLanguage\":\"fr-FR\",\"@id\":\"https:\/\/newsestlyonnais.fr\/site\/#\/schema\/logo\/image\/\",\"url\":\"\",\"contentUrl\":\"\",\"caption\":\"News EST LYONNAIS\"},\"image\":{\"@id\":\"https:\/\/newsestlyonnais.fr\/site\/#\/schema\/logo\/image\/\"}},{\"@type\":\"Person\",\"@id\":\"https:\/\/newsestlyonnais.fr\/site\/#\/schema\/person\/3230d5615f390bb808365d673001e887\",\"name\":\"R\u00e9dac. NEWS\",\"sameAs\":[\"http:\/\/www.newsestlyonnais.fr\",\"https:\/\/www.facebook.com\/pascal.oberson.1?fref=ts\",\"https:\/\/fr.linkedin.com\/in\/pascal-oberson-b17045113\"],\"url\":\"https:\/\/newsestlyonnais.fr\/site\/author\/nel\/\"}]}<\/script>\n<!-- \/ Yoast SEO plugin. -->","yoast_head_json":{"title":"LYON 8\u00b0 : TONY PARKER ENTRE AU CAPITAL DU LYON BASKET AVANT D'EN ETRE PRESIDENT !","description":"LYON 8\u00b0 : TONY PARKER ENTRE AU CAPITAL DU LYON BASKET AVANT D'EN ETRE PRESIDENT !","robots":{"index":"index","follow":"follow","max-snippet":"max-snippet:-1","max-image-preview":"max-image-preview:large","max-video-preview":"max-video-preview:-1"},"canonical":"https:\/\/newsestlyonnais.fr\/site\/2017\/03\/10\/lyon-8-tony-parker-entre-au-capital-du-lyon-basket-avant-den-etre-president\/","og_locale":"fr_FR","og_type":"article","og_title":"LYON 8\u00b0 : TONY PARKER ENTRE AU CAPITAL DU LYON BASKET AVANT D'EN ETRE PRESIDENT !","og_description":"LYON 8\u00b0 : TONY PARKER ENTRE AU CAPITAL DU LYON BASKET AVANT D'EN ETRE PRESIDENT !","og_url":"https:\/\/newsestlyonnais.fr\/site\/2017\/03\/10\/lyon-8-tony-parker-entre-au-capital-du-lyon-basket-avant-den-etre-president\/","og_site_name":"News Est Lyonnais","article_author":"https:\/\/www.facebook.com\/pascal.oberson.1?fref=ts","article_published_time":"2017-03-10T08:45:50+00:00","article_modified_time":"2020-11-03T14:56:35+00:00","og_image":[{"width":1000,"height":750,"url":"https:\/\/i2.wp.com\/newsestlyonnais.fr\/site\/wp-content\/uploads\/2016\/11\/NEWSESTLYONNAIS-LOGOLYONBASKET.png?fit=1000%2C750&ssl=1","type":"image\/png"}],"author":"R\u00e9dac. NEWS","twitter_card":"summary_large_image","twitter_misc":{"\u00c9crit par":"R\u00e9dac. NEWS","Dur\u00e9e de lecture estim\u00e9e":"1 minute"},"schema":{"@context":"https:\/\/schema.org","@graph":[{"@type":"Article","@id":"https:\/\/newsestlyonnais.fr\/site\/2017\/03\/10\/lyon-8-tony-parker-entre-au-capital-du-lyon-basket-avant-den-etre-president\/#article","isPartOf":{"@id":"https:\/\/newsestlyonnais.fr\/site\/2017\/03\/10\/lyon-8-tony-parker-entre-au-capital-du-lyon-basket-avant-den-etre-president\/"},"author":{"name":"R\u00e9dac. NEWS","@id":"https:\/\/newsestlyonnais.fr\/site\/#\/schema\/person\/3230d5615f390bb808365d673001e887"},"headline":"LYON 8 | Tony Parker entre au capital du Lyon Basket avant d&rsquo;en \u00eatre pr\u00e9sident","datePublished":"2017-03-10T08:45:50+00:00","dateModified":"2020-11-03T14:56:35+00:00","mainEntityOfPage":{"@id":"https:\/\/newsestlyonnais.fr\/site\/2017\/03\/10\/lyon-8-tony-parker-entre-au-capital-du-lyon-basket-avant-den-etre-president\/"},"wordCount":152,"commentCount":0,"publisher":{"@id":"https:\/\/newsestlyonnais.fr\/site\/#organization"},"image":{"@id":"https:\/\/newsestlyonnais.fr\/site\/2017\/03\/10\/lyon-8-tony-parker-entre-au-capital-du-lyon-basket-avant-den-etre-president\/#primaryimage"},"thumbnailUrl":"https:\/\/newsestlyonnais.fr\/site\/wp-content\/uploads\/2016\/11\/NEWSESTLYONNAIS-LOGOLYONBASKET.png","articleSection":["Basket","Basket | Hand | Volley","Lyon"],"inLanguage":"fr-FR","potentialAction":[{"@type":"CommentAction","name":"Comment","target":["https:\/\/newsestlyonnais.fr\/site\/2017\/03\/10\/lyon-8-tony-parker-entre-au-capital-du-lyon-basket-avant-den-etre-president\/#respond"]}]},{"@type":"WebPage","@id":"https:\/\/newsestlyonnais.fr\/site\/2017\/03\/10\/lyon-8-tony-parker-entre-au-capital-du-lyon-basket-avant-den-etre-president\/","url":"https:\/\/newsestlyonnais.fr\/site\/2017\/03\/10\/lyon-8-tony-parker-entre-au-capital-du-lyon-basket-avant-den-etre-president\/","name":"LYON 8\u00b0 : TONY PARKER ENTRE AU CAPITAL DU LYON BASKET AVANT D'EN ETRE PRESIDENT !","isPartOf":{"@id":"https:\/\/newsestlyonnais.fr\/site\/#website"},"primaryImageOfPage":{"@id":"https:\/\/newsestlyonnais.fr\/site\/2017\/03\/10\/lyon-8-tony-parker-entre-au-capital-du-lyon-basket-avant-den-etre-president\/#primaryimage"},"image":{"@id":"https:\/\/newsestlyonnais.fr\/site\/2017\/03\/10\/lyon-8-tony-parker-entre-au-capital-du-lyon-basket-avant-den-etre-president\/#primaryimage"},"thumbnailUrl":"https:\/\/newsestlyonnais.fr\/site\/wp-content\/uploads\/2016\/11\/NEWSESTLYONNAIS-LOGOLYONBASKET.png","datePublished":"2017-03-10T08:45:50+00:00","dateModified":"2020-11-03T14:56:35+00:00","description":"LYON 8\u00b0 : TONY PARKER ENTRE AU CAPITAL DU LYON BASKET AVANT D'EN ETRE PRESIDENT !","breadcrumb":{"@id":"https:\/\/newsestlyonnais.fr\/site\/2017\/03\/10\/lyon-8-tony-parker-entre-au-capital-du-lyon-basket-avant-den-etre-president\/#breadcrumb"},"inLanguage":"fr-FR","potentialAction":[{"@type":"ReadAction","target":["https:\/\/newsestlyonnais.fr\/site\/2017\/03\/10\/lyon-8-tony-parker-entre-au-capital-du-lyon-basket-avant-den-etre-president\/"]}]},{"@type":"ImageObject","inLanguage":"fr-FR","@id":"https:\/\/newsestlyonnais.fr\/site\/2017\/03\/10\/lyon-8-tony-parker-entre-au-capital-du-lyon-basket-avant-den-etre-president\/#primaryimage","url":"https:\/\/newsestlyonnais.fr\/site\/wp-content\/uploads\/2016\/11\/NEWSESTLYONNAIS-LOGOLYONBASKET.png","contentUrl":"https:\/\/newsestlyonnais.fr\/site\/wp-content\/uploads\/2016\/11\/NEWSESTLYONNAIS-LOGOLYONBASKET.png","width":1000,"height":750,"caption":"newsestlyonnais-logolyonbasket"},{"@type":"BreadcrumbList","@id":"https:\/\/newsestlyonnais.fr\/site\/2017\/03\/10\/lyon-8-tony-parker-entre-au-capital-du-lyon-basket-avant-den-etre-president\/#breadcrumb","itemListElement":[{"@type":"ListItem","position":1,"name":"Accueil","item":"https:\/\/newsestlyonnais.fr\/site\/"},{"@type":"ListItem","position":2,"name":"LYON 8 | Tony Parker entre au capital du Lyon Basket avant d&rsquo;en \u00eatre pr\u00e9sident"}]},{"@type":"WebSite","@id":"https:\/\/newsestlyonnais.fr\/site\/#website","url":"https:\/\/newsestlyonnais.fr\/site\/","name":"News Est Lyonnais","description":"L&#039;actualit\u00e9 au plus pr\u00e8s","publisher":{"@id":"https:\/\/newsestlyonnais.fr\/site\/#organization"},"potentialAction":[{"@type":"SearchAction","target":{"@type":"EntryPoint","urlTemplate":"https:\/\/newsestlyonnais.fr\/site\/?s={search_term_string}"},"query-input":{"@type":"PropertyValueSpecification","valueRequired":true,"valueName":"search_term_string"}}],"inLanguage":"fr-FR"},{"@type":"Organization","@id":"https:\/\/newsestlyonnais.fr\/site\/#organization","name":"News EST LYONNAIS","url":"https:\/\/newsestlyonnais.fr\/site\/","logo":{"@type":"ImageObject","inLanguage":"fr-FR","@id":"https:\/\/newsestlyonnais.fr\/site\/#\/schema\/logo\/image\/","url":"","contentUrl":"","caption":"News EST LYONNAIS"},"image":{"@id":"https:\/\/newsestlyonnais.fr\/site\/#\/schema\/logo\/image\/"}},{"@type":"Person","@id":"https:\/\/newsestlyonnais.fr\/site\/#\/schema\/person\/3230d5615f390bb808365d673001e887","name":"R\u00e9dac. NEWS","sameAs":["http:\/\/www.newsestlyonnais.fr","https:\/\/www.facebook.com\/pascal.oberson.1?fref=ts","https:\/\/fr.linkedin.com\/in\/pascal-oberson-b17045113"],"url":"https:\/\/newsestlyonnais.fr\/site\/author\/nel\/"}]}},"_links":{"self":[{"href":"https:\/\/newsestlyonnais.fr\/site\/wp-json\/wp\/v2\/posts\/22406","targetHints":{"allow":["GET"]}}],"collection":[{"href":"https:\/\/newsestlyonnais.fr\/site\/wp-json\/wp\/v2\/posts"}],"about":[{"href":"https:\/\/newsestlyonnais.fr\/site\/wp-json\/wp\/v2\/types\/post"}],"author":[{"embeddable":true,"href":"https:\/\/newsestlyonnais.fr\/site\/wp-json\/wp\/v2\/users\/4"}],"replies":[{"embeddable":true,"href":"https:\/\/newsestlyonnais.fr\/site\/wp-json\/wp\/v2\/comments?post=22406"}],"version-history":[{"count":0,"href":"https:\/\/newsestlyonnais.fr\/site\/wp-json\/wp\/v2\/posts\/22406\/revisions"}],"wp:featuredmedia":[{"embeddable":true,"href":"https:\/\/newsestlyonnais.fr\/site\/wp-json\/wp\/v2\/media\/15526"}],"wp:attachment":[{"href":"https:\/\/newsestlyonnais.fr\/site\/wp-json\/wp\/v2\/media?parent=22406"}],"wp:term":[{"taxonomy":"category","embeddable":true,"href":"https:\/\/newsestlyonnais.fr\/site\/wp-json\/wp\/v2\/categories?post=22406"},{"taxonomy":"post_tag","embeddable":true,"href":"https:\/\/newsestlyonnais.fr\/site\/wp-json\/wp\/v2\/tags?post=22406"}],"curies":[{"name":"wp","href":"https:\/\/api.w.org\/{rel}","templated":true}]}}