{"id":22413,"date":"2017-03-11T09:23:40","date_gmt":"2017-03-11T08:23:40","guid":{"rendered":"http:\/\/newsestlyonnais.fr\/site\/?p=22413"},"modified":"2020-11-02T15:37:05","modified_gmt":"2020-11-02T14:37:05","slug":"vaulx-en-velin-rugby-league-un-club-en-pleine-progression","status":"publish","type":"post","link":"https:\/\/newsestlyonnais.fr\/site\/2017\/03\/11\/vaulx-en-velin-rugby-league-un-club-en-pleine-progression\/","title":{"rendered":"VAULX-EN-VELIN | Rugby League > un jeune club en pleine progression"},"content":{"rendered":"<p><strong>Le Vaulx-en-Velin Rugby League XIII qui va honorer sa 10\u00b0 ann\u00e9e d&rsquo;existence est d\u00e9j\u00e0 bien structur\u00e9.<\/strong><\/p>\n<p>Une section qui a cependant connu une triste fin d&rsquo;ann\u00e9e 2016 avec la disparition de son pr\u00e9sident Michel Debeaux en place depuis 2013 et qui venait de se repr\u00e9senter pour un mandat de 4 ans. C&rsquo;est Jacques Cavezzan, pr\u00e9sident d\u00e9l\u00e9gu\u00e9 qui assure l&rsquo;int\u00e9rim \u00e0 la t\u00eate du club jusqu&rsquo;\u00e0 l&rsquo;assembl\u00e9 g\u00e9n\u00e9rale pr\u00e9vue en juin prochain.<\/p>\n<p>\u00ab\u00a0Tous les clignotants sont actuellement au vert\u00a0\u00bb confie ce dernier. \u00a0\u00bb Nous avons recrut\u00e9 notre premier salari\u00e9 en septembre 2016 avec Matthias Erhart, agent de d\u00e9veloppement et \u00e9ducateur sportif. Il est le coordinateur de nos diverses actions dans le domaine p\u00e9riscolaire (\u00e9coles Mistral, Courcelles, Makarenko A &amp; B) et scolaire (en primaires \u00e0 Gagarine et Croizat). Nous avons d&rsquo;autre part depuis d\u00e9but 2017, un local \u00e0 l&rsquo;Espace Carco qui nous permet d&rsquo;assurer nos r\u00e9unions et des formations d&rsquo;entraineurs.<\/p>\n<p>Le V.V.R.L. est un jeune club, encore en pleine progression, qui avec une centaine de licenci\u00e9s est le 4\u00b0 club du comit\u00e9 du Rh\u00f4ne en terme d&rsquo;adh\u00e9rents. L&rsquo;\u00e9cole de rugby* accueille une quarantaine d&rsquo;enfants (gar\u00e7ons et filles de 5 \u00e0 12 ans) les mercredis apr\u00e8s-midi (16 h 30 \u00e0 18 h 30 au stade Georges Lyvet de Villeurbanne). Les poussins disputent le challenge Avenir dont la finale aura lieu le 10 juin \u00e0 D\u00e9cines et les minimes et cadets \u00e9voluent avec Lyon-Villeurbanne (LVR 13) en championnat PACA.<\/p>\n<p>Les f\u00e9minines (PHOTO A LA UNE avec leurs entraineurs) sont invaincues en championnat de France division nationale qui est l&rsquo;antichambre de l&rsquo;\u00e9lite. Elles devraient terminer 1\u00b0 de leur poule et disputer les pay-offs contre Nantes, Villeneuve sur Lot et Toulouse. C&rsquo;est un groupe qui avait d\u00e9marr\u00e9 en scolaires avec les cadettes de Doisneau (vice-championnes de France UNSS 2012) et les minimes de Barbusse (vice-championnes en 2014). Elles sont \u00e0 ce jour 25 dans le groupe seniors et ont cr\u00e9\u00e9 une vraie ambiance au sein du club. Elles ont enregistr\u00e9 la venue de joueuses quinzistes du Lou de Meyzieu et St Genis Laval.<\/p>\n<p>A noter enfin que 50 % de l&rsquo;effectif du VVRL s&rsquo;impliquent dans l&rsquo;entrainement des jeunes de l&rsquo;\u00e9cole de rugby\u00a0\u00bb poursuit le pr\u00e9sident par int\u00e9rim.<\/p>\n<p><em><strong>Contact: Ecole de rugby<\/strong><\/em> : Mathias Erhart au 06.58.48.49.18 ou contact.vvrl@gmail.com<\/p>\n<ul>\n<li><strong>Retrouvez toute l&rsquo;ACTU du club sur: <a href=\"http:\/\/www.vvrl13.com\" target=\"_blank\" rel=\"noopener noreferrer\">http:\/\/www.vvrl13.com<\/a><\/strong><\/li>\n<\/ul>\n<figure id=\"attachment_22414\" aria-describedby=\"caption-attachment-22414\" style=\"width: 1000px\" class=\"wp-caption alignleft\"><img loading=\"lazy\" decoding=\"async\" class=\"size-full wp-image-22414\" src=\"https:\/\/newsestlyonnais.fr\/site\/medias\/2017\/03\/NEWSESTLYONNAIS-rugby-dirigeants.jpg\" alt=\"\" width=\"1000\" height=\"750\" srcset=\"https:\/\/newsestlyonnais.fr\/site\/wp-content\/uploads\/2017\/03\/NEWSESTLYONNAIS-rugby-dirigeants.jpg 1000w, https:\/\/newsestlyonnais.fr\/site\/wp-content\/uploads\/2017\/03\/NEWSESTLYONNAIS-rugby-dirigeants-400x300.jpg 400w, https:\/\/newsestlyonnais.fr\/site\/wp-content\/uploads\/2017\/03\/NEWSESTLYONNAIS-rugby-dirigeants-768x576.jpg 768w, https:\/\/newsestlyonnais.fr\/site\/wp-content\/uploads\/2017\/03\/NEWSESTLYONNAIS-rugby-dirigeants-600x450.jpg 600w, https:\/\/newsestlyonnais.fr\/site\/wp-content\/uploads\/2017\/03\/NEWSESTLYONNAIS-rugby-dirigeants-100x75.jpg 100w\" sizes=\"auto, (max-width: 1000px) 100vw, 1000px\" \/><figcaption id=\"caption-attachment-22414\" class=\"wp-caption-text\">Jacques Cavezzan (pr\u00e9sident par int\u00e9rim) et Matthias Erhart (Agent de d\u00e9veloppement et \u00e9ducateur sportif)<\/figcaption><\/figure>\n","protected":false},"excerpt":{"rendered":"<p>Le Vaulx-en-Velin Rugby League XIII qui va honorer sa 10\u00b0 ann\u00e9e d&rsquo;existence est d\u00e9j\u00e0 bien structur\u00e9. Une section qui a cependant connu une triste fin d&rsquo;ann\u00e9e 2016 avec la disparition de son pr\u00e9sident Michel Debeaux en place depuis 2013 et qui venait de se repr\u00e9senter pour un mandat de 4 ans. C&rsquo;est Jacques Cavezzan, pr\u00e9sident [&hellip;]<\/p>\n","protected":false},"author":4,"featured_media":22415,"comment_status":"open","ping_status":"open","sticky":false,"template":"","format":"standard","meta":{"footnotes":""},"categories":[2996,168,28],"tags":[],"class_list":["post-22413","post","type-post","status-publish","format-standard","has-post-thumbnail","hentry","category-football-rugby","category-rugby-a-xiii","category-vaulx-en-velin"],"yoast_head":"<!-- This site is optimized with the Yoast SEO plugin v27.2 - https:\/\/yoast.com\/product\/yoast-seo-wordpress\/ -->\n<title>VAULX EN VELIN RUGBY LEAGUE: un jeune club en pleine progression<\/title>\n<meta name=\"description\" content=\"VAULX EN VELIN RUGBY LEAGUE: un jeune club en pleine progression\" \/>\n<meta name=\"robots\" content=\"index, follow, max-snippet:-1, max-image-preview:large, max-video-preview:-1\" \/>\n<link rel=\"canonical\" href=\"https:\/\/newsestlyonnais.fr\/site\/2017\/03\/11\/vaulx-en-velin-rugby-league-un-club-en-pleine-progression\/\" \/>\n<meta property=\"og:locale\" content=\"fr_FR\" \/>\n<meta property=\"og:type\" content=\"article\" \/>\n<meta property=\"og:title\" content=\"VAULX EN VELIN RUGBY LEAGUE: un jeune club en pleine progression\" \/>\n<meta property=\"og:description\" content=\"VAULX EN VELIN RUGBY LEAGUE: un jeune club en pleine progression\" \/>\n<meta property=\"og:url\" content=\"https:\/\/newsestlyonnais.fr\/site\/2017\/03\/11\/vaulx-en-velin-rugby-league-un-club-en-pleine-progression\/\" \/>\n<meta property=\"og:site_name\" content=\"News Est Lyonnais\" \/>\n<meta property=\"article:author\" content=\"https:\/\/www.facebook.com\/pascal.oberson.1?fref=ts\" \/>\n<meta property=\"article:published_time\" content=\"2017-03-11T08:23:40+00:00\" \/>\n<meta property=\"article:modified_time\" content=\"2020-11-02T14:37:05+00:00\" \/>\n<meta property=\"og:image\" content=\"https:\/\/i2.wp.com\/newsestlyonnais.fr\/site\/wp-content\/uploads\/2017\/03\/NEWSESTLYONNAIS-Lionnes-VVRL.jpg?fit=1000%2C750&ssl=1\" \/>\n\t<meta property=\"og:image:width\" content=\"1000\" \/>\n\t<meta property=\"og:image:height\" content=\"750\" \/>\n\t<meta property=\"og:image:type\" content=\"image\/jpeg\" \/>\n<meta name=\"author\" content=\"R\u00e9dac. NEWS\" \/>\n<meta name=\"twitter:card\" content=\"summary_large_image\" \/>\n<meta name=\"twitter:label1\" content=\"\u00c9crit par\" \/>\n\t<meta name=\"twitter:data1\" content=\"R\u00e9dac. NEWS\" \/>\n\t<meta name=\"twitter:label2\" content=\"Dur\u00e9e de lecture estim\u00e9e\" \/>\n\t<meta name=\"twitter:data2\" content=\"2 minutes\" \/>\n<script type=\"application\/ld+json\" class=\"yoast-schema-graph\">{\"@context\":\"https:\/\/schema.org\",\"@graph\":[{\"@type\":\"Article\",\"@id\":\"https:\/\/newsestlyonnais.fr\/site\/2017\/03\/11\/vaulx-en-velin-rugby-league-un-club-en-pleine-progression\/#article\",\"isPartOf\":{\"@id\":\"https:\/\/newsestlyonnais.fr\/site\/2017\/03\/11\/vaulx-en-velin-rugby-league-un-club-en-pleine-progression\/\"},\"author\":{\"name\":\"R\u00e9dac. NEWS\",\"@id\":\"https:\/\/newsestlyonnais.fr\/site\/#\/schema\/person\/3230d5615f390bb808365d673001e887\"},\"headline\":\"VAULX-EN-VELIN | Rugby League > un jeune club en pleine progression\",\"datePublished\":\"2017-03-11T08:23:40+00:00\",\"dateModified\":\"2020-11-02T14:37:05+00:00\",\"mainEntityOfPage\":{\"@id\":\"https:\/\/newsestlyonnais.fr\/site\/2017\/03\/11\/vaulx-en-velin-rugby-league-un-club-en-pleine-progression\/\"},\"wordCount\":438,\"commentCount\":0,\"publisher\":{\"@id\":\"https:\/\/newsestlyonnais.fr\/site\/#organization\"},\"image\":{\"@id\":\"https:\/\/newsestlyonnais.fr\/site\/2017\/03\/11\/vaulx-en-velin-rugby-league-un-club-en-pleine-progression\/#primaryimage\"},\"thumbnailUrl\":\"https:\/\/newsestlyonnais.fr\/site\/wp-content\/uploads\/2017\/03\/NEWSESTLYONNAIS-Lionnes-VVRL.jpg\",\"articleSection\":[\"Foot | Rugby\",\"RUGBY \u00e0 XIII\",\"Vaulx-en-Velin\"],\"inLanguage\":\"fr-FR\",\"potentialAction\":[{\"@type\":\"CommentAction\",\"name\":\"Comment\",\"target\":[\"https:\/\/newsestlyonnais.fr\/site\/2017\/03\/11\/vaulx-en-velin-rugby-league-un-club-en-pleine-progression\/#respond\"]}]},{\"@type\":\"WebPage\",\"@id\":\"https:\/\/newsestlyonnais.fr\/site\/2017\/03\/11\/vaulx-en-velin-rugby-league-un-club-en-pleine-progression\/\",\"url\":\"https:\/\/newsestlyonnais.fr\/site\/2017\/03\/11\/vaulx-en-velin-rugby-league-un-club-en-pleine-progression\/\",\"name\":\"VAULX EN VELIN RUGBY LEAGUE: un jeune club en pleine progression\",\"isPartOf\":{\"@id\":\"https:\/\/newsestlyonnais.fr\/site\/#website\"},\"primaryImageOfPage\":{\"@id\":\"https:\/\/newsestlyonnais.fr\/site\/2017\/03\/11\/vaulx-en-velin-rugby-league-un-club-en-pleine-progression\/#primaryimage\"},\"image\":{\"@id\":\"https:\/\/newsestlyonnais.fr\/site\/2017\/03\/11\/vaulx-en-velin-rugby-league-un-club-en-pleine-progression\/#primaryimage\"},\"thumbnailUrl\":\"https:\/\/newsestlyonnais.fr\/site\/wp-content\/uploads\/2017\/03\/NEWSESTLYONNAIS-Lionnes-VVRL.jpg\",\"datePublished\":\"2017-03-11T08:23:40+00:00\",\"dateModified\":\"2020-11-02T14:37:05+00:00\",\"description\":\"VAULX EN VELIN RUGBY LEAGUE: un jeune club en pleine progression\",\"breadcrumb\":{\"@id\":\"https:\/\/newsestlyonnais.fr\/site\/2017\/03\/11\/vaulx-en-velin-rugby-league-un-club-en-pleine-progression\/#breadcrumb\"},\"inLanguage\":\"fr-FR\",\"potentialAction\":[{\"@type\":\"ReadAction\",\"target\":[\"https:\/\/newsestlyonnais.fr\/site\/2017\/03\/11\/vaulx-en-velin-rugby-league-un-club-en-pleine-progression\/\"]}]},{\"@type\":\"ImageObject\",\"inLanguage\":\"fr-FR\",\"@id\":\"https:\/\/newsestlyonnais.fr\/site\/2017\/03\/11\/vaulx-en-velin-rugby-league-un-club-en-pleine-progression\/#primaryimage\",\"url\":\"https:\/\/newsestlyonnais.fr\/site\/wp-content\/uploads\/2017\/03\/NEWSESTLYONNAIS-Lionnes-VVRL.jpg\",\"contentUrl\":\"https:\/\/newsestlyonnais.fr\/site\/wp-content\/uploads\/2017\/03\/NEWSESTLYONNAIS-Lionnes-VVRL.jpg\",\"width\":1000,\"height\":750},{\"@type\":\"BreadcrumbList\",\"@id\":\"https:\/\/newsestlyonnais.fr\/site\/2017\/03\/11\/vaulx-en-velin-rugby-league-un-club-en-pleine-progression\/#breadcrumb\",\"itemListElement\":[{\"@type\":\"ListItem\",\"position\":1,\"name\":\"Accueil\",\"item\":\"https:\/\/newsestlyonnais.fr\/site\/\"},{\"@type\":\"ListItem\",\"position\":2,\"name\":\"VAULX-EN-VELIN | Rugby League > un jeune club en pleine progression\"}]},{\"@type\":\"WebSite\",\"@id\":\"https:\/\/newsestlyonnais.fr\/site\/#website\",\"url\":\"https:\/\/newsestlyonnais.fr\/site\/\",\"name\":\"News Est Lyonnais\",\"description\":\"L&#039;actualit\u00e9 au plus pr\u00e8s\",\"publisher\":{\"@id\":\"https:\/\/newsestlyonnais.fr\/site\/#organization\"},\"potentialAction\":[{\"@type\":\"SearchAction\",\"target\":{\"@type\":\"EntryPoint\",\"urlTemplate\":\"https:\/\/newsestlyonnais.fr\/site\/?s={search_term_string}\"},\"query-input\":{\"@type\":\"PropertyValueSpecification\",\"valueRequired\":true,\"valueName\":\"search_term_string\"}}],\"inLanguage\":\"fr-FR\"},{\"@type\":\"Organization\",\"@id\":\"https:\/\/newsestlyonnais.fr\/site\/#organization\",\"name\":\"News EST LYONNAIS\",\"url\":\"https:\/\/newsestlyonnais.fr\/site\/\",\"logo\":{\"@type\":\"ImageObject\",\"inLanguage\":\"fr-FR\",\"@id\":\"https:\/\/newsestlyonnais.fr\/site\/#\/schema\/logo\/image\/\",\"url\":\"\",\"contentUrl\":\"\",\"caption\":\"News EST LYONNAIS\"},\"image\":{\"@id\":\"https:\/\/newsestlyonnais.fr\/site\/#\/schema\/logo\/image\/\"}},{\"@type\":\"Person\",\"@id\":\"https:\/\/newsestlyonnais.fr\/site\/#\/schema\/person\/3230d5615f390bb808365d673001e887\",\"name\":\"R\u00e9dac. NEWS\",\"sameAs\":[\"http:\/\/www.newsestlyonnais.fr\",\"https:\/\/www.facebook.com\/pascal.oberson.1?fref=ts\",\"https:\/\/fr.linkedin.com\/in\/pascal-oberson-b17045113\"],\"url\":\"https:\/\/newsestlyonnais.fr\/site\/author\/nel\/\"}]}<\/script>\n<!-- \/ Yoast SEO plugin. -->","yoast_head_json":{"title":"VAULX EN VELIN RUGBY LEAGUE: un jeune club en pleine progression","description":"VAULX EN VELIN RUGBY LEAGUE: un jeune club en pleine progression","robots":{"index":"index","follow":"follow","max-snippet":"max-snippet:-1","max-image-preview":"max-image-preview:large","max-video-preview":"max-video-preview:-1"},"canonical":"https:\/\/newsestlyonnais.fr\/site\/2017\/03\/11\/vaulx-en-velin-rugby-league-un-club-en-pleine-progression\/","og_locale":"fr_FR","og_type":"article","og_title":"VAULX EN VELIN RUGBY LEAGUE: un jeune club en pleine progression","og_description":"VAULX EN VELIN RUGBY LEAGUE: un jeune club en pleine progression","og_url":"https:\/\/newsestlyonnais.fr\/site\/2017\/03\/11\/vaulx-en-velin-rugby-league-un-club-en-pleine-progression\/","og_site_name":"News Est Lyonnais","article_author":"https:\/\/www.facebook.com\/pascal.oberson.1?fref=ts","article_published_time":"2017-03-11T08:23:40+00:00","article_modified_time":"2020-11-02T14:37:05+00:00","og_image":[{"width":1000,"height":750,"url":"https:\/\/i2.wp.com\/newsestlyonnais.fr\/site\/wp-content\/uploads\/2017\/03\/NEWSESTLYONNAIS-Lionnes-VVRL.jpg?fit=1000%2C750&ssl=1","type":"image\/jpeg"}],"author":"R\u00e9dac. NEWS","twitter_card":"summary_large_image","twitter_misc":{"\u00c9crit par":"R\u00e9dac. NEWS","Dur\u00e9e de lecture estim\u00e9e":"2 minutes"},"schema":{"@context":"https:\/\/schema.org","@graph":[{"@type":"Article","@id":"https:\/\/newsestlyonnais.fr\/site\/2017\/03\/11\/vaulx-en-velin-rugby-league-un-club-en-pleine-progression\/#article","isPartOf":{"@id":"https:\/\/newsestlyonnais.fr\/site\/2017\/03\/11\/vaulx-en-velin-rugby-league-un-club-en-pleine-progression\/"},"author":{"name":"R\u00e9dac. NEWS","@id":"https:\/\/newsestlyonnais.fr\/site\/#\/schema\/person\/3230d5615f390bb808365d673001e887"},"headline":"VAULX-EN-VELIN | Rugby League > un jeune club en pleine progression","datePublished":"2017-03-11T08:23:40+00:00","dateModified":"2020-11-02T14:37:05+00:00","mainEntityOfPage":{"@id":"https:\/\/newsestlyonnais.fr\/site\/2017\/03\/11\/vaulx-en-velin-rugby-league-un-club-en-pleine-progression\/"},"wordCount":438,"commentCount":0,"publisher":{"@id":"https:\/\/newsestlyonnais.fr\/site\/#organization"},"image":{"@id":"https:\/\/newsestlyonnais.fr\/site\/2017\/03\/11\/vaulx-en-velin-rugby-league-un-club-en-pleine-progression\/#primaryimage"},"thumbnailUrl":"https:\/\/newsestlyonnais.fr\/site\/wp-content\/uploads\/2017\/03\/NEWSESTLYONNAIS-Lionnes-VVRL.jpg","articleSection":["Foot | Rugby","RUGBY \u00e0 XIII","Vaulx-en-Velin"],"inLanguage":"fr-FR","potentialAction":[{"@type":"CommentAction","name":"Comment","target":["https:\/\/newsestlyonnais.fr\/site\/2017\/03\/11\/vaulx-en-velin-rugby-league-un-club-en-pleine-progression\/#respond"]}]},{"@type":"WebPage","@id":"https:\/\/newsestlyonnais.fr\/site\/2017\/03\/11\/vaulx-en-velin-rugby-league-un-club-en-pleine-progression\/","url":"https:\/\/newsestlyonnais.fr\/site\/2017\/03\/11\/vaulx-en-velin-rugby-league-un-club-en-pleine-progression\/","name":"VAULX EN VELIN RUGBY LEAGUE: un jeune club en pleine progression","isPartOf":{"@id":"https:\/\/newsestlyonnais.fr\/site\/#website"},"primaryImageOfPage":{"@id":"https:\/\/newsestlyonnais.fr\/site\/2017\/03\/11\/vaulx-en-velin-rugby-league-un-club-en-pleine-progression\/#primaryimage"},"image":{"@id":"https:\/\/newsestlyonnais.fr\/site\/2017\/03\/11\/vaulx-en-velin-rugby-league-un-club-en-pleine-progression\/#primaryimage"},"thumbnailUrl":"https:\/\/newsestlyonnais.fr\/site\/wp-content\/uploads\/2017\/03\/NEWSESTLYONNAIS-Lionnes-VVRL.jpg","datePublished":"2017-03-11T08:23:40+00:00","dateModified":"2020-11-02T14:37:05+00:00","description":"VAULX EN VELIN RUGBY LEAGUE: un jeune club en pleine progression","breadcrumb":{"@id":"https:\/\/newsestlyonnais.fr\/site\/2017\/03\/11\/vaulx-en-velin-rugby-league-un-club-en-pleine-progression\/#breadcrumb"},"inLanguage":"fr-FR","potentialAction":[{"@type":"ReadAction","target":["https:\/\/newsestlyonnais.fr\/site\/2017\/03\/11\/vaulx-en-velin-rugby-league-un-club-en-pleine-progression\/"]}]},{"@type":"ImageObject","inLanguage":"fr-FR","@id":"https:\/\/newsestlyonnais.fr\/site\/2017\/03\/11\/vaulx-en-velin-rugby-league-un-club-en-pleine-progression\/#primaryimage","url":"https:\/\/newsestlyonnais.fr\/site\/wp-content\/uploads\/2017\/03\/NEWSESTLYONNAIS-Lionnes-VVRL.jpg","contentUrl":"https:\/\/newsestlyonnais.fr\/site\/wp-content\/uploads\/2017\/03\/NEWSESTLYONNAIS-Lionnes-VVRL.jpg","width":1000,"height":750},{"@type":"BreadcrumbList","@id":"https:\/\/newsestlyonnais.fr\/site\/2017\/03\/11\/vaulx-en-velin-rugby-league-un-club-en-pleine-progression\/#breadcrumb","itemListElement":[{"@type":"ListItem","position":1,"name":"Accueil","item":"https:\/\/newsestlyonnais.fr\/site\/"},{"@type":"ListItem","position":2,"name":"VAULX-EN-VELIN | Rugby League > un jeune club en pleine progression"}]},{"@type":"WebSite","@id":"https:\/\/newsestlyonnais.fr\/site\/#website","url":"https:\/\/newsestlyonnais.fr\/site\/","name":"News Est Lyonnais","description":"L&#039;actualit\u00e9 au plus pr\u00e8s","publisher":{"@id":"https:\/\/newsestlyonnais.fr\/site\/#organization"},"potentialAction":[{"@type":"SearchAction","target":{"@type":"EntryPoint","urlTemplate":"https:\/\/newsestlyonnais.fr\/site\/?s={search_term_string}"},"query-input":{"@type":"PropertyValueSpecification","valueRequired":true,"valueName":"search_term_string"}}],"inLanguage":"fr-FR"},{"@type":"Organization","@id":"https:\/\/newsestlyonnais.fr\/site\/#organization","name":"News EST LYONNAIS","url":"https:\/\/newsestlyonnais.fr\/site\/","logo":{"@type":"ImageObject","inLanguage":"fr-FR","@id":"https:\/\/newsestlyonnais.fr\/site\/#\/schema\/logo\/image\/","url":"","contentUrl":"","caption":"News EST LYONNAIS"},"image":{"@id":"https:\/\/newsestlyonnais.fr\/site\/#\/schema\/logo\/image\/"}},{"@type":"Person","@id":"https:\/\/newsestlyonnais.fr\/site\/#\/schema\/person\/3230d5615f390bb808365d673001e887","name":"R\u00e9dac. NEWS","sameAs":["http:\/\/www.newsestlyonnais.fr","https:\/\/www.facebook.com\/pascal.oberson.1?fref=ts","https:\/\/fr.linkedin.com\/in\/pascal-oberson-b17045113"],"url":"https:\/\/newsestlyonnais.fr\/site\/author\/nel\/"}]}},"_links":{"self":[{"href":"https:\/\/newsestlyonnais.fr\/site\/wp-json\/wp\/v2\/posts\/22413","targetHints":{"allow":["GET"]}}],"collection":[{"href":"https:\/\/newsestlyonnais.fr\/site\/wp-json\/wp\/v2\/posts"}],"about":[{"href":"https:\/\/newsestlyonnais.fr\/site\/wp-json\/wp\/v2\/types\/post"}],"author":[{"embeddable":true,"href":"https:\/\/newsestlyonnais.fr\/site\/wp-json\/wp\/v2\/users\/4"}],"replies":[{"embeddable":true,"href":"https:\/\/newsestlyonnais.fr\/site\/wp-json\/wp\/v2\/comments?post=22413"}],"version-history":[{"count":0,"href":"https:\/\/newsestlyonnais.fr\/site\/wp-json\/wp\/v2\/posts\/22413\/revisions"}],"wp:featuredmedia":[{"embeddable":true,"href":"https:\/\/newsestlyonnais.fr\/site\/wp-json\/wp\/v2\/media\/22415"}],"wp:attachment":[{"href":"https:\/\/newsestlyonnais.fr\/site\/wp-json\/wp\/v2\/media?parent=22413"}],"wp:term":[{"taxonomy":"category","embeddable":true,"href":"https:\/\/newsestlyonnais.fr\/site\/wp-json\/wp\/v2\/categories?post=22413"},{"taxonomy":"post_tag","embeddable":true,"href":"https:\/\/newsestlyonnais.fr\/site\/wp-json\/wp\/v2\/tags?post=22413"}],"curies":[{"name":"wp","href":"https:\/\/api.w.org\/{rel}","templated":true}]}}