{"id":22477,"date":"2017-03-12T08:17:57","date_gmt":"2017-03-12T07:17:57","guid":{"rendered":"http:\/\/newsestlyonnais.fr\/site\/?p=22477"},"modified":"2019-08-29T05:32:58","modified_gmt":"2019-08-29T04:32:58","slug":"vaulx-velin-160-competiteurs-a-linterclubs-jeunes-de-judo","status":"publish","type":"post","link":"https:\/\/newsestlyonnais.fr\/site\/2017\/03\/12\/vaulx-velin-160-competiteurs-a-linterclubs-jeunes-de-judo\/","title":{"rendered":"VAULX EN VELIN : 160 comp\u00e9titeurs \u00e0 l&rsquo;interclubs jeunes de judo ax\u00e9 sur la solidarit\u00e9"},"content":{"rendered":"<h4>Le club de Judo de l&rsquo;Al Vaulx en Velin organisait samedi au Palais des Sports un interclubs qui a r\u00e9uni pas moins de 160 jeunes comp\u00e9titeurs de la r\u00e9gion.<\/h4>\n<p>Une comp\u00e9tition \u00e0 caract\u00e8re non officiel qui a vu la participation de 8 clubs amis dont certains sont affili\u00e9s \u00e0 l&rsquo;Ufolep : Genay, Albigny, ALV Parilly, Nouvelle Renaissance Lyonnaise, Pontcharra sur Turdine, Villette d&rsquo;Anthon, St Quentin et Chatillon d&rsquo;Azergues. Elle aura servi de bonne pr\u00e9paration avant les championnats du Rh\u00f4ne Ufolep que le club vaudais accueillera en poussins et benjamins le samedi 8 avril et donn\u00e9 l&rsquo;occasion aux plus jeunes de se confronter \u00e0 d&rsquo;autres puisqu&rsquo;ils ne font pas encore de comp\u00e9tition. Parmi eux, les 77 jeunes judokas vaudais se sont dans l&rsquo;ensemble bien comport\u00e9s en acc\u00e9dant souvent aux podiums.<\/p>\n<p>Une journ\u00e9e sportive mais aussi solidaire puisque le club a tenu pour la 3\u00b0 fois \u00e0 allier cet \u00e9v\u00e8nement \u00e0 un geste fort \u00e0 l&rsquo;encontre des enfants malades et atteints d&rsquo;un cancer. \u00ab\u00a0Un euro par comp\u00e9titeur sera vers\u00e9 en faveur du centre L\u00e9on B\u00e9rard et le club redistribuera la m\u00eame somme par judoka inscrit. Le total r\u00e9colt\u00e9 ainsi que la recette de la buvette sera prochainement calcul\u00e9 en sachant qu&rsquo;en moyenne 700 \u00e0 800 \u20ac peuvent \u00eatre revers\u00e9s\u00a0\u00bb confie Pascal Tchukriel, pr\u00e9sident de l&rsquo;ALVV judo.<\/p>\n<p><strong>PHOTO A LA UNE<\/strong> : Les jeunes vaudais (n\u00e9s en 2009 &amp; 2010) ici avec leur professeur Patrick Berthelot, sont fiers de leurs belles m\u00e9dailles !<\/p>\n<p>&nbsp;<\/p>\n<p><img loading=\"lazy\" decoding=\"async\" class=\"alignleft size-full wp-image-22480\" src=\"https:\/\/newsestlyonnais.fr\/site\/medias\/2017\/03\/NEWSESTLYONNAIS-JUDO-VAULX.jpg\" alt=\"NEWSESTLYONNAIS - JUDO VAULX\" width=\"1000\" height=\"750\" srcset=\"https:\/\/newsestlyonnais.fr\/site\/wp-content\/uploads\/2017\/03\/NEWSESTLYONNAIS-JUDO-VAULX.jpg 1000w, https:\/\/newsestlyonnais.fr\/site\/wp-content\/uploads\/2017\/03\/NEWSESTLYONNAIS-JUDO-VAULX-400x300.jpg 400w, https:\/\/newsestlyonnais.fr\/site\/wp-content\/uploads\/2017\/03\/NEWSESTLYONNAIS-JUDO-VAULX-768x576.jpg 768w, https:\/\/newsestlyonnais.fr\/site\/wp-content\/uploads\/2017\/03\/NEWSESTLYONNAIS-JUDO-VAULX-600x450.jpg 600w, https:\/\/newsestlyonnais.fr\/site\/wp-content\/uploads\/2017\/03\/NEWSESTLYONNAIS-JUDO-VAULX-100x75.jpg 100w\" sizes=\"auto, (max-width: 1000px) 100vw, 1000px\" \/><\/p>\n","protected":false},"excerpt":{"rendered":"<p>Le club de Judo de l&rsquo;Al Vaulx en Velin organisait samedi au Palais des Sports un interclubs qui a r\u00e9uni pas moins de 160 jeunes comp\u00e9titeurs de la r\u00e9gion. Une comp\u00e9tition \u00e0 caract\u00e8re non officiel qui a vu la participation de 8 clubs amis dont certains sont affili\u00e9s \u00e0 l&rsquo;Ufolep : Genay, Albigny, ALV Parilly, [&hellip;]<\/p>\n","protected":false},"author":4,"featured_media":22479,"comment_status":"open","ping_status":"open","sticky":false,"template":"","format":"standard","meta":{"footnotes":""},"categories":[30,1352,18,2,28],"tags":[],"class_list":["post-22477","post","type-post","status-publish","format-standard","has-post-thumbnail","hentry","category-a-la-une","category-judo","category-sante-bien-etre-solidarite","category-sports","category-vaulx-en-velin"],"yoast_head":"<!-- This site is optimized with the Yoast SEO plugin v27.2 - https:\/\/yoast.com\/product\/yoast-seo-wordpress\/ -->\n<title>VAULX EN VELIN : 160 comp\u00e9titeurs \u00e0 l&#039;interclubs jeunes de judo ax\u00e9 sur la solidarit\u00e9<\/title>\n<meta name=\"description\" content=\"VAULX EN VELIN : 160 comp\u00e9titeurs \u00e0 l&#039;interclubs jeunes de judo ax\u00e9 sur la solidarit\u00e9\" \/>\n<meta name=\"robots\" content=\"index, follow, max-snippet:-1, max-image-preview:large, max-video-preview:-1\" \/>\n<link rel=\"canonical\" href=\"https:\/\/newsestlyonnais.fr\/site\/2017\/03\/12\/vaulx-velin-160-competiteurs-a-linterclubs-jeunes-de-judo\/\" \/>\n<meta property=\"og:locale\" content=\"fr_FR\" \/>\n<meta property=\"og:type\" content=\"article\" \/>\n<meta property=\"og:title\" content=\"VAULX EN VELIN : 160 comp\u00e9titeurs \u00e0 l&#039;interclubs jeunes de judo ax\u00e9 sur la solidarit\u00e9\" \/>\n<meta property=\"og:description\" content=\"VAULX EN VELIN : 160 comp\u00e9titeurs \u00e0 l&#039;interclubs jeunes de judo ax\u00e9 sur la solidarit\u00e9\" \/>\n<meta property=\"og:url\" content=\"https:\/\/newsestlyonnais.fr\/site\/2017\/03\/12\/vaulx-velin-160-competiteurs-a-linterclubs-jeunes-de-judo\/\" \/>\n<meta property=\"og:site_name\" content=\"News Est Lyonnais\" \/>\n<meta property=\"article:author\" content=\"https:\/\/www.facebook.com\/pascal.oberson.1?fref=ts\" \/>\n<meta property=\"article:published_time\" content=\"2017-03-12T07:17:57+00:00\" \/>\n<meta property=\"article:modified_time\" content=\"2019-08-29T04:32:58+00:00\" \/>\n<meta property=\"og:image\" content=\"https:\/\/i0.wp.com\/newsestlyonnais.fr\/site\/wp-content\/uploads\/2017\/03\/NEWSESTLYONNAIS-INTERCLUBS-JUDO-VAULX.jpg?fit=1000%2C750&ssl=1\" \/>\n\t<meta property=\"og:image:width\" content=\"1000\" \/>\n\t<meta property=\"og:image:height\" content=\"750\" \/>\n\t<meta property=\"og:image:type\" content=\"image\/jpeg\" \/>\n<meta name=\"author\" content=\"R\u00e9dac. NEWS\" \/>\n<meta name=\"twitter:card\" content=\"summary_large_image\" \/>\n<meta name=\"twitter:label1\" content=\"\u00c9crit par\" \/>\n\t<meta name=\"twitter:data1\" content=\"R\u00e9dac. NEWS\" \/>\n\t<meta name=\"twitter:label2\" content=\"Dur\u00e9e de lecture estim\u00e9e\" \/>\n\t<meta name=\"twitter:data2\" content=\"1 minute\" \/>\n<script type=\"application\/ld+json\" class=\"yoast-schema-graph\">{\"@context\":\"https:\/\/schema.org\",\"@graph\":[{\"@type\":\"Article\",\"@id\":\"https:\/\/newsestlyonnais.fr\/site\/2017\/03\/12\/vaulx-velin-160-competiteurs-a-linterclubs-jeunes-de-judo\/#article\",\"isPartOf\":{\"@id\":\"https:\/\/newsestlyonnais.fr\/site\/2017\/03\/12\/vaulx-velin-160-competiteurs-a-linterclubs-jeunes-de-judo\/\"},\"author\":{\"name\":\"R\u00e9dac. NEWS\",\"@id\":\"https:\/\/newsestlyonnais.fr\/site\/#\/schema\/person\/3230d5615f390bb808365d673001e887\"},\"headline\":\"VAULX EN VELIN : 160 comp\u00e9titeurs \u00e0 l&rsquo;interclubs jeunes de judo ax\u00e9 sur la solidarit\u00e9\",\"datePublished\":\"2017-03-12T07:17:57+00:00\",\"dateModified\":\"2019-08-29T04:32:58+00:00\",\"mainEntityOfPage\":{\"@id\":\"https:\/\/newsestlyonnais.fr\/site\/2017\/03\/12\/vaulx-velin-160-competiteurs-a-linterclubs-jeunes-de-judo\/\"},\"wordCount\":269,\"commentCount\":0,\"publisher\":{\"@id\":\"https:\/\/newsestlyonnais.fr\/site\/#organization\"},\"image\":{\"@id\":\"https:\/\/newsestlyonnais.fr\/site\/2017\/03\/12\/vaulx-velin-160-competiteurs-a-linterclubs-jeunes-de-judo\/#primaryimage\"},\"thumbnailUrl\":\"https:\/\/newsestlyonnais.fr\/site\/wp-content\/uploads\/2017\/03\/NEWSESTLYONNAIS-INTERCLUBS-JUDO-VAULX.jpg\",\"articleSection\":[\"\u00e0 la une\",\"Judo\",\"Sant\u00e9 | Bien Etre | Solidarit\u00e9\",\"Sports\",\"Vaulx-en-Velin\"],\"inLanguage\":\"fr-FR\",\"potentialAction\":[{\"@type\":\"CommentAction\",\"name\":\"Comment\",\"target\":[\"https:\/\/newsestlyonnais.fr\/site\/2017\/03\/12\/vaulx-velin-160-competiteurs-a-linterclubs-jeunes-de-judo\/#respond\"]}]},{\"@type\":\"WebPage\",\"@id\":\"https:\/\/newsestlyonnais.fr\/site\/2017\/03\/12\/vaulx-velin-160-competiteurs-a-linterclubs-jeunes-de-judo\/\",\"url\":\"https:\/\/newsestlyonnais.fr\/site\/2017\/03\/12\/vaulx-velin-160-competiteurs-a-linterclubs-jeunes-de-judo\/\",\"name\":\"VAULX EN VELIN : 160 comp\u00e9titeurs \u00e0 l'interclubs jeunes de judo ax\u00e9 sur la solidarit\u00e9\",\"isPartOf\":{\"@id\":\"https:\/\/newsestlyonnais.fr\/site\/#website\"},\"primaryImageOfPage\":{\"@id\":\"https:\/\/newsestlyonnais.fr\/site\/2017\/03\/12\/vaulx-velin-160-competiteurs-a-linterclubs-jeunes-de-judo\/#primaryimage\"},\"image\":{\"@id\":\"https:\/\/newsestlyonnais.fr\/site\/2017\/03\/12\/vaulx-velin-160-competiteurs-a-linterclubs-jeunes-de-judo\/#primaryimage\"},\"thumbnailUrl\":\"https:\/\/newsestlyonnais.fr\/site\/wp-content\/uploads\/2017\/03\/NEWSESTLYONNAIS-INTERCLUBS-JUDO-VAULX.jpg\",\"datePublished\":\"2017-03-12T07:17:57+00:00\",\"dateModified\":\"2019-08-29T04:32:58+00:00\",\"description\":\"VAULX EN VELIN : 160 comp\u00e9titeurs \u00e0 l'interclubs jeunes de judo ax\u00e9 sur la solidarit\u00e9\",\"breadcrumb\":{\"@id\":\"https:\/\/newsestlyonnais.fr\/site\/2017\/03\/12\/vaulx-velin-160-competiteurs-a-linterclubs-jeunes-de-judo\/#breadcrumb\"},\"inLanguage\":\"fr-FR\",\"potentialAction\":[{\"@type\":\"ReadAction\",\"target\":[\"https:\/\/newsestlyonnais.fr\/site\/2017\/03\/12\/vaulx-velin-160-competiteurs-a-linterclubs-jeunes-de-judo\/\"]}]},{\"@type\":\"ImageObject\",\"inLanguage\":\"fr-FR\",\"@id\":\"https:\/\/newsestlyonnais.fr\/site\/2017\/03\/12\/vaulx-velin-160-competiteurs-a-linterclubs-jeunes-de-judo\/#primaryimage\",\"url\":\"https:\/\/newsestlyonnais.fr\/site\/wp-content\/uploads\/2017\/03\/NEWSESTLYONNAIS-INTERCLUBS-JUDO-VAULX.jpg\",\"contentUrl\":\"https:\/\/newsestlyonnais.fr\/site\/wp-content\/uploads\/2017\/03\/NEWSESTLYONNAIS-INTERCLUBS-JUDO-VAULX.jpg\",\"width\":1000,\"height\":750,\"caption\":\"NEWSESTLYONNAIS - INTERCLUBS JUDO VAULX\"},{\"@type\":\"BreadcrumbList\",\"@id\":\"https:\/\/newsestlyonnais.fr\/site\/2017\/03\/12\/vaulx-velin-160-competiteurs-a-linterclubs-jeunes-de-judo\/#breadcrumb\",\"itemListElement\":[{\"@type\":\"ListItem\",\"position\":1,\"name\":\"Accueil\",\"item\":\"https:\/\/newsestlyonnais.fr\/site\/\"},{\"@type\":\"ListItem\",\"position\":2,\"name\":\"VAULX EN VELIN : 160 comp\u00e9titeurs \u00e0 l&rsquo;interclubs jeunes de judo ax\u00e9 sur la solidarit\u00e9\"}]},{\"@type\":\"WebSite\",\"@id\":\"https:\/\/newsestlyonnais.fr\/site\/#website\",\"url\":\"https:\/\/newsestlyonnais.fr\/site\/\",\"name\":\"News Est Lyonnais\",\"description\":\"L&#039;actualit\u00e9 au plus pr\u00e8s\",\"publisher\":{\"@id\":\"https:\/\/newsestlyonnais.fr\/site\/#organization\"},\"potentialAction\":[{\"@type\":\"SearchAction\",\"target\":{\"@type\":\"EntryPoint\",\"urlTemplate\":\"https:\/\/newsestlyonnais.fr\/site\/?s={search_term_string}\"},\"query-input\":{\"@type\":\"PropertyValueSpecification\",\"valueRequired\":true,\"valueName\":\"search_term_string\"}}],\"inLanguage\":\"fr-FR\"},{\"@type\":\"Organization\",\"@id\":\"https:\/\/newsestlyonnais.fr\/site\/#organization\",\"name\":\"News EST LYONNAIS\",\"url\":\"https:\/\/newsestlyonnais.fr\/site\/\",\"logo\":{\"@type\":\"ImageObject\",\"inLanguage\":\"fr-FR\",\"@id\":\"https:\/\/newsestlyonnais.fr\/site\/#\/schema\/logo\/image\/\",\"url\":\"\",\"contentUrl\":\"\",\"caption\":\"News EST LYONNAIS\"},\"image\":{\"@id\":\"https:\/\/newsestlyonnais.fr\/site\/#\/schema\/logo\/image\/\"}},{\"@type\":\"Person\",\"@id\":\"https:\/\/newsestlyonnais.fr\/site\/#\/schema\/person\/3230d5615f390bb808365d673001e887\",\"name\":\"R\u00e9dac. NEWS\",\"sameAs\":[\"http:\/\/www.newsestlyonnais.fr\",\"https:\/\/www.facebook.com\/pascal.oberson.1?fref=ts\",\"https:\/\/fr.linkedin.com\/in\/pascal-oberson-b17045113\"],\"url\":\"https:\/\/newsestlyonnais.fr\/site\/author\/nel\/\"}]}<\/script>\n<!-- \/ Yoast SEO plugin. -->","yoast_head_json":{"title":"VAULX EN VELIN : 160 comp\u00e9titeurs \u00e0 l'interclubs jeunes de judo ax\u00e9 sur la solidarit\u00e9","description":"VAULX EN VELIN : 160 comp\u00e9titeurs \u00e0 l'interclubs jeunes de judo ax\u00e9 sur la solidarit\u00e9","robots":{"index":"index","follow":"follow","max-snippet":"max-snippet:-1","max-image-preview":"max-image-preview:large","max-video-preview":"max-video-preview:-1"},"canonical":"https:\/\/newsestlyonnais.fr\/site\/2017\/03\/12\/vaulx-velin-160-competiteurs-a-linterclubs-jeunes-de-judo\/","og_locale":"fr_FR","og_type":"article","og_title":"VAULX EN VELIN : 160 comp\u00e9titeurs \u00e0 l'interclubs jeunes de judo ax\u00e9 sur la solidarit\u00e9","og_description":"VAULX EN VELIN : 160 comp\u00e9titeurs \u00e0 l'interclubs jeunes de judo ax\u00e9 sur la solidarit\u00e9","og_url":"https:\/\/newsestlyonnais.fr\/site\/2017\/03\/12\/vaulx-velin-160-competiteurs-a-linterclubs-jeunes-de-judo\/","og_site_name":"News Est Lyonnais","article_author":"https:\/\/www.facebook.com\/pascal.oberson.1?fref=ts","article_published_time":"2017-03-12T07:17:57+00:00","article_modified_time":"2019-08-29T04:32:58+00:00","og_image":[{"width":1000,"height":750,"url":"https:\/\/i0.wp.com\/newsestlyonnais.fr\/site\/wp-content\/uploads\/2017\/03\/NEWSESTLYONNAIS-INTERCLUBS-JUDO-VAULX.jpg?fit=1000%2C750&ssl=1","type":"image\/jpeg"}],"author":"R\u00e9dac. NEWS","twitter_card":"summary_large_image","twitter_misc":{"\u00c9crit par":"R\u00e9dac. NEWS","Dur\u00e9e de lecture estim\u00e9e":"1 minute"},"schema":{"@context":"https:\/\/schema.org","@graph":[{"@type":"Article","@id":"https:\/\/newsestlyonnais.fr\/site\/2017\/03\/12\/vaulx-velin-160-competiteurs-a-linterclubs-jeunes-de-judo\/#article","isPartOf":{"@id":"https:\/\/newsestlyonnais.fr\/site\/2017\/03\/12\/vaulx-velin-160-competiteurs-a-linterclubs-jeunes-de-judo\/"},"author":{"name":"R\u00e9dac. NEWS","@id":"https:\/\/newsestlyonnais.fr\/site\/#\/schema\/person\/3230d5615f390bb808365d673001e887"},"headline":"VAULX EN VELIN : 160 comp\u00e9titeurs \u00e0 l&rsquo;interclubs jeunes de judo ax\u00e9 sur la solidarit\u00e9","datePublished":"2017-03-12T07:17:57+00:00","dateModified":"2019-08-29T04:32:58+00:00","mainEntityOfPage":{"@id":"https:\/\/newsestlyonnais.fr\/site\/2017\/03\/12\/vaulx-velin-160-competiteurs-a-linterclubs-jeunes-de-judo\/"},"wordCount":269,"commentCount":0,"publisher":{"@id":"https:\/\/newsestlyonnais.fr\/site\/#organization"},"image":{"@id":"https:\/\/newsestlyonnais.fr\/site\/2017\/03\/12\/vaulx-velin-160-competiteurs-a-linterclubs-jeunes-de-judo\/#primaryimage"},"thumbnailUrl":"https:\/\/newsestlyonnais.fr\/site\/wp-content\/uploads\/2017\/03\/NEWSESTLYONNAIS-INTERCLUBS-JUDO-VAULX.jpg","articleSection":["\u00e0 la une","Judo","Sant\u00e9 | Bien Etre | Solidarit\u00e9","Sports","Vaulx-en-Velin"],"inLanguage":"fr-FR","potentialAction":[{"@type":"CommentAction","name":"Comment","target":["https:\/\/newsestlyonnais.fr\/site\/2017\/03\/12\/vaulx-velin-160-competiteurs-a-linterclubs-jeunes-de-judo\/#respond"]}]},{"@type":"WebPage","@id":"https:\/\/newsestlyonnais.fr\/site\/2017\/03\/12\/vaulx-velin-160-competiteurs-a-linterclubs-jeunes-de-judo\/","url":"https:\/\/newsestlyonnais.fr\/site\/2017\/03\/12\/vaulx-velin-160-competiteurs-a-linterclubs-jeunes-de-judo\/","name":"VAULX EN VELIN : 160 comp\u00e9titeurs \u00e0 l'interclubs jeunes de judo ax\u00e9 sur la solidarit\u00e9","isPartOf":{"@id":"https:\/\/newsestlyonnais.fr\/site\/#website"},"primaryImageOfPage":{"@id":"https:\/\/newsestlyonnais.fr\/site\/2017\/03\/12\/vaulx-velin-160-competiteurs-a-linterclubs-jeunes-de-judo\/#primaryimage"},"image":{"@id":"https:\/\/newsestlyonnais.fr\/site\/2017\/03\/12\/vaulx-velin-160-competiteurs-a-linterclubs-jeunes-de-judo\/#primaryimage"},"thumbnailUrl":"https:\/\/newsestlyonnais.fr\/site\/wp-content\/uploads\/2017\/03\/NEWSESTLYONNAIS-INTERCLUBS-JUDO-VAULX.jpg","datePublished":"2017-03-12T07:17:57+00:00","dateModified":"2019-08-29T04:32:58+00:00","description":"VAULX EN VELIN : 160 comp\u00e9titeurs \u00e0 l'interclubs jeunes de judo ax\u00e9 sur la solidarit\u00e9","breadcrumb":{"@id":"https:\/\/newsestlyonnais.fr\/site\/2017\/03\/12\/vaulx-velin-160-competiteurs-a-linterclubs-jeunes-de-judo\/#breadcrumb"},"inLanguage":"fr-FR","potentialAction":[{"@type":"ReadAction","target":["https:\/\/newsestlyonnais.fr\/site\/2017\/03\/12\/vaulx-velin-160-competiteurs-a-linterclubs-jeunes-de-judo\/"]}]},{"@type":"ImageObject","inLanguage":"fr-FR","@id":"https:\/\/newsestlyonnais.fr\/site\/2017\/03\/12\/vaulx-velin-160-competiteurs-a-linterclubs-jeunes-de-judo\/#primaryimage","url":"https:\/\/newsestlyonnais.fr\/site\/wp-content\/uploads\/2017\/03\/NEWSESTLYONNAIS-INTERCLUBS-JUDO-VAULX.jpg","contentUrl":"https:\/\/newsestlyonnais.fr\/site\/wp-content\/uploads\/2017\/03\/NEWSESTLYONNAIS-INTERCLUBS-JUDO-VAULX.jpg","width":1000,"height":750,"caption":"NEWSESTLYONNAIS - INTERCLUBS JUDO VAULX"},{"@type":"BreadcrumbList","@id":"https:\/\/newsestlyonnais.fr\/site\/2017\/03\/12\/vaulx-velin-160-competiteurs-a-linterclubs-jeunes-de-judo\/#breadcrumb","itemListElement":[{"@type":"ListItem","position":1,"name":"Accueil","item":"https:\/\/newsestlyonnais.fr\/site\/"},{"@type":"ListItem","position":2,"name":"VAULX EN VELIN : 160 comp\u00e9titeurs \u00e0 l&rsquo;interclubs jeunes de judo ax\u00e9 sur la solidarit\u00e9"}]},{"@type":"WebSite","@id":"https:\/\/newsestlyonnais.fr\/site\/#website","url":"https:\/\/newsestlyonnais.fr\/site\/","name":"News Est Lyonnais","description":"L&#039;actualit\u00e9 au plus pr\u00e8s","publisher":{"@id":"https:\/\/newsestlyonnais.fr\/site\/#organization"},"potentialAction":[{"@type":"SearchAction","target":{"@type":"EntryPoint","urlTemplate":"https:\/\/newsestlyonnais.fr\/site\/?s={search_term_string}"},"query-input":{"@type":"PropertyValueSpecification","valueRequired":true,"valueName":"search_term_string"}}],"inLanguage":"fr-FR"},{"@type":"Organization","@id":"https:\/\/newsestlyonnais.fr\/site\/#organization","name":"News EST LYONNAIS","url":"https:\/\/newsestlyonnais.fr\/site\/","logo":{"@type":"ImageObject","inLanguage":"fr-FR","@id":"https:\/\/newsestlyonnais.fr\/site\/#\/schema\/logo\/image\/","url":"","contentUrl":"","caption":"News EST LYONNAIS"},"image":{"@id":"https:\/\/newsestlyonnais.fr\/site\/#\/schema\/logo\/image\/"}},{"@type":"Person","@id":"https:\/\/newsestlyonnais.fr\/site\/#\/schema\/person\/3230d5615f390bb808365d673001e887","name":"R\u00e9dac. NEWS","sameAs":["http:\/\/www.newsestlyonnais.fr","https:\/\/www.facebook.com\/pascal.oberson.1?fref=ts","https:\/\/fr.linkedin.com\/in\/pascal-oberson-b17045113"],"url":"https:\/\/newsestlyonnais.fr\/site\/author\/nel\/"}]}},"_links":{"self":[{"href":"https:\/\/newsestlyonnais.fr\/site\/wp-json\/wp\/v2\/posts\/22477","targetHints":{"allow":["GET"]}}],"collection":[{"href":"https:\/\/newsestlyonnais.fr\/site\/wp-json\/wp\/v2\/posts"}],"about":[{"href":"https:\/\/newsestlyonnais.fr\/site\/wp-json\/wp\/v2\/types\/post"}],"author":[{"embeddable":true,"href":"https:\/\/newsestlyonnais.fr\/site\/wp-json\/wp\/v2\/users\/4"}],"replies":[{"embeddable":true,"href":"https:\/\/newsestlyonnais.fr\/site\/wp-json\/wp\/v2\/comments?post=22477"}],"version-history":[{"count":0,"href":"https:\/\/newsestlyonnais.fr\/site\/wp-json\/wp\/v2\/posts\/22477\/revisions"}],"wp:featuredmedia":[{"embeddable":true,"href":"https:\/\/newsestlyonnais.fr\/site\/wp-json\/wp\/v2\/media\/22479"}],"wp:attachment":[{"href":"https:\/\/newsestlyonnais.fr\/site\/wp-json\/wp\/v2\/media?parent=22477"}],"wp:term":[{"taxonomy":"category","embeddable":true,"href":"https:\/\/newsestlyonnais.fr\/site\/wp-json\/wp\/v2\/categories?post=22477"},{"taxonomy":"post_tag","embeddable":true,"href":"https:\/\/newsestlyonnais.fr\/site\/wp-json\/wp\/v2\/tags?post=22477"}],"curies":[{"name":"wp","href":"https:\/\/api.w.org\/{rel}","templated":true}]}}