{"id":225667,"date":"2025-07-22T14:11:54","date_gmt":"2025-07-22T13:11:54","guid":{"rendered":"https:\/\/newsestlyonnais.fr\/site\/?p=225667"},"modified":"2025-08-02T12:14:27","modified_gmt":"2025-08-02T11:14:27","slug":"est-lyonnais-retour-sur-le-4-circuit-de-tennis","status":"publish","type":"post","link":"https:\/\/newsestlyonnais.fr\/site\/2025\/07\/22\/est-lyonnais-retour-sur-le-4-circuit-de-tennis\/","title":{"rendered":"EST LYONNAIS | Retour sur le 4\u00b0 circuit de tennis"},"content":{"rendered":"<p style=\"text-align: center;\"><span style=\"font-size: 18pt; background-color: #000000; color: #ff6600;\"><strong>Les 6 \u00e9tapes du circuit :<\/strong><\/span><\/p>\n<p><span style=\"background-color: #000000; color: #ffffff;\"><strong><img loading=\"lazy\" decoding=\"async\" class=\"alignright wp-image-222346\" src=\"https:\/\/newsestlyonnais.fr\/site\/wp-content\/uploads\/2025\/06\/P1510122-400x300.jpg\" alt=\"\" width=\"267\" height=\"200\" srcset=\"https:\/\/newsestlyonnais.fr\/site\/wp-content\/uploads\/2025\/06\/P1510122-400x300.jpg 400w, https:\/\/newsestlyonnais.fr\/site\/wp-content\/uploads\/2025\/06\/P1510122-650x488.jpg 650w, https:\/\/newsestlyonnais.fr\/site\/wp-content\/uploads\/2025\/06\/P1510122-250x188.jpg 250w, https:\/\/newsestlyonnais.fr\/site\/wp-content\/uploads\/2025\/06\/P1510122-768x576.jpg 768w, https:\/\/newsestlyonnais.fr\/site\/wp-content\/uploads\/2025\/06\/P1510122-150x113.jpg 150w, https:\/\/newsestlyonnais.fr\/site\/wp-content\/uploads\/2025\/06\/P1510122-50x38.jpg 50w, https:\/\/newsestlyonnais.fr\/site\/wp-content\/uploads\/2025\/06\/P1510122-100x75.jpg 100w, https:\/\/newsestlyonnais.fr\/site\/wp-content\/uploads\/2025\/06\/P1510122-200x150.jpg 200w, https:\/\/newsestlyonnais.fr\/site\/wp-content\/uploads\/2025\/06\/P1510122-300x225.jpg 300w, https:\/\/newsestlyonnais.fr\/site\/wp-content\/uploads\/2025\/06\/P1510122-350x263.jpg 350w, https:\/\/newsestlyonnais.fr\/site\/wp-content\/uploads\/2025\/06\/P1510122-450x338.jpg 450w, https:\/\/newsestlyonnais.fr\/site\/wp-content\/uploads\/2025\/06\/P1510122-500x375.jpg 500w, https:\/\/newsestlyonnais.fr\/site\/wp-content\/uploads\/2025\/06\/P1510122-550x413.jpg 550w, https:\/\/newsestlyonnais.fr\/site\/wp-content\/uploads\/2025\/06\/P1510122-800x600.jpg 800w, https:\/\/newsestlyonnais.fr\/site\/wp-content\/uploads\/2025\/06\/P1510122.jpg 1200w\" sizes=\"auto, (max-width: 267px) 100vw, 267px\" \/>1\u00b0 \u00e9tape<\/strong> : <strong>TENNIS CLUB DE GENAS<\/strong> \/ du 16 Mai au 14 Juin 2025 \/ 202 participants<\/span><\/p>\n<p><span style=\"font-size: 14pt;\"><span style=\"font-size: 12pt;\"><strong><span style=\"background-color: #ffffff;\">Vainqueurs : Sellie Bera <\/span><\/strong><span style=\"background-color: #ffffff;\">(TC St Priest, 4\/6) &amp; <\/span><strong><span style=\"background-color: #ffffff;\">Paul-Antoine Brazet <\/span><\/strong><span style=\"background-color: #ffffff;\">(Colomiers US TC, 0)<\/span><\/span><strong><br \/>\n<\/strong><\/span><\/p>\n<p><strong><span style=\"font-size: 14pt;\"><a href=\"https:\/\/newsestlyonnais.fr\/site\/2025\/06\/10\/open-seniors-du-tennis-club-de-genas\/\"><span style=\"color: #0000ff; background-color: #000000;\"><span style=\"color: #3366ff;\"><span style=\"color: #0000ff;\">Historique du tournoi<\/span> <\/span><\/span><\/a><\/span><br \/>\n<\/strong><\/p>\n<hr \/>\n<p><span style=\"background-color: #000000; color: #ffffff;\"><strong><img loading=\"lazy\" decoding=\"async\" class=\"alignright wp-image-223167\" src=\"https:\/\/newsestlyonnais.fr\/site\/wp-content\/uploads\/2025\/06\/P1510124-250x188.jpg\" alt=\"\" width=\"267\" height=\"200\" srcset=\"https:\/\/newsestlyonnais.fr\/site\/wp-content\/uploads\/2025\/06\/P1510124-250x188.jpg 250w, https:\/\/newsestlyonnais.fr\/site\/wp-content\/uploads\/2025\/06\/P1510124-400x300.jpg 400w, https:\/\/newsestlyonnais.fr\/site\/wp-content\/uploads\/2025\/06\/P1510124-650x488.jpg 650w, https:\/\/newsestlyonnais.fr\/site\/wp-content\/uploads\/2025\/06\/P1510124-768x576.jpg 768w, https:\/\/newsestlyonnais.fr\/site\/wp-content\/uploads\/2025\/06\/P1510124-1536x1152.jpg 1536w, https:\/\/newsestlyonnais.fr\/site\/wp-content\/uploads\/2025\/06\/P1510124-2048x1536.jpg 2048w, https:\/\/newsestlyonnais.fr\/site\/wp-content\/uploads\/2025\/06\/P1510124-150x113.jpg 150w, https:\/\/newsestlyonnais.fr\/site\/wp-content\/uploads\/2025\/06\/P1510124-50x38.jpg 50w, https:\/\/newsestlyonnais.fr\/site\/wp-content\/uploads\/2025\/06\/P1510124-100x75.jpg 100w, https:\/\/newsestlyonnais.fr\/site\/wp-content\/uploads\/2025\/06\/P1510124-200x150.jpg 200w, https:\/\/newsestlyonnais.fr\/site\/wp-content\/uploads\/2025\/06\/P1510124-300x225.jpg 300w, https:\/\/newsestlyonnais.fr\/site\/wp-content\/uploads\/2025\/06\/P1510124-350x263.jpg 350w, https:\/\/newsestlyonnais.fr\/site\/wp-content\/uploads\/2025\/06\/P1510124-450x338.jpg 450w, https:\/\/newsestlyonnais.fr\/site\/wp-content\/uploads\/2025\/06\/P1510124-500x375.jpg 500w, https:\/\/newsestlyonnais.fr\/site\/wp-content\/uploads\/2025\/06\/P1510124-550x413.jpg 550w, https:\/\/newsestlyonnais.fr\/site\/wp-content\/uploads\/2025\/06\/P1510124-800x600.jpg 800w, https:\/\/newsestlyonnais.fr\/site\/wp-content\/uploads\/2025\/06\/P1510124-1200x900.jpg 1200w, https:\/\/newsestlyonnais.fr\/site\/wp-content\/uploads\/2025\/06\/P1510124-1600x1200.jpg 1600w, https:\/\/newsestlyonnais.fr\/site\/wp-content\/uploads\/2025\/06\/P1510124-2000x1500.jpg 2000w\" sizes=\"auto, (max-width: 267px) 100vw, 267px\" \/>2\u00b0 \u00e9tape<\/strong> : <strong>TC MUROIS<\/strong> \/ du 24 Mai au 22 Juin 2025 \/ 160 participants<\/span><\/p>\n<p><span style=\"font-size: 12pt; background-color: #ffffff;\"><strong>Vainqueurs : Pauline Grenier <\/strong>(Chassieu Tennis, 15) &amp; <strong>Paul-Antoine Brazet <\/strong>(Colomiers US TC, 0).<\/span><\/p>\n<p><span style=\"font-size: 14pt;\"><a href=\"https:\/\/newsestlyonnais.fr\/site\/2025\/06\/12\/lopen-seniors-du-tennis-club-murois\/\"><span style=\"background-color: #000000; color: #0000ff;\"><strong>Historique du tournoi<\/strong><\/span><\/a><\/span><\/p>\n<hr \/>\n<p><span style=\"background-color: #000000; color: #ffffff;\"><strong><img loading=\"lazy\" decoding=\"async\" class=\"alignright wp-image-223874\" src=\"https:\/\/newsestlyonnais.fr\/site\/wp-content\/uploads\/2025\/06\/P1510157-250x144.jpg\" alt=\"\" width=\"265\" height=\"153\" srcset=\"https:\/\/newsestlyonnais.fr\/site\/wp-content\/uploads\/2025\/06\/P1510157-250x144.jpg 250w, https:\/\/newsestlyonnais.fr\/site\/wp-content\/uploads\/2025\/06\/P1510157-400x231.jpg 400w, https:\/\/newsestlyonnais.fr\/site\/wp-content\/uploads\/2025\/06\/P1510157-650x376.jpg 650w, https:\/\/newsestlyonnais.fr\/site\/wp-content\/uploads\/2025\/06\/P1510157-768x444.jpg 768w, https:\/\/newsestlyonnais.fr\/site\/wp-content\/uploads\/2025\/06\/P1510157-150x87.jpg 150w, https:\/\/newsestlyonnais.fr\/site\/wp-content\/uploads\/2025\/06\/P1510157-50x29.jpg 50w, https:\/\/newsestlyonnais.fr\/site\/wp-content\/uploads\/2025\/06\/P1510157-100x58.jpg 100w, https:\/\/newsestlyonnais.fr\/site\/wp-content\/uploads\/2025\/06\/P1510157-200x116.jpg 200w, https:\/\/newsestlyonnais.fr\/site\/wp-content\/uploads\/2025\/06\/P1510157-300x173.jpg 300w, https:\/\/newsestlyonnais.fr\/site\/wp-content\/uploads\/2025\/06\/P1510157-350x202.jpg 350w, https:\/\/newsestlyonnais.fr\/site\/wp-content\/uploads\/2025\/06\/P1510157-450x260.jpg 450w, https:\/\/newsestlyonnais.fr\/site\/wp-content\/uploads\/2025\/06\/P1510157-500x289.jpg 500w, https:\/\/newsestlyonnais.fr\/site\/wp-content\/uploads\/2025\/06\/P1510157-550x318.jpg 550w, https:\/\/newsestlyonnais.fr\/site\/wp-content\/uploads\/2025\/06\/P1510157-800x462.jpg 800w, https:\/\/newsestlyonnais.fr\/site\/wp-content\/uploads\/2025\/06\/P1510157.jpg 1094w\" sizes=\"auto, (max-width: 265px) 100vw, 265px\" \/>3\u00b0 \u00e9tape <\/strong>: <strong>MEYZIEU TENNIS<\/strong> \/ du 31 Mai au 29 Juin 2025 \/ 202 participants<\/span><\/p>\n<p><span style=\"font-size: 14pt;\"><span style=\"font-size: 12pt; background-color: #ffffff;\"><strong>Vainqueurs : Anna Creuzet <\/strong>(Chassieu Tennis, 2\/6) &amp; <strong>Lucas Mpetshi Semedo<\/strong> (ASUL Tennis, 3\/6)<\/span>\u00a0<strong><br \/>\n<\/strong><\/span><\/p>\n<p><a href=\"https:\/\/newsestlyonnais.fr\/site\/2025\/06\/13\/lopen-seniors-de-meyzieu-tennis\/\"><span style=\"font-size: 14pt; background-color: #000000; color: #0000ff;\"><strong>Historique du tournoi<\/strong><\/span><\/a><\/p>\n<hr \/>\n<p><span style=\"background-color: #000000;\"><span style=\"color: #ffffff;\"><strong>4\u00b0 \u00e9tape<\/strong> : <strong>ASPTT GRAND-LYON TENNIS<\/strong> \/ du 9 Juin au 6 Juillet 2025<\/span><\/span><\/p>\n<p><span style=\"background-color: #000000; color: #ffcc00;\"><strong>Aucun r\u00e9sultat ni commentaire, le club n&rsquo;ayant pas souhait\u00e9 r\u00e9pondre \u00e0 nos sollicitations.<\/strong><\/span><\/p>\n<hr \/>\n<p><span class=\"x4k7w5x x1h91t0o x1h9r5lt x1jfb8zj xv2umb2 x1beo9mf xaigb6o x12ejxvf x3igimt xarpa2k xedcshv x1lytzrv x1t2pt76 x7ja8zs x1qrby5j\"><span class=\"x193iq5w xeuugli x13faqbe x1vvkbs x1xmvt09 x1lliihq x1s928wv xhkezso x1gmr53x x1cpjm7i x1fgarty x1943h6x xudqn12 x3x7a5m x6prxxf xvq8zen xo1l8bm xzsf02u\" dir=\"auto\"><span style=\"background-color: #000000; color: #ffffff;\"><strong><img loading=\"lazy\" decoding=\"async\" class=\"alignright wp-image-224978\" src=\"https:\/\/newsestlyonnais.fr\/site\/wp-content\/uploads\/2025\/07\/P1510173-250x188.jpg\" alt=\"\" width=\"267\" height=\"200\" srcset=\"https:\/\/newsestlyonnais.fr\/site\/wp-content\/uploads\/2025\/07\/P1510173-250x188.jpg 250w, https:\/\/newsestlyonnais.fr\/site\/wp-content\/uploads\/2025\/07\/P1510173-400x300.jpg 400w, https:\/\/newsestlyonnais.fr\/site\/wp-content\/uploads\/2025\/07\/P1510173-650x488.jpg 650w, https:\/\/newsestlyonnais.fr\/site\/wp-content\/uploads\/2025\/07\/P1510173-768x576.jpg 768w, https:\/\/newsestlyonnais.fr\/site\/wp-content\/uploads\/2025\/07\/P1510173-150x113.jpg 150w, https:\/\/newsestlyonnais.fr\/site\/wp-content\/uploads\/2025\/07\/P1510173-50x38.jpg 50w, https:\/\/newsestlyonnais.fr\/site\/wp-content\/uploads\/2025\/07\/P1510173-100x75.jpg 100w, https:\/\/newsestlyonnais.fr\/site\/wp-content\/uploads\/2025\/07\/P1510173-200x150.jpg 200w, https:\/\/newsestlyonnais.fr\/site\/wp-content\/uploads\/2025\/07\/P1510173-300x225.jpg 300w, https:\/\/newsestlyonnais.fr\/site\/wp-content\/uploads\/2025\/07\/P1510173-350x263.jpg 350w, https:\/\/newsestlyonnais.fr\/site\/wp-content\/uploads\/2025\/07\/P1510173-450x338.jpg 450w, https:\/\/newsestlyonnais.fr\/site\/wp-content\/uploads\/2025\/07\/P1510173-500x375.jpg 500w, https:\/\/newsestlyonnais.fr\/site\/wp-content\/uploads\/2025\/07\/P1510173-550x413.jpg 550w, https:\/\/newsestlyonnais.fr\/site\/wp-content\/uploads\/2025\/07\/P1510173-800x600.jpg 800w, https:\/\/newsestlyonnais.fr\/site\/wp-content\/uploads\/2025\/07\/P1510173.jpg 1200w\" sizes=\"auto, (max-width: 267px) 100vw, 267px\" \/>5\u00b0 \u00e9tape <\/strong>: <strong>TENNIS CLUB DE DECINES<\/strong> \/ du 19 Juin au 12 Juillet 2025 \/ 206 participants<\/span><br \/>\n<\/span><\/span><\/p>\n<p><span style=\"background-color: #ffffff; color: #333333;\"><span style=\"font-size: 12pt;\"><strong><span style=\"background-color: #ffffff;\">Vainqueurs : Janice Bringaud <\/span><\/strong><span style=\"background-color: #ffffff;\">(TC D\u00e9cines, 15)<\/span><strong><span style=\"background-color: #ffffff;\"> &amp; K\u00e9sia Roi <\/span><\/strong><span style=\"background-color: #ffffff;\">(TC La Pape, 3\/6).<\/span><\/span><span style=\"font-size: 14pt; background-color: #ffffff;\"><br \/>\n<\/span><\/span><\/p>\n<p><strong><a href=\"https:\/\/newsestlyonnais.fr\/site\/2025\/06\/24\/lopen-seniors-du-tennis-club-de-decines\/\"><span style=\"color: #3366ff; background-color: #000000;\"><span style=\"font-size: 14pt; background-color: #000000;\"><span style=\"color: #0000ff;\">Historique du tournoi<\/span><\/span><\/span><\/a><\/strong><\/p>\n<hr \/>\n<p><span style=\"background-color: #000000; color: #ffffff;\"><strong><img loading=\"lazy\" decoding=\"async\" class=\"alignright wp-image-225566\" src=\"https:\/\/newsestlyonnais.fr\/site\/wp-content\/uploads\/2025\/07\/P1510180-250x188.jpg\" alt=\"\" width=\"267\" height=\"200\" srcset=\"https:\/\/newsestlyonnais.fr\/site\/wp-content\/uploads\/2025\/07\/P1510180-250x188.jpg 250w, https:\/\/newsestlyonnais.fr\/site\/wp-content\/uploads\/2025\/07\/P1510180-400x300.jpg 400w, https:\/\/newsestlyonnais.fr\/site\/wp-content\/uploads\/2025\/07\/P1510180-650x488.jpg 650w, https:\/\/newsestlyonnais.fr\/site\/wp-content\/uploads\/2025\/07\/P1510180-768x576.jpg 768w, https:\/\/newsestlyonnais.fr\/site\/wp-content\/uploads\/2025\/07\/P1510180-150x113.jpg 150w, https:\/\/newsestlyonnais.fr\/site\/wp-content\/uploads\/2025\/07\/P1510180-50x38.jpg 50w, https:\/\/newsestlyonnais.fr\/site\/wp-content\/uploads\/2025\/07\/P1510180-100x75.jpg 100w, https:\/\/newsestlyonnais.fr\/site\/wp-content\/uploads\/2025\/07\/P1510180-200x150.jpg 200w, https:\/\/newsestlyonnais.fr\/site\/wp-content\/uploads\/2025\/07\/P1510180-300x225.jpg 300w, https:\/\/newsestlyonnais.fr\/site\/wp-content\/uploads\/2025\/07\/P1510180-350x263.jpg 350w, https:\/\/newsestlyonnais.fr\/site\/wp-content\/uploads\/2025\/07\/P1510180-450x338.jpg 450w, https:\/\/newsestlyonnais.fr\/site\/wp-content\/uploads\/2025\/07\/P1510180-500x375.jpg 500w, https:\/\/newsestlyonnais.fr\/site\/wp-content\/uploads\/2025\/07\/P1510180-550x413.jpg 550w, https:\/\/newsestlyonnais.fr\/site\/wp-content\/uploads\/2025\/07\/P1510180-800x600.jpg 800w, https:\/\/newsestlyonnais.fr\/site\/wp-content\/uploads\/2025\/07\/P1510180.jpg 1200w\" sizes=\"auto, (max-width: 267px) 100vw, 267px\" \/>6\u00b0 \u00e9tape<\/strong> : <strong>TENNIS CLUB DE BRON<\/strong> \/ du 26 Juin au 19 Juillet 2025 \/ 263 participants<\/span><\/p>\n<p><span style=\"font-size: 12pt;\"><strong><span style=\"background-color: #000000; color: #ffffff;\"><span style=\"background-color: #ffffff; color: #333333;\">Vainqueurs : <strong class=\"ui-sortable-handle\">Anais Brion <\/strong><\/span><\/span><\/strong><span style=\"background-color: #000000; color: #ffffff;\"><span style=\"background-color: #ffffff; color: #333333;\">(TC Lyon, \u2013 2\/6)<\/span><\/span><span style=\"background-color: #000000; color: #ffffff;\"><span style=\"background-color: #ffffff; color: #333333;\"> &amp; <\/span><\/span><strong><span style=\"background-color: #000000; color: #ffffff;\"><span style=\"background-color: #ffffff; color: #333333;\"><strong class=\"ui-sortable-handle\">Lucas Mpetshi Semedo <\/strong><\/span><\/span><\/strong><span style=\"background-color: #000000; color: #ffffff;\"><span style=\"background-color: #ffffff; color: #333333;\">(ASUL Tennis, 3\/6) <\/span><\/span><strong><span style=\"background-color: #000000; color: #ffffff;\"><br \/>\n<\/span><\/strong><\/span><\/p>\n<p><span style=\"font-size: 14pt; color: #0000ff;\"><strong><span style=\"background-color: #000000;\"><a style=\"background-color: #000000; color: #0000ff;\" href=\"https:\/\/newsestlyonnais.fr\/site\/2025\/07\/04\/lopen-seniors-du-tennis-club-de-bron\/\">Historique du tournoi<\/a><\/span><\/strong><\/span><\/p>\n<hr \/>\n<hr \/>\n<p><span style=\"font-size: 14pt;\"><strong><span style=\"background-color: #000000; color: #ffcc00;\">Newsestlyonnais.fr remercie dans le cadre du partenariat existant depuis la cr\u00e9ation du circuit, les 5 clubs ci-dessus, pour leur accueil et leur collaboration.<\/span><\/strong><\/span><\/p>\n","protected":false},"excerpt":{"rendered":"<p>Une nouvelle \u00e9dition qui s&rsquo;est d\u00e9roul\u00e9e du 16 mai au 19 juillet et a rassembl\u00e9 plus de 1.000 participants sur l&rsquo;ensemble de cinq des six tournois. <\/p>\n","protected":false},"author":4,"featured_media":218679,"comment_status":"open","ping_status":"open","sticky":false,"template":"","format":"standard","meta":{"footnotes":""},"categories":[19,270,21,1598,24,2,1282,2992,2991],"tags":[],"class_list":["post-225667","post","type-post","status-publish","format-standard","has-post-thumbnail","hentry","category-bron","category-cte-de-communes-c-c-e-l","category-decines-charpieu","category-genas","category-meyzieu","category-sports","category-st-bonnet-st-laurent-de-mure","category-tennis-padel","category-tennis-tennis-table-sports"],"yoast_head":"<!-- This site is optimized with the Yoast SEO plugin v27.2 - https:\/\/yoast.com\/product\/yoast-seo-wordpress\/ -->\n<title>EST LYONNAIS | Retour sur le 4\u00b0 circuit de tennis - News Est Lyonnais<\/title>\n<meta name=\"description\" content=\"EST LYONNAIS | Retour sur le 4\u00b0 circuit de tennis\" \/>\n<meta name=\"robots\" content=\"index, follow, max-snippet:-1, max-image-preview:large, max-video-preview:-1\" \/>\n<link rel=\"canonical\" href=\"https:\/\/newsestlyonnais.fr\/site\/2025\/07\/22\/est-lyonnais-retour-sur-le-4-circuit-de-tennis\/\" \/>\n<meta property=\"og:locale\" content=\"fr_FR\" \/>\n<meta property=\"og:type\" content=\"article\" \/>\n<meta property=\"og:title\" content=\"EST LYONNAIS | Retour sur le 4\u00b0 circuit de tennis - News Est Lyonnais\" \/>\n<meta property=\"og:description\" content=\"EST LYONNAIS | Retour sur le 4\u00b0 circuit de tennis\" \/>\n<meta property=\"og:url\" content=\"https:\/\/newsestlyonnais.fr\/site\/2025\/07\/22\/est-lyonnais-retour-sur-le-4-circuit-de-tennis\/\" \/>\n<meta property=\"og:site_name\" content=\"News Est Lyonnais\" \/>\n<meta property=\"article:author\" content=\"https:\/\/www.facebook.com\/pascal.oberson.1?fref=ts\" \/>\n<meta property=\"article:published_time\" content=\"2025-07-22T13:11:54+00:00\" \/>\n<meta property=\"article:modified_time\" content=\"2025-08-02T11:14:27+00:00\" \/>\n<meta property=\"og:image\" content=\"https:\/\/newsestlyonnais.fr\/site\/wp-content\/uploads\/2025\/03\/CIRCUIT-EST-GENERALE-RESEAUX-2025.jpg\" \/>\n\t<meta property=\"og:image:width\" content=\"848\" \/>\n\t<meta property=\"og:image:height\" content=\"1200\" \/>\n\t<meta property=\"og:image:type\" content=\"image\/jpeg\" \/>\n<meta name=\"author\" content=\"R\u00e9dac. NEWS\" \/>\n<meta name=\"twitter:card\" content=\"summary_large_image\" \/>\n<meta name=\"twitter:label1\" content=\"\u00c9crit par\" \/>\n\t<meta name=\"twitter:data1\" content=\"R\u00e9dac. NEWS\" \/>\n\t<meta name=\"twitter:label2\" content=\"Dur\u00e9e de lecture estim\u00e9e\" \/>\n\t<meta name=\"twitter:data2\" content=\"3 minutes\" \/>\n<script type=\"application\/ld+json\" class=\"yoast-schema-graph\">{\"@context\":\"https:\/\/schema.org\",\"@graph\":[{\"@type\":\"Article\",\"@id\":\"https:\/\/newsestlyonnais.fr\/site\/2025\/07\/22\/est-lyonnais-retour-sur-le-4-circuit-de-tennis\/#article\",\"isPartOf\":{\"@id\":\"https:\/\/newsestlyonnais.fr\/site\/2025\/07\/22\/est-lyonnais-retour-sur-le-4-circuit-de-tennis\/\"},\"author\":{\"name\":\"R\u00e9dac. NEWS\",\"@id\":\"https:\/\/newsestlyonnais.fr\/site\/#\/schema\/person\/3230d5615f390bb808365d673001e887\"},\"headline\":\"EST LYONNAIS | Retour sur le 4\u00b0 circuit de tennis\",\"datePublished\":\"2025-07-22T13:11:54+00:00\",\"dateModified\":\"2025-08-02T11:14:27+00:00\",\"mainEntityOfPage\":{\"@id\":\"https:\/\/newsestlyonnais.fr\/site\/2025\/07\/22\/est-lyonnais-retour-sur-le-4-circuit-de-tennis\/\"},\"wordCount\":178,\"commentCount\":0,\"publisher\":{\"@id\":\"https:\/\/newsestlyonnais.fr\/site\/#organization\"},\"image\":{\"@id\":\"https:\/\/newsestlyonnais.fr\/site\/2025\/07\/22\/est-lyonnais-retour-sur-le-4-circuit-de-tennis\/#primaryimage\"},\"thumbnailUrl\":\"https:\/\/newsestlyonnais.fr\/site\/wp-content\/uploads\/2025\/03\/CIRCUIT-EST-GENERALE-RESEAUX-2025.jpg\",\"articleSection\":[\"Bron\",\"CCEL | Communes\",\"D\u00e9cines-Charpieu\",\"Genas\",\"Meyzieu\",\"Sports\",\"St Bonnet | St Laurent de Mure\",\"Tennis | Padel\",\"Tennis | Tennis de table\"],\"inLanguage\":\"fr-FR\",\"potentialAction\":[{\"@type\":\"CommentAction\",\"name\":\"Comment\",\"target\":[\"https:\/\/newsestlyonnais.fr\/site\/2025\/07\/22\/est-lyonnais-retour-sur-le-4-circuit-de-tennis\/#respond\"]}]},{\"@type\":\"WebPage\",\"@id\":\"https:\/\/newsestlyonnais.fr\/site\/2025\/07\/22\/est-lyonnais-retour-sur-le-4-circuit-de-tennis\/\",\"url\":\"https:\/\/newsestlyonnais.fr\/site\/2025\/07\/22\/est-lyonnais-retour-sur-le-4-circuit-de-tennis\/\",\"name\":\"EST LYONNAIS | Retour sur le 4\u00b0 circuit de tennis - News Est Lyonnais\",\"isPartOf\":{\"@id\":\"https:\/\/newsestlyonnais.fr\/site\/#website\"},\"primaryImageOfPage\":{\"@id\":\"https:\/\/newsestlyonnais.fr\/site\/2025\/07\/22\/est-lyonnais-retour-sur-le-4-circuit-de-tennis\/#primaryimage\"},\"image\":{\"@id\":\"https:\/\/newsestlyonnais.fr\/site\/2025\/07\/22\/est-lyonnais-retour-sur-le-4-circuit-de-tennis\/#primaryimage\"},\"thumbnailUrl\":\"https:\/\/newsestlyonnais.fr\/site\/wp-content\/uploads\/2025\/03\/CIRCUIT-EST-GENERALE-RESEAUX-2025.jpg\",\"datePublished\":\"2025-07-22T13:11:54+00:00\",\"dateModified\":\"2025-08-02T11:14:27+00:00\",\"description\":\"EST LYONNAIS | Retour sur le 4\u00b0 circuit de tennis\",\"breadcrumb\":{\"@id\":\"https:\/\/newsestlyonnais.fr\/site\/2025\/07\/22\/est-lyonnais-retour-sur-le-4-circuit-de-tennis\/#breadcrumb\"},\"inLanguage\":\"fr-FR\",\"potentialAction\":[{\"@type\":\"ReadAction\",\"target\":[\"https:\/\/newsestlyonnais.fr\/site\/2025\/07\/22\/est-lyonnais-retour-sur-le-4-circuit-de-tennis\/\"]}]},{\"@type\":\"ImageObject\",\"inLanguage\":\"fr-FR\",\"@id\":\"https:\/\/newsestlyonnais.fr\/site\/2025\/07\/22\/est-lyonnais-retour-sur-le-4-circuit-de-tennis\/#primaryimage\",\"url\":\"https:\/\/newsestlyonnais.fr\/site\/wp-content\/uploads\/2025\/03\/CIRCUIT-EST-GENERALE-RESEAUX-2025.jpg\",\"contentUrl\":\"https:\/\/newsestlyonnais.fr\/site\/wp-content\/uploads\/2025\/03\/CIRCUIT-EST-GENERALE-RESEAUX-2025.jpg\",\"width\":848,\"height\":1200},{\"@type\":\"BreadcrumbList\",\"@id\":\"https:\/\/newsestlyonnais.fr\/site\/2025\/07\/22\/est-lyonnais-retour-sur-le-4-circuit-de-tennis\/#breadcrumb\",\"itemListElement\":[{\"@type\":\"ListItem\",\"position\":1,\"name\":\"Accueil\",\"item\":\"https:\/\/newsestlyonnais.fr\/site\/\"},{\"@type\":\"ListItem\",\"position\":2,\"name\":\"EST LYONNAIS | Retour sur le 4\u00b0 circuit de tennis\"}]},{\"@type\":\"WebSite\",\"@id\":\"https:\/\/newsestlyonnais.fr\/site\/#website\",\"url\":\"https:\/\/newsestlyonnais.fr\/site\/\",\"name\":\"News Est Lyonnais\",\"description\":\"L&#039;actualit\u00e9 au plus pr\u00e8s\",\"publisher\":{\"@id\":\"https:\/\/newsestlyonnais.fr\/site\/#organization\"},\"potentialAction\":[{\"@type\":\"SearchAction\",\"target\":{\"@type\":\"EntryPoint\",\"urlTemplate\":\"https:\/\/newsestlyonnais.fr\/site\/?s={search_term_string}\"},\"query-input\":{\"@type\":\"PropertyValueSpecification\",\"valueRequired\":true,\"valueName\":\"search_term_string\"}}],\"inLanguage\":\"fr-FR\"},{\"@type\":\"Organization\",\"@id\":\"https:\/\/newsestlyonnais.fr\/site\/#organization\",\"name\":\"News EST LYONNAIS\",\"url\":\"https:\/\/newsestlyonnais.fr\/site\/\",\"logo\":{\"@type\":\"ImageObject\",\"inLanguage\":\"fr-FR\",\"@id\":\"https:\/\/newsestlyonnais.fr\/site\/#\/schema\/logo\/image\/\",\"url\":\"\",\"contentUrl\":\"\",\"caption\":\"News EST LYONNAIS\"},\"image\":{\"@id\":\"https:\/\/newsestlyonnais.fr\/site\/#\/schema\/logo\/image\/\"}},{\"@type\":\"Person\",\"@id\":\"https:\/\/newsestlyonnais.fr\/site\/#\/schema\/person\/3230d5615f390bb808365d673001e887\",\"name\":\"R\u00e9dac. NEWS\",\"sameAs\":[\"http:\/\/www.newsestlyonnais.fr\",\"https:\/\/www.facebook.com\/pascal.oberson.1?fref=ts\",\"https:\/\/fr.linkedin.com\/in\/pascal-oberson-b17045113\"],\"url\":\"https:\/\/newsestlyonnais.fr\/site\/author\/nel\/\"}]}<\/script>\n<!-- \/ Yoast SEO plugin. -->","yoast_head_json":{"title":"EST LYONNAIS | Retour sur le 4\u00b0 circuit de tennis - News Est Lyonnais","description":"EST LYONNAIS | Retour sur le 4\u00b0 circuit de tennis","robots":{"index":"index","follow":"follow","max-snippet":"max-snippet:-1","max-image-preview":"max-image-preview:large","max-video-preview":"max-video-preview:-1"},"canonical":"https:\/\/newsestlyonnais.fr\/site\/2025\/07\/22\/est-lyonnais-retour-sur-le-4-circuit-de-tennis\/","og_locale":"fr_FR","og_type":"article","og_title":"EST LYONNAIS | Retour sur le 4\u00b0 circuit de tennis - News Est Lyonnais","og_description":"EST LYONNAIS | Retour sur le 4\u00b0 circuit de tennis","og_url":"https:\/\/newsestlyonnais.fr\/site\/2025\/07\/22\/est-lyonnais-retour-sur-le-4-circuit-de-tennis\/","og_site_name":"News Est Lyonnais","article_author":"https:\/\/www.facebook.com\/pascal.oberson.1?fref=ts","article_published_time":"2025-07-22T13:11:54+00:00","article_modified_time":"2025-08-02T11:14:27+00:00","og_image":[{"width":848,"height":1200,"url":"https:\/\/newsestlyonnais.fr\/site\/wp-content\/uploads\/2025\/03\/CIRCUIT-EST-GENERALE-RESEAUX-2025.jpg","type":"image\/jpeg"}],"author":"R\u00e9dac. NEWS","twitter_card":"summary_large_image","twitter_misc":{"\u00c9crit par":"R\u00e9dac. NEWS","Dur\u00e9e de lecture estim\u00e9e":"3 minutes"},"schema":{"@context":"https:\/\/schema.org","@graph":[{"@type":"Article","@id":"https:\/\/newsestlyonnais.fr\/site\/2025\/07\/22\/est-lyonnais-retour-sur-le-4-circuit-de-tennis\/#article","isPartOf":{"@id":"https:\/\/newsestlyonnais.fr\/site\/2025\/07\/22\/est-lyonnais-retour-sur-le-4-circuit-de-tennis\/"},"author":{"name":"R\u00e9dac. NEWS","@id":"https:\/\/newsestlyonnais.fr\/site\/#\/schema\/person\/3230d5615f390bb808365d673001e887"},"headline":"EST LYONNAIS | Retour sur le 4\u00b0 circuit de tennis","datePublished":"2025-07-22T13:11:54+00:00","dateModified":"2025-08-02T11:14:27+00:00","mainEntityOfPage":{"@id":"https:\/\/newsestlyonnais.fr\/site\/2025\/07\/22\/est-lyonnais-retour-sur-le-4-circuit-de-tennis\/"},"wordCount":178,"commentCount":0,"publisher":{"@id":"https:\/\/newsestlyonnais.fr\/site\/#organization"},"image":{"@id":"https:\/\/newsestlyonnais.fr\/site\/2025\/07\/22\/est-lyonnais-retour-sur-le-4-circuit-de-tennis\/#primaryimage"},"thumbnailUrl":"https:\/\/newsestlyonnais.fr\/site\/wp-content\/uploads\/2025\/03\/CIRCUIT-EST-GENERALE-RESEAUX-2025.jpg","articleSection":["Bron","CCEL | Communes","D\u00e9cines-Charpieu","Genas","Meyzieu","Sports","St Bonnet | St Laurent de Mure","Tennis | Padel","Tennis | Tennis de table"],"inLanguage":"fr-FR","potentialAction":[{"@type":"CommentAction","name":"Comment","target":["https:\/\/newsestlyonnais.fr\/site\/2025\/07\/22\/est-lyonnais-retour-sur-le-4-circuit-de-tennis\/#respond"]}]},{"@type":"WebPage","@id":"https:\/\/newsestlyonnais.fr\/site\/2025\/07\/22\/est-lyonnais-retour-sur-le-4-circuit-de-tennis\/","url":"https:\/\/newsestlyonnais.fr\/site\/2025\/07\/22\/est-lyonnais-retour-sur-le-4-circuit-de-tennis\/","name":"EST LYONNAIS | Retour sur le 4\u00b0 circuit de tennis - News Est Lyonnais","isPartOf":{"@id":"https:\/\/newsestlyonnais.fr\/site\/#website"},"primaryImageOfPage":{"@id":"https:\/\/newsestlyonnais.fr\/site\/2025\/07\/22\/est-lyonnais-retour-sur-le-4-circuit-de-tennis\/#primaryimage"},"image":{"@id":"https:\/\/newsestlyonnais.fr\/site\/2025\/07\/22\/est-lyonnais-retour-sur-le-4-circuit-de-tennis\/#primaryimage"},"thumbnailUrl":"https:\/\/newsestlyonnais.fr\/site\/wp-content\/uploads\/2025\/03\/CIRCUIT-EST-GENERALE-RESEAUX-2025.jpg","datePublished":"2025-07-22T13:11:54+00:00","dateModified":"2025-08-02T11:14:27+00:00","description":"EST LYONNAIS | Retour sur le 4\u00b0 circuit de tennis","breadcrumb":{"@id":"https:\/\/newsestlyonnais.fr\/site\/2025\/07\/22\/est-lyonnais-retour-sur-le-4-circuit-de-tennis\/#breadcrumb"},"inLanguage":"fr-FR","potentialAction":[{"@type":"ReadAction","target":["https:\/\/newsestlyonnais.fr\/site\/2025\/07\/22\/est-lyonnais-retour-sur-le-4-circuit-de-tennis\/"]}]},{"@type":"ImageObject","inLanguage":"fr-FR","@id":"https:\/\/newsestlyonnais.fr\/site\/2025\/07\/22\/est-lyonnais-retour-sur-le-4-circuit-de-tennis\/#primaryimage","url":"https:\/\/newsestlyonnais.fr\/site\/wp-content\/uploads\/2025\/03\/CIRCUIT-EST-GENERALE-RESEAUX-2025.jpg","contentUrl":"https:\/\/newsestlyonnais.fr\/site\/wp-content\/uploads\/2025\/03\/CIRCUIT-EST-GENERALE-RESEAUX-2025.jpg","width":848,"height":1200},{"@type":"BreadcrumbList","@id":"https:\/\/newsestlyonnais.fr\/site\/2025\/07\/22\/est-lyonnais-retour-sur-le-4-circuit-de-tennis\/#breadcrumb","itemListElement":[{"@type":"ListItem","position":1,"name":"Accueil","item":"https:\/\/newsestlyonnais.fr\/site\/"},{"@type":"ListItem","position":2,"name":"EST LYONNAIS | Retour sur le 4\u00b0 circuit de tennis"}]},{"@type":"WebSite","@id":"https:\/\/newsestlyonnais.fr\/site\/#website","url":"https:\/\/newsestlyonnais.fr\/site\/","name":"News Est Lyonnais","description":"L&#039;actualit\u00e9 au plus pr\u00e8s","publisher":{"@id":"https:\/\/newsestlyonnais.fr\/site\/#organization"},"potentialAction":[{"@type":"SearchAction","target":{"@type":"EntryPoint","urlTemplate":"https:\/\/newsestlyonnais.fr\/site\/?s={search_term_string}"},"query-input":{"@type":"PropertyValueSpecification","valueRequired":true,"valueName":"search_term_string"}}],"inLanguage":"fr-FR"},{"@type":"Organization","@id":"https:\/\/newsestlyonnais.fr\/site\/#organization","name":"News EST LYONNAIS","url":"https:\/\/newsestlyonnais.fr\/site\/","logo":{"@type":"ImageObject","inLanguage":"fr-FR","@id":"https:\/\/newsestlyonnais.fr\/site\/#\/schema\/logo\/image\/","url":"","contentUrl":"","caption":"News EST LYONNAIS"},"image":{"@id":"https:\/\/newsestlyonnais.fr\/site\/#\/schema\/logo\/image\/"}},{"@type":"Person","@id":"https:\/\/newsestlyonnais.fr\/site\/#\/schema\/person\/3230d5615f390bb808365d673001e887","name":"R\u00e9dac. NEWS","sameAs":["http:\/\/www.newsestlyonnais.fr","https:\/\/www.facebook.com\/pascal.oberson.1?fref=ts","https:\/\/fr.linkedin.com\/in\/pascal-oberson-b17045113"],"url":"https:\/\/newsestlyonnais.fr\/site\/author\/nel\/"}]}},"_links":{"self":[{"href":"https:\/\/newsestlyonnais.fr\/site\/wp-json\/wp\/v2\/posts\/225667","targetHints":{"allow":["GET"]}}],"collection":[{"href":"https:\/\/newsestlyonnais.fr\/site\/wp-json\/wp\/v2\/posts"}],"about":[{"href":"https:\/\/newsestlyonnais.fr\/site\/wp-json\/wp\/v2\/types\/post"}],"author":[{"embeddable":true,"href":"https:\/\/newsestlyonnais.fr\/site\/wp-json\/wp\/v2\/users\/4"}],"replies":[{"embeddable":true,"href":"https:\/\/newsestlyonnais.fr\/site\/wp-json\/wp\/v2\/comments?post=225667"}],"version-history":[{"count":0,"href":"https:\/\/newsestlyonnais.fr\/site\/wp-json\/wp\/v2\/posts\/225667\/revisions"}],"wp:featuredmedia":[{"embeddable":true,"href":"https:\/\/newsestlyonnais.fr\/site\/wp-json\/wp\/v2\/media\/218679"}],"wp:attachment":[{"href":"https:\/\/newsestlyonnais.fr\/site\/wp-json\/wp\/v2\/media?parent=225667"}],"wp:term":[{"taxonomy":"category","embeddable":true,"href":"https:\/\/newsestlyonnais.fr\/site\/wp-json\/wp\/v2\/categories?post=225667"},{"taxonomy":"post_tag","embeddable":true,"href":"https:\/\/newsestlyonnais.fr\/site\/wp-json\/wp\/v2\/tags?post=225667"}],"curies":[{"name":"wp","href":"https:\/\/api.w.org\/{rel}","templated":true}]}}