{"id":22611,"date":"2017-03-13T20:30:40","date_gmt":"2017-03-13T19:30:40","guid":{"rendered":"http:\/\/newsestlyonnais.fr\/site\/?p=22611"},"modified":"2020-11-17T11:48:55","modified_gmt":"2020-11-17T10:48:55","slug":"villeurbanne-semaine-des-alternatives-aux-pesticides-objectif-zero-phyto","status":"publish","type":"post","link":"https:\/\/newsestlyonnais.fr\/site\/2017\/03\/13\/villeurbanne-semaine-des-alternatives-aux-pesticides-objectif-zero-phyto\/","title":{"rendered":"VILLEURBANNE | Semaine des alternatives aux pesticides. Objectif \u00ab z\u00e9ro phyto \u00bb !"},"content":{"rendered":"<h4><i>Du 20 au 30 mars 2017, la ville de Villeurbanne s\u2019associe \u00e0 la 12\u00b0 \u00e9dition de la Semaine nationale des alternatives aux pesticides.<\/i><\/h4>\n<p class=\"ox-d24e4d133a-MsoNormal\">Pendant les dix premiers jours du printemps, les Villeurbannais(es) deviennent des acteurs incontournables de la sensibilisation \u00e9cologique ! La direction Paysages et nature de la ville de Villeurbanne organise de nombreuses animations et temps d\u2019information sur l\u2019impact des pesticides sur la sant\u00e9, l\u2019environnement et les alternatives envisag\u00e9es. Le public et les \u00e9coliers sont convi\u00e9s \u00e0 participer \u00e0 des activit\u00e9s ludiques autour du jardinage \u00e9cologique (<strong>25 et 30 mars<\/strong>), \u00e0 des visites des serres municipales o\u00f9 la lutte int\u00e9gr\u00e9e est pratiqu\u00e9e (<strong>22 et 29 mars<\/strong>).<\/p>\n<p class=\"ox-d24e4d133a-MsoNormal\">Une d\u00e9couverte du projet urbain des Maisons-Neuves, int\u00e9grant la biodiversit\u00e9, sera propos\u00e9e aux habitant(e)s du quartier <strong>samedi 25 mars<\/strong>. Ils seront sensibilis\u00e9s \u00e0 l\u2019importance du \u00ab z\u00e9ro-phyto \u00bb pour la pr\u00e9servation de l\u2019alyte accoucheur, une esp\u00e8ce d\u2019amphibien prot\u00e9g\u00e9e, d\u00e9couverte lors du chantier en 2014. Hors-site, une mare a ainsi \u00e9t\u00e9 creus\u00e9e, \u00e0 proximit\u00e9 imm\u00e9diate dans le jardin Florian, pour assurer la p\u00e9rennit\u00e9 de l\u2019esp\u00e8ce.<\/p>\n<p class=\"ox-d24e4d133a-MsoNormal\">De nombreux acteurs villeurbannais seront impliqu\u00e9s tout au long de la semaine. Les habitants prendront le r\u00f4le d\u2019animateurs lors des explorations \u00ab Sauvages de ma rue \u00bb <strong>dimanche 26 mars et vendredi 31 mars<\/strong>.<\/p>\n<p class=\"ox-d24e4d133a-MsoNormal\"><i>La Semaine pour les alternatives aux pesticides, coordonn\u00e9es par l\u2019association G\u00e9n\u00e9rations futures, vise \u00e0 promouvoir les alternatives aux pesticides. Chaque ann\u00e9e en France et dans le monde entier, des manifestations sur les enjeux sanitaires, environnementaux des pesticides sont organis\u00e9es dans le but d\u2019informer et de sensibiliser le grand public.<\/i><\/p>\n<ul>\n<li class=\"ox-d24e4d133a-MsoNormal\">Retrouvez l&rsquo;ACTU de la commune sur: <a href=\"http:\/\/www.villeurbanne.fr\" target=\"_blank\" rel=\"noopener noreferrer\">http:\/\/www.villeurbanne.fr<\/a><\/li>\n<\/ul>\n","protected":false},"excerpt":{"rendered":"<p>Du 20 au 30 mars 2017, la ville de Villeurbanne s\u2019associe \u00e0 la 12\u00b0 \u00e9dition de la Semaine nationale des alternatives aux pesticides. Pendant les dix premiers jours du printemps, les Villeurbannais(es) deviennent des acteurs incontournables de la sensibilisation \u00e9cologique ! La direction Paysages et nature de la ville de Villeurbanne organise de nombreuses animations [&hellip;]<\/p>\n","protected":false},"author":4,"featured_media":12277,"comment_status":"open","ping_status":"open","sticky":false,"template":"","format":"standard","meta":{"footnotes":""},"categories":[3010,29],"tags":[],"class_list":["post-22611","post","type-post","status-publish","format-standard","has-post-thumbnail","hentry","category-nature-environnement-culture-et-loisirs","category-villeurbanne"],"yoast_head":"<!-- This site is optimized with the Yoast SEO plugin v27.2 - https:\/\/yoast.com\/product\/yoast-seo-wordpress\/ -->\n<title>VILLEURBANNE : Semaine des alternatives aux pesticides. Objectif \u00ab z\u00e9ro phyto \u00bb !<\/title>\n<meta name=\"description\" content=\"VILLEURBANNE : Semaine des alternatives aux pesticides. Objectif \u00ab z\u00e9ro phyto \u00bb !\" \/>\n<meta name=\"robots\" content=\"index, follow, max-snippet:-1, max-image-preview:large, max-video-preview:-1\" \/>\n<link rel=\"canonical\" href=\"https:\/\/newsestlyonnais.fr\/site\/2017\/03\/13\/villeurbanne-semaine-des-alternatives-aux-pesticides-objectif-zero-phyto\/\" \/>\n<meta property=\"og:locale\" content=\"fr_FR\" \/>\n<meta property=\"og:type\" content=\"article\" \/>\n<meta property=\"og:title\" content=\"VILLEURBANNE : Semaine des alternatives aux pesticides. Objectif \u00ab z\u00e9ro phyto \u00bb !\" \/>\n<meta property=\"og:description\" content=\"VILLEURBANNE : Semaine des alternatives aux pesticides. Objectif \u00ab z\u00e9ro phyto \u00bb !\" \/>\n<meta property=\"og:url\" content=\"https:\/\/newsestlyonnais.fr\/site\/2017\/03\/13\/villeurbanne-semaine-des-alternatives-aux-pesticides-objectif-zero-phyto\/\" \/>\n<meta property=\"og:site_name\" content=\"News Est Lyonnais\" \/>\n<meta property=\"article:author\" content=\"https:\/\/www.facebook.com\/pascal.oberson.1?fref=ts\" \/>\n<meta property=\"article:published_time\" content=\"2017-03-13T19:30:40+00:00\" \/>\n<meta property=\"article:modified_time\" content=\"2020-11-17T10:48:55+00:00\" \/>\n<meta property=\"og:image\" content=\"https:\/\/i0.wp.com\/newsestlyonnais.fr\/site\/wp-content\/uploads\/2016\/09\/NEWSESTLYONNAIS-PANNEAUVILLEURBANNE.jpg?fit=1000%2C750&ssl=1\" \/>\n\t<meta property=\"og:image:width\" content=\"1000\" \/>\n\t<meta property=\"og:image:height\" content=\"750\" \/>\n\t<meta property=\"og:image:type\" content=\"image\/jpeg\" \/>\n<meta name=\"author\" content=\"R\u00e9dac. NEWS\" \/>\n<meta name=\"twitter:card\" content=\"summary_large_image\" \/>\n<meta name=\"twitter:label1\" content=\"\u00c9crit par\" \/>\n\t<meta name=\"twitter:data1\" content=\"R\u00e9dac. NEWS\" \/>\n\t<meta name=\"twitter:label2\" content=\"Dur\u00e9e de lecture estim\u00e9e\" \/>\n\t<meta name=\"twitter:data2\" content=\"1 minute\" \/>\n<script type=\"application\/ld+json\" class=\"yoast-schema-graph\">{\"@context\":\"https:\/\/schema.org\",\"@graph\":[{\"@type\":\"Article\",\"@id\":\"https:\/\/newsestlyonnais.fr\/site\/2017\/03\/13\/villeurbanne-semaine-des-alternatives-aux-pesticides-objectif-zero-phyto\/#article\",\"isPartOf\":{\"@id\":\"https:\/\/newsestlyonnais.fr\/site\/2017\/03\/13\/villeurbanne-semaine-des-alternatives-aux-pesticides-objectif-zero-phyto\/\"},\"author\":{\"name\":\"R\u00e9dac. NEWS\",\"@id\":\"https:\/\/newsestlyonnais.fr\/site\/#\/schema\/person\/3230d5615f390bb808365d673001e887\"},\"headline\":\"VILLEURBANNE | Semaine des alternatives aux pesticides. Objectif \u00ab z\u00e9ro phyto \u00bb !\",\"datePublished\":\"2017-03-13T19:30:40+00:00\",\"dateModified\":\"2020-11-17T10:48:55+00:00\",\"mainEntityOfPage\":{\"@id\":\"https:\/\/newsestlyonnais.fr\/site\/2017\/03\/13\/villeurbanne-semaine-des-alternatives-aux-pesticides-objectif-zero-phyto\/\"},\"wordCount\":292,\"commentCount\":0,\"publisher\":{\"@id\":\"https:\/\/newsestlyonnais.fr\/site\/#organization\"},\"image\":{\"@id\":\"https:\/\/newsestlyonnais.fr\/site\/2017\/03\/13\/villeurbanne-semaine-des-alternatives-aux-pesticides-objectif-zero-phyto\/#primaryimage\"},\"thumbnailUrl\":\"https:\/\/newsestlyonnais.fr\/site\/wp-content\/uploads\/2016\/09\/NEWSESTLYONNAIS-PANNEAUVILLEURBANNE.jpg\",\"articleSection\":[\"Nature | Environnement | Chasse\",\"Villeurbanne\"],\"inLanguage\":\"fr-FR\",\"potentialAction\":[{\"@type\":\"CommentAction\",\"name\":\"Comment\",\"target\":[\"https:\/\/newsestlyonnais.fr\/site\/2017\/03\/13\/villeurbanne-semaine-des-alternatives-aux-pesticides-objectif-zero-phyto\/#respond\"]}]},{\"@type\":\"WebPage\",\"@id\":\"https:\/\/newsestlyonnais.fr\/site\/2017\/03\/13\/villeurbanne-semaine-des-alternatives-aux-pesticides-objectif-zero-phyto\/\",\"url\":\"https:\/\/newsestlyonnais.fr\/site\/2017\/03\/13\/villeurbanne-semaine-des-alternatives-aux-pesticides-objectif-zero-phyto\/\",\"name\":\"VILLEURBANNE : Semaine des alternatives aux pesticides. Objectif \u00ab z\u00e9ro phyto \u00bb !\",\"isPartOf\":{\"@id\":\"https:\/\/newsestlyonnais.fr\/site\/#website\"},\"primaryImageOfPage\":{\"@id\":\"https:\/\/newsestlyonnais.fr\/site\/2017\/03\/13\/villeurbanne-semaine-des-alternatives-aux-pesticides-objectif-zero-phyto\/#primaryimage\"},\"image\":{\"@id\":\"https:\/\/newsestlyonnais.fr\/site\/2017\/03\/13\/villeurbanne-semaine-des-alternatives-aux-pesticides-objectif-zero-phyto\/#primaryimage\"},\"thumbnailUrl\":\"https:\/\/newsestlyonnais.fr\/site\/wp-content\/uploads\/2016\/09\/NEWSESTLYONNAIS-PANNEAUVILLEURBANNE.jpg\",\"datePublished\":\"2017-03-13T19:30:40+00:00\",\"dateModified\":\"2020-11-17T10:48:55+00:00\",\"description\":\"VILLEURBANNE : Semaine des alternatives aux pesticides. Objectif \u00ab z\u00e9ro phyto \u00bb !\",\"breadcrumb\":{\"@id\":\"https:\/\/newsestlyonnais.fr\/site\/2017\/03\/13\/villeurbanne-semaine-des-alternatives-aux-pesticides-objectif-zero-phyto\/#breadcrumb\"},\"inLanguage\":\"fr-FR\",\"potentialAction\":[{\"@type\":\"ReadAction\",\"target\":[\"https:\/\/newsestlyonnais.fr\/site\/2017\/03\/13\/villeurbanne-semaine-des-alternatives-aux-pesticides-objectif-zero-phyto\/\"]}]},{\"@type\":\"ImageObject\",\"inLanguage\":\"fr-FR\",\"@id\":\"https:\/\/newsestlyonnais.fr\/site\/2017\/03\/13\/villeurbanne-semaine-des-alternatives-aux-pesticides-objectif-zero-phyto\/#primaryimage\",\"url\":\"https:\/\/newsestlyonnais.fr\/site\/wp-content\/uploads\/2016\/09\/NEWSESTLYONNAIS-PANNEAUVILLEURBANNE.jpg\",\"contentUrl\":\"https:\/\/newsestlyonnais.fr\/site\/wp-content\/uploads\/2016\/09\/NEWSESTLYONNAIS-PANNEAUVILLEURBANNE.jpg\",\"width\":1000,\"height\":750,\"caption\":\"newsestlyonnais-panneauvilleurbanne\"},{\"@type\":\"BreadcrumbList\",\"@id\":\"https:\/\/newsestlyonnais.fr\/site\/2017\/03\/13\/villeurbanne-semaine-des-alternatives-aux-pesticides-objectif-zero-phyto\/#breadcrumb\",\"itemListElement\":[{\"@type\":\"ListItem\",\"position\":1,\"name\":\"Accueil\",\"item\":\"https:\/\/newsestlyonnais.fr\/site\/\"},{\"@type\":\"ListItem\",\"position\":2,\"name\":\"VILLEURBANNE | Semaine des alternatives aux pesticides. Objectif \u00ab z\u00e9ro phyto \u00bb !\"}]},{\"@type\":\"WebSite\",\"@id\":\"https:\/\/newsestlyonnais.fr\/site\/#website\",\"url\":\"https:\/\/newsestlyonnais.fr\/site\/\",\"name\":\"News Est Lyonnais\",\"description\":\"L&#039;actualit\u00e9 au plus pr\u00e8s\",\"publisher\":{\"@id\":\"https:\/\/newsestlyonnais.fr\/site\/#organization\"},\"potentialAction\":[{\"@type\":\"SearchAction\",\"target\":{\"@type\":\"EntryPoint\",\"urlTemplate\":\"https:\/\/newsestlyonnais.fr\/site\/?s={search_term_string}\"},\"query-input\":{\"@type\":\"PropertyValueSpecification\",\"valueRequired\":true,\"valueName\":\"search_term_string\"}}],\"inLanguage\":\"fr-FR\"},{\"@type\":\"Organization\",\"@id\":\"https:\/\/newsestlyonnais.fr\/site\/#organization\",\"name\":\"News EST LYONNAIS\",\"url\":\"https:\/\/newsestlyonnais.fr\/site\/\",\"logo\":{\"@type\":\"ImageObject\",\"inLanguage\":\"fr-FR\",\"@id\":\"https:\/\/newsestlyonnais.fr\/site\/#\/schema\/logo\/image\/\",\"url\":\"\",\"contentUrl\":\"\",\"caption\":\"News EST LYONNAIS\"},\"image\":{\"@id\":\"https:\/\/newsestlyonnais.fr\/site\/#\/schema\/logo\/image\/\"}},{\"@type\":\"Person\",\"@id\":\"https:\/\/newsestlyonnais.fr\/site\/#\/schema\/person\/3230d5615f390bb808365d673001e887\",\"name\":\"R\u00e9dac. NEWS\",\"sameAs\":[\"http:\/\/www.newsestlyonnais.fr\",\"https:\/\/www.facebook.com\/pascal.oberson.1?fref=ts\",\"https:\/\/fr.linkedin.com\/in\/pascal-oberson-b17045113\"],\"url\":\"https:\/\/newsestlyonnais.fr\/site\/author\/nel\/\"}]}<\/script>\n<!-- \/ Yoast SEO plugin. -->","yoast_head_json":{"title":"VILLEURBANNE : Semaine des alternatives aux pesticides. Objectif \u00ab z\u00e9ro phyto \u00bb !","description":"VILLEURBANNE : Semaine des alternatives aux pesticides. Objectif \u00ab z\u00e9ro phyto \u00bb !","robots":{"index":"index","follow":"follow","max-snippet":"max-snippet:-1","max-image-preview":"max-image-preview:large","max-video-preview":"max-video-preview:-1"},"canonical":"https:\/\/newsestlyonnais.fr\/site\/2017\/03\/13\/villeurbanne-semaine-des-alternatives-aux-pesticides-objectif-zero-phyto\/","og_locale":"fr_FR","og_type":"article","og_title":"VILLEURBANNE : Semaine des alternatives aux pesticides. Objectif \u00ab z\u00e9ro phyto \u00bb !","og_description":"VILLEURBANNE : Semaine des alternatives aux pesticides. Objectif \u00ab z\u00e9ro phyto \u00bb !","og_url":"https:\/\/newsestlyonnais.fr\/site\/2017\/03\/13\/villeurbanne-semaine-des-alternatives-aux-pesticides-objectif-zero-phyto\/","og_site_name":"News Est Lyonnais","article_author":"https:\/\/www.facebook.com\/pascal.oberson.1?fref=ts","article_published_time":"2017-03-13T19:30:40+00:00","article_modified_time":"2020-11-17T10:48:55+00:00","og_image":[{"width":1000,"height":750,"url":"https:\/\/i0.wp.com\/newsestlyonnais.fr\/site\/wp-content\/uploads\/2016\/09\/NEWSESTLYONNAIS-PANNEAUVILLEURBANNE.jpg?fit=1000%2C750&ssl=1","type":"image\/jpeg"}],"author":"R\u00e9dac. NEWS","twitter_card":"summary_large_image","twitter_misc":{"\u00c9crit par":"R\u00e9dac. NEWS","Dur\u00e9e de lecture estim\u00e9e":"1 minute"},"schema":{"@context":"https:\/\/schema.org","@graph":[{"@type":"Article","@id":"https:\/\/newsestlyonnais.fr\/site\/2017\/03\/13\/villeurbanne-semaine-des-alternatives-aux-pesticides-objectif-zero-phyto\/#article","isPartOf":{"@id":"https:\/\/newsestlyonnais.fr\/site\/2017\/03\/13\/villeurbanne-semaine-des-alternatives-aux-pesticides-objectif-zero-phyto\/"},"author":{"name":"R\u00e9dac. NEWS","@id":"https:\/\/newsestlyonnais.fr\/site\/#\/schema\/person\/3230d5615f390bb808365d673001e887"},"headline":"VILLEURBANNE | Semaine des alternatives aux pesticides. Objectif \u00ab z\u00e9ro phyto \u00bb !","datePublished":"2017-03-13T19:30:40+00:00","dateModified":"2020-11-17T10:48:55+00:00","mainEntityOfPage":{"@id":"https:\/\/newsestlyonnais.fr\/site\/2017\/03\/13\/villeurbanne-semaine-des-alternatives-aux-pesticides-objectif-zero-phyto\/"},"wordCount":292,"commentCount":0,"publisher":{"@id":"https:\/\/newsestlyonnais.fr\/site\/#organization"},"image":{"@id":"https:\/\/newsestlyonnais.fr\/site\/2017\/03\/13\/villeurbanne-semaine-des-alternatives-aux-pesticides-objectif-zero-phyto\/#primaryimage"},"thumbnailUrl":"https:\/\/newsestlyonnais.fr\/site\/wp-content\/uploads\/2016\/09\/NEWSESTLYONNAIS-PANNEAUVILLEURBANNE.jpg","articleSection":["Nature | Environnement | Chasse","Villeurbanne"],"inLanguage":"fr-FR","potentialAction":[{"@type":"CommentAction","name":"Comment","target":["https:\/\/newsestlyonnais.fr\/site\/2017\/03\/13\/villeurbanne-semaine-des-alternatives-aux-pesticides-objectif-zero-phyto\/#respond"]}]},{"@type":"WebPage","@id":"https:\/\/newsestlyonnais.fr\/site\/2017\/03\/13\/villeurbanne-semaine-des-alternatives-aux-pesticides-objectif-zero-phyto\/","url":"https:\/\/newsestlyonnais.fr\/site\/2017\/03\/13\/villeurbanne-semaine-des-alternatives-aux-pesticides-objectif-zero-phyto\/","name":"VILLEURBANNE : Semaine des alternatives aux pesticides. Objectif \u00ab z\u00e9ro phyto \u00bb !","isPartOf":{"@id":"https:\/\/newsestlyonnais.fr\/site\/#website"},"primaryImageOfPage":{"@id":"https:\/\/newsestlyonnais.fr\/site\/2017\/03\/13\/villeurbanne-semaine-des-alternatives-aux-pesticides-objectif-zero-phyto\/#primaryimage"},"image":{"@id":"https:\/\/newsestlyonnais.fr\/site\/2017\/03\/13\/villeurbanne-semaine-des-alternatives-aux-pesticides-objectif-zero-phyto\/#primaryimage"},"thumbnailUrl":"https:\/\/newsestlyonnais.fr\/site\/wp-content\/uploads\/2016\/09\/NEWSESTLYONNAIS-PANNEAUVILLEURBANNE.jpg","datePublished":"2017-03-13T19:30:40+00:00","dateModified":"2020-11-17T10:48:55+00:00","description":"VILLEURBANNE : Semaine des alternatives aux pesticides. Objectif \u00ab z\u00e9ro phyto \u00bb !","breadcrumb":{"@id":"https:\/\/newsestlyonnais.fr\/site\/2017\/03\/13\/villeurbanne-semaine-des-alternatives-aux-pesticides-objectif-zero-phyto\/#breadcrumb"},"inLanguage":"fr-FR","potentialAction":[{"@type":"ReadAction","target":["https:\/\/newsestlyonnais.fr\/site\/2017\/03\/13\/villeurbanne-semaine-des-alternatives-aux-pesticides-objectif-zero-phyto\/"]}]},{"@type":"ImageObject","inLanguage":"fr-FR","@id":"https:\/\/newsestlyonnais.fr\/site\/2017\/03\/13\/villeurbanne-semaine-des-alternatives-aux-pesticides-objectif-zero-phyto\/#primaryimage","url":"https:\/\/newsestlyonnais.fr\/site\/wp-content\/uploads\/2016\/09\/NEWSESTLYONNAIS-PANNEAUVILLEURBANNE.jpg","contentUrl":"https:\/\/newsestlyonnais.fr\/site\/wp-content\/uploads\/2016\/09\/NEWSESTLYONNAIS-PANNEAUVILLEURBANNE.jpg","width":1000,"height":750,"caption":"newsestlyonnais-panneauvilleurbanne"},{"@type":"BreadcrumbList","@id":"https:\/\/newsestlyonnais.fr\/site\/2017\/03\/13\/villeurbanne-semaine-des-alternatives-aux-pesticides-objectif-zero-phyto\/#breadcrumb","itemListElement":[{"@type":"ListItem","position":1,"name":"Accueil","item":"https:\/\/newsestlyonnais.fr\/site\/"},{"@type":"ListItem","position":2,"name":"VILLEURBANNE | Semaine des alternatives aux pesticides. Objectif \u00ab z\u00e9ro phyto \u00bb !"}]},{"@type":"WebSite","@id":"https:\/\/newsestlyonnais.fr\/site\/#website","url":"https:\/\/newsestlyonnais.fr\/site\/","name":"News Est Lyonnais","description":"L&#039;actualit\u00e9 au plus pr\u00e8s","publisher":{"@id":"https:\/\/newsestlyonnais.fr\/site\/#organization"},"potentialAction":[{"@type":"SearchAction","target":{"@type":"EntryPoint","urlTemplate":"https:\/\/newsestlyonnais.fr\/site\/?s={search_term_string}"},"query-input":{"@type":"PropertyValueSpecification","valueRequired":true,"valueName":"search_term_string"}}],"inLanguage":"fr-FR"},{"@type":"Organization","@id":"https:\/\/newsestlyonnais.fr\/site\/#organization","name":"News EST LYONNAIS","url":"https:\/\/newsestlyonnais.fr\/site\/","logo":{"@type":"ImageObject","inLanguage":"fr-FR","@id":"https:\/\/newsestlyonnais.fr\/site\/#\/schema\/logo\/image\/","url":"","contentUrl":"","caption":"News EST LYONNAIS"},"image":{"@id":"https:\/\/newsestlyonnais.fr\/site\/#\/schema\/logo\/image\/"}},{"@type":"Person","@id":"https:\/\/newsestlyonnais.fr\/site\/#\/schema\/person\/3230d5615f390bb808365d673001e887","name":"R\u00e9dac. NEWS","sameAs":["http:\/\/www.newsestlyonnais.fr","https:\/\/www.facebook.com\/pascal.oberson.1?fref=ts","https:\/\/fr.linkedin.com\/in\/pascal-oberson-b17045113"],"url":"https:\/\/newsestlyonnais.fr\/site\/author\/nel\/"}]}},"_links":{"self":[{"href":"https:\/\/newsestlyonnais.fr\/site\/wp-json\/wp\/v2\/posts\/22611","targetHints":{"allow":["GET"]}}],"collection":[{"href":"https:\/\/newsestlyonnais.fr\/site\/wp-json\/wp\/v2\/posts"}],"about":[{"href":"https:\/\/newsestlyonnais.fr\/site\/wp-json\/wp\/v2\/types\/post"}],"author":[{"embeddable":true,"href":"https:\/\/newsestlyonnais.fr\/site\/wp-json\/wp\/v2\/users\/4"}],"replies":[{"embeddable":true,"href":"https:\/\/newsestlyonnais.fr\/site\/wp-json\/wp\/v2\/comments?post=22611"}],"version-history":[{"count":0,"href":"https:\/\/newsestlyonnais.fr\/site\/wp-json\/wp\/v2\/posts\/22611\/revisions"}],"wp:featuredmedia":[{"embeddable":true,"href":"https:\/\/newsestlyonnais.fr\/site\/wp-json\/wp\/v2\/media\/12277"}],"wp:attachment":[{"href":"https:\/\/newsestlyonnais.fr\/site\/wp-json\/wp\/v2\/media?parent=22611"}],"wp:term":[{"taxonomy":"category","embeddable":true,"href":"https:\/\/newsestlyonnais.fr\/site\/wp-json\/wp\/v2\/categories?post=22611"},{"taxonomy":"post_tag","embeddable":true,"href":"https:\/\/newsestlyonnais.fr\/site\/wp-json\/wp\/v2\/tags?post=22611"}],"curies":[{"name":"wp","href":"https:\/\/api.w.org\/{rel}","templated":true}]}}