{"id":22627,"date":"2017-03-14T07:46:45","date_gmt":"2017-03-14T06:46:45","guid":{"rendered":"http:\/\/newsestlyonnais.fr\/site\/?p=22627"},"modified":"2020-11-19T16:38:20","modified_gmt":"2020-11-19T15:38:20","slug":"les-communes-du-departement-equipees-dun-dispositif-de-recueil-des-demandes-de-cni","status":"publish","type":"post","link":"https:\/\/newsestlyonnais.fr\/site\/2017\/03\/14\/les-communes-du-departement-equipees-dun-dispositif-de-recueil-des-demandes-de-cni\/","title":{"rendered":"Les communes du d\u00e9partement \u00e9quip\u00e9es d\u2019un dispositif de recueil des demandes de CNI"},"content":{"rendered":"<h4 class=\"cleaner\">\u00a0De nouvelles modalit\u00e9s de d\u00e9livrance des Cartes Nationales d&rsquo;Identit\u00e9 (CNI) seront mises en place \u00e0 partir du 21 mars 2017.<\/h4>\n<p>Les demandes de cartes seront d\u00e9sormais trait\u00e9es selon des modalit\u00e9s align\u00e9es sur la proc\u00e9dure en vigueur pour les passeports biom\u00e9triques.<\/p>\n<p><b>Vous pourrez effectuer une demande de carte nationale d\u2019identit\u00e9 dans l\u2019une des 36 communes du d\u00e9partement \u00e9quip\u00e9e d\u2019un dispositif de recueil.<\/b><\/p>\n<ul>\n<li><span style=\"text-decoration: underline\">Voici la liste des 36 communes du d\u00e9partement \u00e9quip\u00e9es, avec les adresses des mairies<\/span>:<\/li>\n<\/ul>\n<div><strong>ANSE<\/strong> : Place du G\u00e9n\u00e9ral de Gaulle<\/div>\n<div><strong>BEAUJEU<\/strong> : Place de l&rsquo;H\u00f4tel de Ville<\/div>\n<div><strong>BELLEVILLE<\/strong> : 107 Rue de la R\u00e9publique CS 30010<\/div>\n<div><strong>BRON<\/strong> : Place Weingarten BP 12<\/div>\n<div><strong>CALUIRE ET CUIRE<\/strong> : Place du Docteur Fr\u00e9d\u00e9ric Dugoujon<\/div>\n<div><strong>DECINES CHARPIEU<\/strong> :Place Roger Salengro BP 175<\/div>\n<div><strong>ECULLY<\/strong> : Place de la Lib\u00e9ration<\/div>\n<div>\n<div><strong>GIVORS<\/strong> : Place Henri Barbusse &amp; <span style=\"text-decoration: underline\">Mairie annexe<\/span> Place Charles de Gaulle<\/div>\n<div><strong>GLEIZE<\/strong> : Place de la Mairie BP 309<\/div>\n<div><strong>LAMURE SUR AZERGUES<\/strong> : Place de la Mairie Le bourg<\/div>\n<div><strong>L&rsquo;ARBRESLE<\/strong> : Place Pierre Marie Durand BP 66<\/div>\n<\/div>\n<div>\n<div><strong>LIMONEST<\/strong> : 225, avenue du G\u00e9n\u00e9ral de Gaulle<\/div>\n<div><strong>LYON 1<\/strong> : 2, place Sathonay<\/div>\n<div><strong>LYON 2<\/strong> : 2 rue d\u2019Enghien<\/div>\n<div><strong>LYON 3<\/strong> : 215 rue Duguesclin<\/div>\n<div><strong>LYON 4<\/strong> : 133 Boulevard de la Croix Rousse<\/div>\n<div>\n<div><strong>LYON 5<\/strong> : Point du Jour: 14 rue Docteur Edmond Locard &amp; <span style=\"text-decoration: underline\">Mairie annexe<\/span> : 5 place du Petit Coll\u00e8ge<\/div>\n<div><strong>LYON 6<\/strong> : 58 rue de S\u00e8ze<\/div>\n<div><strong>LYON 7<\/strong> : 16 place Jean Mac\u00e9<\/div>\n<\/div>\n<div>\n<div><strong>LYON 8<\/strong> : 12 avenue Jean Mermoz<\/div>\n<div>\n<div><strong>LYON 9<\/strong> : 6 place du March\u00e9 &amp; <span style=\"text-decoration: underline\">Mairie annexe<\/span>: La Duch\u00e8re : 5 avenue du Plateau<\/div>\n<div>\n<div><strong>MESSIMY<\/strong> : 8 avenue des Alpes<\/div>\n<div><strong>MEYZIEU<\/strong> : Place de l&rsquo;Europe BP 122<\/div>\n<div><strong>MONSOLS<\/strong> : rue de l\u2019H\u00f4tel de Ville<\/div>\n<div><strong>MORNANT<\/strong> : rue Henri IV<\/div>\n<\/div>\n<div><strong>NEUVILLE SUR SAONE<\/strong> : Place du 8 Mai<\/div>\n<div><strong>OULLINS<\/strong> : Place Roger Salengro BP 87<\/div>\n<div><strong>RILLIEUX LA PAPE<\/strong> : 165 rue Amp\u00e8re BP 111 &amp; <span style=\"text-decoration: underline\">Mairie annexe<\/span>: Place Fran\u00e7ois Carrellas \u00e0 Cr\u00e9pieux<\/div>\n<div>\n<div>\n<div><strong>SAINT CYR AU MONT D\u2019OR<\/strong> : 13 rue Jean et Catherine Reynier<\/div>\n<div><strong>SAINT GENIS LAVAL<\/strong> :106 Avenue Cl\u00e9menceau BP 80<\/div>\n<div><strong>SAINT LAURENT DE CHAMOUSSET<\/strong> :Rue de Lyon<\/div>\n<div><strong>SAINT PRIEST<\/strong> : 14 Place Charles Ottina BP 330<\/div>\n<\/div>\n<div>\n<div>\n<div>\n<div><strong>SAINT SYMPHORIEN SUR COISE<\/strong> : 90 place du march\u00e9<\/div>\n<div><strong>SAINT SYMPHORIEN D\u2019OZON<\/strong> : 24 rue Centrale<\/div>\n<\/div>\n<div><strong>SAINTE FOY LES LYON<\/strong> : 10 rue Deshayes<\/div>\n<div>\n<div><strong>TARARE<\/strong> : 57 rue de la R\u00e9publique BP 40149<\/div>\n<div><strong>TASSIN LA DEMI LUNE<\/strong>: Place Hippolyte Peragut<\/div>\n<div>\n<div><strong>THIZY<\/strong> : Parc Charles Moncorg\u00e9<\/div>\n<div>\n<div><strong>VAL D&rsquo;OINGT<\/strong> : 1 Avenue du 8 Mai 1945 Le Bois D&rsquo;Oingt<\/div>\n<div>\n<div><strong>VAUGNERAY<\/strong> :1 Place de la Mairie BP 1<\/div>\n<div><strong>VAULX EN VELIN<\/strong> : Place de la Nation BP 30<\/div>\n<div><strong>VENISSIEUX<\/strong>: 5 avenue Marcel Houel &amp; <span style=\"text-decoration: underline\">Mairie Annexe: Moulin \u00e0 Vent<\/span> : 44 rue Ernest Renan &amp; <span style=\"text-decoration: underline\">Annexe V\u00e9nissy<\/span>: 19 avenue Jean Cagne<\/div>\n<div>\n<div><strong>VILLEFRANCHE SUR SAONE<\/strong> : 183 Rue de la Paix BP 41<\/div>\n<div>\n<div><strong>VILLEURBANNE<\/strong> : Place du Docteur Lazare Goujon BP 5051 &amp; <span style=\"text-decoration: underline\">Mairie annexe: MSP des Buers<\/span> : 37A rue du 8 mai 1945 &amp; <span style=\"text-decoration: underline\">Mairie annexe du Tonkin<\/span> : 4 all\u00e9e Henri-Georges Clouzot<\/div>\n<\/div>\n<div><\/div>\n<\/div>\n<div><strong><em>SOURCE:\u00a0 PREFECTURE DU RHONE<\/em> <\/strong><\/div>\n<\/div>\n<\/div>\n<\/div>\n<\/div>\n<div><\/div>\n<div><\/div>\n<div><\/div>\n<\/div>\n<\/div>\n<\/div>\n<\/div>\n<\/div>\n<div><\/div>\n<\/div>\n","protected":false},"excerpt":{"rendered":"<p>\u00a0De nouvelles modalit\u00e9s de d\u00e9livrance des Cartes Nationales d&rsquo;Identit\u00e9 (CNI) seront mises en place \u00e0 partir du 21 mars 2017. Les demandes de cartes seront d\u00e9sormais trait\u00e9es selon des modalit\u00e9s align\u00e9es sur la proc\u00e9dure en vigueur pour les passeports biom\u00e9triques. Vous pourrez effectuer une demande de carte nationale d\u2019identit\u00e9 dans l\u2019une des 36 communes du [&hellip;]<\/p>\n","protected":false},"author":4,"featured_media":22628,"comment_status":"open","ping_status":"open","sticky":false,"template":"","format":"standard","meta":{"footnotes":""},"categories":[19,1287,21,2172,24,1296,28,1298,29],"tags":[],"class_list":["post-22627","post","type-post","status-publish","format-standard","has-post-thumbnail","hentry","category-bron","category-corbas-feyzin","category-decines-charpieu","category-informatique-numerique","category-meyzieu","category-sain-priest","category-vaulx-en-velin","category-venissieux","category-villeurbanne"],"yoast_head":"<!-- This site is optimized with the Yoast SEO plugin v27.2 - https:\/\/yoast.com\/product\/yoast-seo-wordpress\/ -->\n<title>Les communes du d\u00e9partement \u00e9quip\u00e9es d\u2019un dispositif de recueil des demandes de CNI<\/title>\n<meta name=\"description\" content=\"Les communes du d\u00e9partement \u00e9quip\u00e9es d\u2019un dispositif de recueil des demandes de CNI\" \/>\n<meta name=\"robots\" content=\"index, follow, max-snippet:-1, max-image-preview:large, max-video-preview:-1\" \/>\n<link rel=\"canonical\" href=\"https:\/\/newsestlyonnais.fr\/site\/2017\/03\/14\/les-communes-du-departement-equipees-dun-dispositif-de-recueil-des-demandes-de-cni\/\" \/>\n<meta property=\"og:locale\" content=\"fr_FR\" \/>\n<meta property=\"og:type\" content=\"article\" \/>\n<meta property=\"og:title\" content=\"Les communes du d\u00e9partement \u00e9quip\u00e9es d\u2019un dispositif de recueil des demandes de CNI\" \/>\n<meta property=\"og:description\" content=\"Les communes du d\u00e9partement \u00e9quip\u00e9es d\u2019un dispositif de recueil des demandes de CNI\" \/>\n<meta property=\"og:url\" content=\"https:\/\/newsestlyonnais.fr\/site\/2017\/03\/14\/les-communes-du-departement-equipees-dun-dispositif-de-recueil-des-demandes-de-cni\/\" \/>\n<meta property=\"og:site_name\" content=\"News Est Lyonnais\" \/>\n<meta property=\"article:author\" content=\"https:\/\/www.facebook.com\/pascal.oberson.1?fref=ts\" \/>\n<meta property=\"article:published_time\" content=\"2017-03-14T06:46:45+00:00\" \/>\n<meta property=\"article:modified_time\" content=\"2020-11-19T15:38:20+00:00\" \/>\n<meta property=\"og:image\" content=\"https:\/\/i1.wp.com\/newsestlyonnais.fr\/site\/wp-content\/uploads\/2017\/03\/NEWSESTLYONNAIS-CNI.jpg?fit=1000%2C750&ssl=1\" \/>\n\t<meta property=\"og:image:width\" content=\"1000\" \/>\n\t<meta property=\"og:image:height\" content=\"750\" \/>\n\t<meta property=\"og:image:type\" content=\"image\/jpeg\" \/>\n<meta name=\"author\" content=\"R\u00e9dac. NEWS\" \/>\n<meta name=\"twitter:card\" content=\"summary_large_image\" \/>\n<meta name=\"twitter:label1\" content=\"\u00c9crit par\" \/>\n\t<meta name=\"twitter:data1\" content=\"R\u00e9dac. NEWS\" \/>\n\t<meta name=\"twitter:label2\" content=\"Dur\u00e9e de lecture estim\u00e9e\" \/>\n\t<meta name=\"twitter:data2\" content=\"2 minutes\" \/>\n<script type=\"application\/ld+json\" class=\"yoast-schema-graph\">{\"@context\":\"https:\/\/schema.org\",\"@graph\":[{\"@type\":\"Article\",\"@id\":\"https:\/\/newsestlyonnais.fr\/site\/2017\/03\/14\/les-communes-du-departement-equipees-dun-dispositif-de-recueil-des-demandes-de-cni\/#article\",\"isPartOf\":{\"@id\":\"https:\/\/newsestlyonnais.fr\/site\/2017\/03\/14\/les-communes-du-departement-equipees-dun-dispositif-de-recueil-des-demandes-de-cni\/\"},\"author\":{\"name\":\"R\u00e9dac. NEWS\",\"@id\":\"https:\/\/newsestlyonnais.fr\/site\/#\/schema\/person\/3230d5615f390bb808365d673001e887\"},\"headline\":\"Les communes du d\u00e9partement \u00e9quip\u00e9es d\u2019un dispositif de recueil des demandes de CNI\",\"datePublished\":\"2017-03-14T06:46:45+00:00\",\"dateModified\":\"2020-11-19T15:38:20+00:00\",\"mainEntityOfPage\":{\"@id\":\"https:\/\/newsestlyonnais.fr\/site\/2017\/03\/14\/les-communes-du-departement-equipees-dun-dispositif-de-recueil-des-demandes-de-cni\/\"},\"wordCount\":448,\"commentCount\":0,\"publisher\":{\"@id\":\"https:\/\/newsestlyonnais.fr\/site\/#organization\"},\"image\":{\"@id\":\"https:\/\/newsestlyonnais.fr\/site\/2017\/03\/14\/les-communes-du-departement-equipees-dun-dispositif-de-recueil-des-demandes-de-cni\/#primaryimage\"},\"thumbnailUrl\":\"https:\/\/newsestlyonnais.fr\/site\/wp-content\/uploads\/2017\/03\/NEWSESTLYONNAIS-CNI.jpg\",\"articleSection\":[\"Bron\",\"Corbas | Feyzin\",\"D\u00e9cines-Charpieu\",\"Informatique | Num\u00e9rique\",\"Meyzieu\",\"Saint-Priest\",\"Vaulx-en-Velin\",\"V\u00e9nissieux\",\"Villeurbanne\"],\"inLanguage\":\"fr-FR\",\"potentialAction\":[{\"@type\":\"CommentAction\",\"name\":\"Comment\",\"target\":[\"https:\/\/newsestlyonnais.fr\/site\/2017\/03\/14\/les-communes-du-departement-equipees-dun-dispositif-de-recueil-des-demandes-de-cni\/#respond\"]}]},{\"@type\":\"WebPage\",\"@id\":\"https:\/\/newsestlyonnais.fr\/site\/2017\/03\/14\/les-communes-du-departement-equipees-dun-dispositif-de-recueil-des-demandes-de-cni\/\",\"url\":\"https:\/\/newsestlyonnais.fr\/site\/2017\/03\/14\/les-communes-du-departement-equipees-dun-dispositif-de-recueil-des-demandes-de-cni\/\",\"name\":\"Les communes du d\u00e9partement \u00e9quip\u00e9es d\u2019un dispositif de recueil des demandes de CNI\",\"isPartOf\":{\"@id\":\"https:\/\/newsestlyonnais.fr\/site\/#website\"},\"primaryImageOfPage\":{\"@id\":\"https:\/\/newsestlyonnais.fr\/site\/2017\/03\/14\/les-communes-du-departement-equipees-dun-dispositif-de-recueil-des-demandes-de-cni\/#primaryimage\"},\"image\":{\"@id\":\"https:\/\/newsestlyonnais.fr\/site\/2017\/03\/14\/les-communes-du-departement-equipees-dun-dispositif-de-recueil-des-demandes-de-cni\/#primaryimage\"},\"thumbnailUrl\":\"https:\/\/newsestlyonnais.fr\/site\/wp-content\/uploads\/2017\/03\/NEWSESTLYONNAIS-CNI.jpg\",\"datePublished\":\"2017-03-14T06:46:45+00:00\",\"dateModified\":\"2020-11-19T15:38:20+00:00\",\"description\":\"Les communes du d\u00e9partement \u00e9quip\u00e9es d\u2019un dispositif de recueil des demandes de CNI\",\"breadcrumb\":{\"@id\":\"https:\/\/newsestlyonnais.fr\/site\/2017\/03\/14\/les-communes-du-departement-equipees-dun-dispositif-de-recueil-des-demandes-de-cni\/#breadcrumb\"},\"inLanguage\":\"fr-FR\",\"potentialAction\":[{\"@type\":\"ReadAction\",\"target\":[\"https:\/\/newsestlyonnais.fr\/site\/2017\/03\/14\/les-communes-du-departement-equipees-dun-dispositif-de-recueil-des-demandes-de-cni\/\"]}]},{\"@type\":\"ImageObject\",\"inLanguage\":\"fr-FR\",\"@id\":\"https:\/\/newsestlyonnais.fr\/site\/2017\/03\/14\/les-communes-du-departement-equipees-dun-dispositif-de-recueil-des-demandes-de-cni\/#primaryimage\",\"url\":\"https:\/\/newsestlyonnais.fr\/site\/wp-content\/uploads\/2017\/03\/NEWSESTLYONNAIS-CNI.jpg\",\"contentUrl\":\"https:\/\/newsestlyonnais.fr\/site\/wp-content\/uploads\/2017\/03\/NEWSESTLYONNAIS-CNI.jpg\",\"width\":1000,\"height\":750,\"caption\":\"NEWSESTLYONNAIS CNI\"},{\"@type\":\"BreadcrumbList\",\"@id\":\"https:\/\/newsestlyonnais.fr\/site\/2017\/03\/14\/les-communes-du-departement-equipees-dun-dispositif-de-recueil-des-demandes-de-cni\/#breadcrumb\",\"itemListElement\":[{\"@type\":\"ListItem\",\"position\":1,\"name\":\"Accueil\",\"item\":\"https:\/\/newsestlyonnais.fr\/site\/\"},{\"@type\":\"ListItem\",\"position\":2,\"name\":\"Les communes du d\u00e9partement \u00e9quip\u00e9es d\u2019un dispositif de recueil des demandes de CNI\"}]},{\"@type\":\"WebSite\",\"@id\":\"https:\/\/newsestlyonnais.fr\/site\/#website\",\"url\":\"https:\/\/newsestlyonnais.fr\/site\/\",\"name\":\"News Est Lyonnais\",\"description\":\"L&#039;actualit\u00e9 au plus pr\u00e8s\",\"publisher\":{\"@id\":\"https:\/\/newsestlyonnais.fr\/site\/#organization\"},\"potentialAction\":[{\"@type\":\"SearchAction\",\"target\":{\"@type\":\"EntryPoint\",\"urlTemplate\":\"https:\/\/newsestlyonnais.fr\/site\/?s={search_term_string}\"},\"query-input\":{\"@type\":\"PropertyValueSpecification\",\"valueRequired\":true,\"valueName\":\"search_term_string\"}}],\"inLanguage\":\"fr-FR\"},{\"@type\":\"Organization\",\"@id\":\"https:\/\/newsestlyonnais.fr\/site\/#organization\",\"name\":\"News EST LYONNAIS\",\"url\":\"https:\/\/newsestlyonnais.fr\/site\/\",\"logo\":{\"@type\":\"ImageObject\",\"inLanguage\":\"fr-FR\",\"@id\":\"https:\/\/newsestlyonnais.fr\/site\/#\/schema\/logo\/image\/\",\"url\":\"\",\"contentUrl\":\"\",\"caption\":\"News EST LYONNAIS\"},\"image\":{\"@id\":\"https:\/\/newsestlyonnais.fr\/site\/#\/schema\/logo\/image\/\"}},{\"@type\":\"Person\",\"@id\":\"https:\/\/newsestlyonnais.fr\/site\/#\/schema\/person\/3230d5615f390bb808365d673001e887\",\"name\":\"R\u00e9dac. NEWS\",\"sameAs\":[\"http:\/\/www.newsestlyonnais.fr\",\"https:\/\/www.facebook.com\/pascal.oberson.1?fref=ts\",\"https:\/\/fr.linkedin.com\/in\/pascal-oberson-b17045113\"],\"url\":\"https:\/\/newsestlyonnais.fr\/site\/author\/nel\/\"}]}<\/script>\n<!-- \/ Yoast SEO plugin. -->","yoast_head_json":{"title":"Les communes du d\u00e9partement \u00e9quip\u00e9es d\u2019un dispositif de recueil des demandes de CNI","description":"Les communes du d\u00e9partement \u00e9quip\u00e9es d\u2019un dispositif de recueil des demandes de CNI","robots":{"index":"index","follow":"follow","max-snippet":"max-snippet:-1","max-image-preview":"max-image-preview:large","max-video-preview":"max-video-preview:-1"},"canonical":"https:\/\/newsestlyonnais.fr\/site\/2017\/03\/14\/les-communes-du-departement-equipees-dun-dispositif-de-recueil-des-demandes-de-cni\/","og_locale":"fr_FR","og_type":"article","og_title":"Les communes du d\u00e9partement \u00e9quip\u00e9es d\u2019un dispositif de recueil des demandes de CNI","og_description":"Les communes du d\u00e9partement \u00e9quip\u00e9es d\u2019un dispositif de recueil des demandes de CNI","og_url":"https:\/\/newsestlyonnais.fr\/site\/2017\/03\/14\/les-communes-du-departement-equipees-dun-dispositif-de-recueil-des-demandes-de-cni\/","og_site_name":"News Est Lyonnais","article_author":"https:\/\/www.facebook.com\/pascal.oberson.1?fref=ts","article_published_time":"2017-03-14T06:46:45+00:00","article_modified_time":"2020-11-19T15:38:20+00:00","og_image":[{"width":1000,"height":750,"url":"https:\/\/i1.wp.com\/newsestlyonnais.fr\/site\/wp-content\/uploads\/2017\/03\/NEWSESTLYONNAIS-CNI.jpg?fit=1000%2C750&ssl=1","type":"image\/jpeg"}],"author":"R\u00e9dac. NEWS","twitter_card":"summary_large_image","twitter_misc":{"\u00c9crit par":"R\u00e9dac. NEWS","Dur\u00e9e de lecture estim\u00e9e":"2 minutes"},"schema":{"@context":"https:\/\/schema.org","@graph":[{"@type":"Article","@id":"https:\/\/newsestlyonnais.fr\/site\/2017\/03\/14\/les-communes-du-departement-equipees-dun-dispositif-de-recueil-des-demandes-de-cni\/#article","isPartOf":{"@id":"https:\/\/newsestlyonnais.fr\/site\/2017\/03\/14\/les-communes-du-departement-equipees-dun-dispositif-de-recueil-des-demandes-de-cni\/"},"author":{"name":"R\u00e9dac. NEWS","@id":"https:\/\/newsestlyonnais.fr\/site\/#\/schema\/person\/3230d5615f390bb808365d673001e887"},"headline":"Les communes du d\u00e9partement \u00e9quip\u00e9es d\u2019un dispositif de recueil des demandes de CNI","datePublished":"2017-03-14T06:46:45+00:00","dateModified":"2020-11-19T15:38:20+00:00","mainEntityOfPage":{"@id":"https:\/\/newsestlyonnais.fr\/site\/2017\/03\/14\/les-communes-du-departement-equipees-dun-dispositif-de-recueil-des-demandes-de-cni\/"},"wordCount":448,"commentCount":0,"publisher":{"@id":"https:\/\/newsestlyonnais.fr\/site\/#organization"},"image":{"@id":"https:\/\/newsestlyonnais.fr\/site\/2017\/03\/14\/les-communes-du-departement-equipees-dun-dispositif-de-recueil-des-demandes-de-cni\/#primaryimage"},"thumbnailUrl":"https:\/\/newsestlyonnais.fr\/site\/wp-content\/uploads\/2017\/03\/NEWSESTLYONNAIS-CNI.jpg","articleSection":["Bron","Corbas | Feyzin","D\u00e9cines-Charpieu","Informatique | Num\u00e9rique","Meyzieu","Saint-Priest","Vaulx-en-Velin","V\u00e9nissieux","Villeurbanne"],"inLanguage":"fr-FR","potentialAction":[{"@type":"CommentAction","name":"Comment","target":["https:\/\/newsestlyonnais.fr\/site\/2017\/03\/14\/les-communes-du-departement-equipees-dun-dispositif-de-recueil-des-demandes-de-cni\/#respond"]}]},{"@type":"WebPage","@id":"https:\/\/newsestlyonnais.fr\/site\/2017\/03\/14\/les-communes-du-departement-equipees-dun-dispositif-de-recueil-des-demandes-de-cni\/","url":"https:\/\/newsestlyonnais.fr\/site\/2017\/03\/14\/les-communes-du-departement-equipees-dun-dispositif-de-recueil-des-demandes-de-cni\/","name":"Les communes du d\u00e9partement \u00e9quip\u00e9es d\u2019un dispositif de recueil des demandes de CNI","isPartOf":{"@id":"https:\/\/newsestlyonnais.fr\/site\/#website"},"primaryImageOfPage":{"@id":"https:\/\/newsestlyonnais.fr\/site\/2017\/03\/14\/les-communes-du-departement-equipees-dun-dispositif-de-recueil-des-demandes-de-cni\/#primaryimage"},"image":{"@id":"https:\/\/newsestlyonnais.fr\/site\/2017\/03\/14\/les-communes-du-departement-equipees-dun-dispositif-de-recueil-des-demandes-de-cni\/#primaryimage"},"thumbnailUrl":"https:\/\/newsestlyonnais.fr\/site\/wp-content\/uploads\/2017\/03\/NEWSESTLYONNAIS-CNI.jpg","datePublished":"2017-03-14T06:46:45+00:00","dateModified":"2020-11-19T15:38:20+00:00","description":"Les communes du d\u00e9partement \u00e9quip\u00e9es d\u2019un dispositif de recueil des demandes de CNI","breadcrumb":{"@id":"https:\/\/newsestlyonnais.fr\/site\/2017\/03\/14\/les-communes-du-departement-equipees-dun-dispositif-de-recueil-des-demandes-de-cni\/#breadcrumb"},"inLanguage":"fr-FR","potentialAction":[{"@type":"ReadAction","target":["https:\/\/newsestlyonnais.fr\/site\/2017\/03\/14\/les-communes-du-departement-equipees-dun-dispositif-de-recueil-des-demandes-de-cni\/"]}]},{"@type":"ImageObject","inLanguage":"fr-FR","@id":"https:\/\/newsestlyonnais.fr\/site\/2017\/03\/14\/les-communes-du-departement-equipees-dun-dispositif-de-recueil-des-demandes-de-cni\/#primaryimage","url":"https:\/\/newsestlyonnais.fr\/site\/wp-content\/uploads\/2017\/03\/NEWSESTLYONNAIS-CNI.jpg","contentUrl":"https:\/\/newsestlyonnais.fr\/site\/wp-content\/uploads\/2017\/03\/NEWSESTLYONNAIS-CNI.jpg","width":1000,"height":750,"caption":"NEWSESTLYONNAIS CNI"},{"@type":"BreadcrumbList","@id":"https:\/\/newsestlyonnais.fr\/site\/2017\/03\/14\/les-communes-du-departement-equipees-dun-dispositif-de-recueil-des-demandes-de-cni\/#breadcrumb","itemListElement":[{"@type":"ListItem","position":1,"name":"Accueil","item":"https:\/\/newsestlyonnais.fr\/site\/"},{"@type":"ListItem","position":2,"name":"Les communes du d\u00e9partement \u00e9quip\u00e9es d\u2019un dispositif de recueil des demandes de CNI"}]},{"@type":"WebSite","@id":"https:\/\/newsestlyonnais.fr\/site\/#website","url":"https:\/\/newsestlyonnais.fr\/site\/","name":"News Est Lyonnais","description":"L&#039;actualit\u00e9 au plus pr\u00e8s","publisher":{"@id":"https:\/\/newsestlyonnais.fr\/site\/#organization"},"potentialAction":[{"@type":"SearchAction","target":{"@type":"EntryPoint","urlTemplate":"https:\/\/newsestlyonnais.fr\/site\/?s={search_term_string}"},"query-input":{"@type":"PropertyValueSpecification","valueRequired":true,"valueName":"search_term_string"}}],"inLanguage":"fr-FR"},{"@type":"Organization","@id":"https:\/\/newsestlyonnais.fr\/site\/#organization","name":"News EST LYONNAIS","url":"https:\/\/newsestlyonnais.fr\/site\/","logo":{"@type":"ImageObject","inLanguage":"fr-FR","@id":"https:\/\/newsestlyonnais.fr\/site\/#\/schema\/logo\/image\/","url":"","contentUrl":"","caption":"News EST LYONNAIS"},"image":{"@id":"https:\/\/newsestlyonnais.fr\/site\/#\/schema\/logo\/image\/"}},{"@type":"Person","@id":"https:\/\/newsestlyonnais.fr\/site\/#\/schema\/person\/3230d5615f390bb808365d673001e887","name":"R\u00e9dac. NEWS","sameAs":["http:\/\/www.newsestlyonnais.fr","https:\/\/www.facebook.com\/pascal.oberson.1?fref=ts","https:\/\/fr.linkedin.com\/in\/pascal-oberson-b17045113"],"url":"https:\/\/newsestlyonnais.fr\/site\/author\/nel\/"}]}},"_links":{"self":[{"href":"https:\/\/newsestlyonnais.fr\/site\/wp-json\/wp\/v2\/posts\/22627","targetHints":{"allow":["GET"]}}],"collection":[{"href":"https:\/\/newsestlyonnais.fr\/site\/wp-json\/wp\/v2\/posts"}],"about":[{"href":"https:\/\/newsestlyonnais.fr\/site\/wp-json\/wp\/v2\/types\/post"}],"author":[{"embeddable":true,"href":"https:\/\/newsestlyonnais.fr\/site\/wp-json\/wp\/v2\/users\/4"}],"replies":[{"embeddable":true,"href":"https:\/\/newsestlyonnais.fr\/site\/wp-json\/wp\/v2\/comments?post=22627"}],"version-history":[{"count":0,"href":"https:\/\/newsestlyonnais.fr\/site\/wp-json\/wp\/v2\/posts\/22627\/revisions"}],"wp:featuredmedia":[{"embeddable":true,"href":"https:\/\/newsestlyonnais.fr\/site\/wp-json\/wp\/v2\/media\/22628"}],"wp:attachment":[{"href":"https:\/\/newsestlyonnais.fr\/site\/wp-json\/wp\/v2\/media?parent=22627"}],"wp:term":[{"taxonomy":"category","embeddable":true,"href":"https:\/\/newsestlyonnais.fr\/site\/wp-json\/wp\/v2\/categories?post=22627"},{"taxonomy":"post_tag","embeddable":true,"href":"https:\/\/newsestlyonnais.fr\/site\/wp-json\/wp\/v2\/tags?post=22627"}],"curies":[{"name":"wp","href":"https:\/\/api.w.org\/{rel}","templated":true}]}}