{"id":22660,"date":"2017-03-14T14:30:28","date_gmt":"2017-03-14T13:30:28","guid":{"rendered":"http:\/\/newsestlyonnais.fr\/site\/?p=22660"},"modified":"2020-10-22T16:31:10","modified_gmt":"2020-10-22T15:31:10","slug":"vaulx-en-velin-32-participants-a-la-regate-de-voile-radiocommandee","status":"publish","type":"post","link":"https:\/\/newsestlyonnais.fr\/site\/2017\/03\/14\/vaulx-en-velin-32-participants-a-la-regate-de-voile-radiocommandee\/","title":{"rendered":"VAULX-EN-VELIN | 32 participants \u00e0 la r\u00e9gate de voile radiocommand\u00e9e"},"content":{"rendered":"<h4>Le Club Nautique de Vaulx en Velin (C.N.V.V.) section voile de la MJC organisait dimanche sur sa base du Grand-Large, sa toute premi\u00e8re comp\u00e9tition de l&rsquo;ann\u00e9e 2017.<\/h4>\n<p>Une r\u00e9gate de voile radio command\u00e9e concernant deux cat\u00e9gories (classes M et IOM) et disput\u00e9e sous un beau soleil printanier mais avec un petit b\u00e9mol, selon les organisateurs: qu&rsquo;il n&rsquo; y ait pas eu beaucoup de vent.<\/p>\n<p>Trente deux concurrents se sont inscrits (dont 7 membres du club vaudais) venus de clubs de la r\u00e9gion (Annecy,\u00a0 Bourg en Bresse, Mont\u00e9limar), et m\u00eame de Suisse (Gen\u00e8ve).<\/p>\n<p><strong><span style=\"text-decoration: underline;\">Les r\u00e9sultats:<\/span> <\/strong><\/p>\n<ul>\n<li><span style=\"text-decoration: underline;\">Classe 1 m\u00e8tre (IOM)<\/span> avec 18 concurrents . <strong>1\u00b0 Philippe Debord<\/strong> (Un Viviers Mont\u00e9limar), 2\u00b0 Philippe Sol (SRV Annecy), 3\u00b0 St\u00e9phane Dassio (MYCG). 4\u00b0 Yvan Sanchez (CN Vaulx en Velin).<\/li>\n<li><span style=\"text-decoration: underline;\">Classe M<\/span> avec 14 concurrents: <strong>1\u00b0 Philippe Heuzey<\/strong> (Club Nautique de Bourg en Bresse), 2\u00b0 St\u00e9phane Dassio (MYCG), 3\u00b0 Philippe Sol (SRV Annecy), 6\u00b0 Val\u00e8re Ottaviani (CN Vaulx en Velin).<\/li>\n<\/ul>\n<p>\u00ab\u00a0Un grand merci \u00e0 tous les concurrents pour leur participation et leur fair-play vis-\u00e0-vis des d\u00e9butants pour cette premi\u00e8re r\u00e9gate organis\u00e9 par la section voile de la MJC . Merci aussi \u00e0 nos sponsors Jet Mod\u00e9lisme Lyon dont les lots ont \u00e9t\u00e9 tir\u00e9s au sort et qui semblent avoir fait tr\u00e8s plaisir et la Banque Populaire Auvergne Rh\u00f4ne Alpes\u00a0\u00bb d\u00e9clarait Pierre Bertocchi, pr\u00e9sident du CNVV, \u00e0 l&rsquo;issue de la comp\u00e9tition.<\/p>\n<ul>\n<li>Retrouvez l&rsquo;ACTU du club sur:\u00a0 <a href=\"http:\/\/www.cnvv.fr\" target=\"_blank\" rel=\"noopener noreferrer\">http:\/\/www.cnvv.fr<\/a><\/li>\n<\/ul>\n<figure id=\"attachment_22682\" aria-describedby=\"caption-attachment-22682\" style=\"width: 1000px\" class=\"wp-caption alignleft\"><img loading=\"lazy\" decoding=\"async\" class=\"wp-image-22682 size-full\" src=\"https:\/\/newsestlyonnais.fr\/site\/medias\/2017\/03\/NEWSESTLYONNAIS-REGATE-RECOMPE.png\" alt=\"\" width=\"1000\" height=\"750\" srcset=\"https:\/\/newsestlyonnais.fr\/site\/wp-content\/uploads\/2017\/03\/NEWSESTLYONNAIS-REGATE-RECOMPE.png 1000w, https:\/\/newsestlyonnais.fr\/site\/wp-content\/uploads\/2017\/03\/NEWSESTLYONNAIS-REGATE-RECOMPE-400x300.png 400w, https:\/\/newsestlyonnais.fr\/site\/wp-content\/uploads\/2017\/03\/NEWSESTLYONNAIS-REGATE-RECOMPE-768x576.png 768w, https:\/\/newsestlyonnais.fr\/site\/wp-content\/uploads\/2017\/03\/NEWSESTLYONNAIS-REGATE-RECOMPE-600x450.png 600w, https:\/\/newsestlyonnais.fr\/site\/wp-content\/uploads\/2017\/03\/NEWSESTLYONNAIS-REGATE-RECOMPE-100x75.png 100w\" sizes=\"auto, (max-width: 1000px) 100vw, 1000px\" \/><figcaption id=\"caption-attachment-22682\" class=\"wp-caption-text\">La comp\u00e9tition en classe 1 m\u00e8tre remport\u00e9e par Philippe Debord (Un Viviers Mont\u00e9limar)<\/figcaption><\/figure>\n<p><img loading=\"lazy\" decoding=\"async\" class=\"alignleft size-full wp-image-22680\" src=\"https:\/\/newsestlyonnais.fr\/site\/medias\/2017\/03\/NEWSESTLYONNAIS-REGATE-VOILE-RADIO.jpg\" alt=\"NEWSESTLYONNAIS - REGATE VOILE RADIO\" width=\"1000\" height=\"750\" srcset=\"https:\/\/newsestlyonnais.fr\/site\/wp-content\/uploads\/2017\/03\/NEWSESTLYONNAIS-REGATE-VOILE-RADIO.jpg 1000w, https:\/\/newsestlyonnais.fr\/site\/wp-content\/uploads\/2017\/03\/NEWSESTLYONNAIS-REGATE-VOILE-RADIO-400x300.jpg 400w, https:\/\/newsestlyonnais.fr\/site\/wp-content\/uploads\/2017\/03\/NEWSESTLYONNAIS-REGATE-VOILE-RADIO-768x576.jpg 768w, https:\/\/newsestlyonnais.fr\/site\/wp-content\/uploads\/2017\/03\/NEWSESTLYONNAIS-REGATE-VOILE-RADIO-600x450.jpg 600w, https:\/\/newsestlyonnais.fr\/site\/wp-content\/uploads\/2017\/03\/NEWSESTLYONNAIS-REGATE-VOILE-RADIO-100x75.jpg 100w\" sizes=\"auto, (max-width: 1000px) 100vw, 1000px\" \/><\/p>\n","protected":false},"excerpt":{"rendered":"<p>Le Club Nautique de Vaulx en Velin (C.N.V.V.) section voile de la MJC organisait dimanche sur sa base du Grand-Large, sa toute premi\u00e8re comp\u00e9tition de l&rsquo;ann\u00e9e 2017. Une r\u00e9gate de voile radio command\u00e9e concernant deux cat\u00e9gories (classes M et IOM) et disput\u00e9e sous un beau soleil printanier mais avec un petit b\u00e9mol, selon les organisateurs: [&hellip;]<\/p>\n","protected":false},"author":4,"featured_media":22669,"comment_status":"open","ping_status":"open","sticky":false,"template":"","format":"standard","meta":{"footnotes":""},"categories":[2973,3003,2,28,1349],"tags":[],"class_list":["post-22660","post","type-post","status-publish","format-standard","has-post-thumbnail","hentry","category-aviron-kayak-voile-sports","category-bibliotheque-mediatheque-mjc","category-sports","category-vaulx-en-velin","category-voile"],"yoast_head":"<!-- This site is optimized with the Yoast SEO plugin v27.2 - https:\/\/yoast.com\/product\/yoast-seo-wordpress\/ -->\n<title>VAULX-EN-VELIN | 32 participants \u00e0 la r\u00e9gate de voile radiocommand\u00e9e<\/title>\n<meta name=\"description\" content=\"VAULX-EN-VELIN | 32 participants \u00e0 la r\u00e9gate de voile radiocommand\u00e9e\" \/>\n<meta name=\"robots\" content=\"index, follow, max-snippet:-1, max-image-preview:large, max-video-preview:-1\" \/>\n<link rel=\"canonical\" href=\"https:\/\/newsestlyonnais.fr\/site\/2017\/03\/14\/vaulx-en-velin-32-participants-a-la-regate-de-voile-radiocommandee\/\" \/>\n<meta property=\"og:locale\" content=\"fr_FR\" \/>\n<meta property=\"og:type\" content=\"article\" \/>\n<meta property=\"og:title\" content=\"VAULX-EN-VELIN | 32 participants \u00e0 la r\u00e9gate de voile radiocommand\u00e9e\" \/>\n<meta property=\"og:description\" content=\"VAULX-EN-VELIN | 32 participants \u00e0 la r\u00e9gate de voile radiocommand\u00e9e\" \/>\n<meta property=\"og:url\" content=\"https:\/\/newsestlyonnais.fr\/site\/2017\/03\/14\/vaulx-en-velin-32-participants-a-la-regate-de-voile-radiocommandee\/\" \/>\n<meta property=\"og:site_name\" content=\"News Est Lyonnais\" \/>\n<meta property=\"article:author\" content=\"https:\/\/www.facebook.com\/pascal.oberson.1?fref=ts\" \/>\n<meta property=\"article:published_time\" content=\"2017-03-14T13:30:28+00:00\" \/>\n<meta property=\"article:modified_time\" content=\"2020-10-22T15:31:10+00:00\" \/>\n<meta property=\"og:image\" content=\"https:\/\/i1.wp.com\/newsestlyonnais.fr\/site\/wp-content\/uploads\/2017\/03\/NEWSESTLYONNAIS-REGATE-RADIO-COM.jpg?fit=1000%2C750&ssl=1\" \/>\n\t<meta property=\"og:image:width\" content=\"1000\" \/>\n\t<meta property=\"og:image:height\" content=\"750\" \/>\n\t<meta property=\"og:image:type\" content=\"image\/jpeg\" \/>\n<meta name=\"author\" content=\"R\u00e9dac. NEWS\" \/>\n<meta name=\"twitter:card\" content=\"summary_large_image\" \/>\n<meta name=\"twitter:label1\" content=\"\u00c9crit par\" \/>\n\t<meta name=\"twitter:data1\" content=\"R\u00e9dac. NEWS\" \/>\n\t<meta name=\"twitter:label2\" content=\"Dur\u00e9e de lecture estim\u00e9e\" \/>\n\t<meta name=\"twitter:data2\" content=\"1 minute\" \/>\n<script type=\"application\/ld+json\" class=\"yoast-schema-graph\">{\"@context\":\"https:\/\/schema.org\",\"@graph\":[{\"@type\":\"Article\",\"@id\":\"https:\/\/newsestlyonnais.fr\/site\/2017\/03\/14\/vaulx-en-velin-32-participants-a-la-regate-de-voile-radiocommandee\/#article\",\"isPartOf\":{\"@id\":\"https:\/\/newsestlyonnais.fr\/site\/2017\/03\/14\/vaulx-en-velin-32-participants-a-la-regate-de-voile-radiocommandee\/\"},\"author\":{\"name\":\"R\u00e9dac. NEWS\",\"@id\":\"https:\/\/newsestlyonnais.fr\/site\/#\/schema\/person\/3230d5615f390bb808365d673001e887\"},\"headline\":\"VAULX-EN-VELIN | 32 participants \u00e0 la r\u00e9gate de voile radiocommand\u00e9e\",\"datePublished\":\"2017-03-14T13:30:28+00:00\",\"dateModified\":\"2020-10-22T15:31:10+00:00\",\"mainEntityOfPage\":{\"@id\":\"https:\/\/newsestlyonnais.fr\/site\/2017\/03\/14\/vaulx-en-velin-32-participants-a-la-regate-de-voile-radiocommandee\/\"},\"wordCount\":283,\"commentCount\":0,\"publisher\":{\"@id\":\"https:\/\/newsestlyonnais.fr\/site\/#organization\"},\"image\":{\"@id\":\"https:\/\/newsestlyonnais.fr\/site\/2017\/03\/14\/vaulx-en-velin-32-participants-a-la-regate-de-voile-radiocommandee\/#primaryimage\"},\"thumbnailUrl\":\"https:\/\/newsestlyonnais.fr\/site\/wp-content\/uploads\/2017\/03\/NEWSESTLYONNAIS-REGATE-RADIO-COM.jpg\",\"articleSection\":[\"Aviron | Kayak | Voile\",\"Biblioth\u00e8que | M\u00e9diath\u00e8que | MJC\",\"Sports\",\"Vaulx-en-Velin\",\"Voile\"],\"inLanguage\":\"fr-FR\",\"potentialAction\":[{\"@type\":\"CommentAction\",\"name\":\"Comment\",\"target\":[\"https:\/\/newsestlyonnais.fr\/site\/2017\/03\/14\/vaulx-en-velin-32-participants-a-la-regate-de-voile-radiocommandee\/#respond\"]}]},{\"@type\":\"WebPage\",\"@id\":\"https:\/\/newsestlyonnais.fr\/site\/2017\/03\/14\/vaulx-en-velin-32-participants-a-la-regate-de-voile-radiocommandee\/\",\"url\":\"https:\/\/newsestlyonnais.fr\/site\/2017\/03\/14\/vaulx-en-velin-32-participants-a-la-regate-de-voile-radiocommandee\/\",\"name\":\"VAULX-EN-VELIN | 32 participants \u00e0 la r\u00e9gate de voile radiocommand\u00e9e\",\"isPartOf\":{\"@id\":\"https:\/\/newsestlyonnais.fr\/site\/#website\"},\"primaryImageOfPage\":{\"@id\":\"https:\/\/newsestlyonnais.fr\/site\/2017\/03\/14\/vaulx-en-velin-32-participants-a-la-regate-de-voile-radiocommandee\/#primaryimage\"},\"image\":{\"@id\":\"https:\/\/newsestlyonnais.fr\/site\/2017\/03\/14\/vaulx-en-velin-32-participants-a-la-regate-de-voile-radiocommandee\/#primaryimage\"},\"thumbnailUrl\":\"https:\/\/newsestlyonnais.fr\/site\/wp-content\/uploads\/2017\/03\/NEWSESTLYONNAIS-REGATE-RADIO-COM.jpg\",\"datePublished\":\"2017-03-14T13:30:28+00:00\",\"dateModified\":\"2020-10-22T15:31:10+00:00\",\"description\":\"VAULX-EN-VELIN | 32 participants \u00e0 la r\u00e9gate de voile radiocommand\u00e9e\",\"breadcrumb\":{\"@id\":\"https:\/\/newsestlyonnais.fr\/site\/2017\/03\/14\/vaulx-en-velin-32-participants-a-la-regate-de-voile-radiocommandee\/#breadcrumb\"},\"inLanguage\":\"fr-FR\",\"potentialAction\":[{\"@type\":\"ReadAction\",\"target\":[\"https:\/\/newsestlyonnais.fr\/site\/2017\/03\/14\/vaulx-en-velin-32-participants-a-la-regate-de-voile-radiocommandee\/\"]}]},{\"@type\":\"ImageObject\",\"inLanguage\":\"fr-FR\",\"@id\":\"https:\/\/newsestlyonnais.fr\/site\/2017\/03\/14\/vaulx-en-velin-32-participants-a-la-regate-de-voile-radiocommandee\/#primaryimage\",\"url\":\"https:\/\/newsestlyonnais.fr\/site\/wp-content\/uploads\/2017\/03\/NEWSESTLYONNAIS-REGATE-RADIO-COM.jpg\",\"contentUrl\":\"https:\/\/newsestlyonnais.fr\/site\/wp-content\/uploads\/2017\/03\/NEWSESTLYONNAIS-REGATE-RADIO-COM.jpg\",\"width\":1000,\"height\":750,\"caption\":\"NEWSESTLYONNAIS REGATE RADIO COM\"},{\"@type\":\"BreadcrumbList\",\"@id\":\"https:\/\/newsestlyonnais.fr\/site\/2017\/03\/14\/vaulx-en-velin-32-participants-a-la-regate-de-voile-radiocommandee\/#breadcrumb\",\"itemListElement\":[{\"@type\":\"ListItem\",\"position\":1,\"name\":\"Accueil\",\"item\":\"https:\/\/newsestlyonnais.fr\/site\/\"},{\"@type\":\"ListItem\",\"position\":2,\"name\":\"VAULX-EN-VELIN | 32 participants \u00e0 la r\u00e9gate de voile radiocommand\u00e9e\"}]},{\"@type\":\"WebSite\",\"@id\":\"https:\/\/newsestlyonnais.fr\/site\/#website\",\"url\":\"https:\/\/newsestlyonnais.fr\/site\/\",\"name\":\"News Est Lyonnais\",\"description\":\"L&#039;actualit\u00e9 au plus pr\u00e8s\",\"publisher\":{\"@id\":\"https:\/\/newsestlyonnais.fr\/site\/#organization\"},\"potentialAction\":[{\"@type\":\"SearchAction\",\"target\":{\"@type\":\"EntryPoint\",\"urlTemplate\":\"https:\/\/newsestlyonnais.fr\/site\/?s={search_term_string}\"},\"query-input\":{\"@type\":\"PropertyValueSpecification\",\"valueRequired\":true,\"valueName\":\"search_term_string\"}}],\"inLanguage\":\"fr-FR\"},{\"@type\":\"Organization\",\"@id\":\"https:\/\/newsestlyonnais.fr\/site\/#organization\",\"name\":\"News EST LYONNAIS\",\"url\":\"https:\/\/newsestlyonnais.fr\/site\/\",\"logo\":{\"@type\":\"ImageObject\",\"inLanguage\":\"fr-FR\",\"@id\":\"https:\/\/newsestlyonnais.fr\/site\/#\/schema\/logo\/image\/\",\"url\":\"\",\"contentUrl\":\"\",\"caption\":\"News EST LYONNAIS\"},\"image\":{\"@id\":\"https:\/\/newsestlyonnais.fr\/site\/#\/schema\/logo\/image\/\"}},{\"@type\":\"Person\",\"@id\":\"https:\/\/newsestlyonnais.fr\/site\/#\/schema\/person\/3230d5615f390bb808365d673001e887\",\"name\":\"R\u00e9dac. NEWS\",\"sameAs\":[\"http:\/\/www.newsestlyonnais.fr\",\"https:\/\/www.facebook.com\/pascal.oberson.1?fref=ts\",\"https:\/\/fr.linkedin.com\/in\/pascal-oberson-b17045113\"],\"url\":\"https:\/\/newsestlyonnais.fr\/site\/author\/nel\/\"}]}<\/script>\n<!-- \/ Yoast SEO plugin. -->","yoast_head_json":{"title":"VAULX-EN-VELIN | 32 participants \u00e0 la r\u00e9gate de voile radiocommand\u00e9e","description":"VAULX-EN-VELIN | 32 participants \u00e0 la r\u00e9gate de voile radiocommand\u00e9e","robots":{"index":"index","follow":"follow","max-snippet":"max-snippet:-1","max-image-preview":"max-image-preview:large","max-video-preview":"max-video-preview:-1"},"canonical":"https:\/\/newsestlyonnais.fr\/site\/2017\/03\/14\/vaulx-en-velin-32-participants-a-la-regate-de-voile-radiocommandee\/","og_locale":"fr_FR","og_type":"article","og_title":"VAULX-EN-VELIN | 32 participants \u00e0 la r\u00e9gate de voile radiocommand\u00e9e","og_description":"VAULX-EN-VELIN | 32 participants \u00e0 la r\u00e9gate de voile radiocommand\u00e9e","og_url":"https:\/\/newsestlyonnais.fr\/site\/2017\/03\/14\/vaulx-en-velin-32-participants-a-la-regate-de-voile-radiocommandee\/","og_site_name":"News Est Lyonnais","article_author":"https:\/\/www.facebook.com\/pascal.oberson.1?fref=ts","article_published_time":"2017-03-14T13:30:28+00:00","article_modified_time":"2020-10-22T15:31:10+00:00","og_image":[{"width":1000,"height":750,"url":"https:\/\/i1.wp.com\/newsestlyonnais.fr\/site\/wp-content\/uploads\/2017\/03\/NEWSESTLYONNAIS-REGATE-RADIO-COM.jpg?fit=1000%2C750&ssl=1","type":"image\/jpeg"}],"author":"R\u00e9dac. NEWS","twitter_card":"summary_large_image","twitter_misc":{"\u00c9crit par":"R\u00e9dac. NEWS","Dur\u00e9e de lecture estim\u00e9e":"1 minute"},"schema":{"@context":"https:\/\/schema.org","@graph":[{"@type":"Article","@id":"https:\/\/newsestlyonnais.fr\/site\/2017\/03\/14\/vaulx-en-velin-32-participants-a-la-regate-de-voile-radiocommandee\/#article","isPartOf":{"@id":"https:\/\/newsestlyonnais.fr\/site\/2017\/03\/14\/vaulx-en-velin-32-participants-a-la-regate-de-voile-radiocommandee\/"},"author":{"name":"R\u00e9dac. NEWS","@id":"https:\/\/newsestlyonnais.fr\/site\/#\/schema\/person\/3230d5615f390bb808365d673001e887"},"headline":"VAULX-EN-VELIN | 32 participants \u00e0 la r\u00e9gate de voile radiocommand\u00e9e","datePublished":"2017-03-14T13:30:28+00:00","dateModified":"2020-10-22T15:31:10+00:00","mainEntityOfPage":{"@id":"https:\/\/newsestlyonnais.fr\/site\/2017\/03\/14\/vaulx-en-velin-32-participants-a-la-regate-de-voile-radiocommandee\/"},"wordCount":283,"commentCount":0,"publisher":{"@id":"https:\/\/newsestlyonnais.fr\/site\/#organization"},"image":{"@id":"https:\/\/newsestlyonnais.fr\/site\/2017\/03\/14\/vaulx-en-velin-32-participants-a-la-regate-de-voile-radiocommandee\/#primaryimage"},"thumbnailUrl":"https:\/\/newsestlyonnais.fr\/site\/wp-content\/uploads\/2017\/03\/NEWSESTLYONNAIS-REGATE-RADIO-COM.jpg","articleSection":["Aviron | Kayak | Voile","Biblioth\u00e8que | M\u00e9diath\u00e8que | MJC","Sports","Vaulx-en-Velin","Voile"],"inLanguage":"fr-FR","potentialAction":[{"@type":"CommentAction","name":"Comment","target":["https:\/\/newsestlyonnais.fr\/site\/2017\/03\/14\/vaulx-en-velin-32-participants-a-la-regate-de-voile-radiocommandee\/#respond"]}]},{"@type":"WebPage","@id":"https:\/\/newsestlyonnais.fr\/site\/2017\/03\/14\/vaulx-en-velin-32-participants-a-la-regate-de-voile-radiocommandee\/","url":"https:\/\/newsestlyonnais.fr\/site\/2017\/03\/14\/vaulx-en-velin-32-participants-a-la-regate-de-voile-radiocommandee\/","name":"VAULX-EN-VELIN | 32 participants \u00e0 la r\u00e9gate de voile radiocommand\u00e9e","isPartOf":{"@id":"https:\/\/newsestlyonnais.fr\/site\/#website"},"primaryImageOfPage":{"@id":"https:\/\/newsestlyonnais.fr\/site\/2017\/03\/14\/vaulx-en-velin-32-participants-a-la-regate-de-voile-radiocommandee\/#primaryimage"},"image":{"@id":"https:\/\/newsestlyonnais.fr\/site\/2017\/03\/14\/vaulx-en-velin-32-participants-a-la-regate-de-voile-radiocommandee\/#primaryimage"},"thumbnailUrl":"https:\/\/newsestlyonnais.fr\/site\/wp-content\/uploads\/2017\/03\/NEWSESTLYONNAIS-REGATE-RADIO-COM.jpg","datePublished":"2017-03-14T13:30:28+00:00","dateModified":"2020-10-22T15:31:10+00:00","description":"VAULX-EN-VELIN | 32 participants \u00e0 la r\u00e9gate de voile radiocommand\u00e9e","breadcrumb":{"@id":"https:\/\/newsestlyonnais.fr\/site\/2017\/03\/14\/vaulx-en-velin-32-participants-a-la-regate-de-voile-radiocommandee\/#breadcrumb"},"inLanguage":"fr-FR","potentialAction":[{"@type":"ReadAction","target":["https:\/\/newsestlyonnais.fr\/site\/2017\/03\/14\/vaulx-en-velin-32-participants-a-la-regate-de-voile-radiocommandee\/"]}]},{"@type":"ImageObject","inLanguage":"fr-FR","@id":"https:\/\/newsestlyonnais.fr\/site\/2017\/03\/14\/vaulx-en-velin-32-participants-a-la-regate-de-voile-radiocommandee\/#primaryimage","url":"https:\/\/newsestlyonnais.fr\/site\/wp-content\/uploads\/2017\/03\/NEWSESTLYONNAIS-REGATE-RADIO-COM.jpg","contentUrl":"https:\/\/newsestlyonnais.fr\/site\/wp-content\/uploads\/2017\/03\/NEWSESTLYONNAIS-REGATE-RADIO-COM.jpg","width":1000,"height":750,"caption":"NEWSESTLYONNAIS REGATE RADIO COM"},{"@type":"BreadcrumbList","@id":"https:\/\/newsestlyonnais.fr\/site\/2017\/03\/14\/vaulx-en-velin-32-participants-a-la-regate-de-voile-radiocommandee\/#breadcrumb","itemListElement":[{"@type":"ListItem","position":1,"name":"Accueil","item":"https:\/\/newsestlyonnais.fr\/site\/"},{"@type":"ListItem","position":2,"name":"VAULX-EN-VELIN | 32 participants \u00e0 la r\u00e9gate de voile radiocommand\u00e9e"}]},{"@type":"WebSite","@id":"https:\/\/newsestlyonnais.fr\/site\/#website","url":"https:\/\/newsestlyonnais.fr\/site\/","name":"News Est Lyonnais","description":"L&#039;actualit\u00e9 au plus pr\u00e8s","publisher":{"@id":"https:\/\/newsestlyonnais.fr\/site\/#organization"},"potentialAction":[{"@type":"SearchAction","target":{"@type":"EntryPoint","urlTemplate":"https:\/\/newsestlyonnais.fr\/site\/?s={search_term_string}"},"query-input":{"@type":"PropertyValueSpecification","valueRequired":true,"valueName":"search_term_string"}}],"inLanguage":"fr-FR"},{"@type":"Organization","@id":"https:\/\/newsestlyonnais.fr\/site\/#organization","name":"News EST LYONNAIS","url":"https:\/\/newsestlyonnais.fr\/site\/","logo":{"@type":"ImageObject","inLanguage":"fr-FR","@id":"https:\/\/newsestlyonnais.fr\/site\/#\/schema\/logo\/image\/","url":"","contentUrl":"","caption":"News EST LYONNAIS"},"image":{"@id":"https:\/\/newsestlyonnais.fr\/site\/#\/schema\/logo\/image\/"}},{"@type":"Person","@id":"https:\/\/newsestlyonnais.fr\/site\/#\/schema\/person\/3230d5615f390bb808365d673001e887","name":"R\u00e9dac. NEWS","sameAs":["http:\/\/www.newsestlyonnais.fr","https:\/\/www.facebook.com\/pascal.oberson.1?fref=ts","https:\/\/fr.linkedin.com\/in\/pascal-oberson-b17045113"],"url":"https:\/\/newsestlyonnais.fr\/site\/author\/nel\/"}]}},"_links":{"self":[{"href":"https:\/\/newsestlyonnais.fr\/site\/wp-json\/wp\/v2\/posts\/22660","targetHints":{"allow":["GET"]}}],"collection":[{"href":"https:\/\/newsestlyonnais.fr\/site\/wp-json\/wp\/v2\/posts"}],"about":[{"href":"https:\/\/newsestlyonnais.fr\/site\/wp-json\/wp\/v2\/types\/post"}],"author":[{"embeddable":true,"href":"https:\/\/newsestlyonnais.fr\/site\/wp-json\/wp\/v2\/users\/4"}],"replies":[{"embeddable":true,"href":"https:\/\/newsestlyonnais.fr\/site\/wp-json\/wp\/v2\/comments?post=22660"}],"version-history":[{"count":0,"href":"https:\/\/newsestlyonnais.fr\/site\/wp-json\/wp\/v2\/posts\/22660\/revisions"}],"wp:featuredmedia":[{"embeddable":true,"href":"https:\/\/newsestlyonnais.fr\/site\/wp-json\/wp\/v2\/media\/22669"}],"wp:attachment":[{"href":"https:\/\/newsestlyonnais.fr\/site\/wp-json\/wp\/v2\/media?parent=22660"}],"wp:term":[{"taxonomy":"category","embeddable":true,"href":"https:\/\/newsestlyonnais.fr\/site\/wp-json\/wp\/v2\/categories?post=22660"},{"taxonomy":"post_tag","embeddable":true,"href":"https:\/\/newsestlyonnais.fr\/site\/wp-json\/wp\/v2\/tags?post=22660"}],"curies":[{"name":"wp","href":"https:\/\/api.w.org\/{rel}","templated":true}]}}