{"id":22689,"date":"2017-03-14T20:19:33","date_gmt":"2017-03-14T19:19:33","guid":{"rendered":"http:\/\/newsestlyonnais.fr\/site\/?p=22689"},"modified":"2020-11-13T07:17:41","modified_gmt":"2020-11-13T06:17:41","slug":"tcl-vous-emmene-a-la-foire-de-lyon","status":"publish","type":"post","link":"https:\/\/newsestlyonnais.fr\/site\/2017\/03\/14\/tcl-vous-emmene-a-la-foire-de-lyon\/","title":{"rendered":"TCL vous emm\u00e8ne \u00e0 la Foire de Lyon !"},"content":{"rendered":"<h4>Ci-joint le communiqu\u00e9 de presse annon\u00e7ant <strong>la pr\u00e9sence TCL \u00e0 la Foire Internationale de Lyon qui se d\u00e9roulera \u00e0 Eurexpo du 17 au 27 mars, et la desserte mise en place pour l\u2019occasion.<\/strong><\/h4>\n<p>La Foire Internationale de Lyon se tiendra \u00e0 Eurexpo <strong>du vendredi 17 au lundi 27 mars inclus<\/strong>. Un <strong>tarif<\/strong><br \/>\n<strong>pr\u00e9f\u00e9rentiel d\u2019entr\u00e9e est r\u00e9serv\u00e9 aux clients du r\u00e9seau TCL<\/strong> : 5 \u20ac au lieu de 7,50 \u20ac sur pr\u00e9sentation<br \/>\nobligatoire du titre TCL en cours de validit\u00e9 aux caisses de la Foire.<br \/>\n&#8211; Pour l\u2019occasion, TCL investit les lieux en s\u2019associant au th\u00e8me officiel de cette nouvelle \u00e9dition : Cuba !<\/p>\n<p>Une fa\u00e7on d\u00e9cal\u00e9e et surprenante d\u2019accueillir les visiteurs de la Foire sur le stand TCL situ\u00e9 sous le d\u00f4me de l\u2019entr\u00e9e principale. Une pr\u00e9sence qui permet de renseigner les visiteurs, et de leur proposer des solutions de d\u00e9placement avantageuses comme les tickets sur carte.<br \/>\nDurant toute la dur\u00e9e de la Foire, TCL adapte son offre pour faciliter l\u2019acc\u00e8s \u00e0 Eurexpo.<br \/>\nLe tramway T5 et la ligne 100 circuleront aux horaires suivants :<\/p>\n<ul>\n<li><strong>T5<\/strong> : Vendredi 17, mardi 21 et vendredi 24 mars (jours de nocturnes)<br \/>\nPremier d\u00e9part de Grange Blanche \u00e0 7 H 24. Dernier d\u00e9part d\u2019Eurexpo \u00e0 0 H.<br \/>\nSamedi 18, dimanche 19, lundi 20, mercredi 22, jeudi 23, samedi 25, dimanche 26 et lundi 27 mars<br \/>\nPremier d\u00e9part de Grange Blanche \u00e0 7 H 25. Dernier d\u00e9part d\u2019Eurexpo \u00e0 22 H 11.<br \/>\nFr\u00e9quences toutes les 10 mn du premier d\u00e9part jusqu\u2019\u00e0 8 H 15, 8 mn 30 de 8 H 15 \u00e0 20 H<br \/>\npuis 15 mn apr\u00e8s 20 H.<\/li>\n<li><strong>Bus 100<\/strong> : Vendredi 17, mardi 21 et vendredi 24 mars (jours de nocturnes): Premier d\u00e9part de Vaulx-en-Velin La Soie \u00e0 9 H. Dernier d\u00e9part d\u2019Eurexpo \u00e0 23 H 30. Samedi 18, dimanche 19, lundi 20, mercredi 22, jeudi 23, samedi 25, dimanche 26 et lundi 27 mars : Premier d\u00e9part de Vaulx-en-Velin La Soie \u00e0 9 H. Dernier d\u00e9part d\u2019Eurexpo \u00e0 20 H 30. Fr\u00e9quence un d\u00e9part toutes les 15 minutes.<\/li>\n<li>Une desserte mise en place pour les exposants: Le jeudi 16 mars, veille d\u2019ouverture de la foire, la ligne 100 desservira Eurexpo : Premier d\u00e9part de Vaulx-en-Velin La Soie \u00e0 8 H 15. Dernier d\u00e9part d\u2019Eurexpo \u00e0 18 H 30.<br \/>\nFr\u00e9quence : un d\u00e9part toutes les 35 minutes<\/li>\n<\/ul>\n<h4>Plus d&rsquo;infos sur: <a href=\"http:\/\/www.tcl.fr\" target=\"_blank\" rel=\"noopener noreferrer\">http:\/\/www.tcl.fr<\/a><\/h4>\n","protected":false},"excerpt":{"rendered":"<p>Ci-joint le communiqu\u00e9 de presse annon\u00e7ant la pr\u00e9sence TCL \u00e0 la Foire Internationale de Lyon qui se d\u00e9roulera \u00e0 Eurexpo du 17 au 27 mars, et la desserte mise en place pour l\u2019occasion. La Foire Internationale de Lyon se tiendra \u00e0 Eurexpo du vendredi 17 au lundi 27 mars inclus. Un tarif pr\u00e9f\u00e9rentiel d\u2019entr\u00e9e est [&hellip;]<\/p>\n","protected":false},"author":4,"featured_media":0,"comment_status":"open","ping_status":"open","sticky":false,"template":"","format":"standard","meta":{"footnotes":""},"categories":[1283,3329,1625,309,13],"tags":[],"class_list":["post-22689","post","type-post","status-publish","format-standard","hentry","category-chassieu-communes-diverses","category-expos-foires-musees-salons","category-lyon","category-pratique","category-transports-circulation"],"yoast_head":"<!-- This site is optimized with the Yoast SEO plugin v27.2 - https:\/\/yoast.com\/product\/yoast-seo-wordpress\/ -->\n<title>TCL vous emm\u00e8ne \u00e0 la Foire de Lyon !<\/title>\n<meta name=\"description\" content=\"TCL vous emm\u00e8ne \u00e0 la Foire de Lyon !\" \/>\n<meta name=\"robots\" content=\"index, follow, max-snippet:-1, max-image-preview:large, max-video-preview:-1\" \/>\n<link rel=\"canonical\" href=\"https:\/\/newsestlyonnais.fr\/site\/2017\/03\/14\/tcl-vous-emmene-a-la-foire-de-lyon\/\" \/>\n<meta property=\"og:locale\" content=\"fr_FR\" \/>\n<meta property=\"og:type\" content=\"article\" \/>\n<meta property=\"og:title\" content=\"TCL vous emm\u00e8ne \u00e0 la Foire de Lyon !\" \/>\n<meta property=\"og:description\" content=\"TCL vous emm\u00e8ne \u00e0 la Foire de Lyon !\" \/>\n<meta property=\"og:url\" content=\"https:\/\/newsestlyonnais.fr\/site\/2017\/03\/14\/tcl-vous-emmene-a-la-foire-de-lyon\/\" \/>\n<meta property=\"og:site_name\" content=\"News Est Lyonnais\" \/>\n<meta property=\"article:author\" content=\"https:\/\/www.facebook.com\/pascal.oberson.1?fref=ts\" \/>\n<meta property=\"article:published_time\" content=\"2017-03-14T19:19:33+00:00\" \/>\n<meta property=\"article:modified_time\" content=\"2020-11-13T06:17:41+00:00\" \/>\n<meta name=\"author\" content=\"R\u00e9dac. NEWS\" \/>\n<meta name=\"twitter:card\" content=\"summary_large_image\" \/>\n<meta name=\"twitter:label1\" content=\"\u00c9crit par\" \/>\n\t<meta name=\"twitter:data1\" content=\"R\u00e9dac. NEWS\" \/>\n\t<meta name=\"twitter:label2\" content=\"Dur\u00e9e de lecture estim\u00e9e\" \/>\n\t<meta name=\"twitter:data2\" content=\"2 minutes\" \/>\n<script type=\"application\/ld+json\" class=\"yoast-schema-graph\">{\"@context\":\"https:\/\/schema.org\",\"@graph\":[{\"@type\":\"Article\",\"@id\":\"https:\/\/newsestlyonnais.fr\/site\/2017\/03\/14\/tcl-vous-emmene-a-la-foire-de-lyon\/#article\",\"isPartOf\":{\"@id\":\"https:\/\/newsestlyonnais.fr\/site\/2017\/03\/14\/tcl-vous-emmene-a-la-foire-de-lyon\/\"},\"author\":{\"name\":\"R\u00e9dac. NEWS\",\"@id\":\"https:\/\/newsestlyonnais.fr\/site\/#\/schema\/person\/3230d5615f390bb808365d673001e887\"},\"headline\":\"TCL vous emm\u00e8ne \u00e0 la Foire de Lyon !\",\"datePublished\":\"2017-03-14T19:19:33+00:00\",\"dateModified\":\"2020-11-13T06:17:41+00:00\",\"mainEntityOfPage\":{\"@id\":\"https:\/\/newsestlyonnais.fr\/site\/2017\/03\/14\/tcl-vous-emmene-a-la-foire-de-lyon\/\"},\"wordCount\":363,\"commentCount\":0,\"publisher\":{\"@id\":\"https:\/\/newsestlyonnais.fr\/site\/#organization\"},\"articleSection\":[\"Chassieu | Communes diverses\",\"Expos | Foires | Mus\u00e9es | Salons\",\"Lyon\",\"Pratique\",\"Transports | Circulation\"],\"inLanguage\":\"fr-FR\",\"potentialAction\":[{\"@type\":\"CommentAction\",\"name\":\"Comment\",\"target\":[\"https:\/\/newsestlyonnais.fr\/site\/2017\/03\/14\/tcl-vous-emmene-a-la-foire-de-lyon\/#respond\"]}]},{\"@type\":\"WebPage\",\"@id\":\"https:\/\/newsestlyonnais.fr\/site\/2017\/03\/14\/tcl-vous-emmene-a-la-foire-de-lyon\/\",\"url\":\"https:\/\/newsestlyonnais.fr\/site\/2017\/03\/14\/tcl-vous-emmene-a-la-foire-de-lyon\/\",\"name\":\"TCL vous emm\u00e8ne \u00e0 la Foire de Lyon !\",\"isPartOf\":{\"@id\":\"https:\/\/newsestlyonnais.fr\/site\/#website\"},\"datePublished\":\"2017-03-14T19:19:33+00:00\",\"dateModified\":\"2020-11-13T06:17:41+00:00\",\"description\":\"TCL vous emm\u00e8ne \u00e0 la Foire de Lyon !\",\"breadcrumb\":{\"@id\":\"https:\/\/newsestlyonnais.fr\/site\/2017\/03\/14\/tcl-vous-emmene-a-la-foire-de-lyon\/#breadcrumb\"},\"inLanguage\":\"fr-FR\",\"potentialAction\":[{\"@type\":\"ReadAction\",\"target\":[\"https:\/\/newsestlyonnais.fr\/site\/2017\/03\/14\/tcl-vous-emmene-a-la-foire-de-lyon\/\"]}]},{\"@type\":\"BreadcrumbList\",\"@id\":\"https:\/\/newsestlyonnais.fr\/site\/2017\/03\/14\/tcl-vous-emmene-a-la-foire-de-lyon\/#breadcrumb\",\"itemListElement\":[{\"@type\":\"ListItem\",\"position\":1,\"name\":\"Accueil\",\"item\":\"https:\/\/newsestlyonnais.fr\/site\/\"},{\"@type\":\"ListItem\",\"position\":2,\"name\":\"TCL vous emm\u00e8ne \u00e0 la Foire de Lyon !\"}]},{\"@type\":\"WebSite\",\"@id\":\"https:\/\/newsestlyonnais.fr\/site\/#website\",\"url\":\"https:\/\/newsestlyonnais.fr\/site\/\",\"name\":\"News Est Lyonnais\",\"description\":\"L&#039;actualit\u00e9 au plus pr\u00e8s\",\"publisher\":{\"@id\":\"https:\/\/newsestlyonnais.fr\/site\/#organization\"},\"potentialAction\":[{\"@type\":\"SearchAction\",\"target\":{\"@type\":\"EntryPoint\",\"urlTemplate\":\"https:\/\/newsestlyonnais.fr\/site\/?s={search_term_string}\"},\"query-input\":{\"@type\":\"PropertyValueSpecification\",\"valueRequired\":true,\"valueName\":\"search_term_string\"}}],\"inLanguage\":\"fr-FR\"},{\"@type\":\"Organization\",\"@id\":\"https:\/\/newsestlyonnais.fr\/site\/#organization\",\"name\":\"News EST LYONNAIS\",\"url\":\"https:\/\/newsestlyonnais.fr\/site\/\",\"logo\":{\"@type\":\"ImageObject\",\"inLanguage\":\"fr-FR\",\"@id\":\"https:\/\/newsestlyonnais.fr\/site\/#\/schema\/logo\/image\/\",\"url\":\"\",\"contentUrl\":\"\",\"caption\":\"News EST LYONNAIS\"},\"image\":{\"@id\":\"https:\/\/newsestlyonnais.fr\/site\/#\/schema\/logo\/image\/\"}},{\"@type\":\"Person\",\"@id\":\"https:\/\/newsestlyonnais.fr\/site\/#\/schema\/person\/3230d5615f390bb808365d673001e887\",\"name\":\"R\u00e9dac. NEWS\",\"sameAs\":[\"http:\/\/www.newsestlyonnais.fr\",\"https:\/\/www.facebook.com\/pascal.oberson.1?fref=ts\",\"https:\/\/fr.linkedin.com\/in\/pascal-oberson-b17045113\"],\"url\":\"https:\/\/newsestlyonnais.fr\/site\/author\/nel\/\"}]}<\/script>\n<!-- \/ Yoast SEO plugin. -->","yoast_head_json":{"title":"TCL vous emm\u00e8ne \u00e0 la Foire de Lyon !","description":"TCL vous emm\u00e8ne \u00e0 la Foire de Lyon !","robots":{"index":"index","follow":"follow","max-snippet":"max-snippet:-1","max-image-preview":"max-image-preview:large","max-video-preview":"max-video-preview:-1"},"canonical":"https:\/\/newsestlyonnais.fr\/site\/2017\/03\/14\/tcl-vous-emmene-a-la-foire-de-lyon\/","og_locale":"fr_FR","og_type":"article","og_title":"TCL vous emm\u00e8ne \u00e0 la Foire de Lyon !","og_description":"TCL vous emm\u00e8ne \u00e0 la Foire de Lyon !","og_url":"https:\/\/newsestlyonnais.fr\/site\/2017\/03\/14\/tcl-vous-emmene-a-la-foire-de-lyon\/","og_site_name":"News Est Lyonnais","article_author":"https:\/\/www.facebook.com\/pascal.oberson.1?fref=ts","article_published_time":"2017-03-14T19:19:33+00:00","article_modified_time":"2020-11-13T06:17:41+00:00","author":"R\u00e9dac. NEWS","twitter_card":"summary_large_image","twitter_misc":{"\u00c9crit par":"R\u00e9dac. NEWS","Dur\u00e9e de lecture estim\u00e9e":"2 minutes"},"schema":{"@context":"https:\/\/schema.org","@graph":[{"@type":"Article","@id":"https:\/\/newsestlyonnais.fr\/site\/2017\/03\/14\/tcl-vous-emmene-a-la-foire-de-lyon\/#article","isPartOf":{"@id":"https:\/\/newsestlyonnais.fr\/site\/2017\/03\/14\/tcl-vous-emmene-a-la-foire-de-lyon\/"},"author":{"name":"R\u00e9dac. NEWS","@id":"https:\/\/newsestlyonnais.fr\/site\/#\/schema\/person\/3230d5615f390bb808365d673001e887"},"headline":"TCL vous emm\u00e8ne \u00e0 la Foire de Lyon !","datePublished":"2017-03-14T19:19:33+00:00","dateModified":"2020-11-13T06:17:41+00:00","mainEntityOfPage":{"@id":"https:\/\/newsestlyonnais.fr\/site\/2017\/03\/14\/tcl-vous-emmene-a-la-foire-de-lyon\/"},"wordCount":363,"commentCount":0,"publisher":{"@id":"https:\/\/newsestlyonnais.fr\/site\/#organization"},"articleSection":["Chassieu | Communes diverses","Expos | Foires | Mus\u00e9es | Salons","Lyon","Pratique","Transports | Circulation"],"inLanguage":"fr-FR","potentialAction":[{"@type":"CommentAction","name":"Comment","target":["https:\/\/newsestlyonnais.fr\/site\/2017\/03\/14\/tcl-vous-emmene-a-la-foire-de-lyon\/#respond"]}]},{"@type":"WebPage","@id":"https:\/\/newsestlyonnais.fr\/site\/2017\/03\/14\/tcl-vous-emmene-a-la-foire-de-lyon\/","url":"https:\/\/newsestlyonnais.fr\/site\/2017\/03\/14\/tcl-vous-emmene-a-la-foire-de-lyon\/","name":"TCL vous emm\u00e8ne \u00e0 la Foire de Lyon !","isPartOf":{"@id":"https:\/\/newsestlyonnais.fr\/site\/#website"},"datePublished":"2017-03-14T19:19:33+00:00","dateModified":"2020-11-13T06:17:41+00:00","description":"TCL vous emm\u00e8ne \u00e0 la Foire de Lyon !","breadcrumb":{"@id":"https:\/\/newsestlyonnais.fr\/site\/2017\/03\/14\/tcl-vous-emmene-a-la-foire-de-lyon\/#breadcrumb"},"inLanguage":"fr-FR","potentialAction":[{"@type":"ReadAction","target":["https:\/\/newsestlyonnais.fr\/site\/2017\/03\/14\/tcl-vous-emmene-a-la-foire-de-lyon\/"]}]},{"@type":"BreadcrumbList","@id":"https:\/\/newsestlyonnais.fr\/site\/2017\/03\/14\/tcl-vous-emmene-a-la-foire-de-lyon\/#breadcrumb","itemListElement":[{"@type":"ListItem","position":1,"name":"Accueil","item":"https:\/\/newsestlyonnais.fr\/site\/"},{"@type":"ListItem","position":2,"name":"TCL vous emm\u00e8ne \u00e0 la Foire de Lyon !"}]},{"@type":"WebSite","@id":"https:\/\/newsestlyonnais.fr\/site\/#website","url":"https:\/\/newsestlyonnais.fr\/site\/","name":"News Est Lyonnais","description":"L&#039;actualit\u00e9 au plus pr\u00e8s","publisher":{"@id":"https:\/\/newsestlyonnais.fr\/site\/#organization"},"potentialAction":[{"@type":"SearchAction","target":{"@type":"EntryPoint","urlTemplate":"https:\/\/newsestlyonnais.fr\/site\/?s={search_term_string}"},"query-input":{"@type":"PropertyValueSpecification","valueRequired":true,"valueName":"search_term_string"}}],"inLanguage":"fr-FR"},{"@type":"Organization","@id":"https:\/\/newsestlyonnais.fr\/site\/#organization","name":"News EST LYONNAIS","url":"https:\/\/newsestlyonnais.fr\/site\/","logo":{"@type":"ImageObject","inLanguage":"fr-FR","@id":"https:\/\/newsestlyonnais.fr\/site\/#\/schema\/logo\/image\/","url":"","contentUrl":"","caption":"News EST LYONNAIS"},"image":{"@id":"https:\/\/newsestlyonnais.fr\/site\/#\/schema\/logo\/image\/"}},{"@type":"Person","@id":"https:\/\/newsestlyonnais.fr\/site\/#\/schema\/person\/3230d5615f390bb808365d673001e887","name":"R\u00e9dac. NEWS","sameAs":["http:\/\/www.newsestlyonnais.fr","https:\/\/www.facebook.com\/pascal.oberson.1?fref=ts","https:\/\/fr.linkedin.com\/in\/pascal-oberson-b17045113"],"url":"https:\/\/newsestlyonnais.fr\/site\/author\/nel\/"}]}},"_links":{"self":[{"href":"https:\/\/newsestlyonnais.fr\/site\/wp-json\/wp\/v2\/posts\/22689","targetHints":{"allow":["GET"]}}],"collection":[{"href":"https:\/\/newsestlyonnais.fr\/site\/wp-json\/wp\/v2\/posts"}],"about":[{"href":"https:\/\/newsestlyonnais.fr\/site\/wp-json\/wp\/v2\/types\/post"}],"author":[{"embeddable":true,"href":"https:\/\/newsestlyonnais.fr\/site\/wp-json\/wp\/v2\/users\/4"}],"replies":[{"embeddable":true,"href":"https:\/\/newsestlyonnais.fr\/site\/wp-json\/wp\/v2\/comments?post=22689"}],"version-history":[{"count":0,"href":"https:\/\/newsestlyonnais.fr\/site\/wp-json\/wp\/v2\/posts\/22689\/revisions"}],"wp:attachment":[{"href":"https:\/\/newsestlyonnais.fr\/site\/wp-json\/wp\/v2\/media?parent=22689"}],"wp:term":[{"taxonomy":"category","embeddable":true,"href":"https:\/\/newsestlyonnais.fr\/site\/wp-json\/wp\/v2\/categories?post=22689"},{"taxonomy":"post_tag","embeddable":true,"href":"https:\/\/newsestlyonnais.fr\/site\/wp-json\/wp\/v2\/tags?post=22689"}],"curies":[{"name":"wp","href":"https:\/\/api.w.org\/{rel}","templated":true}]}}