{"id":22722,"date":"2017-03-16T06:29:03","date_gmt":"2017-03-16T05:29:03","guid":{"rendered":"http:\/\/newsestlyonnais.fr\/site\/?p=22722"},"modified":"2020-11-01T14:39:42","modified_gmt":"2020-11-01T13:39:42","slug":"lyon-1200-participants-a-la-1-towerrun-de-la-tour-incity","status":"publish","type":"post","link":"https:\/\/newsestlyonnais.fr\/site\/2017\/03\/16\/lyon-1200-participants-a-la-1-towerrun-de-la-tour-incity\/","title":{"rendered":"LYON | 1.200 participants \u00e0 la 1\u00b0 TowerRun de la Tour Incity"},"content":{"rendered":"<h4>Une premi\u00e8re \u00e9dition de cette course verticale disput\u00e9e dimanche 12 mars \u00e0 la Tour Incity de la Part-Dieu.<\/h4>\n<p>Beau succ\u00e8s populaire rencontr\u00e9 avec 1200 participants dont 396 chronom\u00e9tr\u00e9s (104 femmes et 292 hommes) qui ont r\u00e9ussi \u00e0 grimper les <strong>792 marches<\/strong> pour arriver au<strong> 36 \u00b0 \u00e9tage<\/strong>, soit <strong>150 m\u00e8tres plus haut !<\/strong><\/p>\n<p>Une \u00e9preuve alliant sport et solidarit\u00e9 puisque c&rsquo;est la somme de <strong>5.000 euros qui a pu \u00eatre revers\u00e9e \u00e0 l\u2019association Handicap International.<\/strong><\/p>\n<p>Pour les meilleurs, c\u2019\u00e9tait aussi l\u2019occasion de d\u00e9crocher une qualification directe pour la Verticale de la Tour Eiffel 2018.<\/p>\n<p><span style=\"text-decoration: underline\">Les classements:<\/span><\/p>\n<ul>\n<li><strong>Hommes<\/strong>: <strong>1\u00b0 Hugo Altmeyer<\/strong> (en jaune, PHOTO A LA UNE), 2\u00b0 Cl\u00e9ment richard 4&rsquo;29, 3\u00b0 Antoine Menguy 4&rsquo;33.<\/li>\n<li><strong>Femmes<\/strong> : <strong>1\u00b0 Laure Chardin<\/strong> 5&rsquo;56, 2\u00b0 Cathy Dubois 6&rsquo;12, 3\u00b0 Camille Gauthier 6&rsquo;15.<\/li>\n<\/ul>\n<p>R\u00e9sultats complets sur : <a href=\"http:\/\/www.thetowerrun.org\/fr\/les-tours\/lyon-tour-incity-12\" target=\"_blank\" rel=\"noopener noreferrer\">http:\/\/www.thetowerrun.org\/fr\/les-tours\/lyon-tour-incity-12<\/a><\/p>\n<p>Photos : Droits R\u00e9serv\u00e9s \u00ab\u00a0TOWERRUN\u00a0\u00bb<\/p>\n<figure id=\"attachment_22771\" aria-describedby=\"caption-attachment-22771\" style=\"width: 1000px\" class=\"wp-caption alignleft\"><img loading=\"lazy\" decoding=\"async\" class=\"wp-image-22771 size-full\" src=\"https:\/\/newsestlyonnais.fr\/site\/medias\/2017\/03\/NEWSESTLYONNAIS-TOWERRUN-CHEQUE-HANDICAP.jpg\" alt=\"NEWSESTLYONNAIS - TOWERRUN CHEQUE HANDICAP\" width=\"1000\" height=\"750\" srcset=\"https:\/\/newsestlyonnais.fr\/site\/wp-content\/uploads\/2017\/03\/NEWSESTLYONNAIS-TOWERRUN-CHEQUE-HANDICAP.jpg 1000w, https:\/\/newsestlyonnais.fr\/site\/wp-content\/uploads\/2017\/03\/NEWSESTLYONNAIS-TOWERRUN-CHEQUE-HANDICAP-400x300.jpg 400w, https:\/\/newsestlyonnais.fr\/site\/wp-content\/uploads\/2017\/03\/NEWSESTLYONNAIS-TOWERRUN-CHEQUE-HANDICAP-768x576.jpg 768w, https:\/\/newsestlyonnais.fr\/site\/wp-content\/uploads\/2017\/03\/NEWSESTLYONNAIS-TOWERRUN-CHEQUE-HANDICAP-600x450.jpg 600w, https:\/\/newsestlyonnais.fr\/site\/wp-content\/uploads\/2017\/03\/NEWSESTLYONNAIS-TOWERRUN-CHEQUE-HANDICAP-100x75.jpg 100w\" sizes=\"auto, (max-width: 1000px) 100vw, 1000px\" \/><figcaption id=\"caption-attachment-22771\" class=\"wp-caption-text\">La somme de 5.000 euros a pu \u00eatre revers\u00e9e \u00e0 l\u2019association Handicap International.<\/figcaption><\/figure>\n<figure id=\"attachment_22773\" aria-describedby=\"caption-attachment-22773\" style=\"width: 1000px\" class=\"wp-caption alignleft\"><img loading=\"lazy\" decoding=\"async\" class=\"size-full wp-image-22773\" src=\"https:\/\/newsestlyonnais.fr\/site\/medias\/2017\/03\/NEWSESTLYONNAIS-TOWERRUN-MONTEE.jpg\" alt=\"\" width=\"1000\" height=\"750\" srcset=\"https:\/\/newsestlyonnais.fr\/site\/wp-content\/uploads\/2017\/03\/NEWSESTLYONNAIS-TOWERRUN-MONTEE.jpg 1000w, https:\/\/newsestlyonnais.fr\/site\/wp-content\/uploads\/2017\/03\/NEWSESTLYONNAIS-TOWERRUN-MONTEE-400x300.jpg 400w, https:\/\/newsestlyonnais.fr\/site\/wp-content\/uploads\/2017\/03\/NEWSESTLYONNAIS-TOWERRUN-MONTEE-768x576.jpg 768w, https:\/\/newsestlyonnais.fr\/site\/wp-content\/uploads\/2017\/03\/NEWSESTLYONNAIS-TOWERRUN-MONTEE-600x450.jpg 600w, https:\/\/newsestlyonnais.fr\/site\/wp-content\/uploads\/2017\/03\/NEWSESTLYONNAIS-TOWERRUN-MONTEE-100x75.jpg 100w\" sizes=\"auto, (max-width: 1000px) 100vw, 1000px\" \/><figcaption id=\"caption-attachment-22773\" class=\"wp-caption-text\">792 marches pour arriver au 36 \u00b0 \u00e9tage. une vue de l&rsquo;int\u00e9rieur !<\/figcaption><\/figure>\n<figure id=\"attachment_22775\" aria-describedby=\"caption-attachment-22775\" style=\"width: 1000px\" class=\"wp-caption alignleft\"><img loading=\"lazy\" decoding=\"async\" class=\"size-full wp-image-22775\" src=\"https:\/\/newsestlyonnais.fr\/site\/medias\/2017\/03\/NEWSESTLYONNAIS-VUE-TOUR-INCITY.jpg\" alt=\"NEWSESTLYONNAIS - VUE TOUR INCITY\" width=\"1000\" height=\"750\" srcset=\"https:\/\/newsestlyonnais.fr\/site\/wp-content\/uploads\/2017\/03\/NEWSESTLYONNAIS-VUE-TOUR-INCITY.jpg 1000w, https:\/\/newsestlyonnais.fr\/site\/wp-content\/uploads\/2017\/03\/NEWSESTLYONNAIS-VUE-TOUR-INCITY-400x300.jpg 400w, https:\/\/newsestlyonnais.fr\/site\/wp-content\/uploads\/2017\/03\/NEWSESTLYONNAIS-VUE-TOUR-INCITY-768x576.jpg 768w, https:\/\/newsestlyonnais.fr\/site\/wp-content\/uploads\/2017\/03\/NEWSESTLYONNAIS-VUE-TOUR-INCITY-600x450.jpg 600w, https:\/\/newsestlyonnais.fr\/site\/wp-content\/uploads\/2017\/03\/NEWSESTLYONNAIS-VUE-TOUR-INCITY-100x75.jpg 100w\" sizes=\"auto, (max-width: 1000px) 100vw, 1000px\" \/><figcaption id=\"caption-attachment-22775\" class=\"wp-caption-text\">Et la tour vue d&rsquo;en bas !<\/figcaption><\/figure>\n","protected":false},"excerpt":{"rendered":"<p>Une premi\u00e8re \u00e9dition de cette course verticale disput\u00e9e dimanche 12 mars \u00e0 la Tour Incity de la Part-Dieu. Beau succ\u00e8s populaire rencontr\u00e9 avec 1200 participants dont 396 chronom\u00e9tr\u00e9s (104 femmes et 292 hommes) qui ont r\u00e9ussi \u00e0 grimper les 792 marches pour arriver au 36 \u00b0 \u00e9tage, soit 150 m\u00e8tres plus haut ! Une \u00e9preuve [&hellip;]<\/p>\n","protected":false},"author":4,"featured_media":22764,"comment_status":"open","ping_status":"open","sticky":false,"template":"","format":"standard","meta":{"footnotes":""},"categories":[2968,1625],"tags":[],"class_list":["post-22722","post","type-post","status-publish","format-standard","has-post-thumbnail","hentry","category-athle-course-pied-marche","category-lyon"],"yoast_head":"<!-- This site is optimized with the Yoast SEO plugin v27.2 - https:\/\/yoast.com\/product\/yoast-seo-wordpress\/ -->\n<title>LYON : 1200 participants \u00e0 la 1\u00b0 TowerRunde de la Tour Incity<\/title>\n<meta name=\"description\" content=\"LYON : 1200 participants \u00e0 la 1\u00b0 TowerRun de la Tour Incity\" \/>\n<meta name=\"robots\" content=\"index, follow, max-snippet:-1, max-image-preview:large, max-video-preview:-1\" \/>\n<link rel=\"canonical\" href=\"https:\/\/newsestlyonnais.fr\/site\/2017\/03\/16\/lyon-1200-participants-a-la-1-towerrun-de-la-tour-incity\/\" \/>\n<meta property=\"og:locale\" content=\"fr_FR\" \/>\n<meta property=\"og:type\" content=\"article\" \/>\n<meta property=\"og:title\" content=\"LYON : 1200 participants \u00e0 la 1\u00b0 TowerRunde de la Tour Incity\" \/>\n<meta property=\"og:description\" content=\"LYON : 1200 participants \u00e0 la 1\u00b0 TowerRun de la Tour Incity\" \/>\n<meta property=\"og:url\" content=\"https:\/\/newsestlyonnais.fr\/site\/2017\/03\/16\/lyon-1200-participants-a-la-1-towerrun-de-la-tour-incity\/\" \/>\n<meta property=\"og:site_name\" content=\"News Est Lyonnais\" \/>\n<meta property=\"article:author\" content=\"https:\/\/www.facebook.com\/pascal.oberson.1?fref=ts\" \/>\n<meta property=\"article:published_time\" content=\"2017-03-16T05:29:03+00:00\" \/>\n<meta property=\"article:modified_time\" content=\"2020-11-01T13:39:42+00:00\" \/>\n<meta property=\"og:image\" content=\"https:\/\/i2.wp.com\/newsestlyonnais.fr\/site\/wp-content\/uploads\/2017\/03\/NEWSESTLYONNAIS-TOWERRUN-2017.jpg?fit=1000%2C750&ssl=1\" \/>\n\t<meta property=\"og:image:width\" content=\"1000\" \/>\n\t<meta property=\"og:image:height\" content=\"750\" \/>\n\t<meta property=\"og:image:type\" content=\"image\/jpeg\" \/>\n<meta name=\"author\" content=\"R\u00e9dac. NEWS\" \/>\n<meta name=\"twitter:card\" content=\"summary_large_image\" \/>\n<meta name=\"twitter:label1\" content=\"\u00c9crit par\" \/>\n\t<meta name=\"twitter:data1\" content=\"R\u00e9dac. NEWS\" \/>\n\t<meta name=\"twitter:label2\" content=\"Dur\u00e9e de lecture estim\u00e9e\" \/>\n\t<meta name=\"twitter:data2\" content=\"1 minute\" \/>\n<script type=\"application\/ld+json\" class=\"yoast-schema-graph\">{\"@context\":\"https:\/\/schema.org\",\"@graph\":[{\"@type\":\"Article\",\"@id\":\"https:\/\/newsestlyonnais.fr\/site\/2017\/03\/16\/lyon-1200-participants-a-la-1-towerrun-de-la-tour-incity\/#article\",\"isPartOf\":{\"@id\":\"https:\/\/newsestlyonnais.fr\/site\/2017\/03\/16\/lyon-1200-participants-a-la-1-towerrun-de-la-tour-incity\/\"},\"author\":{\"name\":\"R\u00e9dac. NEWS\",\"@id\":\"https:\/\/newsestlyonnais.fr\/site\/#\/schema\/person\/3230d5615f390bb808365d673001e887\"},\"headline\":\"LYON | 1.200 participants \u00e0 la 1\u00b0 TowerRun de la Tour Incity\",\"datePublished\":\"2017-03-16T05:29:03+00:00\",\"dateModified\":\"2020-11-01T13:39:42+00:00\",\"mainEntityOfPage\":{\"@id\":\"https:\/\/newsestlyonnais.fr\/site\/2017\/03\/16\/lyon-1200-participants-a-la-1-towerrun-de-la-tour-incity\/\"},\"wordCount\":192,\"commentCount\":0,\"publisher\":{\"@id\":\"https:\/\/newsestlyonnais.fr\/site\/#organization\"},\"image\":{\"@id\":\"https:\/\/newsestlyonnais.fr\/site\/2017\/03\/16\/lyon-1200-participants-a-la-1-towerrun-de-la-tour-incity\/#primaryimage\"},\"thumbnailUrl\":\"https:\/\/newsestlyonnais.fr\/site\/wp-content\/uploads\/2017\/03\/NEWSESTLYONNAIS-TOWERRUN-2017.jpg\",\"articleSection\":[\"Athl\u00e9 | Course pied | Marche\",\"Lyon\"],\"inLanguage\":\"fr-FR\",\"potentialAction\":[{\"@type\":\"CommentAction\",\"name\":\"Comment\",\"target\":[\"https:\/\/newsestlyonnais.fr\/site\/2017\/03\/16\/lyon-1200-participants-a-la-1-towerrun-de-la-tour-incity\/#respond\"]}]},{\"@type\":\"WebPage\",\"@id\":\"https:\/\/newsestlyonnais.fr\/site\/2017\/03\/16\/lyon-1200-participants-a-la-1-towerrun-de-la-tour-incity\/\",\"url\":\"https:\/\/newsestlyonnais.fr\/site\/2017\/03\/16\/lyon-1200-participants-a-la-1-towerrun-de-la-tour-incity\/\",\"name\":\"LYON : 1200 participants \u00e0 la 1\u00b0 TowerRunde de la Tour Incity\",\"isPartOf\":{\"@id\":\"https:\/\/newsestlyonnais.fr\/site\/#website\"},\"primaryImageOfPage\":{\"@id\":\"https:\/\/newsestlyonnais.fr\/site\/2017\/03\/16\/lyon-1200-participants-a-la-1-towerrun-de-la-tour-incity\/#primaryimage\"},\"image\":{\"@id\":\"https:\/\/newsestlyonnais.fr\/site\/2017\/03\/16\/lyon-1200-participants-a-la-1-towerrun-de-la-tour-incity\/#primaryimage\"},\"thumbnailUrl\":\"https:\/\/newsestlyonnais.fr\/site\/wp-content\/uploads\/2017\/03\/NEWSESTLYONNAIS-TOWERRUN-2017.jpg\",\"datePublished\":\"2017-03-16T05:29:03+00:00\",\"dateModified\":\"2020-11-01T13:39:42+00:00\",\"description\":\"LYON : 1200 participants \u00e0 la 1\u00b0 TowerRun de la Tour Incity\",\"breadcrumb\":{\"@id\":\"https:\/\/newsestlyonnais.fr\/site\/2017\/03\/16\/lyon-1200-participants-a-la-1-towerrun-de-la-tour-incity\/#breadcrumb\"},\"inLanguage\":\"fr-FR\",\"potentialAction\":[{\"@type\":\"ReadAction\",\"target\":[\"https:\/\/newsestlyonnais.fr\/site\/2017\/03\/16\/lyon-1200-participants-a-la-1-towerrun-de-la-tour-incity\/\"]}]},{\"@type\":\"ImageObject\",\"inLanguage\":\"fr-FR\",\"@id\":\"https:\/\/newsestlyonnais.fr\/site\/2017\/03\/16\/lyon-1200-participants-a-la-1-towerrun-de-la-tour-incity\/#primaryimage\",\"url\":\"https:\/\/newsestlyonnais.fr\/site\/wp-content\/uploads\/2017\/03\/NEWSESTLYONNAIS-TOWERRUN-2017.jpg\",\"contentUrl\":\"https:\/\/newsestlyonnais.fr\/site\/wp-content\/uploads\/2017\/03\/NEWSESTLYONNAIS-TOWERRUN-2017.jpg\",\"width\":1000,\"height\":750,\"caption\":\"NEWSESTLYONNAIS - TOWERRUN 2017\"},{\"@type\":\"BreadcrumbList\",\"@id\":\"https:\/\/newsestlyonnais.fr\/site\/2017\/03\/16\/lyon-1200-participants-a-la-1-towerrun-de-la-tour-incity\/#breadcrumb\",\"itemListElement\":[{\"@type\":\"ListItem\",\"position\":1,\"name\":\"Accueil\",\"item\":\"https:\/\/newsestlyonnais.fr\/site\/\"},{\"@type\":\"ListItem\",\"position\":2,\"name\":\"LYON | 1.200 participants \u00e0 la 1\u00b0 TowerRun de la Tour Incity\"}]},{\"@type\":\"WebSite\",\"@id\":\"https:\/\/newsestlyonnais.fr\/site\/#website\",\"url\":\"https:\/\/newsestlyonnais.fr\/site\/\",\"name\":\"News Est Lyonnais\",\"description\":\"L&#039;actualit\u00e9 au plus pr\u00e8s\",\"publisher\":{\"@id\":\"https:\/\/newsestlyonnais.fr\/site\/#organization\"},\"potentialAction\":[{\"@type\":\"SearchAction\",\"target\":{\"@type\":\"EntryPoint\",\"urlTemplate\":\"https:\/\/newsestlyonnais.fr\/site\/?s={search_term_string}\"},\"query-input\":{\"@type\":\"PropertyValueSpecification\",\"valueRequired\":true,\"valueName\":\"search_term_string\"}}],\"inLanguage\":\"fr-FR\"},{\"@type\":\"Organization\",\"@id\":\"https:\/\/newsestlyonnais.fr\/site\/#organization\",\"name\":\"News EST LYONNAIS\",\"url\":\"https:\/\/newsestlyonnais.fr\/site\/\",\"logo\":{\"@type\":\"ImageObject\",\"inLanguage\":\"fr-FR\",\"@id\":\"https:\/\/newsestlyonnais.fr\/site\/#\/schema\/logo\/image\/\",\"url\":\"\",\"contentUrl\":\"\",\"caption\":\"News EST LYONNAIS\"},\"image\":{\"@id\":\"https:\/\/newsestlyonnais.fr\/site\/#\/schema\/logo\/image\/\"}},{\"@type\":\"Person\",\"@id\":\"https:\/\/newsestlyonnais.fr\/site\/#\/schema\/person\/3230d5615f390bb808365d673001e887\",\"name\":\"R\u00e9dac. NEWS\",\"sameAs\":[\"http:\/\/www.newsestlyonnais.fr\",\"https:\/\/www.facebook.com\/pascal.oberson.1?fref=ts\",\"https:\/\/fr.linkedin.com\/in\/pascal-oberson-b17045113\"],\"url\":\"https:\/\/newsestlyonnais.fr\/site\/author\/nel\/\"}]}<\/script>\n<!-- \/ Yoast SEO plugin. -->","yoast_head_json":{"title":"LYON : 1200 participants \u00e0 la 1\u00b0 TowerRunde de la Tour Incity","description":"LYON : 1200 participants \u00e0 la 1\u00b0 TowerRun de la Tour Incity","robots":{"index":"index","follow":"follow","max-snippet":"max-snippet:-1","max-image-preview":"max-image-preview:large","max-video-preview":"max-video-preview:-1"},"canonical":"https:\/\/newsestlyonnais.fr\/site\/2017\/03\/16\/lyon-1200-participants-a-la-1-towerrun-de-la-tour-incity\/","og_locale":"fr_FR","og_type":"article","og_title":"LYON : 1200 participants \u00e0 la 1\u00b0 TowerRunde de la Tour Incity","og_description":"LYON : 1200 participants \u00e0 la 1\u00b0 TowerRun de la Tour Incity","og_url":"https:\/\/newsestlyonnais.fr\/site\/2017\/03\/16\/lyon-1200-participants-a-la-1-towerrun-de-la-tour-incity\/","og_site_name":"News Est Lyonnais","article_author":"https:\/\/www.facebook.com\/pascal.oberson.1?fref=ts","article_published_time":"2017-03-16T05:29:03+00:00","article_modified_time":"2020-11-01T13:39:42+00:00","og_image":[{"width":1000,"height":750,"url":"https:\/\/i2.wp.com\/newsestlyonnais.fr\/site\/wp-content\/uploads\/2017\/03\/NEWSESTLYONNAIS-TOWERRUN-2017.jpg?fit=1000%2C750&ssl=1","type":"image\/jpeg"}],"author":"R\u00e9dac. NEWS","twitter_card":"summary_large_image","twitter_misc":{"\u00c9crit par":"R\u00e9dac. NEWS","Dur\u00e9e de lecture estim\u00e9e":"1 minute"},"schema":{"@context":"https:\/\/schema.org","@graph":[{"@type":"Article","@id":"https:\/\/newsestlyonnais.fr\/site\/2017\/03\/16\/lyon-1200-participants-a-la-1-towerrun-de-la-tour-incity\/#article","isPartOf":{"@id":"https:\/\/newsestlyonnais.fr\/site\/2017\/03\/16\/lyon-1200-participants-a-la-1-towerrun-de-la-tour-incity\/"},"author":{"name":"R\u00e9dac. NEWS","@id":"https:\/\/newsestlyonnais.fr\/site\/#\/schema\/person\/3230d5615f390bb808365d673001e887"},"headline":"LYON | 1.200 participants \u00e0 la 1\u00b0 TowerRun de la Tour Incity","datePublished":"2017-03-16T05:29:03+00:00","dateModified":"2020-11-01T13:39:42+00:00","mainEntityOfPage":{"@id":"https:\/\/newsestlyonnais.fr\/site\/2017\/03\/16\/lyon-1200-participants-a-la-1-towerrun-de-la-tour-incity\/"},"wordCount":192,"commentCount":0,"publisher":{"@id":"https:\/\/newsestlyonnais.fr\/site\/#organization"},"image":{"@id":"https:\/\/newsestlyonnais.fr\/site\/2017\/03\/16\/lyon-1200-participants-a-la-1-towerrun-de-la-tour-incity\/#primaryimage"},"thumbnailUrl":"https:\/\/newsestlyonnais.fr\/site\/wp-content\/uploads\/2017\/03\/NEWSESTLYONNAIS-TOWERRUN-2017.jpg","articleSection":["Athl\u00e9 | Course pied | Marche","Lyon"],"inLanguage":"fr-FR","potentialAction":[{"@type":"CommentAction","name":"Comment","target":["https:\/\/newsestlyonnais.fr\/site\/2017\/03\/16\/lyon-1200-participants-a-la-1-towerrun-de-la-tour-incity\/#respond"]}]},{"@type":"WebPage","@id":"https:\/\/newsestlyonnais.fr\/site\/2017\/03\/16\/lyon-1200-participants-a-la-1-towerrun-de-la-tour-incity\/","url":"https:\/\/newsestlyonnais.fr\/site\/2017\/03\/16\/lyon-1200-participants-a-la-1-towerrun-de-la-tour-incity\/","name":"LYON : 1200 participants \u00e0 la 1\u00b0 TowerRunde de la Tour Incity","isPartOf":{"@id":"https:\/\/newsestlyonnais.fr\/site\/#website"},"primaryImageOfPage":{"@id":"https:\/\/newsestlyonnais.fr\/site\/2017\/03\/16\/lyon-1200-participants-a-la-1-towerrun-de-la-tour-incity\/#primaryimage"},"image":{"@id":"https:\/\/newsestlyonnais.fr\/site\/2017\/03\/16\/lyon-1200-participants-a-la-1-towerrun-de-la-tour-incity\/#primaryimage"},"thumbnailUrl":"https:\/\/newsestlyonnais.fr\/site\/wp-content\/uploads\/2017\/03\/NEWSESTLYONNAIS-TOWERRUN-2017.jpg","datePublished":"2017-03-16T05:29:03+00:00","dateModified":"2020-11-01T13:39:42+00:00","description":"LYON : 1200 participants \u00e0 la 1\u00b0 TowerRun de la Tour Incity","breadcrumb":{"@id":"https:\/\/newsestlyonnais.fr\/site\/2017\/03\/16\/lyon-1200-participants-a-la-1-towerrun-de-la-tour-incity\/#breadcrumb"},"inLanguage":"fr-FR","potentialAction":[{"@type":"ReadAction","target":["https:\/\/newsestlyonnais.fr\/site\/2017\/03\/16\/lyon-1200-participants-a-la-1-towerrun-de-la-tour-incity\/"]}]},{"@type":"ImageObject","inLanguage":"fr-FR","@id":"https:\/\/newsestlyonnais.fr\/site\/2017\/03\/16\/lyon-1200-participants-a-la-1-towerrun-de-la-tour-incity\/#primaryimage","url":"https:\/\/newsestlyonnais.fr\/site\/wp-content\/uploads\/2017\/03\/NEWSESTLYONNAIS-TOWERRUN-2017.jpg","contentUrl":"https:\/\/newsestlyonnais.fr\/site\/wp-content\/uploads\/2017\/03\/NEWSESTLYONNAIS-TOWERRUN-2017.jpg","width":1000,"height":750,"caption":"NEWSESTLYONNAIS - TOWERRUN 2017"},{"@type":"BreadcrumbList","@id":"https:\/\/newsestlyonnais.fr\/site\/2017\/03\/16\/lyon-1200-participants-a-la-1-towerrun-de-la-tour-incity\/#breadcrumb","itemListElement":[{"@type":"ListItem","position":1,"name":"Accueil","item":"https:\/\/newsestlyonnais.fr\/site\/"},{"@type":"ListItem","position":2,"name":"LYON | 1.200 participants \u00e0 la 1\u00b0 TowerRun de la Tour Incity"}]},{"@type":"WebSite","@id":"https:\/\/newsestlyonnais.fr\/site\/#website","url":"https:\/\/newsestlyonnais.fr\/site\/","name":"News Est Lyonnais","description":"L&#039;actualit\u00e9 au plus pr\u00e8s","publisher":{"@id":"https:\/\/newsestlyonnais.fr\/site\/#organization"},"potentialAction":[{"@type":"SearchAction","target":{"@type":"EntryPoint","urlTemplate":"https:\/\/newsestlyonnais.fr\/site\/?s={search_term_string}"},"query-input":{"@type":"PropertyValueSpecification","valueRequired":true,"valueName":"search_term_string"}}],"inLanguage":"fr-FR"},{"@type":"Organization","@id":"https:\/\/newsestlyonnais.fr\/site\/#organization","name":"News EST LYONNAIS","url":"https:\/\/newsestlyonnais.fr\/site\/","logo":{"@type":"ImageObject","inLanguage":"fr-FR","@id":"https:\/\/newsestlyonnais.fr\/site\/#\/schema\/logo\/image\/","url":"","contentUrl":"","caption":"News EST LYONNAIS"},"image":{"@id":"https:\/\/newsestlyonnais.fr\/site\/#\/schema\/logo\/image\/"}},{"@type":"Person","@id":"https:\/\/newsestlyonnais.fr\/site\/#\/schema\/person\/3230d5615f390bb808365d673001e887","name":"R\u00e9dac. NEWS","sameAs":["http:\/\/www.newsestlyonnais.fr","https:\/\/www.facebook.com\/pascal.oberson.1?fref=ts","https:\/\/fr.linkedin.com\/in\/pascal-oberson-b17045113"],"url":"https:\/\/newsestlyonnais.fr\/site\/author\/nel\/"}]}},"_links":{"self":[{"href":"https:\/\/newsestlyonnais.fr\/site\/wp-json\/wp\/v2\/posts\/22722","targetHints":{"allow":["GET"]}}],"collection":[{"href":"https:\/\/newsestlyonnais.fr\/site\/wp-json\/wp\/v2\/posts"}],"about":[{"href":"https:\/\/newsestlyonnais.fr\/site\/wp-json\/wp\/v2\/types\/post"}],"author":[{"embeddable":true,"href":"https:\/\/newsestlyonnais.fr\/site\/wp-json\/wp\/v2\/users\/4"}],"replies":[{"embeddable":true,"href":"https:\/\/newsestlyonnais.fr\/site\/wp-json\/wp\/v2\/comments?post=22722"}],"version-history":[{"count":0,"href":"https:\/\/newsestlyonnais.fr\/site\/wp-json\/wp\/v2\/posts\/22722\/revisions"}],"wp:featuredmedia":[{"embeddable":true,"href":"https:\/\/newsestlyonnais.fr\/site\/wp-json\/wp\/v2\/media\/22764"}],"wp:attachment":[{"href":"https:\/\/newsestlyonnais.fr\/site\/wp-json\/wp\/v2\/media?parent=22722"}],"wp:term":[{"taxonomy":"category","embeddable":true,"href":"https:\/\/newsestlyonnais.fr\/site\/wp-json\/wp\/v2\/categories?post=22722"},{"taxonomy":"post_tag","embeddable":true,"href":"https:\/\/newsestlyonnais.fr\/site\/wp-json\/wp\/v2\/tags?post=22722"}],"curies":[{"name":"wp","href":"https:\/\/api.w.org\/{rel}","templated":true}]}}