{"id":22724,"date":"2017-03-15T15:21:26","date_gmt":"2017-03-15T14:21:26","guid":{"rendered":"http:\/\/newsestlyonnais.fr\/site\/?p=22724"},"modified":"2020-11-12T20:43:51","modified_gmt":"2020-11-12T19:43:51","slug":"vaulx-en-velin-2-pros-du-boxing-club-vaudais-a-laffiche","status":"publish","type":"post","link":"https:\/\/newsestlyonnais.fr\/site\/2017\/03\/15\/vaulx-en-velin-2-pros-du-boxing-club-vaudais-a-laffiche\/","title":{"rendered":"VAULX-EN-VELIN | 2 pros du Boxing Club Vaudais \u00e0 l&rsquo;affiche !"},"content":{"rendered":"<h4>En ce mois de mars deux membres du Boxing Club Vaudais gravissent une nouvelle marche dans leur parcours en combattant lors de comp\u00e9titions de tr\u00e8s haut niveau.<\/h4>\n<ul>\n<li><strong>Nizar Trimech<\/strong> a disput\u00e9 jeudi 9 mars dernier au Cannet son tout premier combat pour le compte du team des \u00ab\u00a0Fighting Roosters\u00a0\u00bb franchise professionnelle mont\u00e9e par l&rsquo;ancien champion olympique Brahim Asloum. Des d\u00e9buts prometteurs et victorieux (en 75 kg) qui ont offert un point aux tricolores vainqueurs des Thunders (Italie) (3\/2) lors de ces World Series of Boxing (WSB).<\/li>\n<li><strong>Elhem Mekhaled<\/strong>, quand \u00e0 elle combattra vendredi soir \u00e0 20 heures au gymnase de la Cotonne de Saint Etienne. Ceci en vue de d\u00e9crocher face \u00e0 Windy Vincent son premier titre de championne de France professionnelle.<\/li>\n<\/ul>\n<p><img loading=\"lazy\" decoding=\"async\" class=\"alignleft size-full wp-image-22737\" src=\"https:\/\/newsestlyonnais.fr\/site\/medias\/2017\/03\/NEWSESTLYONNAIS-ELHEM.jpg\" alt=\"NEWSESTLYONNAIS - ELHEM\" width=\"1000\" height=\"750\" srcset=\"https:\/\/newsestlyonnais.fr\/site\/wp-content\/uploads\/2017\/03\/NEWSESTLYONNAIS-ELHEM.jpg 1000w, https:\/\/newsestlyonnais.fr\/site\/wp-content\/uploads\/2017\/03\/NEWSESTLYONNAIS-ELHEM-400x300.jpg 400w, https:\/\/newsestlyonnais.fr\/site\/wp-content\/uploads\/2017\/03\/NEWSESTLYONNAIS-ELHEM-768x576.jpg 768w, https:\/\/newsestlyonnais.fr\/site\/wp-content\/uploads\/2017\/03\/NEWSESTLYONNAIS-ELHEM-600x450.jpg 600w, https:\/\/newsestlyonnais.fr\/site\/wp-content\/uploads\/2017\/03\/NEWSESTLYONNAIS-ELHEM-100x75.jpg 100w\" sizes=\"auto, (max-width: 1000px) 100vw, 1000px\" \/><\/p>\n<p>&nbsp;<\/p>\n<div class=\"like-content list-view\">\n<div class=\"art-text\">\n<p>&nbsp;<\/p>\n<\/div>\n<\/div>\n","protected":false},"excerpt":{"rendered":"<p>En ce mois de mars deux membres du Boxing Club Vaudais gravissent une nouvelle marche dans leur parcours en combattant lors de comp\u00e9titions de tr\u00e8s haut niveau. Nizar Trimech a disput\u00e9 jeudi 9 mars dernier au Cannet son tout premier combat pour le compte du team des \u00ab\u00a0Fighting Roosters\u00a0\u00bb franchise professionnelle mont\u00e9e par l&rsquo;ancien champion [&hellip;]<\/p>\n","protected":false},"author":4,"featured_media":22732,"comment_status":"open","ping_status":"open","sticky":false,"template":"","format":"standard","meta":{"footnotes":""},"categories":[574,166,28],"tags":[],"class_list":["post-22724","post","type-post","status-publish","format-standard","has-post-thumbnail","hentry","category-autres-sports","category-divers-sports","category-vaulx-en-velin"],"yoast_head":"<!-- This site is optimized with the Yoast SEO plugin v27.2 - https:\/\/yoast.com\/product\/yoast-seo-wordpress\/ -->\n<title>VAULX EN VELIN : Deux pros du Boxing Club Vaudais \u00e0 l&#039;affiche !<\/title>\n<meta name=\"description\" content=\"VAULX EN VELIN : Deux pros du Boxing Club Vaudais \u00e0 l&#039;affiche !\" \/>\n<meta name=\"robots\" content=\"index, follow, max-snippet:-1, max-image-preview:large, max-video-preview:-1\" \/>\n<link rel=\"canonical\" href=\"https:\/\/newsestlyonnais.fr\/site\/2017\/03\/15\/vaulx-en-velin-2-pros-du-boxing-club-vaudais-a-laffiche\/\" \/>\n<meta property=\"og:locale\" content=\"fr_FR\" \/>\n<meta property=\"og:type\" content=\"article\" \/>\n<meta property=\"og:title\" content=\"VAULX EN VELIN : Deux pros du Boxing Club Vaudais \u00e0 l&#039;affiche !\" \/>\n<meta property=\"og:description\" content=\"VAULX EN VELIN : Deux pros du Boxing Club Vaudais \u00e0 l&#039;affiche !\" \/>\n<meta property=\"og:url\" content=\"https:\/\/newsestlyonnais.fr\/site\/2017\/03\/15\/vaulx-en-velin-2-pros-du-boxing-club-vaudais-a-laffiche\/\" \/>\n<meta property=\"og:site_name\" content=\"News Est Lyonnais\" \/>\n<meta property=\"article:author\" content=\"https:\/\/www.facebook.com\/pascal.oberson.1?fref=ts\" \/>\n<meta property=\"article:published_time\" content=\"2017-03-15T14:21:26+00:00\" \/>\n<meta property=\"article:modified_time\" content=\"2020-11-12T19:43:51+00:00\" \/>\n<meta property=\"og:image\" content=\"https:\/\/i0.wp.com\/newsestlyonnais.fr\/site\/wp-content\/uploads\/2017\/03\/NEWSESTLYONNAIS-BOXING-CLUB-VAUDAIS-2.jpg?fit=1000%2C750&ssl=1\" \/>\n\t<meta property=\"og:image:width\" content=\"1000\" \/>\n\t<meta property=\"og:image:height\" content=\"750\" \/>\n\t<meta property=\"og:image:type\" content=\"image\/jpeg\" \/>\n<meta name=\"author\" content=\"R\u00e9dac. NEWS\" \/>\n<meta name=\"twitter:card\" content=\"summary_large_image\" \/>\n<meta name=\"twitter:label1\" content=\"\u00c9crit par\" \/>\n\t<meta name=\"twitter:data1\" content=\"R\u00e9dac. NEWS\" \/>\n\t<meta name=\"twitter:label2\" content=\"Dur\u00e9e de lecture estim\u00e9e\" \/>\n\t<meta name=\"twitter:data2\" content=\"1 minute\" \/>\n<script type=\"application\/ld+json\" class=\"yoast-schema-graph\">{\"@context\":\"https:\/\/schema.org\",\"@graph\":[{\"@type\":\"Article\",\"@id\":\"https:\/\/newsestlyonnais.fr\/site\/2017\/03\/15\/vaulx-en-velin-2-pros-du-boxing-club-vaudais-a-laffiche\/#article\",\"isPartOf\":{\"@id\":\"https:\/\/newsestlyonnais.fr\/site\/2017\/03\/15\/vaulx-en-velin-2-pros-du-boxing-club-vaudais-a-laffiche\/\"},\"author\":{\"name\":\"R\u00e9dac. NEWS\",\"@id\":\"https:\/\/newsestlyonnais.fr\/site\/#\/schema\/person\/3230d5615f390bb808365d673001e887\"},\"headline\":\"VAULX-EN-VELIN | 2 pros du Boxing Club Vaudais \u00e0 l&rsquo;affiche !\",\"datePublished\":\"2017-03-15T14:21:26+00:00\",\"dateModified\":\"2020-11-12T19:43:51+00:00\",\"mainEntityOfPage\":{\"@id\":\"https:\/\/newsestlyonnais.fr\/site\/2017\/03\/15\/vaulx-en-velin-2-pros-du-boxing-club-vaudais-a-laffiche\/\"},\"wordCount\":131,\"commentCount\":0,\"publisher\":{\"@id\":\"https:\/\/newsestlyonnais.fr\/site\/#organization\"},\"image\":{\"@id\":\"https:\/\/newsestlyonnais.fr\/site\/2017\/03\/15\/vaulx-en-velin-2-pros-du-boxing-club-vaudais-a-laffiche\/#primaryimage\"},\"thumbnailUrl\":\"https:\/\/newsestlyonnais.fr\/site\/wp-content\/uploads\/2017\/03\/NEWSESTLYONNAIS-BOXING-CLUB-VAUDAIS-2.jpg\",\"articleSection\":[\"Autres sports\",\"Divers Sports\",\"Vaulx-en-Velin\"],\"inLanguage\":\"fr-FR\",\"potentialAction\":[{\"@type\":\"CommentAction\",\"name\":\"Comment\",\"target\":[\"https:\/\/newsestlyonnais.fr\/site\/2017\/03\/15\/vaulx-en-velin-2-pros-du-boxing-club-vaudais-a-laffiche\/#respond\"]}]},{\"@type\":\"WebPage\",\"@id\":\"https:\/\/newsestlyonnais.fr\/site\/2017\/03\/15\/vaulx-en-velin-2-pros-du-boxing-club-vaudais-a-laffiche\/\",\"url\":\"https:\/\/newsestlyonnais.fr\/site\/2017\/03\/15\/vaulx-en-velin-2-pros-du-boxing-club-vaudais-a-laffiche\/\",\"name\":\"VAULX EN VELIN : Deux pros du Boxing Club Vaudais \u00e0 l'affiche !\",\"isPartOf\":{\"@id\":\"https:\/\/newsestlyonnais.fr\/site\/#website\"},\"primaryImageOfPage\":{\"@id\":\"https:\/\/newsestlyonnais.fr\/site\/2017\/03\/15\/vaulx-en-velin-2-pros-du-boxing-club-vaudais-a-laffiche\/#primaryimage\"},\"image\":{\"@id\":\"https:\/\/newsestlyonnais.fr\/site\/2017\/03\/15\/vaulx-en-velin-2-pros-du-boxing-club-vaudais-a-laffiche\/#primaryimage\"},\"thumbnailUrl\":\"https:\/\/newsestlyonnais.fr\/site\/wp-content\/uploads\/2017\/03\/NEWSESTLYONNAIS-BOXING-CLUB-VAUDAIS-2.jpg\",\"datePublished\":\"2017-03-15T14:21:26+00:00\",\"dateModified\":\"2020-11-12T19:43:51+00:00\",\"description\":\"VAULX EN VELIN : Deux pros du Boxing Club Vaudais \u00e0 l'affiche !\",\"breadcrumb\":{\"@id\":\"https:\/\/newsestlyonnais.fr\/site\/2017\/03\/15\/vaulx-en-velin-2-pros-du-boxing-club-vaudais-a-laffiche\/#breadcrumb\"},\"inLanguage\":\"fr-FR\",\"potentialAction\":[{\"@type\":\"ReadAction\",\"target\":[\"https:\/\/newsestlyonnais.fr\/site\/2017\/03\/15\/vaulx-en-velin-2-pros-du-boxing-club-vaudais-a-laffiche\/\"]}]},{\"@type\":\"ImageObject\",\"inLanguage\":\"fr-FR\",\"@id\":\"https:\/\/newsestlyonnais.fr\/site\/2017\/03\/15\/vaulx-en-velin-2-pros-du-boxing-club-vaudais-a-laffiche\/#primaryimage\",\"url\":\"https:\/\/newsestlyonnais.fr\/site\/wp-content\/uploads\/2017\/03\/NEWSESTLYONNAIS-BOXING-CLUB-VAUDAIS-2.jpg\",\"contentUrl\":\"https:\/\/newsestlyonnais.fr\/site\/wp-content\/uploads\/2017\/03\/NEWSESTLYONNAIS-BOXING-CLUB-VAUDAIS-2.jpg\",\"width\":1000,\"height\":750,\"caption\":\"NEWSESTLYONNAIS - BOXING CLUB VAUDAIS (2)\"},{\"@type\":\"BreadcrumbList\",\"@id\":\"https:\/\/newsestlyonnais.fr\/site\/2017\/03\/15\/vaulx-en-velin-2-pros-du-boxing-club-vaudais-a-laffiche\/#breadcrumb\",\"itemListElement\":[{\"@type\":\"ListItem\",\"position\":1,\"name\":\"Accueil\",\"item\":\"https:\/\/newsestlyonnais.fr\/site\/\"},{\"@type\":\"ListItem\",\"position\":2,\"name\":\"VAULX-EN-VELIN | 2 pros du Boxing Club Vaudais \u00e0 l&rsquo;affiche !\"}]},{\"@type\":\"WebSite\",\"@id\":\"https:\/\/newsestlyonnais.fr\/site\/#website\",\"url\":\"https:\/\/newsestlyonnais.fr\/site\/\",\"name\":\"News Est Lyonnais\",\"description\":\"L&#039;actualit\u00e9 au plus pr\u00e8s\",\"publisher\":{\"@id\":\"https:\/\/newsestlyonnais.fr\/site\/#organization\"},\"potentialAction\":[{\"@type\":\"SearchAction\",\"target\":{\"@type\":\"EntryPoint\",\"urlTemplate\":\"https:\/\/newsestlyonnais.fr\/site\/?s={search_term_string}\"},\"query-input\":{\"@type\":\"PropertyValueSpecification\",\"valueRequired\":true,\"valueName\":\"search_term_string\"}}],\"inLanguage\":\"fr-FR\"},{\"@type\":\"Organization\",\"@id\":\"https:\/\/newsestlyonnais.fr\/site\/#organization\",\"name\":\"News EST LYONNAIS\",\"url\":\"https:\/\/newsestlyonnais.fr\/site\/\",\"logo\":{\"@type\":\"ImageObject\",\"inLanguage\":\"fr-FR\",\"@id\":\"https:\/\/newsestlyonnais.fr\/site\/#\/schema\/logo\/image\/\",\"url\":\"\",\"contentUrl\":\"\",\"caption\":\"News EST LYONNAIS\"},\"image\":{\"@id\":\"https:\/\/newsestlyonnais.fr\/site\/#\/schema\/logo\/image\/\"}},{\"@type\":\"Person\",\"@id\":\"https:\/\/newsestlyonnais.fr\/site\/#\/schema\/person\/3230d5615f390bb808365d673001e887\",\"name\":\"R\u00e9dac. NEWS\",\"sameAs\":[\"http:\/\/www.newsestlyonnais.fr\",\"https:\/\/www.facebook.com\/pascal.oberson.1?fref=ts\",\"https:\/\/fr.linkedin.com\/in\/pascal-oberson-b17045113\"],\"url\":\"https:\/\/newsestlyonnais.fr\/site\/author\/nel\/\"}]}<\/script>\n<!-- \/ Yoast SEO plugin. -->","yoast_head_json":{"title":"VAULX EN VELIN : Deux pros du Boxing Club Vaudais \u00e0 l'affiche !","description":"VAULX EN VELIN : Deux pros du Boxing Club Vaudais \u00e0 l'affiche !","robots":{"index":"index","follow":"follow","max-snippet":"max-snippet:-1","max-image-preview":"max-image-preview:large","max-video-preview":"max-video-preview:-1"},"canonical":"https:\/\/newsestlyonnais.fr\/site\/2017\/03\/15\/vaulx-en-velin-2-pros-du-boxing-club-vaudais-a-laffiche\/","og_locale":"fr_FR","og_type":"article","og_title":"VAULX EN VELIN : Deux pros du Boxing Club Vaudais \u00e0 l'affiche !","og_description":"VAULX EN VELIN : Deux pros du Boxing Club Vaudais \u00e0 l'affiche !","og_url":"https:\/\/newsestlyonnais.fr\/site\/2017\/03\/15\/vaulx-en-velin-2-pros-du-boxing-club-vaudais-a-laffiche\/","og_site_name":"News Est Lyonnais","article_author":"https:\/\/www.facebook.com\/pascal.oberson.1?fref=ts","article_published_time":"2017-03-15T14:21:26+00:00","article_modified_time":"2020-11-12T19:43:51+00:00","og_image":[{"width":1000,"height":750,"url":"https:\/\/i0.wp.com\/newsestlyonnais.fr\/site\/wp-content\/uploads\/2017\/03\/NEWSESTLYONNAIS-BOXING-CLUB-VAUDAIS-2.jpg?fit=1000%2C750&ssl=1","type":"image\/jpeg"}],"author":"R\u00e9dac. NEWS","twitter_card":"summary_large_image","twitter_misc":{"\u00c9crit par":"R\u00e9dac. NEWS","Dur\u00e9e de lecture estim\u00e9e":"1 minute"},"schema":{"@context":"https:\/\/schema.org","@graph":[{"@type":"Article","@id":"https:\/\/newsestlyonnais.fr\/site\/2017\/03\/15\/vaulx-en-velin-2-pros-du-boxing-club-vaudais-a-laffiche\/#article","isPartOf":{"@id":"https:\/\/newsestlyonnais.fr\/site\/2017\/03\/15\/vaulx-en-velin-2-pros-du-boxing-club-vaudais-a-laffiche\/"},"author":{"name":"R\u00e9dac. NEWS","@id":"https:\/\/newsestlyonnais.fr\/site\/#\/schema\/person\/3230d5615f390bb808365d673001e887"},"headline":"VAULX-EN-VELIN | 2 pros du Boxing Club Vaudais \u00e0 l&rsquo;affiche !","datePublished":"2017-03-15T14:21:26+00:00","dateModified":"2020-11-12T19:43:51+00:00","mainEntityOfPage":{"@id":"https:\/\/newsestlyonnais.fr\/site\/2017\/03\/15\/vaulx-en-velin-2-pros-du-boxing-club-vaudais-a-laffiche\/"},"wordCount":131,"commentCount":0,"publisher":{"@id":"https:\/\/newsestlyonnais.fr\/site\/#organization"},"image":{"@id":"https:\/\/newsestlyonnais.fr\/site\/2017\/03\/15\/vaulx-en-velin-2-pros-du-boxing-club-vaudais-a-laffiche\/#primaryimage"},"thumbnailUrl":"https:\/\/newsestlyonnais.fr\/site\/wp-content\/uploads\/2017\/03\/NEWSESTLYONNAIS-BOXING-CLUB-VAUDAIS-2.jpg","articleSection":["Autres sports","Divers Sports","Vaulx-en-Velin"],"inLanguage":"fr-FR","potentialAction":[{"@type":"CommentAction","name":"Comment","target":["https:\/\/newsestlyonnais.fr\/site\/2017\/03\/15\/vaulx-en-velin-2-pros-du-boxing-club-vaudais-a-laffiche\/#respond"]}]},{"@type":"WebPage","@id":"https:\/\/newsestlyonnais.fr\/site\/2017\/03\/15\/vaulx-en-velin-2-pros-du-boxing-club-vaudais-a-laffiche\/","url":"https:\/\/newsestlyonnais.fr\/site\/2017\/03\/15\/vaulx-en-velin-2-pros-du-boxing-club-vaudais-a-laffiche\/","name":"VAULX EN VELIN : Deux pros du Boxing Club Vaudais \u00e0 l'affiche !","isPartOf":{"@id":"https:\/\/newsestlyonnais.fr\/site\/#website"},"primaryImageOfPage":{"@id":"https:\/\/newsestlyonnais.fr\/site\/2017\/03\/15\/vaulx-en-velin-2-pros-du-boxing-club-vaudais-a-laffiche\/#primaryimage"},"image":{"@id":"https:\/\/newsestlyonnais.fr\/site\/2017\/03\/15\/vaulx-en-velin-2-pros-du-boxing-club-vaudais-a-laffiche\/#primaryimage"},"thumbnailUrl":"https:\/\/newsestlyonnais.fr\/site\/wp-content\/uploads\/2017\/03\/NEWSESTLYONNAIS-BOXING-CLUB-VAUDAIS-2.jpg","datePublished":"2017-03-15T14:21:26+00:00","dateModified":"2020-11-12T19:43:51+00:00","description":"VAULX EN VELIN : Deux pros du Boxing Club Vaudais \u00e0 l'affiche !","breadcrumb":{"@id":"https:\/\/newsestlyonnais.fr\/site\/2017\/03\/15\/vaulx-en-velin-2-pros-du-boxing-club-vaudais-a-laffiche\/#breadcrumb"},"inLanguage":"fr-FR","potentialAction":[{"@type":"ReadAction","target":["https:\/\/newsestlyonnais.fr\/site\/2017\/03\/15\/vaulx-en-velin-2-pros-du-boxing-club-vaudais-a-laffiche\/"]}]},{"@type":"ImageObject","inLanguage":"fr-FR","@id":"https:\/\/newsestlyonnais.fr\/site\/2017\/03\/15\/vaulx-en-velin-2-pros-du-boxing-club-vaudais-a-laffiche\/#primaryimage","url":"https:\/\/newsestlyonnais.fr\/site\/wp-content\/uploads\/2017\/03\/NEWSESTLYONNAIS-BOXING-CLUB-VAUDAIS-2.jpg","contentUrl":"https:\/\/newsestlyonnais.fr\/site\/wp-content\/uploads\/2017\/03\/NEWSESTLYONNAIS-BOXING-CLUB-VAUDAIS-2.jpg","width":1000,"height":750,"caption":"NEWSESTLYONNAIS - BOXING CLUB VAUDAIS (2)"},{"@type":"BreadcrumbList","@id":"https:\/\/newsestlyonnais.fr\/site\/2017\/03\/15\/vaulx-en-velin-2-pros-du-boxing-club-vaudais-a-laffiche\/#breadcrumb","itemListElement":[{"@type":"ListItem","position":1,"name":"Accueil","item":"https:\/\/newsestlyonnais.fr\/site\/"},{"@type":"ListItem","position":2,"name":"VAULX-EN-VELIN | 2 pros du Boxing Club Vaudais \u00e0 l&rsquo;affiche !"}]},{"@type":"WebSite","@id":"https:\/\/newsestlyonnais.fr\/site\/#website","url":"https:\/\/newsestlyonnais.fr\/site\/","name":"News Est Lyonnais","description":"L&#039;actualit\u00e9 au plus pr\u00e8s","publisher":{"@id":"https:\/\/newsestlyonnais.fr\/site\/#organization"},"potentialAction":[{"@type":"SearchAction","target":{"@type":"EntryPoint","urlTemplate":"https:\/\/newsestlyonnais.fr\/site\/?s={search_term_string}"},"query-input":{"@type":"PropertyValueSpecification","valueRequired":true,"valueName":"search_term_string"}}],"inLanguage":"fr-FR"},{"@type":"Organization","@id":"https:\/\/newsestlyonnais.fr\/site\/#organization","name":"News EST LYONNAIS","url":"https:\/\/newsestlyonnais.fr\/site\/","logo":{"@type":"ImageObject","inLanguage":"fr-FR","@id":"https:\/\/newsestlyonnais.fr\/site\/#\/schema\/logo\/image\/","url":"","contentUrl":"","caption":"News EST LYONNAIS"},"image":{"@id":"https:\/\/newsestlyonnais.fr\/site\/#\/schema\/logo\/image\/"}},{"@type":"Person","@id":"https:\/\/newsestlyonnais.fr\/site\/#\/schema\/person\/3230d5615f390bb808365d673001e887","name":"R\u00e9dac. NEWS","sameAs":["http:\/\/www.newsestlyonnais.fr","https:\/\/www.facebook.com\/pascal.oberson.1?fref=ts","https:\/\/fr.linkedin.com\/in\/pascal-oberson-b17045113"],"url":"https:\/\/newsestlyonnais.fr\/site\/author\/nel\/"}]}},"_links":{"self":[{"href":"https:\/\/newsestlyonnais.fr\/site\/wp-json\/wp\/v2\/posts\/22724","targetHints":{"allow":["GET"]}}],"collection":[{"href":"https:\/\/newsestlyonnais.fr\/site\/wp-json\/wp\/v2\/posts"}],"about":[{"href":"https:\/\/newsestlyonnais.fr\/site\/wp-json\/wp\/v2\/types\/post"}],"author":[{"embeddable":true,"href":"https:\/\/newsestlyonnais.fr\/site\/wp-json\/wp\/v2\/users\/4"}],"replies":[{"embeddable":true,"href":"https:\/\/newsestlyonnais.fr\/site\/wp-json\/wp\/v2\/comments?post=22724"}],"version-history":[{"count":0,"href":"https:\/\/newsestlyonnais.fr\/site\/wp-json\/wp\/v2\/posts\/22724\/revisions"}],"wp:featuredmedia":[{"embeddable":true,"href":"https:\/\/newsestlyonnais.fr\/site\/wp-json\/wp\/v2\/media\/22732"}],"wp:attachment":[{"href":"https:\/\/newsestlyonnais.fr\/site\/wp-json\/wp\/v2\/media?parent=22724"}],"wp:term":[{"taxonomy":"category","embeddable":true,"href":"https:\/\/newsestlyonnais.fr\/site\/wp-json\/wp\/v2\/categories?post=22724"},{"taxonomy":"post_tag","embeddable":true,"href":"https:\/\/newsestlyonnais.fr\/site\/wp-json\/wp\/v2\/tags?post=22724"}],"curies":[{"name":"wp","href":"https:\/\/api.w.org\/{rel}","templated":true}]}}