{"id":22739,"date":"2017-03-15T18:45:21","date_gmt":"2017-03-15T17:45:21","guid":{"rendered":"http:\/\/newsestlyonnais.fr\/site\/?p=22739"},"modified":"2020-11-03T16:06:56","modified_gmt":"2020-11-03T15:06:56","slug":"lyon-8-du-renfort-au-lyon-basket-avec-les-signatures-de-marieme-badiane-et-de-guy-prat","status":"publish","type":"post","link":"https:\/\/newsestlyonnais.fr\/site\/2017\/03\/15\/lyon-8-du-renfort-au-lyon-basket-avec-les-signatures-de-marieme-badiane-et-de-guy-prat\/","title":{"rendered":"LYON 8 | Du renfort au Lyon Basket avec les signatures de Mari\u00e8me Badiane et de Guy Prat"},"content":{"rendered":"<h4>Le club du \u00a0\u00bb Lyon Basket \u00a0\u00bb\u00a0 pr\u00e9pare d&rsquo;ores et d\u00e9j\u00e0 la prochaine saison et vient d&rsquo;annoncer l&rsquo;arriv\u00e9e d&rsquo;une nouvelle joueuse et d&rsquo;un coach assistant.<\/h4>\n<ul>\n<li>Apr\u00e8s Ingrid Tanqueray, l&rsquo;int\u00e9rieure <strong>Mari\u00e8me Badiane<\/strong> rejoint ainsi l\u2019\u00e9quipe 2017-2018 et signe au Lyon Basket pour 3 saisons. <span style=\"text-decoration: underline\">Pr\u00e9sentation<\/span>: \u2022 Poste 4-5 \u2022 1 m 90 \u2022 N\u00e9e le 24\/11\/1994 (22 ans)\u2022 Fran\u00e7aise. <span style=\"text-decoration: underline\">PARCOURS: <\/span>\u2022 2003-2007 : Brest \u2022 2007-2009 : Guipavas \u2022 2009-2012 : Centre F\u00e9d\u00e9ral\u2022 2012-2013 : Roche Vend\u00e9e (LF2) \u2022 2013-2015 : Reims (LF2) \u2022 2015-2017 : Mondeville. <span style=\"text-decoration: underline\">PALMAR\u00c8S: <\/span>\u2022 Championne d\u2019Europe U20 (2014) \u2022 M\u00e9daill\u00e9e d\u2019argent au Mondial U19 (2013) \u2022 Championne d\u2019Europe U18 (2012) \u2022 M\u00e9daill\u00e9e de bronze \u00e0 l\u2019Euro U16 (2010).<\/li>\n<\/ul>\n<ul>\n<li>De son c\u00f4t\u00e9, <strong>Guy Prat<\/strong> s\u2019est engag\u00e9 avec le Lyon Basket pour 5 ans, reformant ainsi le duo de Lattes\u00a0 Montpellier, en restant coach assistant de Val\u00e9ry Demory. <span style=\"text-decoration: underline\">Pr\u00e9sentation<\/span>: \u2022 Coach assistant \u2022 N\u00e9 le 4\/12\/1963 (53 ans) \u2022 Fran\u00e7ais. <span style=\"text-decoration: underline\">PARCOURS<\/span> : \u2022 2001-2002 : Conseiller Technique D\u00e9p. Sa\u00f4ne et Loire \u2022 2002-2003 : Directeur Technique D\u00e9partemental de l\u2019H\u00e9rault \u2022 2002-2005 : Frontignan (NM2) \u2022 2006-2007 : Mourenx (Cadettes France et assistant LFB) \u2022 2007 : Autun (NM2) \u2022 2008 : Villeurbanne (NF3) \u2022 2008-2017 : Lattes Montpellier. <span style=\"text-decoration: underline\">PALMAR\u00c8S<\/span>: \u2022 Champion de France LFB (2014 et 2016) \u2022 Vainqueur de la Coupe de France (2011, 2013, 2015 et 2016) \u2022 Vainqueur du Match des Champions LFB (2016).<\/li>\n<\/ul>\n<ul>\n<li><strong>Effectif 2017- 2018<\/strong> : <span style=\"text-decoration: underline\">Joueuses<\/span>: Ingrid Tanqueray &#8211; Mari\u00e8me Badiane. <span style=\"text-decoration: underline\">Staff<\/span> : Val\u00e9ry Demory &#8211; Guy Prat<\/li>\n<\/ul>\n<p><strong>Retrouvez l&rsquo;ACTU du club sur : <a href=\"http:\/\/www.lyonbasket.fr\" target=\"_blank\" rel=\"noopener noreferrer\">http:\/\/www.lyonbasket.fr<\/a><\/strong><\/p>\n<p>&nbsp;<\/p>\n","protected":false},"excerpt":{"rendered":"<p>Le club du \u00a0\u00bb Lyon Basket \u00a0\u00bb\u00a0 pr\u00e9pare d&rsquo;ores et d\u00e9j\u00e0 la prochaine saison et vient d&rsquo;annoncer l&rsquo;arriv\u00e9e d&rsquo;une nouvelle joueuse et d&rsquo;un coach assistant. Apr\u00e8s Ingrid Tanqueray, l&rsquo;int\u00e9rieure Mari\u00e8me Badiane rejoint ainsi l\u2019\u00e9quipe 2017-2018 et signe au Lyon Basket pour 3 saisons. Pr\u00e9sentation: \u2022 Poste 4-5 \u2022 1 m 90 \u2022 N\u00e9e le 24\/11\/1994 [&hellip;]<\/p>\n","protected":false},"author":4,"featured_media":15526,"comment_status":"open","ping_status":"open","sticky":false,"template":"","format":"standard","meta":{"footnotes":""},"categories":[1357,2975,3421,1625],"tags":[],"class_list":["post-22739","post","type-post","status-publish","format-standard","has-post-thumbnail","hentry","category-basket","category-basket-hand-volley-sports","category-feminin-actu-au","category-lyon"],"yoast_head":"<!-- This site is optimized with the Yoast SEO plugin v27.2 - https:\/\/yoast.com\/product\/yoast-seo-wordpress\/ -->\n<title>LYON 8\u00b0 : Du renfort au Lyon Basket avec les signatures de MARI\u00c8ME BADIANE et de GUY PRAT<\/title>\n<meta name=\"description\" content=\"LYON 8\u00b0 : Du renfort au Lyon Basket avec les signatures de MARI\u00c8ME BADIANE et de GUY PRAT\" \/>\n<meta name=\"robots\" content=\"index, follow, max-snippet:-1, max-image-preview:large, max-video-preview:-1\" \/>\n<link rel=\"canonical\" href=\"https:\/\/newsestlyonnais.fr\/site\/2017\/03\/15\/lyon-8-du-renfort-au-lyon-basket-avec-les-signatures-de-marieme-badiane-et-de-guy-prat\/\" \/>\n<meta property=\"og:locale\" content=\"fr_FR\" \/>\n<meta property=\"og:type\" content=\"article\" \/>\n<meta property=\"og:title\" content=\"LYON 8\u00b0 : Du renfort au Lyon Basket avec les signatures de MARI\u00c8ME BADIANE et de GUY PRAT\" \/>\n<meta property=\"og:description\" content=\"LYON 8\u00b0 : Du renfort au Lyon Basket avec les signatures de MARI\u00c8ME BADIANE et de GUY PRAT\" \/>\n<meta property=\"og:url\" content=\"https:\/\/newsestlyonnais.fr\/site\/2017\/03\/15\/lyon-8-du-renfort-au-lyon-basket-avec-les-signatures-de-marieme-badiane-et-de-guy-prat\/\" \/>\n<meta property=\"og:site_name\" content=\"News Est Lyonnais\" \/>\n<meta property=\"article:author\" content=\"https:\/\/www.facebook.com\/pascal.oberson.1?fref=ts\" \/>\n<meta property=\"article:published_time\" content=\"2017-03-15T17:45:21+00:00\" \/>\n<meta property=\"article:modified_time\" content=\"2020-11-03T15:06:56+00:00\" \/>\n<meta property=\"og:image\" content=\"https:\/\/i2.wp.com\/newsestlyonnais.fr\/site\/wp-content\/uploads\/2016\/11\/NEWSESTLYONNAIS-LOGOLYONBASKET.png?fit=1000%2C750&ssl=1\" \/>\n\t<meta property=\"og:image:width\" content=\"1000\" \/>\n\t<meta property=\"og:image:height\" content=\"750\" \/>\n\t<meta property=\"og:image:type\" content=\"image\/png\" \/>\n<meta name=\"author\" content=\"R\u00e9dac. NEWS\" \/>\n<meta name=\"twitter:card\" content=\"summary_large_image\" \/>\n<meta name=\"twitter:label1\" content=\"\u00c9crit par\" \/>\n\t<meta name=\"twitter:data1\" content=\"R\u00e9dac. NEWS\" \/>\n\t<meta name=\"twitter:label2\" content=\"Dur\u00e9e de lecture estim\u00e9e\" \/>\n\t<meta name=\"twitter:data2\" content=\"1 minute\" \/>\n<script type=\"application\/ld+json\" class=\"yoast-schema-graph\">{\"@context\":\"https:\/\/schema.org\",\"@graph\":[{\"@type\":\"Article\",\"@id\":\"https:\/\/newsestlyonnais.fr\/site\/2017\/03\/15\/lyon-8-du-renfort-au-lyon-basket-avec-les-signatures-de-marieme-badiane-et-de-guy-prat\/#article\",\"isPartOf\":{\"@id\":\"https:\/\/newsestlyonnais.fr\/site\/2017\/03\/15\/lyon-8-du-renfort-au-lyon-basket-avec-les-signatures-de-marieme-badiane-et-de-guy-prat\/\"},\"author\":{\"name\":\"R\u00e9dac. NEWS\",\"@id\":\"https:\/\/newsestlyonnais.fr\/site\/#\/schema\/person\/3230d5615f390bb808365d673001e887\"},\"headline\":\"LYON 8 | Du renfort au Lyon Basket avec les signatures de Mari\u00e8me Badiane et de Guy Prat\",\"datePublished\":\"2017-03-15T17:45:21+00:00\",\"dateModified\":\"2020-11-03T15:06:56+00:00\",\"mainEntityOfPage\":{\"@id\":\"https:\/\/newsestlyonnais.fr\/site\/2017\/03\/15\/lyon-8-du-renfort-au-lyon-basket-avec-les-signatures-de-marieme-badiane-et-de-guy-prat\/\"},\"wordCount\":249,\"commentCount\":0,\"publisher\":{\"@id\":\"https:\/\/newsestlyonnais.fr\/site\/#organization\"},\"image\":{\"@id\":\"https:\/\/newsestlyonnais.fr\/site\/2017\/03\/15\/lyon-8-du-renfort-au-lyon-basket-avec-les-signatures-de-marieme-badiane-et-de-guy-prat\/#primaryimage\"},\"thumbnailUrl\":\"https:\/\/newsestlyonnais.fr\/site\/wp-content\/uploads\/2016\/11\/NEWSESTLYONNAIS-LOGOLYONBASKET.png\",\"articleSection\":[\"Basket\",\"Basket | Hand | Volley\",\"F\u00e9minin (Actu au)\",\"Lyon\"],\"inLanguage\":\"fr-FR\",\"potentialAction\":[{\"@type\":\"CommentAction\",\"name\":\"Comment\",\"target\":[\"https:\/\/newsestlyonnais.fr\/site\/2017\/03\/15\/lyon-8-du-renfort-au-lyon-basket-avec-les-signatures-de-marieme-badiane-et-de-guy-prat\/#respond\"]}]},{\"@type\":\"WebPage\",\"@id\":\"https:\/\/newsestlyonnais.fr\/site\/2017\/03\/15\/lyon-8-du-renfort-au-lyon-basket-avec-les-signatures-de-marieme-badiane-et-de-guy-prat\/\",\"url\":\"https:\/\/newsestlyonnais.fr\/site\/2017\/03\/15\/lyon-8-du-renfort-au-lyon-basket-avec-les-signatures-de-marieme-badiane-et-de-guy-prat\/\",\"name\":\"LYON 8\u00b0 : Du renfort au Lyon Basket avec les signatures de MARI\u00c8ME BADIANE et de GUY PRAT\",\"isPartOf\":{\"@id\":\"https:\/\/newsestlyonnais.fr\/site\/#website\"},\"primaryImageOfPage\":{\"@id\":\"https:\/\/newsestlyonnais.fr\/site\/2017\/03\/15\/lyon-8-du-renfort-au-lyon-basket-avec-les-signatures-de-marieme-badiane-et-de-guy-prat\/#primaryimage\"},\"image\":{\"@id\":\"https:\/\/newsestlyonnais.fr\/site\/2017\/03\/15\/lyon-8-du-renfort-au-lyon-basket-avec-les-signatures-de-marieme-badiane-et-de-guy-prat\/#primaryimage\"},\"thumbnailUrl\":\"https:\/\/newsestlyonnais.fr\/site\/wp-content\/uploads\/2016\/11\/NEWSESTLYONNAIS-LOGOLYONBASKET.png\",\"datePublished\":\"2017-03-15T17:45:21+00:00\",\"dateModified\":\"2020-11-03T15:06:56+00:00\",\"description\":\"LYON 8\u00b0 : Du renfort au Lyon Basket avec les signatures de MARI\u00c8ME BADIANE et de GUY PRAT\",\"breadcrumb\":{\"@id\":\"https:\/\/newsestlyonnais.fr\/site\/2017\/03\/15\/lyon-8-du-renfort-au-lyon-basket-avec-les-signatures-de-marieme-badiane-et-de-guy-prat\/#breadcrumb\"},\"inLanguage\":\"fr-FR\",\"potentialAction\":[{\"@type\":\"ReadAction\",\"target\":[\"https:\/\/newsestlyonnais.fr\/site\/2017\/03\/15\/lyon-8-du-renfort-au-lyon-basket-avec-les-signatures-de-marieme-badiane-et-de-guy-prat\/\"]}]},{\"@type\":\"ImageObject\",\"inLanguage\":\"fr-FR\",\"@id\":\"https:\/\/newsestlyonnais.fr\/site\/2017\/03\/15\/lyon-8-du-renfort-au-lyon-basket-avec-les-signatures-de-marieme-badiane-et-de-guy-prat\/#primaryimage\",\"url\":\"https:\/\/newsestlyonnais.fr\/site\/wp-content\/uploads\/2016\/11\/NEWSESTLYONNAIS-LOGOLYONBASKET.png\",\"contentUrl\":\"https:\/\/newsestlyonnais.fr\/site\/wp-content\/uploads\/2016\/11\/NEWSESTLYONNAIS-LOGOLYONBASKET.png\",\"width\":1000,\"height\":750,\"caption\":\"newsestlyonnais-logolyonbasket\"},{\"@type\":\"BreadcrumbList\",\"@id\":\"https:\/\/newsestlyonnais.fr\/site\/2017\/03\/15\/lyon-8-du-renfort-au-lyon-basket-avec-les-signatures-de-marieme-badiane-et-de-guy-prat\/#breadcrumb\",\"itemListElement\":[{\"@type\":\"ListItem\",\"position\":1,\"name\":\"Accueil\",\"item\":\"https:\/\/newsestlyonnais.fr\/site\/\"},{\"@type\":\"ListItem\",\"position\":2,\"name\":\"LYON 8 | Du renfort au Lyon Basket avec les signatures de Mari\u00e8me Badiane et de Guy Prat\"}]},{\"@type\":\"WebSite\",\"@id\":\"https:\/\/newsestlyonnais.fr\/site\/#website\",\"url\":\"https:\/\/newsestlyonnais.fr\/site\/\",\"name\":\"News Est Lyonnais\",\"description\":\"L&#039;actualit\u00e9 au plus pr\u00e8s\",\"publisher\":{\"@id\":\"https:\/\/newsestlyonnais.fr\/site\/#organization\"},\"potentialAction\":[{\"@type\":\"SearchAction\",\"target\":{\"@type\":\"EntryPoint\",\"urlTemplate\":\"https:\/\/newsestlyonnais.fr\/site\/?s={search_term_string}\"},\"query-input\":{\"@type\":\"PropertyValueSpecification\",\"valueRequired\":true,\"valueName\":\"search_term_string\"}}],\"inLanguage\":\"fr-FR\"},{\"@type\":\"Organization\",\"@id\":\"https:\/\/newsestlyonnais.fr\/site\/#organization\",\"name\":\"News EST LYONNAIS\",\"url\":\"https:\/\/newsestlyonnais.fr\/site\/\",\"logo\":{\"@type\":\"ImageObject\",\"inLanguage\":\"fr-FR\",\"@id\":\"https:\/\/newsestlyonnais.fr\/site\/#\/schema\/logo\/image\/\",\"url\":\"\",\"contentUrl\":\"\",\"caption\":\"News EST LYONNAIS\"},\"image\":{\"@id\":\"https:\/\/newsestlyonnais.fr\/site\/#\/schema\/logo\/image\/\"}},{\"@type\":\"Person\",\"@id\":\"https:\/\/newsestlyonnais.fr\/site\/#\/schema\/person\/3230d5615f390bb808365d673001e887\",\"name\":\"R\u00e9dac. NEWS\",\"sameAs\":[\"http:\/\/www.newsestlyonnais.fr\",\"https:\/\/www.facebook.com\/pascal.oberson.1?fref=ts\",\"https:\/\/fr.linkedin.com\/in\/pascal-oberson-b17045113\"],\"url\":\"https:\/\/newsestlyonnais.fr\/site\/author\/nel\/\"}]}<\/script>\n<!-- \/ Yoast SEO plugin. -->","yoast_head_json":{"title":"LYON 8\u00b0 : Du renfort au Lyon Basket avec les signatures de MARI\u00c8ME BADIANE et de GUY PRAT","description":"LYON 8\u00b0 : Du renfort au Lyon Basket avec les signatures de MARI\u00c8ME BADIANE et de GUY PRAT","robots":{"index":"index","follow":"follow","max-snippet":"max-snippet:-1","max-image-preview":"max-image-preview:large","max-video-preview":"max-video-preview:-1"},"canonical":"https:\/\/newsestlyonnais.fr\/site\/2017\/03\/15\/lyon-8-du-renfort-au-lyon-basket-avec-les-signatures-de-marieme-badiane-et-de-guy-prat\/","og_locale":"fr_FR","og_type":"article","og_title":"LYON 8\u00b0 : Du renfort au Lyon Basket avec les signatures de MARI\u00c8ME BADIANE et de GUY PRAT","og_description":"LYON 8\u00b0 : Du renfort au Lyon Basket avec les signatures de MARI\u00c8ME BADIANE et de GUY PRAT","og_url":"https:\/\/newsestlyonnais.fr\/site\/2017\/03\/15\/lyon-8-du-renfort-au-lyon-basket-avec-les-signatures-de-marieme-badiane-et-de-guy-prat\/","og_site_name":"News Est Lyonnais","article_author":"https:\/\/www.facebook.com\/pascal.oberson.1?fref=ts","article_published_time":"2017-03-15T17:45:21+00:00","article_modified_time":"2020-11-03T15:06:56+00:00","og_image":[{"width":1000,"height":750,"url":"https:\/\/i2.wp.com\/newsestlyonnais.fr\/site\/wp-content\/uploads\/2016\/11\/NEWSESTLYONNAIS-LOGOLYONBASKET.png?fit=1000%2C750&ssl=1","type":"image\/png"}],"author":"R\u00e9dac. NEWS","twitter_card":"summary_large_image","twitter_misc":{"\u00c9crit par":"R\u00e9dac. NEWS","Dur\u00e9e de lecture estim\u00e9e":"1 minute"},"schema":{"@context":"https:\/\/schema.org","@graph":[{"@type":"Article","@id":"https:\/\/newsestlyonnais.fr\/site\/2017\/03\/15\/lyon-8-du-renfort-au-lyon-basket-avec-les-signatures-de-marieme-badiane-et-de-guy-prat\/#article","isPartOf":{"@id":"https:\/\/newsestlyonnais.fr\/site\/2017\/03\/15\/lyon-8-du-renfort-au-lyon-basket-avec-les-signatures-de-marieme-badiane-et-de-guy-prat\/"},"author":{"name":"R\u00e9dac. NEWS","@id":"https:\/\/newsestlyonnais.fr\/site\/#\/schema\/person\/3230d5615f390bb808365d673001e887"},"headline":"LYON 8 | Du renfort au Lyon Basket avec les signatures de Mari\u00e8me Badiane et de Guy Prat","datePublished":"2017-03-15T17:45:21+00:00","dateModified":"2020-11-03T15:06:56+00:00","mainEntityOfPage":{"@id":"https:\/\/newsestlyonnais.fr\/site\/2017\/03\/15\/lyon-8-du-renfort-au-lyon-basket-avec-les-signatures-de-marieme-badiane-et-de-guy-prat\/"},"wordCount":249,"commentCount":0,"publisher":{"@id":"https:\/\/newsestlyonnais.fr\/site\/#organization"},"image":{"@id":"https:\/\/newsestlyonnais.fr\/site\/2017\/03\/15\/lyon-8-du-renfort-au-lyon-basket-avec-les-signatures-de-marieme-badiane-et-de-guy-prat\/#primaryimage"},"thumbnailUrl":"https:\/\/newsestlyonnais.fr\/site\/wp-content\/uploads\/2016\/11\/NEWSESTLYONNAIS-LOGOLYONBASKET.png","articleSection":["Basket","Basket | Hand | Volley","F\u00e9minin (Actu au)","Lyon"],"inLanguage":"fr-FR","potentialAction":[{"@type":"CommentAction","name":"Comment","target":["https:\/\/newsestlyonnais.fr\/site\/2017\/03\/15\/lyon-8-du-renfort-au-lyon-basket-avec-les-signatures-de-marieme-badiane-et-de-guy-prat\/#respond"]}]},{"@type":"WebPage","@id":"https:\/\/newsestlyonnais.fr\/site\/2017\/03\/15\/lyon-8-du-renfort-au-lyon-basket-avec-les-signatures-de-marieme-badiane-et-de-guy-prat\/","url":"https:\/\/newsestlyonnais.fr\/site\/2017\/03\/15\/lyon-8-du-renfort-au-lyon-basket-avec-les-signatures-de-marieme-badiane-et-de-guy-prat\/","name":"LYON 8\u00b0 : Du renfort au Lyon Basket avec les signatures de MARI\u00c8ME BADIANE et de GUY PRAT","isPartOf":{"@id":"https:\/\/newsestlyonnais.fr\/site\/#website"},"primaryImageOfPage":{"@id":"https:\/\/newsestlyonnais.fr\/site\/2017\/03\/15\/lyon-8-du-renfort-au-lyon-basket-avec-les-signatures-de-marieme-badiane-et-de-guy-prat\/#primaryimage"},"image":{"@id":"https:\/\/newsestlyonnais.fr\/site\/2017\/03\/15\/lyon-8-du-renfort-au-lyon-basket-avec-les-signatures-de-marieme-badiane-et-de-guy-prat\/#primaryimage"},"thumbnailUrl":"https:\/\/newsestlyonnais.fr\/site\/wp-content\/uploads\/2016\/11\/NEWSESTLYONNAIS-LOGOLYONBASKET.png","datePublished":"2017-03-15T17:45:21+00:00","dateModified":"2020-11-03T15:06:56+00:00","description":"LYON 8\u00b0 : Du renfort au Lyon Basket avec les signatures de MARI\u00c8ME BADIANE et de GUY PRAT","breadcrumb":{"@id":"https:\/\/newsestlyonnais.fr\/site\/2017\/03\/15\/lyon-8-du-renfort-au-lyon-basket-avec-les-signatures-de-marieme-badiane-et-de-guy-prat\/#breadcrumb"},"inLanguage":"fr-FR","potentialAction":[{"@type":"ReadAction","target":["https:\/\/newsestlyonnais.fr\/site\/2017\/03\/15\/lyon-8-du-renfort-au-lyon-basket-avec-les-signatures-de-marieme-badiane-et-de-guy-prat\/"]}]},{"@type":"ImageObject","inLanguage":"fr-FR","@id":"https:\/\/newsestlyonnais.fr\/site\/2017\/03\/15\/lyon-8-du-renfort-au-lyon-basket-avec-les-signatures-de-marieme-badiane-et-de-guy-prat\/#primaryimage","url":"https:\/\/newsestlyonnais.fr\/site\/wp-content\/uploads\/2016\/11\/NEWSESTLYONNAIS-LOGOLYONBASKET.png","contentUrl":"https:\/\/newsestlyonnais.fr\/site\/wp-content\/uploads\/2016\/11\/NEWSESTLYONNAIS-LOGOLYONBASKET.png","width":1000,"height":750,"caption":"newsestlyonnais-logolyonbasket"},{"@type":"BreadcrumbList","@id":"https:\/\/newsestlyonnais.fr\/site\/2017\/03\/15\/lyon-8-du-renfort-au-lyon-basket-avec-les-signatures-de-marieme-badiane-et-de-guy-prat\/#breadcrumb","itemListElement":[{"@type":"ListItem","position":1,"name":"Accueil","item":"https:\/\/newsestlyonnais.fr\/site\/"},{"@type":"ListItem","position":2,"name":"LYON 8 | Du renfort au Lyon Basket avec les signatures de Mari\u00e8me Badiane et de Guy Prat"}]},{"@type":"WebSite","@id":"https:\/\/newsestlyonnais.fr\/site\/#website","url":"https:\/\/newsestlyonnais.fr\/site\/","name":"News Est Lyonnais","description":"L&#039;actualit\u00e9 au plus pr\u00e8s","publisher":{"@id":"https:\/\/newsestlyonnais.fr\/site\/#organization"},"potentialAction":[{"@type":"SearchAction","target":{"@type":"EntryPoint","urlTemplate":"https:\/\/newsestlyonnais.fr\/site\/?s={search_term_string}"},"query-input":{"@type":"PropertyValueSpecification","valueRequired":true,"valueName":"search_term_string"}}],"inLanguage":"fr-FR"},{"@type":"Organization","@id":"https:\/\/newsestlyonnais.fr\/site\/#organization","name":"News EST LYONNAIS","url":"https:\/\/newsestlyonnais.fr\/site\/","logo":{"@type":"ImageObject","inLanguage":"fr-FR","@id":"https:\/\/newsestlyonnais.fr\/site\/#\/schema\/logo\/image\/","url":"","contentUrl":"","caption":"News EST LYONNAIS"},"image":{"@id":"https:\/\/newsestlyonnais.fr\/site\/#\/schema\/logo\/image\/"}},{"@type":"Person","@id":"https:\/\/newsestlyonnais.fr\/site\/#\/schema\/person\/3230d5615f390bb808365d673001e887","name":"R\u00e9dac. NEWS","sameAs":["http:\/\/www.newsestlyonnais.fr","https:\/\/www.facebook.com\/pascal.oberson.1?fref=ts","https:\/\/fr.linkedin.com\/in\/pascal-oberson-b17045113"],"url":"https:\/\/newsestlyonnais.fr\/site\/author\/nel\/"}]}},"_links":{"self":[{"href":"https:\/\/newsestlyonnais.fr\/site\/wp-json\/wp\/v2\/posts\/22739","targetHints":{"allow":["GET"]}}],"collection":[{"href":"https:\/\/newsestlyonnais.fr\/site\/wp-json\/wp\/v2\/posts"}],"about":[{"href":"https:\/\/newsestlyonnais.fr\/site\/wp-json\/wp\/v2\/types\/post"}],"author":[{"embeddable":true,"href":"https:\/\/newsestlyonnais.fr\/site\/wp-json\/wp\/v2\/users\/4"}],"replies":[{"embeddable":true,"href":"https:\/\/newsestlyonnais.fr\/site\/wp-json\/wp\/v2\/comments?post=22739"}],"version-history":[{"count":0,"href":"https:\/\/newsestlyonnais.fr\/site\/wp-json\/wp\/v2\/posts\/22739\/revisions"}],"wp:featuredmedia":[{"embeddable":true,"href":"https:\/\/newsestlyonnais.fr\/site\/wp-json\/wp\/v2\/media\/15526"}],"wp:attachment":[{"href":"https:\/\/newsestlyonnais.fr\/site\/wp-json\/wp\/v2\/media?parent=22739"}],"wp:term":[{"taxonomy":"category","embeddable":true,"href":"https:\/\/newsestlyonnais.fr\/site\/wp-json\/wp\/v2\/categories?post=22739"},{"taxonomy":"post_tag","embeddable":true,"href":"https:\/\/newsestlyonnais.fr\/site\/wp-json\/wp\/v2\/tags?post=22739"}],"curies":[{"name":"wp","href":"https:\/\/api.w.org\/{rel}","templated":true}]}}