{"id":22752,"date":"2017-03-15T19:02:36","date_gmt":"2017-03-15T18:02:36","guid":{"rendered":"http:\/\/newsestlyonnais.fr\/site\/?p=22752"},"modified":"2020-10-22T16:32:36","modified_gmt":"2020-10-22T15:32:36","slug":"bron-retour-sur-la-31eme-fete-du-livre-de-bron","status":"publish","type":"post","link":"https:\/\/newsestlyonnais.fr\/site\/2017\/03\/15\/bron-retour-sur-la-31eme-fete-du-livre-de-bron\/","title":{"rendered":"BRON | Retour sur la 31\u00b0 F\u00eate du Livre de Bron"},"content":{"rendered":"<h4>La F\u00eate du Livre s&rsquo;est achev\u00e9e dimanche soir dans un Magic Mirror affichant complet pour la lecture musicale de Bertrand Belin, tandis que Jean-Paul Dubois continuait de signer de nombreux livres apr\u00e8s une rencontre qui restera dans les m\u00e9moires.<\/h4>\n<p>Une cl\u00f4ture \u00e0 l&rsquo;image de l&rsquo;ambiance que nous avons voulu donner au festival, \u00e9clectique, exigeante, vivante et conviviale&#8230; Tout le week-end , un public nombreux a ainsi rencontr\u00e9 des auteurs tels que Patrick Chamoiseau, N\u00e9gar Djavadi, Val\u00e8re Novarina, Jean- Pierre Filiu, Rebecca Dautremer et tant d&rsquo;autres, pour des rencontres, concerts, lectures, ou s\u00e9ances de d\u00e9dicaces. Dans la grande librairie, au c\u0153ur du festival, o\u00f9 France Culture avait install\u00e9 un studio, les lecteurs ont pu vivre aussi la radio en direct. C\u00f4t\u00e9 jeunesse, le festival a \u00e9t\u00e9 marqu\u00e9 par le succ\u00e8s des ateliers artistiques, des spectacles, des lectures chant\u00e9es et dessin\u00e9es, mais aussi les rencontres avec les auteurs et illustrateurs.<\/p>\n<p>Une nouvelle organisation des espaces, et l&rsquo;ouverture du festival \u00e0 de nouveaux lieux \u2013 le Jack Jack\/MJC de Bron, l&rsquo;Espace Albert Camus, la m\u00e9diath\u00e8que Jean Pr\u00e9vost, La Ferme du Vinatier, le Cin\u00e9ma Les Aliz\u00e9s &#8211; ont permis une meilleure circulation des publics et l&rsquo;ouverture pour les festivaliers \u00e0 des propositions nouvelles en lien avec le spectacle vivant, la musique ou le cin\u00e9ma.<\/p>\n<p>Merci \u00e0 tous les partenaires institutionnels, culturels, m\u00e9diatiques, \u00e0 tous les \u00e9diteurs, libraires et \u00e9crivains qui permettent chaque ann\u00e9e la r\u00e9ussite de ce projet.<\/p>\n<p>Au total, ce sont en tout <strong>27 personnes de l&rsquo;organisation, 70 b\u00e9n\u00e9voles et volontaires de la Ville de Bron, 12 libraires et autant de biblioth\u00e9caires, 5 structures brondillantes et 16 partenaires associ\u00e9s, 79 auteurs et illustrateurs invit\u00e9s et 30 000 festivaliers qui ont particip\u00e9 \u00e0 cette semaine<\/strong> plac\u00e9e sous le signe des litt\u00e9ratures contemporaines, de la vie des id\u00e9es et de la lecture pour tous.<\/p>\n<p>Et maintenant on fait quoi ? En attendant de nouvelles rencontres pendant l&rsquo;ann\u00e9e, retrouvez tr\u00e8s bient\u00f4t l&rsquo;ensemble des rencontres 2017 en \u00e9coute sur le site.<\/p>\n<h4>Et rendez vous en 2018, du 9 au 11 mars, pour la 32\u00b0\u00e9dition de la F\u00eate du Livre de Bron !<\/h4>\n<p><strong>Source<\/strong>: Communiqu\u00e9 de presse de la F\u00eate du Livre de Bron<\/p>\n<p>Plus d&rsquo;infos sur: <a href=\"https:\/\/www.fetedulivredebron.com\" target=\"_blank\" rel=\"noopener noreferrer\">https:\/\/www.fetedulivredebron.com<\/a><\/p>\n","protected":false},"excerpt":{"rendered":"<p>La F\u00eate du Livre s&rsquo;est achev\u00e9e dimanche soir dans un Magic Mirror affichant complet pour la lecture musicale de Bertrand Belin, tandis que Jean-Paul Dubois continuait de signer de nombreux livres apr\u00e8s une rencontre qui restera dans les m\u00e9moires. Une cl\u00f4ture \u00e0 l&rsquo;image de l&rsquo;ambiance que nous avons voulu donner au festival, \u00e9clectique, exigeante, vivante [&hellip;]<\/p>\n","protected":false},"author":4,"featured_media":22757,"comment_status":"open","ping_status":"open","sticky":false,"template":"","format":"standard","meta":{"footnotes":""},"categories":[30,3003,19,2983],"tags":[],"class_list":["post-22752","post","type-post","status-publish","format-standard","has-post-thumbnail","hentry","category-a-la-une","category-bibliotheque-mediatheque-mjc","category-bron","category-litterature-bd-mags-2"],"yoast_head":"<!-- This site is optimized with the Yoast SEO plugin v27.2 - https:\/\/yoast.com\/product\/yoast-seo-wordpress\/ -->\n<title>BRON : Retour sur la 31\u00e8me F\u00eate du Livre de Bron !<\/title>\n<meta name=\"description\" content=\"BRON : Retour sur la 31\u00e8me F\u00eate du Livre de Bron !\" \/>\n<meta name=\"robots\" content=\"index, follow, max-snippet:-1, max-image-preview:large, max-video-preview:-1\" \/>\n<link rel=\"canonical\" href=\"https:\/\/newsestlyonnais.fr\/site\/2017\/03\/15\/bron-retour-sur-la-31eme-fete-du-livre-de-bron\/\" \/>\n<meta property=\"og:locale\" content=\"fr_FR\" \/>\n<meta property=\"og:type\" content=\"article\" \/>\n<meta property=\"og:title\" content=\"BRON : Retour sur la 31\u00e8me F\u00eate du Livre de Bron !\" \/>\n<meta property=\"og:description\" content=\"BRON : Retour sur la 31\u00e8me F\u00eate du Livre de Bron !\" \/>\n<meta property=\"og:url\" content=\"https:\/\/newsestlyonnais.fr\/site\/2017\/03\/15\/bron-retour-sur-la-31eme-fete-du-livre-de-bron\/\" \/>\n<meta property=\"og:site_name\" content=\"News Est Lyonnais\" \/>\n<meta property=\"article:author\" content=\"https:\/\/www.facebook.com\/pascal.oberson.1?fref=ts\" \/>\n<meta property=\"article:published_time\" content=\"2017-03-15T18:02:36+00:00\" \/>\n<meta property=\"article:modified_time\" content=\"2020-10-22T15:32:36+00:00\" \/>\n<meta property=\"og:image\" content=\"https:\/\/i2.wp.com\/newsestlyonnais.fr\/site\/wp-content\/uploads\/2017\/03\/NEWSESTLYONNAIS-FETE-DU-LIVRE.jpg?fit=1000%2C750&ssl=1\" \/>\n\t<meta property=\"og:image:width\" content=\"1000\" \/>\n\t<meta property=\"og:image:height\" content=\"750\" \/>\n\t<meta property=\"og:image:type\" content=\"image\/jpeg\" \/>\n<meta name=\"author\" content=\"R\u00e9dac. NEWS\" \/>\n<meta name=\"twitter:card\" content=\"summary_large_image\" \/>\n<meta name=\"twitter:label1\" content=\"\u00c9crit par\" \/>\n\t<meta name=\"twitter:data1\" content=\"R\u00e9dac. NEWS\" \/>\n\t<meta name=\"twitter:label2\" content=\"Dur\u00e9e de lecture estim\u00e9e\" \/>\n\t<meta name=\"twitter:data2\" content=\"2 minutes\" \/>\n<script type=\"application\/ld+json\" class=\"yoast-schema-graph\">{\"@context\":\"https:\/\/schema.org\",\"@graph\":[{\"@type\":\"Article\",\"@id\":\"https:\/\/newsestlyonnais.fr\/site\/2017\/03\/15\/bron-retour-sur-la-31eme-fete-du-livre-de-bron\/#article\",\"isPartOf\":{\"@id\":\"https:\/\/newsestlyonnais.fr\/site\/2017\/03\/15\/bron-retour-sur-la-31eme-fete-du-livre-de-bron\/\"},\"author\":{\"name\":\"R\u00e9dac. NEWS\",\"@id\":\"https:\/\/newsestlyonnais.fr\/site\/#\/schema\/person\/3230d5615f390bb808365d673001e887\"},\"headline\":\"BRON | Retour sur la 31\u00b0 F\u00eate du Livre de Bron\",\"datePublished\":\"2017-03-15T18:02:36+00:00\",\"dateModified\":\"2020-10-22T15:32:36+00:00\",\"mainEntityOfPage\":{\"@id\":\"https:\/\/newsestlyonnais.fr\/site\/2017\/03\/15\/bron-retour-sur-la-31eme-fete-du-livre-de-bron\/\"},\"wordCount\":399,\"commentCount\":0,\"publisher\":{\"@id\":\"https:\/\/newsestlyonnais.fr\/site\/#organization\"},\"image\":{\"@id\":\"https:\/\/newsestlyonnais.fr\/site\/2017\/03\/15\/bron-retour-sur-la-31eme-fete-du-livre-de-bron\/#primaryimage\"},\"thumbnailUrl\":\"https:\/\/newsestlyonnais.fr\/site\/wp-content\/uploads\/2017\/03\/NEWSESTLYONNAIS-FETE-DU-LIVRE.jpg\",\"articleSection\":[\"\u00e0 la une\",\"Biblioth\u00e8que | M\u00e9diath\u00e8que | MJC\",\"Bron\",\"Litt\u00e9rature | Bd | Mags\"],\"inLanguage\":\"fr-FR\",\"potentialAction\":[{\"@type\":\"CommentAction\",\"name\":\"Comment\",\"target\":[\"https:\/\/newsestlyonnais.fr\/site\/2017\/03\/15\/bron-retour-sur-la-31eme-fete-du-livre-de-bron\/#respond\"]}]},{\"@type\":\"WebPage\",\"@id\":\"https:\/\/newsestlyonnais.fr\/site\/2017\/03\/15\/bron-retour-sur-la-31eme-fete-du-livre-de-bron\/\",\"url\":\"https:\/\/newsestlyonnais.fr\/site\/2017\/03\/15\/bron-retour-sur-la-31eme-fete-du-livre-de-bron\/\",\"name\":\"BRON : Retour sur la 31\u00e8me F\u00eate du Livre de Bron !\",\"isPartOf\":{\"@id\":\"https:\/\/newsestlyonnais.fr\/site\/#website\"},\"primaryImageOfPage\":{\"@id\":\"https:\/\/newsestlyonnais.fr\/site\/2017\/03\/15\/bron-retour-sur-la-31eme-fete-du-livre-de-bron\/#primaryimage\"},\"image\":{\"@id\":\"https:\/\/newsestlyonnais.fr\/site\/2017\/03\/15\/bron-retour-sur-la-31eme-fete-du-livre-de-bron\/#primaryimage\"},\"thumbnailUrl\":\"https:\/\/newsestlyonnais.fr\/site\/wp-content\/uploads\/2017\/03\/NEWSESTLYONNAIS-FETE-DU-LIVRE.jpg\",\"datePublished\":\"2017-03-15T18:02:36+00:00\",\"dateModified\":\"2020-10-22T15:32:36+00:00\",\"description\":\"BRON : Retour sur la 31\u00e8me F\u00eate du Livre de Bron !\",\"breadcrumb\":{\"@id\":\"https:\/\/newsestlyonnais.fr\/site\/2017\/03\/15\/bron-retour-sur-la-31eme-fete-du-livre-de-bron\/#breadcrumb\"},\"inLanguage\":\"fr-FR\",\"potentialAction\":[{\"@type\":\"ReadAction\",\"target\":[\"https:\/\/newsestlyonnais.fr\/site\/2017\/03\/15\/bron-retour-sur-la-31eme-fete-du-livre-de-bron\/\"]}]},{\"@type\":\"ImageObject\",\"inLanguage\":\"fr-FR\",\"@id\":\"https:\/\/newsestlyonnais.fr\/site\/2017\/03\/15\/bron-retour-sur-la-31eme-fete-du-livre-de-bron\/#primaryimage\",\"url\":\"https:\/\/newsestlyonnais.fr\/site\/wp-content\/uploads\/2017\/03\/NEWSESTLYONNAIS-FETE-DU-LIVRE.jpg\",\"contentUrl\":\"https:\/\/newsestlyonnais.fr\/site\/wp-content\/uploads\/2017\/03\/NEWSESTLYONNAIS-FETE-DU-LIVRE.jpg\",\"width\":1000,\"height\":750,\"caption\":\"NEWSESTLYONNAIS - FETE DU LIVRE\"},{\"@type\":\"BreadcrumbList\",\"@id\":\"https:\/\/newsestlyonnais.fr\/site\/2017\/03\/15\/bron-retour-sur-la-31eme-fete-du-livre-de-bron\/#breadcrumb\",\"itemListElement\":[{\"@type\":\"ListItem\",\"position\":1,\"name\":\"Accueil\",\"item\":\"https:\/\/newsestlyonnais.fr\/site\/\"},{\"@type\":\"ListItem\",\"position\":2,\"name\":\"BRON | Retour sur la 31\u00b0 F\u00eate du Livre de Bron\"}]},{\"@type\":\"WebSite\",\"@id\":\"https:\/\/newsestlyonnais.fr\/site\/#website\",\"url\":\"https:\/\/newsestlyonnais.fr\/site\/\",\"name\":\"News Est Lyonnais\",\"description\":\"L&#039;actualit\u00e9 au plus pr\u00e8s\",\"publisher\":{\"@id\":\"https:\/\/newsestlyonnais.fr\/site\/#organization\"},\"potentialAction\":[{\"@type\":\"SearchAction\",\"target\":{\"@type\":\"EntryPoint\",\"urlTemplate\":\"https:\/\/newsestlyonnais.fr\/site\/?s={search_term_string}\"},\"query-input\":{\"@type\":\"PropertyValueSpecification\",\"valueRequired\":true,\"valueName\":\"search_term_string\"}}],\"inLanguage\":\"fr-FR\"},{\"@type\":\"Organization\",\"@id\":\"https:\/\/newsestlyonnais.fr\/site\/#organization\",\"name\":\"News EST LYONNAIS\",\"url\":\"https:\/\/newsestlyonnais.fr\/site\/\",\"logo\":{\"@type\":\"ImageObject\",\"inLanguage\":\"fr-FR\",\"@id\":\"https:\/\/newsestlyonnais.fr\/site\/#\/schema\/logo\/image\/\",\"url\":\"\",\"contentUrl\":\"\",\"caption\":\"News EST LYONNAIS\"},\"image\":{\"@id\":\"https:\/\/newsestlyonnais.fr\/site\/#\/schema\/logo\/image\/\"}},{\"@type\":\"Person\",\"@id\":\"https:\/\/newsestlyonnais.fr\/site\/#\/schema\/person\/3230d5615f390bb808365d673001e887\",\"name\":\"R\u00e9dac. NEWS\",\"sameAs\":[\"http:\/\/www.newsestlyonnais.fr\",\"https:\/\/www.facebook.com\/pascal.oberson.1?fref=ts\",\"https:\/\/fr.linkedin.com\/in\/pascal-oberson-b17045113\"],\"url\":\"https:\/\/newsestlyonnais.fr\/site\/author\/nel\/\"}]}<\/script>\n<!-- \/ Yoast SEO plugin. -->","yoast_head_json":{"title":"BRON : Retour sur la 31\u00e8me F\u00eate du Livre de Bron !","description":"BRON : Retour sur la 31\u00e8me F\u00eate du Livre de Bron !","robots":{"index":"index","follow":"follow","max-snippet":"max-snippet:-1","max-image-preview":"max-image-preview:large","max-video-preview":"max-video-preview:-1"},"canonical":"https:\/\/newsestlyonnais.fr\/site\/2017\/03\/15\/bron-retour-sur-la-31eme-fete-du-livre-de-bron\/","og_locale":"fr_FR","og_type":"article","og_title":"BRON : Retour sur la 31\u00e8me F\u00eate du Livre de Bron !","og_description":"BRON : Retour sur la 31\u00e8me F\u00eate du Livre de Bron !","og_url":"https:\/\/newsestlyonnais.fr\/site\/2017\/03\/15\/bron-retour-sur-la-31eme-fete-du-livre-de-bron\/","og_site_name":"News Est Lyonnais","article_author":"https:\/\/www.facebook.com\/pascal.oberson.1?fref=ts","article_published_time":"2017-03-15T18:02:36+00:00","article_modified_time":"2020-10-22T15:32:36+00:00","og_image":[{"width":1000,"height":750,"url":"https:\/\/i2.wp.com\/newsestlyonnais.fr\/site\/wp-content\/uploads\/2017\/03\/NEWSESTLYONNAIS-FETE-DU-LIVRE.jpg?fit=1000%2C750&ssl=1","type":"image\/jpeg"}],"author":"R\u00e9dac. NEWS","twitter_card":"summary_large_image","twitter_misc":{"\u00c9crit par":"R\u00e9dac. NEWS","Dur\u00e9e de lecture estim\u00e9e":"2 minutes"},"schema":{"@context":"https:\/\/schema.org","@graph":[{"@type":"Article","@id":"https:\/\/newsestlyonnais.fr\/site\/2017\/03\/15\/bron-retour-sur-la-31eme-fete-du-livre-de-bron\/#article","isPartOf":{"@id":"https:\/\/newsestlyonnais.fr\/site\/2017\/03\/15\/bron-retour-sur-la-31eme-fete-du-livre-de-bron\/"},"author":{"name":"R\u00e9dac. NEWS","@id":"https:\/\/newsestlyonnais.fr\/site\/#\/schema\/person\/3230d5615f390bb808365d673001e887"},"headline":"BRON | Retour sur la 31\u00b0 F\u00eate du Livre de Bron","datePublished":"2017-03-15T18:02:36+00:00","dateModified":"2020-10-22T15:32:36+00:00","mainEntityOfPage":{"@id":"https:\/\/newsestlyonnais.fr\/site\/2017\/03\/15\/bron-retour-sur-la-31eme-fete-du-livre-de-bron\/"},"wordCount":399,"commentCount":0,"publisher":{"@id":"https:\/\/newsestlyonnais.fr\/site\/#organization"},"image":{"@id":"https:\/\/newsestlyonnais.fr\/site\/2017\/03\/15\/bron-retour-sur-la-31eme-fete-du-livre-de-bron\/#primaryimage"},"thumbnailUrl":"https:\/\/newsestlyonnais.fr\/site\/wp-content\/uploads\/2017\/03\/NEWSESTLYONNAIS-FETE-DU-LIVRE.jpg","articleSection":["\u00e0 la une","Biblioth\u00e8que | M\u00e9diath\u00e8que | MJC","Bron","Litt\u00e9rature | Bd | Mags"],"inLanguage":"fr-FR","potentialAction":[{"@type":"CommentAction","name":"Comment","target":["https:\/\/newsestlyonnais.fr\/site\/2017\/03\/15\/bron-retour-sur-la-31eme-fete-du-livre-de-bron\/#respond"]}]},{"@type":"WebPage","@id":"https:\/\/newsestlyonnais.fr\/site\/2017\/03\/15\/bron-retour-sur-la-31eme-fete-du-livre-de-bron\/","url":"https:\/\/newsestlyonnais.fr\/site\/2017\/03\/15\/bron-retour-sur-la-31eme-fete-du-livre-de-bron\/","name":"BRON : Retour sur la 31\u00e8me F\u00eate du Livre de Bron !","isPartOf":{"@id":"https:\/\/newsestlyonnais.fr\/site\/#website"},"primaryImageOfPage":{"@id":"https:\/\/newsestlyonnais.fr\/site\/2017\/03\/15\/bron-retour-sur-la-31eme-fete-du-livre-de-bron\/#primaryimage"},"image":{"@id":"https:\/\/newsestlyonnais.fr\/site\/2017\/03\/15\/bron-retour-sur-la-31eme-fete-du-livre-de-bron\/#primaryimage"},"thumbnailUrl":"https:\/\/newsestlyonnais.fr\/site\/wp-content\/uploads\/2017\/03\/NEWSESTLYONNAIS-FETE-DU-LIVRE.jpg","datePublished":"2017-03-15T18:02:36+00:00","dateModified":"2020-10-22T15:32:36+00:00","description":"BRON : Retour sur la 31\u00e8me F\u00eate du Livre de Bron !","breadcrumb":{"@id":"https:\/\/newsestlyonnais.fr\/site\/2017\/03\/15\/bron-retour-sur-la-31eme-fete-du-livre-de-bron\/#breadcrumb"},"inLanguage":"fr-FR","potentialAction":[{"@type":"ReadAction","target":["https:\/\/newsestlyonnais.fr\/site\/2017\/03\/15\/bron-retour-sur-la-31eme-fete-du-livre-de-bron\/"]}]},{"@type":"ImageObject","inLanguage":"fr-FR","@id":"https:\/\/newsestlyonnais.fr\/site\/2017\/03\/15\/bron-retour-sur-la-31eme-fete-du-livre-de-bron\/#primaryimage","url":"https:\/\/newsestlyonnais.fr\/site\/wp-content\/uploads\/2017\/03\/NEWSESTLYONNAIS-FETE-DU-LIVRE.jpg","contentUrl":"https:\/\/newsestlyonnais.fr\/site\/wp-content\/uploads\/2017\/03\/NEWSESTLYONNAIS-FETE-DU-LIVRE.jpg","width":1000,"height":750,"caption":"NEWSESTLYONNAIS - FETE DU LIVRE"},{"@type":"BreadcrumbList","@id":"https:\/\/newsestlyonnais.fr\/site\/2017\/03\/15\/bron-retour-sur-la-31eme-fete-du-livre-de-bron\/#breadcrumb","itemListElement":[{"@type":"ListItem","position":1,"name":"Accueil","item":"https:\/\/newsestlyonnais.fr\/site\/"},{"@type":"ListItem","position":2,"name":"BRON | Retour sur la 31\u00b0 F\u00eate du Livre de Bron"}]},{"@type":"WebSite","@id":"https:\/\/newsestlyonnais.fr\/site\/#website","url":"https:\/\/newsestlyonnais.fr\/site\/","name":"News Est Lyonnais","description":"L&#039;actualit\u00e9 au plus pr\u00e8s","publisher":{"@id":"https:\/\/newsestlyonnais.fr\/site\/#organization"},"potentialAction":[{"@type":"SearchAction","target":{"@type":"EntryPoint","urlTemplate":"https:\/\/newsestlyonnais.fr\/site\/?s={search_term_string}"},"query-input":{"@type":"PropertyValueSpecification","valueRequired":true,"valueName":"search_term_string"}}],"inLanguage":"fr-FR"},{"@type":"Organization","@id":"https:\/\/newsestlyonnais.fr\/site\/#organization","name":"News EST LYONNAIS","url":"https:\/\/newsestlyonnais.fr\/site\/","logo":{"@type":"ImageObject","inLanguage":"fr-FR","@id":"https:\/\/newsestlyonnais.fr\/site\/#\/schema\/logo\/image\/","url":"","contentUrl":"","caption":"News EST LYONNAIS"},"image":{"@id":"https:\/\/newsestlyonnais.fr\/site\/#\/schema\/logo\/image\/"}},{"@type":"Person","@id":"https:\/\/newsestlyonnais.fr\/site\/#\/schema\/person\/3230d5615f390bb808365d673001e887","name":"R\u00e9dac. NEWS","sameAs":["http:\/\/www.newsestlyonnais.fr","https:\/\/www.facebook.com\/pascal.oberson.1?fref=ts","https:\/\/fr.linkedin.com\/in\/pascal-oberson-b17045113"],"url":"https:\/\/newsestlyonnais.fr\/site\/author\/nel\/"}]}},"_links":{"self":[{"href":"https:\/\/newsestlyonnais.fr\/site\/wp-json\/wp\/v2\/posts\/22752","targetHints":{"allow":["GET"]}}],"collection":[{"href":"https:\/\/newsestlyonnais.fr\/site\/wp-json\/wp\/v2\/posts"}],"about":[{"href":"https:\/\/newsestlyonnais.fr\/site\/wp-json\/wp\/v2\/types\/post"}],"author":[{"embeddable":true,"href":"https:\/\/newsestlyonnais.fr\/site\/wp-json\/wp\/v2\/users\/4"}],"replies":[{"embeddable":true,"href":"https:\/\/newsestlyonnais.fr\/site\/wp-json\/wp\/v2\/comments?post=22752"}],"version-history":[{"count":0,"href":"https:\/\/newsestlyonnais.fr\/site\/wp-json\/wp\/v2\/posts\/22752\/revisions"}],"wp:featuredmedia":[{"embeddable":true,"href":"https:\/\/newsestlyonnais.fr\/site\/wp-json\/wp\/v2\/media\/22757"}],"wp:attachment":[{"href":"https:\/\/newsestlyonnais.fr\/site\/wp-json\/wp\/v2\/media?parent=22752"}],"wp:term":[{"taxonomy":"category","embeddable":true,"href":"https:\/\/newsestlyonnais.fr\/site\/wp-json\/wp\/v2\/categories?post=22752"},{"taxonomy":"post_tag","embeddable":true,"href":"https:\/\/newsestlyonnais.fr\/site\/wp-json\/wp\/v2\/tags?post=22752"}],"curies":[{"name":"wp","href":"https:\/\/api.w.org\/{rel}","templated":true}]}}