{"id":22792,"date":"2017-03-16T14:14:17","date_gmt":"2017-03-16T13:14:17","guid":{"rendered":"http:\/\/newsestlyonnais.fr\/site\/?p=22792"},"modified":"2020-11-17T15:31:22","modified_gmt":"2020-11-17T14:31:22","slug":"villeurbanne-26-foulees-cest-pour-ce-dimanche-et-on-peut-encore-sinscrire","status":"publish","type":"post","link":"https:\/\/newsestlyonnais.fr\/site\/2017\/03\/16\/villeurbanne-26-foulees-cest-pour-ce-dimanche-et-on-peut-encore-sinscrire\/","title":{"rendered":"VILLEURBANNE | 26 \u00b0 Foul\u00e9es, c&rsquo;est pour ce dimanche et on peut encore s&rsquo;inscrire !"},"content":{"rendered":"<h4>Au vu des inscriptions qui vont bon train, l&rsquo;\u00e9preuve qui aura lieu dimanche matin devrait se d\u00e9rouler sous les meilleurs auspices surtout si une m\u00e9t\u00e9o printani\u00e8re est au rendez-vous.<\/h4>\n<p>Mercredi matin, soit 4 jours avant l&rsquo;\u00e9v\u00e8nement les organisateurs (l&rsquo;Office des Sports et les associations sportives locales) recensaient d\u00e9j\u00e0 un nombre d&rsquo;inscrits des plus cons\u00e9quents: 2530 adultes (1303 sur le 10, 604 sur le semi, 169 sur le 5 km chrono et 454 sur le 5 km loisir) et 830 enfants.<\/p>\n<ul>\n<li>\u00a0<span class=\"s1\"><b>O\u00f9 s\u2019inscrire\u00a0? : <span style=\"text-decoration: underline\"><strong>Dans la limite des dossards disponibles.<\/strong><\/span><\/b><\/span><\/li>\n<\/ul>\n<div class=\"wpb_text_column wpb_content_element \">\n<div class=\"wpb_wrapper\">\n<h5 class=\"p1\"><span class=\"s2\">Sur le site internet <a href=\"http:\/\/www.lesfouleesdevilleurbanne.fr\" target=\"_blank\" rel=\"noopener noreferrer\">http:\/\/www.lesfouleesdevilleurbanne.fr<\/a>\u00a0\u00a0 <span class=\"s3\">rubrique s\u2019inscrire.\u00a0 <\/span><\/span><\/h5>\n<h5 class=\"p1\"><span class=\"s1\">A l&rsquo;Office du Sport (OSV) : 70 rue du Docteur Rollet \u00e0 Villeurbanne<\/span><\/h5>\n<p class=\"p3\"><span class=\"s1\">Dans la salle des mariages de l\u2019H\u00f4tel de Ville (Place Lazare Goujon) : le dimanche 19 mars d\u00e8s 7 heures 30<\/span><\/p>\n<\/div>\n<\/div>\n<ul>\n<li>\n<h5 class=\"p1\"><span class=\"s1\"><b>O\u00f9 et quand retirer son dossard\u00a0?<\/b><\/span><\/h5>\n<p class=\"p3\"><span class=\"s1\">\u2022 <span style=\"text-decoration: underline\">A l\u2019office du sport\u00a0<\/span>: Vendredi\u00a017 mars (9 h \u00e0 19 h) &amp;\u00a0 Samedi 18 mars (9 h \u00e0 16 h).<\/span><\/p>\n<p class=\"p2\"><span class=\"s1\">\u2022 <span style=\"text-decoration: underline\">Dans la salle des mariages de l\u2019H\u00f4tel de Ville<\/span> (Place Lazare Goujon)\u00a0: Dimanche 19 mars (d\u00e8s 7 h 30)<\/span><\/p>\n<\/li>\n<li>D\u00e9parts des courses:<\/li>\n<\/ul>\n<table style=\"height: 247px;width: 371.883px\">\n<tbody>\n<tr>\n<td style=\"width: 166px\"><strong>\u00a0\u00a0\u00a0\u00a0\u00a0\u00a0\u00a0\u00a0\u00a0\u00a0\u00a0\u00a0\u00a0 Courses<\/strong><\/td>\n<td style=\"width: 118px\"><strong>\u00a0\u00a0\u00a0\u00a0\u00a0 Horaires de\u00a0\u00a0\u00a0\u00a0 d\u00e9part<\/strong><\/td>\n<\/tr>\n<tr>\n<td style=\"width: 166px\">1 km enfants \u00a0 \u00a0 \u00a0 \u00a0 \u00a0 \u00a0 \u00a0 \u00a0 \u00a0 \u00a0 \u00a0 \u00a0 \u00a0 (n\u00e9s de 2006 \u00e0 2010)<\/td>\n<td style=\"width: 118px\">A partir de 11h<\/td>\n<\/tr>\n<tr>\n<td style=\"width: 166px\">5 km loisir<\/td>\n<td style=\"width: 118px\">\u00a0\u00a0\u00a0\u00a0 10 h 30<\/td>\n<\/tr>\n<tr>\n<td style=\"width: 166px\">5 km chrono<\/td>\n<td style=\"width: 118px\">\u00a0\u00a0\u00a0\u00a0 10 h 30<\/td>\n<\/tr>\n<tr>\n<td style=\"width: 166px\">10km chrono lab\u00e9llis\u00e9<\/td>\n<td style=\"width: 118px\">\u00a0\u00a0\u00a0\u00a0\u00a0\u00a0\u00a0 9 h<\/td>\n<\/tr>\n<tr>\n<td style=\"width: 166px\">21 km semi-marathon<\/td>\n<td style=\"width: 118px\">\u00a0\u00a0\u00a0\u00a0\u00a0 10 h<\/td>\n<\/tr>\n<\/tbody>\n<\/table>\n<ul>\n<li>\n<div class=\"vc_row wpb_row vc_row-fluid\">\n<div class=\"wpb_column vc_column_container vc_col-sm-12\">\n<div class=\"vc_column-inner \">\n<div class=\"wpb_wrapper\">\n<div class=\"wpb_text_column wpb_content_element \">\n<div class=\"wpb_wrapper\">\n<h5><em>La remise des r\u00e9compenses des courses adultes se d\u00e9roulera sur le podium de 11 h \u00e0 12 h 30. Pour les courses enfants, c\u00e9r\u00e9monie le mercredi 22\/03 2017 \u00e0 17 h 30 \u00e0 l\u2019h\u00f4tel de ville (salle des mariages).<\/em><\/h5>\n<\/div>\n<\/div>\n<\/div>\n<\/div>\n<\/div>\n<\/div>\n<h4>Plus d&rsquo;infos sur : <a href=\"http:\/\/www.lesfouleesdevilleurbanne.fr\" target=\"_blank\" rel=\"noopener noreferrer\">http:\/\/www.lesfouleesdevilleurbanne.fr<\/a><\/h4>\n<\/li>\n<li><img loading=\"lazy\" decoding=\"async\" class=\"alignleft size-full wp-image-13848\" src=\"https:\/\/newsestlyonnais.fr\/site\/medias\/2016\/10\/NEWSESTLYONNAIS-FOULEES-VILLEUR.jpg\" alt=\"newsestlyonnais-foulees-villeur\" width=\"1000\" height=\"750\" srcset=\"https:\/\/newsestlyonnais.fr\/site\/wp-content\/uploads\/2016\/10\/NEWSESTLYONNAIS-FOULEES-VILLEUR.jpg 1000w, https:\/\/newsestlyonnais.fr\/site\/wp-content\/uploads\/2016\/10\/NEWSESTLYONNAIS-FOULEES-VILLEUR-400x300.jpg 400w, https:\/\/newsestlyonnais.fr\/site\/wp-content\/uploads\/2016\/10\/NEWSESTLYONNAIS-FOULEES-VILLEUR-768x576.jpg 768w, https:\/\/newsestlyonnais.fr\/site\/wp-content\/uploads\/2016\/10\/NEWSESTLYONNAIS-FOULEES-VILLEUR-600x450.jpg 600w, https:\/\/newsestlyonnais.fr\/site\/wp-content\/uploads\/2016\/10\/NEWSESTLYONNAIS-FOULEES-VILLEUR-100x75.jpg 100w\" sizes=\"auto, (max-width: 1000px) 100vw, 1000px\" \/><\/li>\n<\/ul>\n","protected":false},"excerpt":{"rendered":"<p>Au vu des inscriptions qui vont bon train, l&rsquo;\u00e9preuve qui aura lieu dimanche matin devrait se d\u00e9rouler sous les meilleurs auspices surtout si une m\u00e9t\u00e9o printani\u00e8re est au rendez-vous. Mercredi matin, soit 4 jours avant l&rsquo;\u00e9v\u00e8nement les organisateurs (l&rsquo;Office des Sports et les associations sportives locales) recensaient d\u00e9j\u00e0 un nombre d&rsquo;inscrits des plus cons\u00e9quents: 2530 [&hellip;]<\/p>\n","protected":false},"author":4,"featured_media":22807,"comment_status":"open","ping_status":"open","sticky":false,"template":"","format":"standard","meta":{"footnotes":""},"categories":[2968,3016,29],"tags":[],"class_list":["post-22792","post","type-post","status-publish","format-standard","has-post-thumbnail","hentry","category-athle-course-pied-marche","category-institutions-trophees-jo","category-villeurbanne"],"yoast_head":"<!-- This site is optimized with the Yoast SEO plugin v27.2 - https:\/\/yoast.com\/product\/yoast-seo-wordpress\/ -->\n<title>VILLEURBANNE : Les 26 \u00b0 Foul\u00e9es, c&#039;est pour ce dimanche et on peut encore s&#039;inscrire !<\/title>\n<meta name=\"description\" content=\"VILLEURBANNE : Les 26 \u00b0 Foul\u00e9es, c&#039;est pour ce dimanche et on peut encore s&#039;inscrire !\" \/>\n<meta name=\"robots\" content=\"index, follow, max-snippet:-1, max-image-preview:large, max-video-preview:-1\" \/>\n<link rel=\"canonical\" href=\"https:\/\/newsestlyonnais.fr\/site\/2017\/03\/16\/villeurbanne-26-foulees-cest-pour-ce-dimanche-et-on-peut-encore-sinscrire\/\" \/>\n<meta property=\"og:locale\" content=\"fr_FR\" \/>\n<meta property=\"og:type\" content=\"article\" \/>\n<meta property=\"og:title\" content=\"VILLEURBANNE : Les 26 \u00b0 Foul\u00e9es, c&#039;est pour ce dimanche et on peut encore s&#039;inscrire !\" \/>\n<meta property=\"og:description\" content=\"VILLEURBANNE : Les 26 \u00b0 Foul\u00e9es, c&#039;est pour ce dimanche et on peut encore s&#039;inscrire !\" \/>\n<meta property=\"og:url\" content=\"https:\/\/newsestlyonnais.fr\/site\/2017\/03\/16\/villeurbanne-26-foulees-cest-pour-ce-dimanche-et-on-peut-encore-sinscrire\/\" \/>\n<meta property=\"og:site_name\" content=\"News Est Lyonnais\" \/>\n<meta property=\"article:author\" content=\"https:\/\/www.facebook.com\/pascal.oberson.1?fref=ts\" \/>\n<meta property=\"article:published_time\" content=\"2017-03-16T13:14:17+00:00\" \/>\n<meta property=\"article:modified_time\" content=\"2020-11-17T14:31:22+00:00\" \/>\n<meta property=\"og:image\" content=\"https:\/\/i1.wp.com\/newsestlyonnais.fr\/site\/wp-content\/uploads\/2017\/03\/NEWSESTLYONNAIS-depart-foulees.jpg?fit=1000%2C750&ssl=1\" \/>\n\t<meta property=\"og:image:width\" content=\"1000\" \/>\n\t<meta property=\"og:image:height\" content=\"750\" \/>\n\t<meta property=\"og:image:type\" content=\"image\/jpeg\" \/>\n<meta name=\"author\" content=\"R\u00e9dac. NEWS\" \/>\n<meta name=\"twitter:card\" content=\"summary_large_image\" \/>\n<meta name=\"twitter:label1\" content=\"\u00c9crit par\" \/>\n\t<meta name=\"twitter:data1\" content=\"R\u00e9dac. NEWS\" \/>\n\t<meta name=\"twitter:label2\" content=\"Dur\u00e9e de lecture estim\u00e9e\" \/>\n\t<meta name=\"twitter:data2\" content=\"1 minute\" \/>\n<script type=\"application\/ld+json\" class=\"yoast-schema-graph\">{\"@context\":\"https:\/\/schema.org\",\"@graph\":[{\"@type\":\"Article\",\"@id\":\"https:\/\/newsestlyonnais.fr\/site\/2017\/03\/16\/villeurbanne-26-foulees-cest-pour-ce-dimanche-et-on-peut-encore-sinscrire\/#article\",\"isPartOf\":{\"@id\":\"https:\/\/newsestlyonnais.fr\/site\/2017\/03\/16\/villeurbanne-26-foulees-cest-pour-ce-dimanche-et-on-peut-encore-sinscrire\/\"},\"author\":{\"name\":\"R\u00e9dac. NEWS\",\"@id\":\"https:\/\/newsestlyonnais.fr\/site\/#\/schema\/person\/3230d5615f390bb808365d673001e887\"},\"headline\":\"VILLEURBANNE | 26 \u00b0 Foul\u00e9es, c&rsquo;est pour ce dimanche et on peut encore s&rsquo;inscrire !\",\"datePublished\":\"2017-03-16T13:14:17+00:00\",\"dateModified\":\"2020-11-17T14:31:22+00:00\",\"mainEntityOfPage\":{\"@id\":\"https:\/\/newsestlyonnais.fr\/site\/2017\/03\/16\/villeurbanne-26-foulees-cest-pour-ce-dimanche-et-on-peut-encore-sinscrire\/\"},\"wordCount\":260,\"commentCount\":0,\"publisher\":{\"@id\":\"https:\/\/newsestlyonnais.fr\/site\/#organization\"},\"image\":{\"@id\":\"https:\/\/newsestlyonnais.fr\/site\/2017\/03\/16\/villeurbanne-26-foulees-cest-pour-ce-dimanche-et-on-peut-encore-sinscrire\/#primaryimage\"},\"thumbnailUrl\":\"https:\/\/newsestlyonnais.fr\/site\/wp-content\/uploads\/2017\/03\/NEWSESTLYONNAIS-depart-foulees.jpg\",\"articleSection\":[\"Athl\u00e9 | Course pied | Marche\",\"Institutions | Troph\u00e9es | J.O.\",\"Villeurbanne\"],\"inLanguage\":\"fr-FR\",\"potentialAction\":[{\"@type\":\"CommentAction\",\"name\":\"Comment\",\"target\":[\"https:\/\/newsestlyonnais.fr\/site\/2017\/03\/16\/villeurbanne-26-foulees-cest-pour-ce-dimanche-et-on-peut-encore-sinscrire\/#respond\"]}]},{\"@type\":\"WebPage\",\"@id\":\"https:\/\/newsestlyonnais.fr\/site\/2017\/03\/16\/villeurbanne-26-foulees-cest-pour-ce-dimanche-et-on-peut-encore-sinscrire\/\",\"url\":\"https:\/\/newsestlyonnais.fr\/site\/2017\/03\/16\/villeurbanne-26-foulees-cest-pour-ce-dimanche-et-on-peut-encore-sinscrire\/\",\"name\":\"VILLEURBANNE : Les 26 \u00b0 Foul\u00e9es, c'est pour ce dimanche et on peut encore s'inscrire !\",\"isPartOf\":{\"@id\":\"https:\/\/newsestlyonnais.fr\/site\/#website\"},\"primaryImageOfPage\":{\"@id\":\"https:\/\/newsestlyonnais.fr\/site\/2017\/03\/16\/villeurbanne-26-foulees-cest-pour-ce-dimanche-et-on-peut-encore-sinscrire\/#primaryimage\"},\"image\":{\"@id\":\"https:\/\/newsestlyonnais.fr\/site\/2017\/03\/16\/villeurbanne-26-foulees-cest-pour-ce-dimanche-et-on-peut-encore-sinscrire\/#primaryimage\"},\"thumbnailUrl\":\"https:\/\/newsestlyonnais.fr\/site\/wp-content\/uploads\/2017\/03\/NEWSESTLYONNAIS-depart-foulees.jpg\",\"datePublished\":\"2017-03-16T13:14:17+00:00\",\"dateModified\":\"2020-11-17T14:31:22+00:00\",\"description\":\"VILLEURBANNE : Les 26 \u00b0 Foul\u00e9es, c'est pour ce dimanche et on peut encore s'inscrire !\",\"breadcrumb\":{\"@id\":\"https:\/\/newsestlyonnais.fr\/site\/2017\/03\/16\/villeurbanne-26-foulees-cest-pour-ce-dimanche-et-on-peut-encore-sinscrire\/#breadcrumb\"},\"inLanguage\":\"fr-FR\",\"potentialAction\":[{\"@type\":\"ReadAction\",\"target\":[\"https:\/\/newsestlyonnais.fr\/site\/2017\/03\/16\/villeurbanne-26-foulees-cest-pour-ce-dimanche-et-on-peut-encore-sinscrire\/\"]}]},{\"@type\":\"ImageObject\",\"inLanguage\":\"fr-FR\",\"@id\":\"https:\/\/newsestlyonnais.fr\/site\/2017\/03\/16\/villeurbanne-26-foulees-cest-pour-ce-dimanche-et-on-peut-encore-sinscrire\/#primaryimage\",\"url\":\"https:\/\/newsestlyonnais.fr\/site\/wp-content\/uploads\/2017\/03\/NEWSESTLYONNAIS-depart-foulees.jpg\",\"contentUrl\":\"https:\/\/newsestlyonnais.fr\/site\/wp-content\/uploads\/2017\/03\/NEWSESTLYONNAIS-depart-foulees.jpg\",\"width\":1000,\"height\":750,\"caption\":\"NEWSESTLYONNAIS - depart foulees\"},{\"@type\":\"BreadcrumbList\",\"@id\":\"https:\/\/newsestlyonnais.fr\/site\/2017\/03\/16\/villeurbanne-26-foulees-cest-pour-ce-dimanche-et-on-peut-encore-sinscrire\/#breadcrumb\",\"itemListElement\":[{\"@type\":\"ListItem\",\"position\":1,\"name\":\"Accueil\",\"item\":\"https:\/\/newsestlyonnais.fr\/site\/\"},{\"@type\":\"ListItem\",\"position\":2,\"name\":\"VILLEURBANNE | 26 \u00b0 Foul\u00e9es, c&rsquo;est pour ce dimanche et on peut encore s&rsquo;inscrire !\"}]},{\"@type\":\"WebSite\",\"@id\":\"https:\/\/newsestlyonnais.fr\/site\/#website\",\"url\":\"https:\/\/newsestlyonnais.fr\/site\/\",\"name\":\"News Est Lyonnais\",\"description\":\"L&#039;actualit\u00e9 au plus pr\u00e8s\",\"publisher\":{\"@id\":\"https:\/\/newsestlyonnais.fr\/site\/#organization\"},\"potentialAction\":[{\"@type\":\"SearchAction\",\"target\":{\"@type\":\"EntryPoint\",\"urlTemplate\":\"https:\/\/newsestlyonnais.fr\/site\/?s={search_term_string}\"},\"query-input\":{\"@type\":\"PropertyValueSpecification\",\"valueRequired\":true,\"valueName\":\"search_term_string\"}}],\"inLanguage\":\"fr-FR\"},{\"@type\":\"Organization\",\"@id\":\"https:\/\/newsestlyonnais.fr\/site\/#organization\",\"name\":\"News EST LYONNAIS\",\"url\":\"https:\/\/newsestlyonnais.fr\/site\/\",\"logo\":{\"@type\":\"ImageObject\",\"inLanguage\":\"fr-FR\",\"@id\":\"https:\/\/newsestlyonnais.fr\/site\/#\/schema\/logo\/image\/\",\"url\":\"\",\"contentUrl\":\"\",\"caption\":\"News EST LYONNAIS\"},\"image\":{\"@id\":\"https:\/\/newsestlyonnais.fr\/site\/#\/schema\/logo\/image\/\"}},{\"@type\":\"Person\",\"@id\":\"https:\/\/newsestlyonnais.fr\/site\/#\/schema\/person\/3230d5615f390bb808365d673001e887\",\"name\":\"R\u00e9dac. NEWS\",\"sameAs\":[\"http:\/\/www.newsestlyonnais.fr\",\"https:\/\/www.facebook.com\/pascal.oberson.1?fref=ts\",\"https:\/\/fr.linkedin.com\/in\/pascal-oberson-b17045113\"],\"url\":\"https:\/\/newsestlyonnais.fr\/site\/author\/nel\/\"}]}<\/script>\n<!-- \/ Yoast SEO plugin. -->","yoast_head_json":{"title":"VILLEURBANNE : Les 26 \u00b0 Foul\u00e9es, c'est pour ce dimanche et on peut encore s'inscrire !","description":"VILLEURBANNE : Les 26 \u00b0 Foul\u00e9es, c'est pour ce dimanche et on peut encore s'inscrire !","robots":{"index":"index","follow":"follow","max-snippet":"max-snippet:-1","max-image-preview":"max-image-preview:large","max-video-preview":"max-video-preview:-1"},"canonical":"https:\/\/newsestlyonnais.fr\/site\/2017\/03\/16\/villeurbanne-26-foulees-cest-pour-ce-dimanche-et-on-peut-encore-sinscrire\/","og_locale":"fr_FR","og_type":"article","og_title":"VILLEURBANNE : Les 26 \u00b0 Foul\u00e9es, c'est pour ce dimanche et on peut encore s'inscrire !","og_description":"VILLEURBANNE : Les 26 \u00b0 Foul\u00e9es, c'est pour ce dimanche et on peut encore s'inscrire !","og_url":"https:\/\/newsestlyonnais.fr\/site\/2017\/03\/16\/villeurbanne-26-foulees-cest-pour-ce-dimanche-et-on-peut-encore-sinscrire\/","og_site_name":"News Est Lyonnais","article_author":"https:\/\/www.facebook.com\/pascal.oberson.1?fref=ts","article_published_time":"2017-03-16T13:14:17+00:00","article_modified_time":"2020-11-17T14:31:22+00:00","og_image":[{"width":1000,"height":750,"url":"https:\/\/i1.wp.com\/newsestlyonnais.fr\/site\/wp-content\/uploads\/2017\/03\/NEWSESTLYONNAIS-depart-foulees.jpg?fit=1000%2C750&ssl=1","type":"image\/jpeg"}],"author":"R\u00e9dac. NEWS","twitter_card":"summary_large_image","twitter_misc":{"\u00c9crit par":"R\u00e9dac. NEWS","Dur\u00e9e de lecture estim\u00e9e":"1 minute"},"schema":{"@context":"https:\/\/schema.org","@graph":[{"@type":"Article","@id":"https:\/\/newsestlyonnais.fr\/site\/2017\/03\/16\/villeurbanne-26-foulees-cest-pour-ce-dimanche-et-on-peut-encore-sinscrire\/#article","isPartOf":{"@id":"https:\/\/newsestlyonnais.fr\/site\/2017\/03\/16\/villeurbanne-26-foulees-cest-pour-ce-dimanche-et-on-peut-encore-sinscrire\/"},"author":{"name":"R\u00e9dac. NEWS","@id":"https:\/\/newsestlyonnais.fr\/site\/#\/schema\/person\/3230d5615f390bb808365d673001e887"},"headline":"VILLEURBANNE | 26 \u00b0 Foul\u00e9es, c&rsquo;est pour ce dimanche et on peut encore s&rsquo;inscrire !","datePublished":"2017-03-16T13:14:17+00:00","dateModified":"2020-11-17T14:31:22+00:00","mainEntityOfPage":{"@id":"https:\/\/newsestlyonnais.fr\/site\/2017\/03\/16\/villeurbanne-26-foulees-cest-pour-ce-dimanche-et-on-peut-encore-sinscrire\/"},"wordCount":260,"commentCount":0,"publisher":{"@id":"https:\/\/newsestlyonnais.fr\/site\/#organization"},"image":{"@id":"https:\/\/newsestlyonnais.fr\/site\/2017\/03\/16\/villeurbanne-26-foulees-cest-pour-ce-dimanche-et-on-peut-encore-sinscrire\/#primaryimage"},"thumbnailUrl":"https:\/\/newsestlyonnais.fr\/site\/wp-content\/uploads\/2017\/03\/NEWSESTLYONNAIS-depart-foulees.jpg","articleSection":["Athl\u00e9 | Course pied | Marche","Institutions | Troph\u00e9es | J.O.","Villeurbanne"],"inLanguage":"fr-FR","potentialAction":[{"@type":"CommentAction","name":"Comment","target":["https:\/\/newsestlyonnais.fr\/site\/2017\/03\/16\/villeurbanne-26-foulees-cest-pour-ce-dimanche-et-on-peut-encore-sinscrire\/#respond"]}]},{"@type":"WebPage","@id":"https:\/\/newsestlyonnais.fr\/site\/2017\/03\/16\/villeurbanne-26-foulees-cest-pour-ce-dimanche-et-on-peut-encore-sinscrire\/","url":"https:\/\/newsestlyonnais.fr\/site\/2017\/03\/16\/villeurbanne-26-foulees-cest-pour-ce-dimanche-et-on-peut-encore-sinscrire\/","name":"VILLEURBANNE : Les 26 \u00b0 Foul\u00e9es, c'est pour ce dimanche et on peut encore s'inscrire !","isPartOf":{"@id":"https:\/\/newsestlyonnais.fr\/site\/#website"},"primaryImageOfPage":{"@id":"https:\/\/newsestlyonnais.fr\/site\/2017\/03\/16\/villeurbanne-26-foulees-cest-pour-ce-dimanche-et-on-peut-encore-sinscrire\/#primaryimage"},"image":{"@id":"https:\/\/newsestlyonnais.fr\/site\/2017\/03\/16\/villeurbanne-26-foulees-cest-pour-ce-dimanche-et-on-peut-encore-sinscrire\/#primaryimage"},"thumbnailUrl":"https:\/\/newsestlyonnais.fr\/site\/wp-content\/uploads\/2017\/03\/NEWSESTLYONNAIS-depart-foulees.jpg","datePublished":"2017-03-16T13:14:17+00:00","dateModified":"2020-11-17T14:31:22+00:00","description":"VILLEURBANNE : Les 26 \u00b0 Foul\u00e9es, c'est pour ce dimanche et on peut encore s'inscrire !","breadcrumb":{"@id":"https:\/\/newsestlyonnais.fr\/site\/2017\/03\/16\/villeurbanne-26-foulees-cest-pour-ce-dimanche-et-on-peut-encore-sinscrire\/#breadcrumb"},"inLanguage":"fr-FR","potentialAction":[{"@type":"ReadAction","target":["https:\/\/newsestlyonnais.fr\/site\/2017\/03\/16\/villeurbanne-26-foulees-cest-pour-ce-dimanche-et-on-peut-encore-sinscrire\/"]}]},{"@type":"ImageObject","inLanguage":"fr-FR","@id":"https:\/\/newsestlyonnais.fr\/site\/2017\/03\/16\/villeurbanne-26-foulees-cest-pour-ce-dimanche-et-on-peut-encore-sinscrire\/#primaryimage","url":"https:\/\/newsestlyonnais.fr\/site\/wp-content\/uploads\/2017\/03\/NEWSESTLYONNAIS-depart-foulees.jpg","contentUrl":"https:\/\/newsestlyonnais.fr\/site\/wp-content\/uploads\/2017\/03\/NEWSESTLYONNAIS-depart-foulees.jpg","width":1000,"height":750,"caption":"NEWSESTLYONNAIS - depart foulees"},{"@type":"BreadcrumbList","@id":"https:\/\/newsestlyonnais.fr\/site\/2017\/03\/16\/villeurbanne-26-foulees-cest-pour-ce-dimanche-et-on-peut-encore-sinscrire\/#breadcrumb","itemListElement":[{"@type":"ListItem","position":1,"name":"Accueil","item":"https:\/\/newsestlyonnais.fr\/site\/"},{"@type":"ListItem","position":2,"name":"VILLEURBANNE | 26 \u00b0 Foul\u00e9es, c&rsquo;est pour ce dimanche et on peut encore s&rsquo;inscrire !"}]},{"@type":"WebSite","@id":"https:\/\/newsestlyonnais.fr\/site\/#website","url":"https:\/\/newsestlyonnais.fr\/site\/","name":"News Est Lyonnais","description":"L&#039;actualit\u00e9 au plus pr\u00e8s","publisher":{"@id":"https:\/\/newsestlyonnais.fr\/site\/#organization"},"potentialAction":[{"@type":"SearchAction","target":{"@type":"EntryPoint","urlTemplate":"https:\/\/newsestlyonnais.fr\/site\/?s={search_term_string}"},"query-input":{"@type":"PropertyValueSpecification","valueRequired":true,"valueName":"search_term_string"}}],"inLanguage":"fr-FR"},{"@type":"Organization","@id":"https:\/\/newsestlyonnais.fr\/site\/#organization","name":"News EST LYONNAIS","url":"https:\/\/newsestlyonnais.fr\/site\/","logo":{"@type":"ImageObject","inLanguage":"fr-FR","@id":"https:\/\/newsestlyonnais.fr\/site\/#\/schema\/logo\/image\/","url":"","contentUrl":"","caption":"News EST LYONNAIS"},"image":{"@id":"https:\/\/newsestlyonnais.fr\/site\/#\/schema\/logo\/image\/"}},{"@type":"Person","@id":"https:\/\/newsestlyonnais.fr\/site\/#\/schema\/person\/3230d5615f390bb808365d673001e887","name":"R\u00e9dac. NEWS","sameAs":["http:\/\/www.newsestlyonnais.fr","https:\/\/www.facebook.com\/pascal.oberson.1?fref=ts","https:\/\/fr.linkedin.com\/in\/pascal-oberson-b17045113"],"url":"https:\/\/newsestlyonnais.fr\/site\/author\/nel\/"}]}},"_links":{"self":[{"href":"https:\/\/newsestlyonnais.fr\/site\/wp-json\/wp\/v2\/posts\/22792","targetHints":{"allow":["GET"]}}],"collection":[{"href":"https:\/\/newsestlyonnais.fr\/site\/wp-json\/wp\/v2\/posts"}],"about":[{"href":"https:\/\/newsestlyonnais.fr\/site\/wp-json\/wp\/v2\/types\/post"}],"author":[{"embeddable":true,"href":"https:\/\/newsestlyonnais.fr\/site\/wp-json\/wp\/v2\/users\/4"}],"replies":[{"embeddable":true,"href":"https:\/\/newsestlyonnais.fr\/site\/wp-json\/wp\/v2\/comments?post=22792"}],"version-history":[{"count":0,"href":"https:\/\/newsestlyonnais.fr\/site\/wp-json\/wp\/v2\/posts\/22792\/revisions"}],"wp:featuredmedia":[{"embeddable":true,"href":"https:\/\/newsestlyonnais.fr\/site\/wp-json\/wp\/v2\/media\/22807"}],"wp:attachment":[{"href":"https:\/\/newsestlyonnais.fr\/site\/wp-json\/wp\/v2\/media?parent=22792"}],"wp:term":[{"taxonomy":"category","embeddable":true,"href":"https:\/\/newsestlyonnais.fr\/site\/wp-json\/wp\/v2\/categories?post=22792"},{"taxonomy":"post_tag","embeddable":true,"href":"https:\/\/newsestlyonnais.fr\/site\/wp-json\/wp\/v2\/tags?post=22792"}],"curies":[{"name":"wp","href":"https:\/\/api.w.org\/{rel}","templated":true}]}}