{"id":22840,"date":"2017-03-17T14:13:16","date_gmt":"2017-03-17T13:13:16","guid":{"rendered":"http:\/\/newsestlyonnais.fr\/site\/?p=22840"},"modified":"2020-11-17T11:47:56","modified_gmt":"2020-11-17T10:47:56","slug":"genas-recherche-de-volontaires-pour-organiser-genas-a-un-incroyable-talent-edition-2","status":"publish","type":"post","link":"https:\/\/newsestlyonnais.fr\/site\/2017\/03\/17\/genas-recherche-de-volontaires-pour-organiser-genas-a-un-incroyable-talent-edition-2\/","title":{"rendered":"GENAS | Recherche de volontaires pour organiser \u00ab\u00a0Genas a un incroyable talent \u00e9dition 2 \u00ab\u00a0"},"content":{"rendered":"<h4>A la suite de plusieurs ann\u00e9es de r\u00e9flexion et de pr\u00e9paration par le Conseil Municipal des Jeunes de Genas, la 1\u00b0 \u00e9dition de \u00ab\u00a0Genas a un incroyable talent\u00a0\u00bb avait pu voir le jour le 21 octobre dernier.<\/h4>\n<p>Cette soir\u00e9e, qui avait regroup\u00e9 26 talents et pas moins de 200 spectateurs fut un v\u00e9ritable succ\u00e8s.<\/p>\n<p>Pour cette nouvelle ann\u00e9e, le service jeunesse recherche des jeunes de la commune afin de former un groupe de travail en vue de pr\u00e9parer et organiser<strong> la 2\u00b0 \u00e9dition qui se d\u00e9roulera le 22 octobre 2017.<\/strong><\/p>\n<p>Ce collectif se r\u00e9unira une \u00e0 deux fois par mois pour pr\u00e9parer l\u2019\u00e9v\u00e9nement.<\/p>\n<p>Si tu es int\u00e9ress\u00e9(e) par ce projet, merci d&rsquo;envoyer <span style=\"text-decoration: underline\">un mail \u00e0<\/span>: animateur.jeunesse@ville-genas.fr <span style=\"text-decoration: underline\">avant le 31 mars<\/span> (en pr\u00e9cisant en objet \u00ab\u00a0Incroyable talent \u00e9dition 2\u00a0\u00bb).<\/p>\n<p>La date de la premi\u00e8re r\u00e9union sera communiqu\u00e9e d\u00e9but avril.<\/p>\n<p>Pour plus d&rsquo;infos: contacter Elodie BOUISSET (au 04.72.47.11.11 ou \u00e0 animateur.jeunesse@ville-genas.fr) (en objet \u00ab\u00a0Incroyable talent \u00e9dition 2\u00a0\u00bb)<\/p>\n<figure id=\"attachment_22846\" aria-describedby=\"caption-attachment-22846\" style=\"width: 1000px\" class=\"wp-caption alignleft\"><img loading=\"lazy\" decoding=\"async\" class=\"size-full wp-image-22846\" src=\"https:\/\/newsestlyonnais.fr\/site\/medias\/2017\/03\/NEWSESTLYONNAIS-CMJ-GENAS-.jpg\" alt=\"NEWSESTLYONNAIS - CMJ GENAS\" width=\"1000\" height=\"750\" srcset=\"https:\/\/newsestlyonnais.fr\/site\/wp-content\/uploads\/2017\/03\/NEWSESTLYONNAIS-CMJ-GENAS-.jpg 1000w, https:\/\/newsestlyonnais.fr\/site\/wp-content\/uploads\/2017\/03\/NEWSESTLYONNAIS-CMJ-GENAS--400x300.jpg 400w, https:\/\/newsestlyonnais.fr\/site\/wp-content\/uploads\/2017\/03\/NEWSESTLYONNAIS-CMJ-GENAS--768x576.jpg 768w, https:\/\/newsestlyonnais.fr\/site\/wp-content\/uploads\/2017\/03\/NEWSESTLYONNAIS-CMJ-GENAS--600x450.jpg 600w, https:\/\/newsestlyonnais.fr\/site\/wp-content\/uploads\/2017\/03\/NEWSESTLYONNAIS-CMJ-GENAS--100x75.jpg 100w\" sizes=\"auto, (max-width: 1000px) 100vw, 1000px\" \/><figcaption id=\"caption-attachment-22846\" class=\"wp-caption-text\">La premi\u00e8re \u00e9dition du vendredi 21 octobre 2016 avait connu un beau succ\u00e8s<\/figcaption><\/figure>\n","protected":false},"excerpt":{"rendered":"<p>A la suite de plusieurs ann\u00e9es de r\u00e9flexion et de pr\u00e9paration par le Conseil Municipal des Jeunes de Genas, la 1\u00b0 \u00e9dition de \u00ab\u00a0Genas a un incroyable talent\u00a0\u00bb avait pu voir le jour le 21 octobre dernier. Cette soir\u00e9e, qui avait regroup\u00e9 26 talents et pas moins de 200 spectateurs fut un v\u00e9ritable succ\u00e8s. Pour [&hellip;]<\/p>\n","protected":false},"author":4,"featured_media":22842,"comment_status":"open","ping_status":"open","sticky":false,"template":"","format":"standard","meta":{"footnotes":""},"categories":[270,3328,171,1598,3330,3006],"tags":[],"class_list":["post-22840","post","type-post","status-publish","format-standard","has-post-thumbnail","hentry","category-cte-de-communes-c-c-e-l","category-concours-jeux-labels-lotos","category-enfance-jeunesse","category-genas","category-mode-spectacle","category-musique-danse-humour"],"yoast_head":"<!-- This site is optimized with the Yoast SEO plugin v27.2 - https:\/\/yoast.com\/product\/yoast-seo-wordpress\/ -->\n<title>GENAS : Recherche de volontaires pour organiser &quot;Genas a un incroyable talent \u00e9dition 2 &quot;<\/title>\n<meta name=\"description\" content=\"GENAS : Recherche de volontaires pour organiser &quot;Genas a un incroyable talent \u00e9dition 2 &quot;\" \/>\n<meta name=\"robots\" content=\"index, follow, max-snippet:-1, max-image-preview:large, max-video-preview:-1\" \/>\n<link rel=\"canonical\" href=\"https:\/\/newsestlyonnais.fr\/site\/2017\/03\/17\/genas-recherche-de-volontaires-pour-organiser-genas-a-un-incroyable-talent-edition-2\/\" \/>\n<meta property=\"og:locale\" content=\"fr_FR\" \/>\n<meta property=\"og:type\" content=\"article\" \/>\n<meta property=\"og:title\" content=\"GENAS : Recherche de volontaires pour organiser &quot;Genas a un incroyable talent \u00e9dition 2 &quot;\" \/>\n<meta property=\"og:description\" content=\"GENAS : Recherche de volontaires pour organiser &quot;Genas a un incroyable talent \u00e9dition 2 &quot;\" \/>\n<meta property=\"og:url\" content=\"https:\/\/newsestlyonnais.fr\/site\/2017\/03\/17\/genas-recherche-de-volontaires-pour-organiser-genas-a-un-incroyable-talent-edition-2\/\" \/>\n<meta property=\"og:site_name\" content=\"News Est Lyonnais\" \/>\n<meta property=\"article:author\" content=\"https:\/\/www.facebook.com\/pascal.oberson.1?fref=ts\" \/>\n<meta property=\"article:published_time\" content=\"2017-03-17T13:13:16+00:00\" \/>\n<meta property=\"article:modified_time\" content=\"2020-11-17T10:47:56+00:00\" \/>\n<meta property=\"og:image\" content=\"https:\/\/i0.wp.com\/newsestlyonnais.fr\/site\/wp-content\/uploads\/2017\/03\/NEWSESTLYONNAIS-CMJ-INC-TALENT.jpg?fit=1000%2C750&ssl=1\" \/>\n\t<meta property=\"og:image:width\" content=\"1000\" \/>\n\t<meta property=\"og:image:height\" content=\"750\" \/>\n\t<meta property=\"og:image:type\" content=\"image\/jpeg\" \/>\n<meta name=\"author\" content=\"R\u00e9dac. NEWS\" \/>\n<meta name=\"twitter:card\" content=\"summary_large_image\" \/>\n<meta name=\"twitter:label1\" content=\"\u00c9crit par\" \/>\n\t<meta name=\"twitter:data1\" content=\"R\u00e9dac. NEWS\" \/>\n\t<meta name=\"twitter:label2\" content=\"Dur\u00e9e de lecture estim\u00e9e\" \/>\n\t<meta name=\"twitter:data2\" content=\"1 minute\" \/>\n<script type=\"application\/ld+json\" class=\"yoast-schema-graph\">{\"@context\":\"https:\/\/schema.org\",\"@graph\":[{\"@type\":\"Article\",\"@id\":\"https:\/\/newsestlyonnais.fr\/site\/2017\/03\/17\/genas-recherche-de-volontaires-pour-organiser-genas-a-un-incroyable-talent-edition-2\/#article\",\"isPartOf\":{\"@id\":\"https:\/\/newsestlyonnais.fr\/site\/2017\/03\/17\/genas-recherche-de-volontaires-pour-organiser-genas-a-un-incroyable-talent-edition-2\/\"},\"author\":{\"name\":\"R\u00e9dac. NEWS\",\"@id\":\"https:\/\/newsestlyonnais.fr\/site\/#\/schema\/person\/3230d5615f390bb808365d673001e887\"},\"headline\":\"GENAS | Recherche de volontaires pour organiser \u00ab\u00a0Genas a un incroyable talent \u00e9dition 2 \u00ab\u00a0\",\"datePublished\":\"2017-03-17T13:13:16+00:00\",\"dateModified\":\"2020-11-17T10:47:56+00:00\",\"mainEntityOfPage\":{\"@id\":\"https:\/\/newsestlyonnais.fr\/site\/2017\/03\/17\/genas-recherche-de-volontaires-pour-organiser-genas-a-un-incroyable-talent-edition-2\/\"},\"wordCount\":201,\"commentCount\":0,\"publisher\":{\"@id\":\"https:\/\/newsestlyonnais.fr\/site\/#organization\"},\"image\":{\"@id\":\"https:\/\/newsestlyonnais.fr\/site\/2017\/03\/17\/genas-recherche-de-volontaires-pour-organiser-genas-a-un-incroyable-talent-edition-2\/#primaryimage\"},\"thumbnailUrl\":\"https:\/\/newsestlyonnais.fr\/site\/wp-content\/uploads\/2017\/03\/NEWSESTLYONNAIS-CMJ-INC-TALENT.jpg\",\"articleSection\":[\"CCEL | Communes\",\"Concours | Jeux | Labels | Lotos\",\"Enfance | Jeunesse\",\"Genas\",\"Mode | Spectacle\",\"Musique | Danse | Humour\"],\"inLanguage\":\"fr-FR\",\"potentialAction\":[{\"@type\":\"CommentAction\",\"name\":\"Comment\",\"target\":[\"https:\/\/newsestlyonnais.fr\/site\/2017\/03\/17\/genas-recherche-de-volontaires-pour-organiser-genas-a-un-incroyable-talent-edition-2\/#respond\"]}]},{\"@type\":\"WebPage\",\"@id\":\"https:\/\/newsestlyonnais.fr\/site\/2017\/03\/17\/genas-recherche-de-volontaires-pour-organiser-genas-a-un-incroyable-talent-edition-2\/\",\"url\":\"https:\/\/newsestlyonnais.fr\/site\/2017\/03\/17\/genas-recherche-de-volontaires-pour-organiser-genas-a-un-incroyable-talent-edition-2\/\",\"name\":\"GENAS : Recherche de volontaires pour organiser \\\"Genas a un incroyable talent \u00e9dition 2 \\\"\",\"isPartOf\":{\"@id\":\"https:\/\/newsestlyonnais.fr\/site\/#website\"},\"primaryImageOfPage\":{\"@id\":\"https:\/\/newsestlyonnais.fr\/site\/2017\/03\/17\/genas-recherche-de-volontaires-pour-organiser-genas-a-un-incroyable-talent-edition-2\/#primaryimage\"},\"image\":{\"@id\":\"https:\/\/newsestlyonnais.fr\/site\/2017\/03\/17\/genas-recherche-de-volontaires-pour-organiser-genas-a-un-incroyable-talent-edition-2\/#primaryimage\"},\"thumbnailUrl\":\"https:\/\/newsestlyonnais.fr\/site\/wp-content\/uploads\/2017\/03\/NEWSESTLYONNAIS-CMJ-INC-TALENT.jpg\",\"datePublished\":\"2017-03-17T13:13:16+00:00\",\"dateModified\":\"2020-11-17T10:47:56+00:00\",\"description\":\"GENAS : Recherche de volontaires pour organiser \\\"Genas a un incroyable talent \u00e9dition 2 \\\"\",\"breadcrumb\":{\"@id\":\"https:\/\/newsestlyonnais.fr\/site\/2017\/03\/17\/genas-recherche-de-volontaires-pour-organiser-genas-a-un-incroyable-talent-edition-2\/#breadcrumb\"},\"inLanguage\":\"fr-FR\",\"potentialAction\":[{\"@type\":\"ReadAction\",\"target\":[\"https:\/\/newsestlyonnais.fr\/site\/2017\/03\/17\/genas-recherche-de-volontaires-pour-organiser-genas-a-un-incroyable-talent-edition-2\/\"]}]},{\"@type\":\"ImageObject\",\"inLanguage\":\"fr-FR\",\"@id\":\"https:\/\/newsestlyonnais.fr\/site\/2017\/03\/17\/genas-recherche-de-volontaires-pour-organiser-genas-a-un-incroyable-talent-edition-2\/#primaryimage\",\"url\":\"https:\/\/newsestlyonnais.fr\/site\/wp-content\/uploads\/2017\/03\/NEWSESTLYONNAIS-CMJ-INC-TALENT.jpg\",\"contentUrl\":\"https:\/\/newsestlyonnais.fr\/site\/wp-content\/uploads\/2017\/03\/NEWSESTLYONNAIS-CMJ-INC-TALENT.jpg\",\"width\":1000,\"height\":750,\"caption\":\"NEWSESTLYONNAIS - CMJ INC TALENT\"},{\"@type\":\"BreadcrumbList\",\"@id\":\"https:\/\/newsestlyonnais.fr\/site\/2017\/03\/17\/genas-recherche-de-volontaires-pour-organiser-genas-a-un-incroyable-talent-edition-2\/#breadcrumb\",\"itemListElement\":[{\"@type\":\"ListItem\",\"position\":1,\"name\":\"Accueil\",\"item\":\"https:\/\/newsestlyonnais.fr\/site\/\"},{\"@type\":\"ListItem\",\"position\":2,\"name\":\"GENAS | Recherche de volontaires pour organiser \u00ab\u00a0Genas a un incroyable talent \u00e9dition 2 \u00ab\u00a0\"}]},{\"@type\":\"WebSite\",\"@id\":\"https:\/\/newsestlyonnais.fr\/site\/#website\",\"url\":\"https:\/\/newsestlyonnais.fr\/site\/\",\"name\":\"News Est Lyonnais\",\"description\":\"L&#039;actualit\u00e9 au plus pr\u00e8s\",\"publisher\":{\"@id\":\"https:\/\/newsestlyonnais.fr\/site\/#organization\"},\"potentialAction\":[{\"@type\":\"SearchAction\",\"target\":{\"@type\":\"EntryPoint\",\"urlTemplate\":\"https:\/\/newsestlyonnais.fr\/site\/?s={search_term_string}\"},\"query-input\":{\"@type\":\"PropertyValueSpecification\",\"valueRequired\":true,\"valueName\":\"search_term_string\"}}],\"inLanguage\":\"fr-FR\"},{\"@type\":\"Organization\",\"@id\":\"https:\/\/newsestlyonnais.fr\/site\/#organization\",\"name\":\"News EST LYONNAIS\",\"url\":\"https:\/\/newsestlyonnais.fr\/site\/\",\"logo\":{\"@type\":\"ImageObject\",\"inLanguage\":\"fr-FR\",\"@id\":\"https:\/\/newsestlyonnais.fr\/site\/#\/schema\/logo\/image\/\",\"url\":\"\",\"contentUrl\":\"\",\"caption\":\"News EST LYONNAIS\"},\"image\":{\"@id\":\"https:\/\/newsestlyonnais.fr\/site\/#\/schema\/logo\/image\/\"}},{\"@type\":\"Person\",\"@id\":\"https:\/\/newsestlyonnais.fr\/site\/#\/schema\/person\/3230d5615f390bb808365d673001e887\",\"name\":\"R\u00e9dac. NEWS\",\"sameAs\":[\"http:\/\/www.newsestlyonnais.fr\",\"https:\/\/www.facebook.com\/pascal.oberson.1?fref=ts\",\"https:\/\/fr.linkedin.com\/in\/pascal-oberson-b17045113\"],\"url\":\"https:\/\/newsestlyonnais.fr\/site\/author\/nel\/\"}]}<\/script>\n<!-- \/ Yoast SEO plugin. -->","yoast_head_json":{"title":"GENAS : Recherche de volontaires pour organiser \"Genas a un incroyable talent \u00e9dition 2 \"","description":"GENAS : Recherche de volontaires pour organiser \"Genas a un incroyable talent \u00e9dition 2 \"","robots":{"index":"index","follow":"follow","max-snippet":"max-snippet:-1","max-image-preview":"max-image-preview:large","max-video-preview":"max-video-preview:-1"},"canonical":"https:\/\/newsestlyonnais.fr\/site\/2017\/03\/17\/genas-recherche-de-volontaires-pour-organiser-genas-a-un-incroyable-talent-edition-2\/","og_locale":"fr_FR","og_type":"article","og_title":"GENAS : Recherche de volontaires pour organiser \"Genas a un incroyable talent \u00e9dition 2 \"","og_description":"GENAS : Recherche de volontaires pour organiser \"Genas a un incroyable talent \u00e9dition 2 \"","og_url":"https:\/\/newsestlyonnais.fr\/site\/2017\/03\/17\/genas-recherche-de-volontaires-pour-organiser-genas-a-un-incroyable-talent-edition-2\/","og_site_name":"News Est Lyonnais","article_author":"https:\/\/www.facebook.com\/pascal.oberson.1?fref=ts","article_published_time":"2017-03-17T13:13:16+00:00","article_modified_time":"2020-11-17T10:47:56+00:00","og_image":[{"width":1000,"height":750,"url":"https:\/\/i0.wp.com\/newsestlyonnais.fr\/site\/wp-content\/uploads\/2017\/03\/NEWSESTLYONNAIS-CMJ-INC-TALENT.jpg?fit=1000%2C750&ssl=1","type":"image\/jpeg"}],"author":"R\u00e9dac. NEWS","twitter_card":"summary_large_image","twitter_misc":{"\u00c9crit par":"R\u00e9dac. NEWS","Dur\u00e9e de lecture estim\u00e9e":"1 minute"},"schema":{"@context":"https:\/\/schema.org","@graph":[{"@type":"Article","@id":"https:\/\/newsestlyonnais.fr\/site\/2017\/03\/17\/genas-recherche-de-volontaires-pour-organiser-genas-a-un-incroyable-talent-edition-2\/#article","isPartOf":{"@id":"https:\/\/newsestlyonnais.fr\/site\/2017\/03\/17\/genas-recherche-de-volontaires-pour-organiser-genas-a-un-incroyable-talent-edition-2\/"},"author":{"name":"R\u00e9dac. NEWS","@id":"https:\/\/newsestlyonnais.fr\/site\/#\/schema\/person\/3230d5615f390bb808365d673001e887"},"headline":"GENAS | Recherche de volontaires pour organiser \u00ab\u00a0Genas a un incroyable talent \u00e9dition 2 \u00ab\u00a0","datePublished":"2017-03-17T13:13:16+00:00","dateModified":"2020-11-17T10:47:56+00:00","mainEntityOfPage":{"@id":"https:\/\/newsestlyonnais.fr\/site\/2017\/03\/17\/genas-recherche-de-volontaires-pour-organiser-genas-a-un-incroyable-talent-edition-2\/"},"wordCount":201,"commentCount":0,"publisher":{"@id":"https:\/\/newsestlyonnais.fr\/site\/#organization"},"image":{"@id":"https:\/\/newsestlyonnais.fr\/site\/2017\/03\/17\/genas-recherche-de-volontaires-pour-organiser-genas-a-un-incroyable-talent-edition-2\/#primaryimage"},"thumbnailUrl":"https:\/\/newsestlyonnais.fr\/site\/wp-content\/uploads\/2017\/03\/NEWSESTLYONNAIS-CMJ-INC-TALENT.jpg","articleSection":["CCEL | Communes","Concours | Jeux | Labels | Lotos","Enfance | Jeunesse","Genas","Mode | Spectacle","Musique | Danse | Humour"],"inLanguage":"fr-FR","potentialAction":[{"@type":"CommentAction","name":"Comment","target":["https:\/\/newsestlyonnais.fr\/site\/2017\/03\/17\/genas-recherche-de-volontaires-pour-organiser-genas-a-un-incroyable-talent-edition-2\/#respond"]}]},{"@type":"WebPage","@id":"https:\/\/newsestlyonnais.fr\/site\/2017\/03\/17\/genas-recherche-de-volontaires-pour-organiser-genas-a-un-incroyable-talent-edition-2\/","url":"https:\/\/newsestlyonnais.fr\/site\/2017\/03\/17\/genas-recherche-de-volontaires-pour-organiser-genas-a-un-incroyable-talent-edition-2\/","name":"GENAS : Recherche de volontaires pour organiser \"Genas a un incroyable talent \u00e9dition 2 \"","isPartOf":{"@id":"https:\/\/newsestlyonnais.fr\/site\/#website"},"primaryImageOfPage":{"@id":"https:\/\/newsestlyonnais.fr\/site\/2017\/03\/17\/genas-recherche-de-volontaires-pour-organiser-genas-a-un-incroyable-talent-edition-2\/#primaryimage"},"image":{"@id":"https:\/\/newsestlyonnais.fr\/site\/2017\/03\/17\/genas-recherche-de-volontaires-pour-organiser-genas-a-un-incroyable-talent-edition-2\/#primaryimage"},"thumbnailUrl":"https:\/\/newsestlyonnais.fr\/site\/wp-content\/uploads\/2017\/03\/NEWSESTLYONNAIS-CMJ-INC-TALENT.jpg","datePublished":"2017-03-17T13:13:16+00:00","dateModified":"2020-11-17T10:47:56+00:00","description":"GENAS : Recherche de volontaires pour organiser \"Genas a un incroyable talent \u00e9dition 2 \"","breadcrumb":{"@id":"https:\/\/newsestlyonnais.fr\/site\/2017\/03\/17\/genas-recherche-de-volontaires-pour-organiser-genas-a-un-incroyable-talent-edition-2\/#breadcrumb"},"inLanguage":"fr-FR","potentialAction":[{"@type":"ReadAction","target":["https:\/\/newsestlyonnais.fr\/site\/2017\/03\/17\/genas-recherche-de-volontaires-pour-organiser-genas-a-un-incroyable-talent-edition-2\/"]}]},{"@type":"ImageObject","inLanguage":"fr-FR","@id":"https:\/\/newsestlyonnais.fr\/site\/2017\/03\/17\/genas-recherche-de-volontaires-pour-organiser-genas-a-un-incroyable-talent-edition-2\/#primaryimage","url":"https:\/\/newsestlyonnais.fr\/site\/wp-content\/uploads\/2017\/03\/NEWSESTLYONNAIS-CMJ-INC-TALENT.jpg","contentUrl":"https:\/\/newsestlyonnais.fr\/site\/wp-content\/uploads\/2017\/03\/NEWSESTLYONNAIS-CMJ-INC-TALENT.jpg","width":1000,"height":750,"caption":"NEWSESTLYONNAIS - CMJ INC TALENT"},{"@type":"BreadcrumbList","@id":"https:\/\/newsestlyonnais.fr\/site\/2017\/03\/17\/genas-recherche-de-volontaires-pour-organiser-genas-a-un-incroyable-talent-edition-2\/#breadcrumb","itemListElement":[{"@type":"ListItem","position":1,"name":"Accueil","item":"https:\/\/newsestlyonnais.fr\/site\/"},{"@type":"ListItem","position":2,"name":"GENAS | Recherche de volontaires pour organiser \u00ab\u00a0Genas a un incroyable talent \u00e9dition 2 \u00ab\u00a0"}]},{"@type":"WebSite","@id":"https:\/\/newsestlyonnais.fr\/site\/#website","url":"https:\/\/newsestlyonnais.fr\/site\/","name":"News Est Lyonnais","description":"L&#039;actualit\u00e9 au plus pr\u00e8s","publisher":{"@id":"https:\/\/newsestlyonnais.fr\/site\/#organization"},"potentialAction":[{"@type":"SearchAction","target":{"@type":"EntryPoint","urlTemplate":"https:\/\/newsestlyonnais.fr\/site\/?s={search_term_string}"},"query-input":{"@type":"PropertyValueSpecification","valueRequired":true,"valueName":"search_term_string"}}],"inLanguage":"fr-FR"},{"@type":"Organization","@id":"https:\/\/newsestlyonnais.fr\/site\/#organization","name":"News EST LYONNAIS","url":"https:\/\/newsestlyonnais.fr\/site\/","logo":{"@type":"ImageObject","inLanguage":"fr-FR","@id":"https:\/\/newsestlyonnais.fr\/site\/#\/schema\/logo\/image\/","url":"","contentUrl":"","caption":"News EST LYONNAIS"},"image":{"@id":"https:\/\/newsestlyonnais.fr\/site\/#\/schema\/logo\/image\/"}},{"@type":"Person","@id":"https:\/\/newsestlyonnais.fr\/site\/#\/schema\/person\/3230d5615f390bb808365d673001e887","name":"R\u00e9dac. NEWS","sameAs":["http:\/\/www.newsestlyonnais.fr","https:\/\/www.facebook.com\/pascal.oberson.1?fref=ts","https:\/\/fr.linkedin.com\/in\/pascal-oberson-b17045113"],"url":"https:\/\/newsestlyonnais.fr\/site\/author\/nel\/"}]}},"_links":{"self":[{"href":"https:\/\/newsestlyonnais.fr\/site\/wp-json\/wp\/v2\/posts\/22840","targetHints":{"allow":["GET"]}}],"collection":[{"href":"https:\/\/newsestlyonnais.fr\/site\/wp-json\/wp\/v2\/posts"}],"about":[{"href":"https:\/\/newsestlyonnais.fr\/site\/wp-json\/wp\/v2\/types\/post"}],"author":[{"embeddable":true,"href":"https:\/\/newsestlyonnais.fr\/site\/wp-json\/wp\/v2\/users\/4"}],"replies":[{"embeddable":true,"href":"https:\/\/newsestlyonnais.fr\/site\/wp-json\/wp\/v2\/comments?post=22840"}],"version-history":[{"count":0,"href":"https:\/\/newsestlyonnais.fr\/site\/wp-json\/wp\/v2\/posts\/22840\/revisions"}],"wp:featuredmedia":[{"embeddable":true,"href":"https:\/\/newsestlyonnais.fr\/site\/wp-json\/wp\/v2\/media\/22842"}],"wp:attachment":[{"href":"https:\/\/newsestlyonnais.fr\/site\/wp-json\/wp\/v2\/media?parent=22840"}],"wp:term":[{"taxonomy":"category","embeddable":true,"href":"https:\/\/newsestlyonnais.fr\/site\/wp-json\/wp\/v2\/categories?post=22840"},{"taxonomy":"post_tag","embeddable":true,"href":"https:\/\/newsestlyonnais.fr\/site\/wp-json\/wp\/v2\/tags?post=22840"}],"curies":[{"name":"wp","href":"https:\/\/api.w.org\/{rel}","templated":true}]}}