{"id":22852,"date":"2017-03-17T14:33:37","date_gmt":"2017-03-17T13:33:37","guid":{"rendered":"http:\/\/newsestlyonnais.fr\/site\/?p=22852"},"modified":"2020-11-11T17:28:44","modified_gmt":"2020-11-11T16:28:44","slug":"lyondecines-parmi-les-12-villes-hotes-retenues-pour-france-2023-de-rugby","status":"publish","type":"post","link":"https:\/\/newsestlyonnais.fr\/site\/2017\/03\/17\/lyondecines-parmi-les-12-villes-hotes-retenues-pour-france-2023-de-rugby\/","title":{"rendered":"LYON\/DECINES | Parmi les 12 villes h\u00f4tes retenues pour FRANCE 2023 de Rugby"},"content":{"rendered":"<h4>Le Comit\u00e9 Directeur de la F\u00e9d\u00e9ration Fran\u00e7aise de Rugby, r\u00e9uni ce jour \u00e0 Paris, a d\u00e9sign\u00e9 les 12 villes h\u00f4tes retenues pour la candidature \u00e0 la Coupe du Monde 2023.<\/h4>\n<p>Il s\u2019agit d\u2019une \u00e9tape essentielle dans la constitution du dossier qui sera remis avant le 1\u00b0\u00a0 juin \u00e0 World Rugby.<br \/>\nAvec cette s\u00e9lection, la FFR ambitionne de d\u00e9poser le meilleur dossier pour la Coupe du Monde 2023, avec notamment :<br \/>\n\u00b7 La plus grande capacit\u00e9 de spectateurs potentiels (grand public et hospitalit\u00e9s)<br \/>\n\u00b7 La plus grande capacit\u00e9 h\u00f4teli\u00e8re<br \/>\n\u00b7 Des stades de tr\u00e8s haut niveau r\u00e9pondant aux standards des plus grands<br \/>\n\u00e9v\u00e9nements internationaux<br \/>\n\u00b7 Des villes h\u00f4tes mobilis\u00e9es et expertes dans l\u2019accueil des \u00e9v\u00e9nements internationaux<\/p>\n<p>La FFR tient \u00e0 remercier chaleureusement l\u2019ensemble des \u00e9lus et des \u00e9quipes des collectivit\u00e9s qui ont candidat\u00e9. A l\u2019issue d\u2019un processus de s\u00e9lection rigoureux et objectif, le Comit\u00e9 Directeur de la FFR <strong>a retenu douze villes h\u00f4tes<\/strong><br \/>\n\u00b7 Bordeaux &#8211; Matmut Atlantique (42 000 places)<br \/>\n\u00b7 Lens \u2013 Stade Bollaert-Delelis (38 000 places)<br \/>\n\u00b7 Lille M\u00e9tropole \u2013 Stade Pierre-Mauroy (50 000 places)<br \/>\n\u00b7 <strong>Lyon \u2013 Parc OL (59 000 places) PHOTO A LA UNE<\/strong><br \/>\n\u00b7 Marseille \u2013 Orange V\u00e9lodrome (67 000 places)<br \/>\n\u00b7 Montpellier \u2013 Stade de la Mosson (32 000 places)<br \/>\n\u00b7 Nantes \u2013 Stade de la Beaujoire (37 500 places)<br \/>\n\u00b7 Nice \u2013 Allianz Riviera (35 000 places)<br \/>\n\u00b7 Paris _ Saint-Denis \u2013Stade de France (80 000 places)<br \/>\n\u00b7 Saint-Etienne &#8211; Stade Geoffroy-Guichard (42 000 places)<br \/>\n\u00b7 Toulouse \u2013 Stadium de Toulouse (33 000 places)<\/p>\n<p>Le pr\u00e9sident de la FFR a conclu : \u00ab Nous avons pu constater, \u00e0 la lecture des engagements re\u00e7us, que la candidature fran\u00e7aise rencontre un large soutien aupr\u00e8s des \u00e9lus des grandes villes et m\u00e9tropoles fran\u00e7aises et c\u2019est pour nous un soutien essentiel dans l\u2019avanc\u00e9e du dossier \u00bb.<\/p>\n<ul>\n<li>\n<h4>Plus d&rsquo;infos sur:\u00a0<a href=\"https:\/\/www.ffr.fr\" target=\"_blank\" rel=\"noopener noreferrer\">https:\/\/www.ffr.fr<\/a><\/h4>\n<\/li>\n<\/ul>\n","protected":false},"excerpt":{"rendered":"<p>Le Comit\u00e9 Directeur de la F\u00e9d\u00e9ration Fran\u00e7aise de Rugby, r\u00e9uni ce jour \u00e0 Paris, a d\u00e9sign\u00e9 les 12 villes h\u00f4tes retenues pour la candidature \u00e0 la Coupe du Monde 2023. Il s\u2019agit d\u2019une \u00e9tape essentielle dans la constitution du dossier qui sera remis avant le 1\u00b0\u00a0 juin \u00e0 World Rugby. Avec cette s\u00e9lection, la FFR [&hellip;]<\/p>\n","protected":false},"author":4,"featured_media":22855,"comment_status":"open","ping_status":"open","sticky":false,"template":"","format":"standard","meta":{"footnotes":""},"categories":[21,2996,1625,2999],"tags":[],"class_list":["post-22852","post","type-post","status-publish","format-standard","has-post-thumbnail","hentry","category-decines-charpieu","category-football-rugby","category-lyon","category-rugby-a-xv-sports"],"yoast_head":"<!-- This site is optimized with the Yoast SEO plugin v27.2 - https:\/\/yoast.com\/product\/yoast-seo-wordpress\/ -->\n<title>LYON\/DECINES : Parmi les 12 villes h\u00f4tes retenues pour FRANCE 2023 de Rugby<\/title>\n<meta name=\"description\" content=\"LYON\/DECINES : Parmi les 12 villes h\u00f4tes retenues pour FRANCE 2023 de Rugby\" \/>\n<meta name=\"robots\" content=\"index, follow, max-snippet:-1, max-image-preview:large, max-video-preview:-1\" \/>\n<link rel=\"canonical\" href=\"https:\/\/newsestlyonnais.fr\/site\/2017\/03\/17\/lyondecines-parmi-les-12-villes-hotes-retenues-pour-france-2023-de-rugby\/\" \/>\n<meta property=\"og:locale\" content=\"fr_FR\" \/>\n<meta property=\"og:type\" content=\"article\" \/>\n<meta property=\"og:title\" content=\"LYON\/DECINES : Parmi les 12 villes h\u00f4tes retenues pour FRANCE 2023 de Rugby\" \/>\n<meta property=\"og:description\" content=\"LYON\/DECINES : Parmi les 12 villes h\u00f4tes retenues pour FRANCE 2023 de Rugby\" \/>\n<meta property=\"og:url\" content=\"https:\/\/newsestlyonnais.fr\/site\/2017\/03\/17\/lyondecines-parmi-les-12-villes-hotes-retenues-pour-france-2023-de-rugby\/\" \/>\n<meta property=\"og:site_name\" content=\"News Est Lyonnais\" \/>\n<meta property=\"article:author\" content=\"https:\/\/www.facebook.com\/pascal.oberson.1?fref=ts\" \/>\n<meta property=\"article:published_time\" content=\"2017-03-17T13:33:37+00:00\" \/>\n<meta property=\"article:modified_time\" content=\"2020-11-11T16:28:44+00:00\" \/>\n<meta property=\"og:image\" content=\"https:\/\/i1.wp.com\/newsestlyonnais.fr\/site\/wp-content\/uploads\/2017\/03\/NEWSESTLYONNAIS-GRAND-STADE-DECINES.png?fit=1000%2C750&ssl=1\" \/>\n\t<meta property=\"og:image:width\" content=\"1000\" \/>\n\t<meta property=\"og:image:height\" content=\"750\" \/>\n\t<meta property=\"og:image:type\" content=\"image\/png\" \/>\n<meta name=\"author\" content=\"R\u00e9dac. NEWS\" \/>\n<meta name=\"twitter:card\" content=\"summary_large_image\" \/>\n<meta name=\"twitter:label1\" content=\"\u00c9crit par\" \/>\n\t<meta name=\"twitter:data1\" content=\"R\u00e9dac. NEWS\" \/>\n\t<meta name=\"twitter:label2\" content=\"Dur\u00e9e de lecture estim\u00e9e\" \/>\n\t<meta name=\"twitter:data2\" content=\"1 minute\" \/>\n<script type=\"application\/ld+json\" class=\"yoast-schema-graph\">{\"@context\":\"https:\/\/schema.org\",\"@graph\":[{\"@type\":\"Article\",\"@id\":\"https:\/\/newsestlyonnais.fr\/site\/2017\/03\/17\/lyondecines-parmi-les-12-villes-hotes-retenues-pour-france-2023-de-rugby\/#article\",\"isPartOf\":{\"@id\":\"https:\/\/newsestlyonnais.fr\/site\/2017\/03\/17\/lyondecines-parmi-les-12-villes-hotes-retenues-pour-france-2023-de-rugby\/\"},\"author\":{\"name\":\"R\u00e9dac. NEWS\",\"@id\":\"https:\/\/newsestlyonnais.fr\/site\/#\/schema\/person\/3230d5615f390bb808365d673001e887\"},\"headline\":\"LYON\/DECINES | Parmi les 12 villes h\u00f4tes retenues pour FRANCE 2023 de Rugby\",\"datePublished\":\"2017-03-17T13:33:37+00:00\",\"dateModified\":\"2020-11-11T16:28:44+00:00\",\"mainEntityOfPage\":{\"@id\":\"https:\/\/newsestlyonnais.fr\/site\/2017\/03\/17\/lyondecines-parmi-les-12-villes-hotes-retenues-pour-france-2023-de-rugby\/\"},\"wordCount\":298,\"commentCount\":1,\"publisher\":{\"@id\":\"https:\/\/newsestlyonnais.fr\/site\/#organization\"},\"image\":{\"@id\":\"https:\/\/newsestlyonnais.fr\/site\/2017\/03\/17\/lyondecines-parmi-les-12-villes-hotes-retenues-pour-france-2023-de-rugby\/#primaryimage\"},\"thumbnailUrl\":\"https:\/\/newsestlyonnais.fr\/site\/wp-content\/uploads\/2017\/03\/NEWSESTLYONNAIS-GRAND-STADE-DECINES.png\",\"articleSection\":[\"D\u00e9cines-Charpieu\",\"Foot | Rugby\",\"Lyon\",\"Rugby \u00e0 XV\"],\"inLanguage\":\"fr-FR\",\"potentialAction\":[{\"@type\":\"CommentAction\",\"name\":\"Comment\",\"target\":[\"https:\/\/newsestlyonnais.fr\/site\/2017\/03\/17\/lyondecines-parmi-les-12-villes-hotes-retenues-pour-france-2023-de-rugby\/#respond\"]}]},{\"@type\":\"WebPage\",\"@id\":\"https:\/\/newsestlyonnais.fr\/site\/2017\/03\/17\/lyondecines-parmi-les-12-villes-hotes-retenues-pour-france-2023-de-rugby\/\",\"url\":\"https:\/\/newsestlyonnais.fr\/site\/2017\/03\/17\/lyondecines-parmi-les-12-villes-hotes-retenues-pour-france-2023-de-rugby\/\",\"name\":\"LYON\/DECINES : Parmi les 12 villes h\u00f4tes retenues pour FRANCE 2023 de Rugby\",\"isPartOf\":{\"@id\":\"https:\/\/newsestlyonnais.fr\/site\/#website\"},\"primaryImageOfPage\":{\"@id\":\"https:\/\/newsestlyonnais.fr\/site\/2017\/03\/17\/lyondecines-parmi-les-12-villes-hotes-retenues-pour-france-2023-de-rugby\/#primaryimage\"},\"image\":{\"@id\":\"https:\/\/newsestlyonnais.fr\/site\/2017\/03\/17\/lyondecines-parmi-les-12-villes-hotes-retenues-pour-france-2023-de-rugby\/#primaryimage\"},\"thumbnailUrl\":\"https:\/\/newsestlyonnais.fr\/site\/wp-content\/uploads\/2017\/03\/NEWSESTLYONNAIS-GRAND-STADE-DECINES.png\",\"datePublished\":\"2017-03-17T13:33:37+00:00\",\"dateModified\":\"2020-11-11T16:28:44+00:00\",\"description\":\"LYON\/DECINES : Parmi les 12 villes h\u00f4tes retenues pour FRANCE 2023 de Rugby\",\"breadcrumb\":{\"@id\":\"https:\/\/newsestlyonnais.fr\/site\/2017\/03\/17\/lyondecines-parmi-les-12-villes-hotes-retenues-pour-france-2023-de-rugby\/#breadcrumb\"},\"inLanguage\":\"fr-FR\",\"potentialAction\":[{\"@type\":\"ReadAction\",\"target\":[\"https:\/\/newsestlyonnais.fr\/site\/2017\/03\/17\/lyondecines-parmi-les-12-villes-hotes-retenues-pour-france-2023-de-rugby\/\"]}]},{\"@type\":\"ImageObject\",\"inLanguage\":\"fr-FR\",\"@id\":\"https:\/\/newsestlyonnais.fr\/site\/2017\/03\/17\/lyondecines-parmi-les-12-villes-hotes-retenues-pour-france-2023-de-rugby\/#primaryimage\",\"url\":\"https:\/\/newsestlyonnais.fr\/site\/wp-content\/uploads\/2017\/03\/NEWSESTLYONNAIS-GRAND-STADE-DECINES.png\",\"contentUrl\":\"https:\/\/newsestlyonnais.fr\/site\/wp-content\/uploads\/2017\/03\/NEWSESTLYONNAIS-GRAND-STADE-DECINES.png\",\"width\":1000,\"height\":750,\"caption\":\"NEWSESTLYONNAIS GRAND STADE DECINES\"},{\"@type\":\"BreadcrumbList\",\"@id\":\"https:\/\/newsestlyonnais.fr\/site\/2017\/03\/17\/lyondecines-parmi-les-12-villes-hotes-retenues-pour-france-2023-de-rugby\/#breadcrumb\",\"itemListElement\":[{\"@type\":\"ListItem\",\"position\":1,\"name\":\"Accueil\",\"item\":\"https:\/\/newsestlyonnais.fr\/site\/\"},{\"@type\":\"ListItem\",\"position\":2,\"name\":\"LYON\/DECINES | Parmi les 12 villes h\u00f4tes retenues pour FRANCE 2023 de Rugby\"}]},{\"@type\":\"WebSite\",\"@id\":\"https:\/\/newsestlyonnais.fr\/site\/#website\",\"url\":\"https:\/\/newsestlyonnais.fr\/site\/\",\"name\":\"News Est Lyonnais\",\"description\":\"L&#039;actualit\u00e9 au plus pr\u00e8s\",\"publisher\":{\"@id\":\"https:\/\/newsestlyonnais.fr\/site\/#organization\"},\"potentialAction\":[{\"@type\":\"SearchAction\",\"target\":{\"@type\":\"EntryPoint\",\"urlTemplate\":\"https:\/\/newsestlyonnais.fr\/site\/?s={search_term_string}\"},\"query-input\":{\"@type\":\"PropertyValueSpecification\",\"valueRequired\":true,\"valueName\":\"search_term_string\"}}],\"inLanguage\":\"fr-FR\"},{\"@type\":\"Organization\",\"@id\":\"https:\/\/newsestlyonnais.fr\/site\/#organization\",\"name\":\"News EST LYONNAIS\",\"url\":\"https:\/\/newsestlyonnais.fr\/site\/\",\"logo\":{\"@type\":\"ImageObject\",\"inLanguage\":\"fr-FR\",\"@id\":\"https:\/\/newsestlyonnais.fr\/site\/#\/schema\/logo\/image\/\",\"url\":\"\",\"contentUrl\":\"\",\"caption\":\"News EST LYONNAIS\"},\"image\":{\"@id\":\"https:\/\/newsestlyonnais.fr\/site\/#\/schema\/logo\/image\/\"}},{\"@type\":\"Person\",\"@id\":\"https:\/\/newsestlyonnais.fr\/site\/#\/schema\/person\/3230d5615f390bb808365d673001e887\",\"name\":\"R\u00e9dac. NEWS\",\"sameAs\":[\"http:\/\/www.newsestlyonnais.fr\",\"https:\/\/www.facebook.com\/pascal.oberson.1?fref=ts\",\"https:\/\/fr.linkedin.com\/in\/pascal-oberson-b17045113\"],\"url\":\"https:\/\/newsestlyonnais.fr\/site\/author\/nel\/\"}]}<\/script>\n<!-- \/ Yoast SEO plugin. -->","yoast_head_json":{"title":"LYON\/DECINES : Parmi les 12 villes h\u00f4tes retenues pour FRANCE 2023 de Rugby","description":"LYON\/DECINES : Parmi les 12 villes h\u00f4tes retenues pour FRANCE 2023 de Rugby","robots":{"index":"index","follow":"follow","max-snippet":"max-snippet:-1","max-image-preview":"max-image-preview:large","max-video-preview":"max-video-preview:-1"},"canonical":"https:\/\/newsestlyonnais.fr\/site\/2017\/03\/17\/lyondecines-parmi-les-12-villes-hotes-retenues-pour-france-2023-de-rugby\/","og_locale":"fr_FR","og_type":"article","og_title":"LYON\/DECINES : Parmi les 12 villes h\u00f4tes retenues pour FRANCE 2023 de Rugby","og_description":"LYON\/DECINES : Parmi les 12 villes h\u00f4tes retenues pour FRANCE 2023 de Rugby","og_url":"https:\/\/newsestlyonnais.fr\/site\/2017\/03\/17\/lyondecines-parmi-les-12-villes-hotes-retenues-pour-france-2023-de-rugby\/","og_site_name":"News Est Lyonnais","article_author":"https:\/\/www.facebook.com\/pascal.oberson.1?fref=ts","article_published_time":"2017-03-17T13:33:37+00:00","article_modified_time":"2020-11-11T16:28:44+00:00","og_image":[{"width":1000,"height":750,"url":"https:\/\/i1.wp.com\/newsestlyonnais.fr\/site\/wp-content\/uploads\/2017\/03\/NEWSESTLYONNAIS-GRAND-STADE-DECINES.png?fit=1000%2C750&ssl=1","type":"image\/png"}],"author":"R\u00e9dac. NEWS","twitter_card":"summary_large_image","twitter_misc":{"\u00c9crit par":"R\u00e9dac. NEWS","Dur\u00e9e de lecture estim\u00e9e":"1 minute"},"schema":{"@context":"https:\/\/schema.org","@graph":[{"@type":"Article","@id":"https:\/\/newsestlyonnais.fr\/site\/2017\/03\/17\/lyondecines-parmi-les-12-villes-hotes-retenues-pour-france-2023-de-rugby\/#article","isPartOf":{"@id":"https:\/\/newsestlyonnais.fr\/site\/2017\/03\/17\/lyondecines-parmi-les-12-villes-hotes-retenues-pour-france-2023-de-rugby\/"},"author":{"name":"R\u00e9dac. NEWS","@id":"https:\/\/newsestlyonnais.fr\/site\/#\/schema\/person\/3230d5615f390bb808365d673001e887"},"headline":"LYON\/DECINES | Parmi les 12 villes h\u00f4tes retenues pour FRANCE 2023 de Rugby","datePublished":"2017-03-17T13:33:37+00:00","dateModified":"2020-11-11T16:28:44+00:00","mainEntityOfPage":{"@id":"https:\/\/newsestlyonnais.fr\/site\/2017\/03\/17\/lyondecines-parmi-les-12-villes-hotes-retenues-pour-france-2023-de-rugby\/"},"wordCount":298,"commentCount":1,"publisher":{"@id":"https:\/\/newsestlyonnais.fr\/site\/#organization"},"image":{"@id":"https:\/\/newsestlyonnais.fr\/site\/2017\/03\/17\/lyondecines-parmi-les-12-villes-hotes-retenues-pour-france-2023-de-rugby\/#primaryimage"},"thumbnailUrl":"https:\/\/newsestlyonnais.fr\/site\/wp-content\/uploads\/2017\/03\/NEWSESTLYONNAIS-GRAND-STADE-DECINES.png","articleSection":["D\u00e9cines-Charpieu","Foot | Rugby","Lyon","Rugby \u00e0 XV"],"inLanguage":"fr-FR","potentialAction":[{"@type":"CommentAction","name":"Comment","target":["https:\/\/newsestlyonnais.fr\/site\/2017\/03\/17\/lyondecines-parmi-les-12-villes-hotes-retenues-pour-france-2023-de-rugby\/#respond"]}]},{"@type":"WebPage","@id":"https:\/\/newsestlyonnais.fr\/site\/2017\/03\/17\/lyondecines-parmi-les-12-villes-hotes-retenues-pour-france-2023-de-rugby\/","url":"https:\/\/newsestlyonnais.fr\/site\/2017\/03\/17\/lyondecines-parmi-les-12-villes-hotes-retenues-pour-france-2023-de-rugby\/","name":"LYON\/DECINES : Parmi les 12 villes h\u00f4tes retenues pour FRANCE 2023 de Rugby","isPartOf":{"@id":"https:\/\/newsestlyonnais.fr\/site\/#website"},"primaryImageOfPage":{"@id":"https:\/\/newsestlyonnais.fr\/site\/2017\/03\/17\/lyondecines-parmi-les-12-villes-hotes-retenues-pour-france-2023-de-rugby\/#primaryimage"},"image":{"@id":"https:\/\/newsestlyonnais.fr\/site\/2017\/03\/17\/lyondecines-parmi-les-12-villes-hotes-retenues-pour-france-2023-de-rugby\/#primaryimage"},"thumbnailUrl":"https:\/\/newsestlyonnais.fr\/site\/wp-content\/uploads\/2017\/03\/NEWSESTLYONNAIS-GRAND-STADE-DECINES.png","datePublished":"2017-03-17T13:33:37+00:00","dateModified":"2020-11-11T16:28:44+00:00","description":"LYON\/DECINES : Parmi les 12 villes h\u00f4tes retenues pour FRANCE 2023 de Rugby","breadcrumb":{"@id":"https:\/\/newsestlyonnais.fr\/site\/2017\/03\/17\/lyondecines-parmi-les-12-villes-hotes-retenues-pour-france-2023-de-rugby\/#breadcrumb"},"inLanguage":"fr-FR","potentialAction":[{"@type":"ReadAction","target":["https:\/\/newsestlyonnais.fr\/site\/2017\/03\/17\/lyondecines-parmi-les-12-villes-hotes-retenues-pour-france-2023-de-rugby\/"]}]},{"@type":"ImageObject","inLanguage":"fr-FR","@id":"https:\/\/newsestlyonnais.fr\/site\/2017\/03\/17\/lyondecines-parmi-les-12-villes-hotes-retenues-pour-france-2023-de-rugby\/#primaryimage","url":"https:\/\/newsestlyonnais.fr\/site\/wp-content\/uploads\/2017\/03\/NEWSESTLYONNAIS-GRAND-STADE-DECINES.png","contentUrl":"https:\/\/newsestlyonnais.fr\/site\/wp-content\/uploads\/2017\/03\/NEWSESTLYONNAIS-GRAND-STADE-DECINES.png","width":1000,"height":750,"caption":"NEWSESTLYONNAIS GRAND STADE DECINES"},{"@type":"BreadcrumbList","@id":"https:\/\/newsestlyonnais.fr\/site\/2017\/03\/17\/lyondecines-parmi-les-12-villes-hotes-retenues-pour-france-2023-de-rugby\/#breadcrumb","itemListElement":[{"@type":"ListItem","position":1,"name":"Accueil","item":"https:\/\/newsestlyonnais.fr\/site\/"},{"@type":"ListItem","position":2,"name":"LYON\/DECINES | Parmi les 12 villes h\u00f4tes retenues pour FRANCE 2023 de Rugby"}]},{"@type":"WebSite","@id":"https:\/\/newsestlyonnais.fr\/site\/#website","url":"https:\/\/newsestlyonnais.fr\/site\/","name":"News Est Lyonnais","description":"L&#039;actualit\u00e9 au plus pr\u00e8s","publisher":{"@id":"https:\/\/newsestlyonnais.fr\/site\/#organization"},"potentialAction":[{"@type":"SearchAction","target":{"@type":"EntryPoint","urlTemplate":"https:\/\/newsestlyonnais.fr\/site\/?s={search_term_string}"},"query-input":{"@type":"PropertyValueSpecification","valueRequired":true,"valueName":"search_term_string"}}],"inLanguage":"fr-FR"},{"@type":"Organization","@id":"https:\/\/newsestlyonnais.fr\/site\/#organization","name":"News EST LYONNAIS","url":"https:\/\/newsestlyonnais.fr\/site\/","logo":{"@type":"ImageObject","inLanguage":"fr-FR","@id":"https:\/\/newsestlyonnais.fr\/site\/#\/schema\/logo\/image\/","url":"","contentUrl":"","caption":"News EST LYONNAIS"},"image":{"@id":"https:\/\/newsestlyonnais.fr\/site\/#\/schema\/logo\/image\/"}},{"@type":"Person","@id":"https:\/\/newsestlyonnais.fr\/site\/#\/schema\/person\/3230d5615f390bb808365d673001e887","name":"R\u00e9dac. NEWS","sameAs":["http:\/\/www.newsestlyonnais.fr","https:\/\/www.facebook.com\/pascal.oberson.1?fref=ts","https:\/\/fr.linkedin.com\/in\/pascal-oberson-b17045113"],"url":"https:\/\/newsestlyonnais.fr\/site\/author\/nel\/"}]}},"_links":{"self":[{"href":"https:\/\/newsestlyonnais.fr\/site\/wp-json\/wp\/v2\/posts\/22852","targetHints":{"allow":["GET"]}}],"collection":[{"href":"https:\/\/newsestlyonnais.fr\/site\/wp-json\/wp\/v2\/posts"}],"about":[{"href":"https:\/\/newsestlyonnais.fr\/site\/wp-json\/wp\/v2\/types\/post"}],"author":[{"embeddable":true,"href":"https:\/\/newsestlyonnais.fr\/site\/wp-json\/wp\/v2\/users\/4"}],"replies":[{"embeddable":true,"href":"https:\/\/newsestlyonnais.fr\/site\/wp-json\/wp\/v2\/comments?post=22852"}],"version-history":[{"count":0,"href":"https:\/\/newsestlyonnais.fr\/site\/wp-json\/wp\/v2\/posts\/22852\/revisions"}],"wp:featuredmedia":[{"embeddable":true,"href":"https:\/\/newsestlyonnais.fr\/site\/wp-json\/wp\/v2\/media\/22855"}],"wp:attachment":[{"href":"https:\/\/newsestlyonnais.fr\/site\/wp-json\/wp\/v2\/media?parent=22852"}],"wp:term":[{"taxonomy":"category","embeddable":true,"href":"https:\/\/newsestlyonnais.fr\/site\/wp-json\/wp\/v2\/categories?post=22852"},{"taxonomy":"post_tag","embeddable":true,"href":"https:\/\/newsestlyonnais.fr\/site\/wp-json\/wp\/v2\/tags?post=22852"}],"curies":[{"name":"wp","href":"https:\/\/api.w.org\/{rel}","templated":true}]}}