{"id":22857,"date":"2017-03-27T17:43:02","date_gmt":"2017-03-27T16:43:02","guid":{"rendered":"http:\/\/newsestlyonnais.fr\/site\/?p=22857"},"modified":"2020-11-03T15:53:51","modified_gmt":"2020-11-03T14:53:51","slug":"bron-interview-de-bernard-pedri-president-du-bron-basket-club","status":"publish","type":"post","link":"https:\/\/newsestlyonnais.fr\/site\/2017\/03\/27\/bron-interview-de-bernard-pedri-president-du-bron-basket-club\/","title":{"rendered":"BRON | Bernard Pedri (pr\u00e9sident du Bron Basket Club)"},"content":{"rendered":"<h4><img loading=\"lazy\" decoding=\"async\" class=\"alignleft size-full wp-image-23750\" src=\"https:\/\/newsestlyonnais.fr\/site\/medias\/2017\/03\/NEWSESTLYONNAIS-MICRO.png\" alt=\"NEWSESTLYONNAIS MICRO\" width=\"250\" height=\"150\" \/>A quelques semaines de la fin de la saison 2016\/2017, le pr\u00e9sident du B.B.C. nous fait un point global de la situation de son club:<\/h4>\n<ul>\n<li><strong><em>Quel est l&rsquo;\u00e9tat de sant\u00e9 du B.B.C. ?<\/em><\/strong> \u00a0\u00bb Il se porte bien et nous sommes en pleine correction de la l\u00e9g\u00e8re d\u00e9rive connue sur le plan financier. Ceci \u00e9tant du \u00e0 un ensemble de facteurs notamment la baisse de sponsors mais nous sommes en contact avec des institutionnels du club. Nous devrions revenir \u00e0 un \u00e9quilibre positif le plus t\u00f4t possible et au plus tard \u00e0 la fin de saison 2017\/2018.<\/li>\n<li><strong><em>Quel a \u00e9t\u00e9 son effectif pour cet exercice ?<\/em><\/strong> \u00a0\u00bb Il connait une certaine stabilit\u00e9 avec 349 licenci\u00e9s pour 23 \u00e9quipes qui \u00e9voluent au niveau r\u00e9gional ou d\u00e9partemental. On a choisi de privil\u00e9gier les \u00e9quipes comp\u00e9titions<u> <\/u>par rapport aux \u00e9quipes loisirs avec pour objectif de donner plus de temps d&rsquo;entrainement \u00e0 nos jeunes joueurs et joueuses. On remercie d&rsquo;ailleurs la municipalit\u00e9 de nous avoir accord\u00e9 des cr\u00e9neaux suppl\u00e9mentaires \u00e0 Antoine Muguet et Louis Pradel et autoris\u00e9 \u00e0 d\u00e9buter plus t\u00f4t le mercredi apr\u00e8s-midi \u00e0 la salle Tola Vologe.<\/li>\n<li><em><strong>Et au niveau des \u00e9quipes jeunes<\/strong> <\/em>? \u00a0\u00bb Le mini-basket connait une bonne dynamique sous la houlette de David Tupin, Pierre Porcelli, Toufik Gamaz et Gilles Affriat avec un axe prioritaire sur l&rsquo;apprentissage des fondamentaux. Belle satisfaction aussi avec la Coop\u00e9ration Territoriale de Clubs (CTC) mise en place avec le Vaulx Basket Club qui concerne 6 \u00e9quipes f\u00e9minines, des cat\u00e9gories U9 \u00e0 U15&Prime;.<\/li>\n<li>\u00a0<strong><em>Sur le plan sportif, comment se d\u00e9roule cette saison ?<\/em><\/strong> \u00a0\u00bb En seniors, l&rsquo;\u00e9quipe fanion masculine qui \u00e9volue en championnat Pr\u00e9 national poule basse a connu pas mal de soucis en terme d&rsquo;effectif (mutations professionnelles, blessures, etc&#8230;). Malgr\u00e9 cela, l&rsquo;objectif de maintien est d\u00e9sormais atteint gr\u00e2ce \u00e0 notre victoire de ce WE. Dans le m\u00eame championnat , nos f\u00e9minines sont actuellement 7\u00b0et devraient se maintenir \u00e9galement. L&rsquo;objectif est de terminer dans le haut du tableau pour \u00eatre en phase avec les ambitions initiales. Chez les plus jeunes, nos formations sont bien positionn\u00e9es notamment les U 20 Fet M.<\/li>\n<li><strong>Enfin quels sont les prochains \u00e9v\u00e8nements pr\u00e9vus d&rsquo;ici la fin de saison ? \u00a0\u00bb <\/strong>Notre loto s&rsquo;est d\u00e9roul\u00e9\u00a0 vendredi dernier \u00e0 l&rsquo;Espace Albert Camus dans une excellente ambiance. A noter \u00e9galement le tournoi international U 13 filles organis\u00e9 les 15 &amp; 16 avril au gymnase Aubert (Vaulx en Velin) dans le cadre de la C.T.C.. Enfin, nous accueillons du 23 au 28 mai, ainsi que Lyon Basket, St Priest, Meyzieu les Finales Nationales Ligues U15 (filles et gar\u00e7ons).<\/li>\n<\/ul>\n<h4>\u00a0Retrouvez toute l&rsquo;ACTU du club sur: <a href=\"http:\/\/www.bronbasketclub.fr\" target=\"_blank\" rel=\"noopener noreferrer\">http:\/\/www.bronbasketclub.fr<\/a><\/h4>\n","protected":false},"excerpt":{"rendered":"<p>A quelques semaines de la fin de la saison 2016\/2017, le pr\u00e9sident du B.B.C. nous fait un point global de la situation de son club: Quel est l&rsquo;\u00e9tat de sant\u00e9 du B.B.C. ? \u00a0\u00bb Il se porte bien et nous sommes en pleine correction de la l\u00e9g\u00e8re d\u00e9rive connue sur le plan financier. Ceci \u00e9tant [&hellip;]<\/p>\n","protected":false},"author":4,"featured_media":23259,"comment_status":"open","ping_status":"open","sticky":false,"template":"","format":"standard","meta":{"footnotes":""},"categories":[1357,2975,19],"tags":[],"class_list":["post-22857","post","type-post","status-publish","format-standard","has-post-thumbnail","hentry","category-basket","category-basket-hand-volley-sports","category-bron"],"yoast_head":"<!-- This site is optimized with the Yoast SEO plugin v27.2 - https:\/\/yoast.com\/product\/yoast-seo-wordpress\/ -->\n<title>BRON : Interview de Bernard Pedri (pr\u00e9sident du Bron Basket Club)<\/title>\n<meta name=\"description\" content=\"BRON : Interview de Bernard Pedri (pr\u00e9sident du Bron Basket Club)\" \/>\n<meta name=\"robots\" content=\"index, follow, max-snippet:-1, max-image-preview:large, max-video-preview:-1\" \/>\n<link rel=\"canonical\" href=\"https:\/\/newsestlyonnais.fr\/site\/2017\/03\/27\/bron-interview-de-bernard-pedri-president-du-bron-basket-club\/\" \/>\n<meta property=\"og:locale\" content=\"fr_FR\" \/>\n<meta property=\"og:type\" content=\"article\" \/>\n<meta property=\"og:title\" content=\"BRON : Interview de Bernard Pedri (pr\u00e9sident du Bron Basket Club)\" \/>\n<meta property=\"og:description\" content=\"BRON : Interview de Bernard Pedri (pr\u00e9sident du Bron Basket Club)\" \/>\n<meta property=\"og:url\" content=\"https:\/\/newsestlyonnais.fr\/site\/2017\/03\/27\/bron-interview-de-bernard-pedri-president-du-bron-basket-club\/\" \/>\n<meta property=\"og:site_name\" content=\"News Est Lyonnais\" \/>\n<meta property=\"article:author\" content=\"https:\/\/www.facebook.com\/pascal.oberson.1?fref=ts\" \/>\n<meta property=\"article:published_time\" content=\"2017-03-27T16:43:02+00:00\" \/>\n<meta property=\"article:modified_time\" content=\"2020-11-03T14:53:51+00:00\" \/>\n<meta property=\"og:image\" content=\"https:\/\/i0.wp.com\/newsestlyonnais.fr\/site\/wp-content\/uploads\/2017\/03\/NEWSESTLYONNAIS-INT-PT-DU-BBC.jpg?fit=1000%2C750&ssl=1\" \/>\n\t<meta property=\"og:image:width\" content=\"1000\" \/>\n\t<meta property=\"og:image:height\" content=\"750\" \/>\n\t<meta property=\"og:image:type\" content=\"image\/jpeg\" \/>\n<meta name=\"author\" content=\"R\u00e9dac. NEWS\" \/>\n<meta name=\"twitter:card\" content=\"summary_large_image\" \/>\n<meta name=\"twitter:label1\" content=\"\u00c9crit par\" \/>\n\t<meta name=\"twitter:data1\" content=\"R\u00e9dac. NEWS\" \/>\n\t<meta name=\"twitter:label2\" content=\"Dur\u00e9e de lecture estim\u00e9e\" \/>\n\t<meta name=\"twitter:data2\" content=\"2 minutes\" \/>\n<script type=\"application\/ld+json\" class=\"yoast-schema-graph\">{\"@context\":\"https:\/\/schema.org\",\"@graph\":[{\"@type\":\"Article\",\"@id\":\"https:\/\/newsestlyonnais.fr\/site\/2017\/03\/27\/bron-interview-de-bernard-pedri-president-du-bron-basket-club\/#article\",\"isPartOf\":{\"@id\":\"https:\/\/newsestlyonnais.fr\/site\/2017\/03\/27\/bron-interview-de-bernard-pedri-president-du-bron-basket-club\/\"},\"author\":{\"name\":\"R\u00e9dac. NEWS\",\"@id\":\"https:\/\/newsestlyonnais.fr\/site\/#\/schema\/person\/3230d5615f390bb808365d673001e887\"},\"headline\":\"BRON | Bernard Pedri (pr\u00e9sident du Bron Basket Club)\",\"datePublished\":\"2017-03-27T16:43:02+00:00\",\"dateModified\":\"2020-11-03T14:53:51+00:00\",\"mainEntityOfPage\":{\"@id\":\"https:\/\/newsestlyonnais.fr\/site\/2017\/03\/27\/bron-interview-de-bernard-pedri-president-du-bron-basket-club\/\"},\"wordCount\":457,\"commentCount\":0,\"publisher\":{\"@id\":\"https:\/\/newsestlyonnais.fr\/site\/#organization\"},\"image\":{\"@id\":\"https:\/\/newsestlyonnais.fr\/site\/2017\/03\/27\/bron-interview-de-bernard-pedri-president-du-bron-basket-club\/#primaryimage\"},\"thumbnailUrl\":\"https:\/\/newsestlyonnais.fr\/site\/wp-content\/uploads\/2017\/03\/NEWSESTLYONNAIS-INT-PT-DU-BBC.jpg\",\"articleSection\":[\"Basket\",\"Basket | Hand | Volley\",\"Bron\"],\"inLanguage\":\"fr-FR\",\"potentialAction\":[{\"@type\":\"CommentAction\",\"name\":\"Comment\",\"target\":[\"https:\/\/newsestlyonnais.fr\/site\/2017\/03\/27\/bron-interview-de-bernard-pedri-president-du-bron-basket-club\/#respond\"]}]},{\"@type\":\"WebPage\",\"@id\":\"https:\/\/newsestlyonnais.fr\/site\/2017\/03\/27\/bron-interview-de-bernard-pedri-president-du-bron-basket-club\/\",\"url\":\"https:\/\/newsestlyonnais.fr\/site\/2017\/03\/27\/bron-interview-de-bernard-pedri-president-du-bron-basket-club\/\",\"name\":\"BRON : Interview de Bernard Pedri (pr\u00e9sident du Bron Basket Club)\",\"isPartOf\":{\"@id\":\"https:\/\/newsestlyonnais.fr\/site\/#website\"},\"primaryImageOfPage\":{\"@id\":\"https:\/\/newsestlyonnais.fr\/site\/2017\/03\/27\/bron-interview-de-bernard-pedri-president-du-bron-basket-club\/#primaryimage\"},\"image\":{\"@id\":\"https:\/\/newsestlyonnais.fr\/site\/2017\/03\/27\/bron-interview-de-bernard-pedri-president-du-bron-basket-club\/#primaryimage\"},\"thumbnailUrl\":\"https:\/\/newsestlyonnais.fr\/site\/wp-content\/uploads\/2017\/03\/NEWSESTLYONNAIS-INT-PT-DU-BBC.jpg\",\"datePublished\":\"2017-03-27T16:43:02+00:00\",\"dateModified\":\"2020-11-03T14:53:51+00:00\",\"description\":\"BRON : Interview de Bernard Pedri (pr\u00e9sident du Bron Basket Club)\",\"breadcrumb\":{\"@id\":\"https:\/\/newsestlyonnais.fr\/site\/2017\/03\/27\/bron-interview-de-bernard-pedri-president-du-bron-basket-club\/#breadcrumb\"},\"inLanguage\":\"fr-FR\",\"potentialAction\":[{\"@type\":\"ReadAction\",\"target\":[\"https:\/\/newsestlyonnais.fr\/site\/2017\/03\/27\/bron-interview-de-bernard-pedri-president-du-bron-basket-club\/\"]}]},{\"@type\":\"ImageObject\",\"inLanguage\":\"fr-FR\",\"@id\":\"https:\/\/newsestlyonnais.fr\/site\/2017\/03\/27\/bron-interview-de-bernard-pedri-president-du-bron-basket-club\/#primaryimage\",\"url\":\"https:\/\/newsestlyonnais.fr\/site\/wp-content\/uploads\/2017\/03\/NEWSESTLYONNAIS-INT-PT-DU-BBC.jpg\",\"contentUrl\":\"https:\/\/newsestlyonnais.fr\/site\/wp-content\/uploads\/2017\/03\/NEWSESTLYONNAIS-INT-PT-DU-BBC.jpg\",\"width\":1000,\"height\":750,\"caption\":\"NEWSESTLYONNAIS - INT PT DU BBC\"},{\"@type\":\"BreadcrumbList\",\"@id\":\"https:\/\/newsestlyonnais.fr\/site\/2017\/03\/27\/bron-interview-de-bernard-pedri-president-du-bron-basket-club\/#breadcrumb\",\"itemListElement\":[{\"@type\":\"ListItem\",\"position\":1,\"name\":\"Accueil\",\"item\":\"https:\/\/newsestlyonnais.fr\/site\/\"},{\"@type\":\"ListItem\",\"position\":2,\"name\":\"BRON | Bernard Pedri (pr\u00e9sident du Bron Basket Club)\"}]},{\"@type\":\"WebSite\",\"@id\":\"https:\/\/newsestlyonnais.fr\/site\/#website\",\"url\":\"https:\/\/newsestlyonnais.fr\/site\/\",\"name\":\"News Est Lyonnais\",\"description\":\"L&#039;actualit\u00e9 au plus pr\u00e8s\",\"publisher\":{\"@id\":\"https:\/\/newsestlyonnais.fr\/site\/#organization\"},\"potentialAction\":[{\"@type\":\"SearchAction\",\"target\":{\"@type\":\"EntryPoint\",\"urlTemplate\":\"https:\/\/newsestlyonnais.fr\/site\/?s={search_term_string}\"},\"query-input\":{\"@type\":\"PropertyValueSpecification\",\"valueRequired\":true,\"valueName\":\"search_term_string\"}}],\"inLanguage\":\"fr-FR\"},{\"@type\":\"Organization\",\"@id\":\"https:\/\/newsestlyonnais.fr\/site\/#organization\",\"name\":\"News EST LYONNAIS\",\"url\":\"https:\/\/newsestlyonnais.fr\/site\/\",\"logo\":{\"@type\":\"ImageObject\",\"inLanguage\":\"fr-FR\",\"@id\":\"https:\/\/newsestlyonnais.fr\/site\/#\/schema\/logo\/image\/\",\"url\":\"\",\"contentUrl\":\"\",\"caption\":\"News EST LYONNAIS\"},\"image\":{\"@id\":\"https:\/\/newsestlyonnais.fr\/site\/#\/schema\/logo\/image\/\"}},{\"@type\":\"Person\",\"@id\":\"https:\/\/newsestlyonnais.fr\/site\/#\/schema\/person\/3230d5615f390bb808365d673001e887\",\"name\":\"R\u00e9dac. NEWS\",\"sameAs\":[\"http:\/\/www.newsestlyonnais.fr\",\"https:\/\/www.facebook.com\/pascal.oberson.1?fref=ts\",\"https:\/\/fr.linkedin.com\/in\/pascal-oberson-b17045113\"],\"url\":\"https:\/\/newsestlyonnais.fr\/site\/author\/nel\/\"}]}<\/script>\n<!-- \/ Yoast SEO plugin. -->","yoast_head_json":{"title":"BRON : Interview de Bernard Pedri (pr\u00e9sident du Bron Basket Club)","description":"BRON : Interview de Bernard Pedri (pr\u00e9sident du Bron Basket Club)","robots":{"index":"index","follow":"follow","max-snippet":"max-snippet:-1","max-image-preview":"max-image-preview:large","max-video-preview":"max-video-preview:-1"},"canonical":"https:\/\/newsestlyonnais.fr\/site\/2017\/03\/27\/bron-interview-de-bernard-pedri-president-du-bron-basket-club\/","og_locale":"fr_FR","og_type":"article","og_title":"BRON : Interview de Bernard Pedri (pr\u00e9sident du Bron Basket Club)","og_description":"BRON : Interview de Bernard Pedri (pr\u00e9sident du Bron Basket Club)","og_url":"https:\/\/newsestlyonnais.fr\/site\/2017\/03\/27\/bron-interview-de-bernard-pedri-president-du-bron-basket-club\/","og_site_name":"News Est Lyonnais","article_author":"https:\/\/www.facebook.com\/pascal.oberson.1?fref=ts","article_published_time":"2017-03-27T16:43:02+00:00","article_modified_time":"2020-11-03T14:53:51+00:00","og_image":[{"width":1000,"height":750,"url":"https:\/\/i0.wp.com\/newsestlyonnais.fr\/site\/wp-content\/uploads\/2017\/03\/NEWSESTLYONNAIS-INT-PT-DU-BBC.jpg?fit=1000%2C750&ssl=1","type":"image\/jpeg"}],"author":"R\u00e9dac. NEWS","twitter_card":"summary_large_image","twitter_misc":{"\u00c9crit par":"R\u00e9dac. NEWS","Dur\u00e9e de lecture estim\u00e9e":"2 minutes"},"schema":{"@context":"https:\/\/schema.org","@graph":[{"@type":"Article","@id":"https:\/\/newsestlyonnais.fr\/site\/2017\/03\/27\/bron-interview-de-bernard-pedri-president-du-bron-basket-club\/#article","isPartOf":{"@id":"https:\/\/newsestlyonnais.fr\/site\/2017\/03\/27\/bron-interview-de-bernard-pedri-president-du-bron-basket-club\/"},"author":{"name":"R\u00e9dac. NEWS","@id":"https:\/\/newsestlyonnais.fr\/site\/#\/schema\/person\/3230d5615f390bb808365d673001e887"},"headline":"BRON | Bernard Pedri (pr\u00e9sident du Bron Basket Club)","datePublished":"2017-03-27T16:43:02+00:00","dateModified":"2020-11-03T14:53:51+00:00","mainEntityOfPage":{"@id":"https:\/\/newsestlyonnais.fr\/site\/2017\/03\/27\/bron-interview-de-bernard-pedri-president-du-bron-basket-club\/"},"wordCount":457,"commentCount":0,"publisher":{"@id":"https:\/\/newsestlyonnais.fr\/site\/#organization"},"image":{"@id":"https:\/\/newsestlyonnais.fr\/site\/2017\/03\/27\/bron-interview-de-bernard-pedri-president-du-bron-basket-club\/#primaryimage"},"thumbnailUrl":"https:\/\/newsestlyonnais.fr\/site\/wp-content\/uploads\/2017\/03\/NEWSESTLYONNAIS-INT-PT-DU-BBC.jpg","articleSection":["Basket","Basket | Hand | Volley","Bron"],"inLanguage":"fr-FR","potentialAction":[{"@type":"CommentAction","name":"Comment","target":["https:\/\/newsestlyonnais.fr\/site\/2017\/03\/27\/bron-interview-de-bernard-pedri-president-du-bron-basket-club\/#respond"]}]},{"@type":"WebPage","@id":"https:\/\/newsestlyonnais.fr\/site\/2017\/03\/27\/bron-interview-de-bernard-pedri-president-du-bron-basket-club\/","url":"https:\/\/newsestlyonnais.fr\/site\/2017\/03\/27\/bron-interview-de-bernard-pedri-president-du-bron-basket-club\/","name":"BRON : Interview de Bernard Pedri (pr\u00e9sident du Bron Basket Club)","isPartOf":{"@id":"https:\/\/newsestlyonnais.fr\/site\/#website"},"primaryImageOfPage":{"@id":"https:\/\/newsestlyonnais.fr\/site\/2017\/03\/27\/bron-interview-de-bernard-pedri-president-du-bron-basket-club\/#primaryimage"},"image":{"@id":"https:\/\/newsestlyonnais.fr\/site\/2017\/03\/27\/bron-interview-de-bernard-pedri-president-du-bron-basket-club\/#primaryimage"},"thumbnailUrl":"https:\/\/newsestlyonnais.fr\/site\/wp-content\/uploads\/2017\/03\/NEWSESTLYONNAIS-INT-PT-DU-BBC.jpg","datePublished":"2017-03-27T16:43:02+00:00","dateModified":"2020-11-03T14:53:51+00:00","description":"BRON : Interview de Bernard Pedri (pr\u00e9sident du Bron Basket Club)","breadcrumb":{"@id":"https:\/\/newsestlyonnais.fr\/site\/2017\/03\/27\/bron-interview-de-bernard-pedri-president-du-bron-basket-club\/#breadcrumb"},"inLanguage":"fr-FR","potentialAction":[{"@type":"ReadAction","target":["https:\/\/newsestlyonnais.fr\/site\/2017\/03\/27\/bron-interview-de-bernard-pedri-president-du-bron-basket-club\/"]}]},{"@type":"ImageObject","inLanguage":"fr-FR","@id":"https:\/\/newsestlyonnais.fr\/site\/2017\/03\/27\/bron-interview-de-bernard-pedri-president-du-bron-basket-club\/#primaryimage","url":"https:\/\/newsestlyonnais.fr\/site\/wp-content\/uploads\/2017\/03\/NEWSESTLYONNAIS-INT-PT-DU-BBC.jpg","contentUrl":"https:\/\/newsestlyonnais.fr\/site\/wp-content\/uploads\/2017\/03\/NEWSESTLYONNAIS-INT-PT-DU-BBC.jpg","width":1000,"height":750,"caption":"NEWSESTLYONNAIS - INT PT DU BBC"},{"@type":"BreadcrumbList","@id":"https:\/\/newsestlyonnais.fr\/site\/2017\/03\/27\/bron-interview-de-bernard-pedri-president-du-bron-basket-club\/#breadcrumb","itemListElement":[{"@type":"ListItem","position":1,"name":"Accueil","item":"https:\/\/newsestlyonnais.fr\/site\/"},{"@type":"ListItem","position":2,"name":"BRON | Bernard Pedri (pr\u00e9sident du Bron Basket Club)"}]},{"@type":"WebSite","@id":"https:\/\/newsestlyonnais.fr\/site\/#website","url":"https:\/\/newsestlyonnais.fr\/site\/","name":"News Est Lyonnais","description":"L&#039;actualit\u00e9 au plus pr\u00e8s","publisher":{"@id":"https:\/\/newsestlyonnais.fr\/site\/#organization"},"potentialAction":[{"@type":"SearchAction","target":{"@type":"EntryPoint","urlTemplate":"https:\/\/newsestlyonnais.fr\/site\/?s={search_term_string}"},"query-input":{"@type":"PropertyValueSpecification","valueRequired":true,"valueName":"search_term_string"}}],"inLanguage":"fr-FR"},{"@type":"Organization","@id":"https:\/\/newsestlyonnais.fr\/site\/#organization","name":"News EST LYONNAIS","url":"https:\/\/newsestlyonnais.fr\/site\/","logo":{"@type":"ImageObject","inLanguage":"fr-FR","@id":"https:\/\/newsestlyonnais.fr\/site\/#\/schema\/logo\/image\/","url":"","contentUrl":"","caption":"News EST LYONNAIS"},"image":{"@id":"https:\/\/newsestlyonnais.fr\/site\/#\/schema\/logo\/image\/"}},{"@type":"Person","@id":"https:\/\/newsestlyonnais.fr\/site\/#\/schema\/person\/3230d5615f390bb808365d673001e887","name":"R\u00e9dac. NEWS","sameAs":["http:\/\/www.newsestlyonnais.fr","https:\/\/www.facebook.com\/pascal.oberson.1?fref=ts","https:\/\/fr.linkedin.com\/in\/pascal-oberson-b17045113"],"url":"https:\/\/newsestlyonnais.fr\/site\/author\/nel\/"}]}},"_links":{"self":[{"href":"https:\/\/newsestlyonnais.fr\/site\/wp-json\/wp\/v2\/posts\/22857","targetHints":{"allow":["GET"]}}],"collection":[{"href":"https:\/\/newsestlyonnais.fr\/site\/wp-json\/wp\/v2\/posts"}],"about":[{"href":"https:\/\/newsestlyonnais.fr\/site\/wp-json\/wp\/v2\/types\/post"}],"author":[{"embeddable":true,"href":"https:\/\/newsestlyonnais.fr\/site\/wp-json\/wp\/v2\/users\/4"}],"replies":[{"embeddable":true,"href":"https:\/\/newsestlyonnais.fr\/site\/wp-json\/wp\/v2\/comments?post=22857"}],"version-history":[{"count":0,"href":"https:\/\/newsestlyonnais.fr\/site\/wp-json\/wp\/v2\/posts\/22857\/revisions"}],"wp:featuredmedia":[{"embeddable":true,"href":"https:\/\/newsestlyonnais.fr\/site\/wp-json\/wp\/v2\/media\/23259"}],"wp:attachment":[{"href":"https:\/\/newsestlyonnais.fr\/site\/wp-json\/wp\/v2\/media?parent=22857"}],"wp:term":[{"taxonomy":"category","embeddable":true,"href":"https:\/\/newsestlyonnais.fr\/site\/wp-json\/wp\/v2\/categories?post=22857"},{"taxonomy":"post_tag","embeddable":true,"href":"https:\/\/newsestlyonnais.fr\/site\/wp-json\/wp\/v2\/tags?post=22857"}],"curies":[{"name":"wp","href":"https:\/\/api.w.org\/{rel}","templated":true}]}}