{"id":22878,"date":"2017-03-18T07:42:37","date_gmt":"2017-03-18T06:42:37","guid":{"rendered":"http:\/\/newsestlyonnais.fr\/site\/?p=22878"},"modified":"2021-09-16T14:47:40","modified_gmt":"2021-09-16T13:47:40","slug":"vaulx-en-velin-la-boxeuse-elhem-mekhaled-championne-de-france-poids-plumes","status":"publish","type":"post","link":"https:\/\/newsestlyonnais.fr\/site\/2017\/03\/18\/vaulx-en-velin-la-boxeuse-elhem-mekhaled-championne-de-france-poids-plumes\/","title":{"rendered":"VAULX-EN-VELIN | La boxeuse Elhem Mekhaled championne de France poids plumes"},"content":{"rendered":"<div id=\"js_f\" class=\"_5pbx userContent\">\n<h4>Le 4\u00b0 combat pro d&rsquo;Elhem Mekhaled disput\u00e9 vendredi soir lors lors du gala de la Cotonne \u00e0 Saint Etienne , l&rsquo;aura men\u00e9 vers le titre national !<\/h4>\n<p>La boxeuse membre du Boxing Club Vaudais s&rsquo;est en effet impos\u00e9 face \u00e0 Wendy Vincent \u00e0 l&rsquo;issue d&rsquo;un combat arr\u00eat\u00e9 par l&rsquo;arbitre \u00e0 la 4\u00b0 reprise.<\/p>\n<p>\u00ab\u00a0The diamond boxer\u00a0\u00bb est ainsi devenue la nouvelle championne de France professionnelle dans la cat\u00e9gorie poids plumes.<\/p>\n<p><span style=\"text-decoration: underline\"><em><strong>CREDIT PHOTOS : \u00a9Julien Manevy &#8211; PhotoGraphix Event<img loading=\"lazy\" decoding=\"async\" class=\"alignleft size-full wp-image-22884\" src=\"https:\/\/newsestlyonnais.fr\/site\/medias\/2017\/03\/NEWSESTLYONNAIS-boxe-elhem-.jpg\" alt=\"NEWSESTLYONNAIS - boxe elhem\" width=\"1000\" height=\"750\" srcset=\"https:\/\/newsestlyonnais.fr\/site\/wp-content\/uploads\/2017\/03\/NEWSESTLYONNAIS-boxe-elhem-.jpg 1000w, https:\/\/newsestlyonnais.fr\/site\/wp-content\/uploads\/2017\/03\/NEWSESTLYONNAIS-boxe-elhem--400x300.jpg 400w, https:\/\/newsestlyonnais.fr\/site\/wp-content\/uploads\/2017\/03\/NEWSESTLYONNAIS-boxe-elhem--768x576.jpg 768w, https:\/\/newsestlyonnais.fr\/site\/wp-content\/uploads\/2017\/03\/NEWSESTLYONNAIS-boxe-elhem--600x450.jpg 600w, https:\/\/newsestlyonnais.fr\/site\/wp-content\/uploads\/2017\/03\/NEWSESTLYONNAIS-boxe-elhem--100x75.jpg 100w\" sizes=\"auto, (max-width: 1000px) 100vw, 1000px\" \/><\/strong><\/em><\/span><\/p>\n<\/div>\n","protected":false},"excerpt":{"rendered":"<p>Le 4\u00b0 combat pro d&rsquo;Elhem Mekhaled disput\u00e9 vendredi soir lors lors du gala de la Cotonne \u00e0 Saint Etienne , l&rsquo;aura men\u00e9 vers le titre national ! La boxeuse membre du Boxing Club Vaudais s&rsquo;est en effet impos\u00e9 face \u00e0 Wendy Vincent \u00e0 l&rsquo;issue d&rsquo;un combat arr\u00eat\u00e9 par l&rsquo;arbitre \u00e0 la 4\u00b0 reprise. \u00ab\u00a0The diamond [&hellip;]<\/p>\n","protected":false},"author":4,"featured_media":22882,"comment_status":"open","ping_status":"open","sticky":false,"template":"","format":"standard","meta":{"footnotes":""},"categories":[574,3895,166,3421,28],"tags":[],"class_list":["post-22878","post","type-post","status-publish","format-standard","has-post-thumbnail","hentry","category-autres-sports","category-boxe","category-divers-sports","category-feminin-actu-au","category-vaulx-en-velin"],"yoast_head":"<!-- This site is optimized with the Yoast SEO plugin v27.2 - https:\/\/yoast.com\/product\/yoast-seo-wordpress\/ -->\n<title>VAULX EN VELIN : La boxeuse Elhem Mekhaled championne de France poids plumes !<\/title>\n<meta name=\"description\" content=\"La boxeuse Elhem Mekhaled championne de France poids plumes ! Le 4\u00b0 combat pro disput\u00e9 lors lors du gala de la Cotonne \u00e0 Saint Etienne !\" \/>\n<meta name=\"robots\" content=\"index, follow, max-snippet:-1, max-image-preview:large, max-video-preview:-1\" \/>\n<link rel=\"canonical\" href=\"https:\/\/newsestlyonnais.fr\/site\/2017\/03\/18\/vaulx-en-velin-la-boxeuse-elhem-mekhaled-championne-de-france-poids-plumes\/\" \/>\n<meta property=\"og:locale\" content=\"fr_FR\" \/>\n<meta property=\"og:type\" content=\"article\" \/>\n<meta property=\"og:title\" content=\"VAULX EN VELIN : La boxeuse Elhem Mekhaled championne de France poids plumes !\" \/>\n<meta property=\"og:description\" content=\"La boxeuse Elhem Mekhaled championne de France poids plumes ! Le 4\u00b0 combat pro disput\u00e9 lors lors du gala de la Cotonne \u00e0 Saint Etienne !\" \/>\n<meta property=\"og:url\" content=\"https:\/\/newsestlyonnais.fr\/site\/2017\/03\/18\/vaulx-en-velin-la-boxeuse-elhem-mekhaled-championne-de-france-poids-plumes\/\" \/>\n<meta property=\"og:site_name\" content=\"News Est Lyonnais\" \/>\n<meta property=\"article:author\" content=\"https:\/\/www.facebook.com\/pascal.oberson.1?fref=ts\" \/>\n<meta property=\"article:published_time\" content=\"2017-03-18T06:42:37+00:00\" \/>\n<meta property=\"article:modified_time\" content=\"2021-09-16T13:47:40+00:00\" \/>\n<meta property=\"og:image\" content=\"https:\/\/i2.wp.com\/newsestlyonnais.fr\/site\/wp-content\/uploads\/2017\/03\/NEWSESTLYONNAIS-BOXR-ELHEM-TITRE.jpg?fit=1000%2C750&ssl=1\" \/>\n\t<meta property=\"og:image:width\" content=\"1000\" \/>\n\t<meta property=\"og:image:height\" content=\"750\" \/>\n\t<meta property=\"og:image:type\" content=\"image\/jpeg\" \/>\n<meta name=\"author\" content=\"R\u00e9dac. NEWS\" \/>\n<meta name=\"twitter:card\" content=\"summary_large_image\" \/>\n<meta name=\"twitter:label1\" content=\"\u00c9crit par\" \/>\n\t<meta name=\"twitter:data1\" content=\"R\u00e9dac. NEWS\" \/>\n<script type=\"application\/ld+json\" class=\"yoast-schema-graph\">{\"@context\":\"https:\/\/schema.org\",\"@graph\":[{\"@type\":\"Article\",\"@id\":\"https:\/\/newsestlyonnais.fr\/site\/2017\/03\/18\/vaulx-en-velin-la-boxeuse-elhem-mekhaled-championne-de-france-poids-plumes\/#article\",\"isPartOf\":{\"@id\":\"https:\/\/newsestlyonnais.fr\/site\/2017\/03\/18\/vaulx-en-velin-la-boxeuse-elhem-mekhaled-championne-de-france-poids-plumes\/\"},\"author\":{\"name\":\"R\u00e9dac. NEWS\",\"@id\":\"https:\/\/newsestlyonnais.fr\/site\/#\/schema\/person\/3230d5615f390bb808365d673001e887\"},\"headline\":\"VAULX-EN-VELIN | La boxeuse Elhem Mekhaled championne de France poids plumes\",\"datePublished\":\"2017-03-18T06:42:37+00:00\",\"dateModified\":\"2021-09-16T13:47:40+00:00\",\"mainEntityOfPage\":{\"@id\":\"https:\/\/newsestlyonnais.fr\/site\/2017\/03\/18\/vaulx-en-velin-la-boxeuse-elhem-mekhaled-championne-de-france-poids-plumes\/\"},\"wordCount\":87,\"commentCount\":0,\"publisher\":{\"@id\":\"https:\/\/newsestlyonnais.fr\/site\/#organization\"},\"image\":{\"@id\":\"https:\/\/newsestlyonnais.fr\/site\/2017\/03\/18\/vaulx-en-velin-la-boxeuse-elhem-mekhaled-championne-de-france-poids-plumes\/#primaryimage\"},\"thumbnailUrl\":\"https:\/\/newsestlyonnais.fr\/site\/wp-content\/uploads\/2017\/03\/NEWSESTLYONNAIS-BOXR-ELHEM-TITRE.jpg\",\"articleSection\":[\"Autres sports\",\"Boxe\",\"Divers Sports\",\"F\u00e9minin (Actu au)\",\"Vaulx-en-Velin\"],\"inLanguage\":\"fr-FR\",\"potentialAction\":[{\"@type\":\"CommentAction\",\"name\":\"Comment\",\"target\":[\"https:\/\/newsestlyonnais.fr\/site\/2017\/03\/18\/vaulx-en-velin-la-boxeuse-elhem-mekhaled-championne-de-france-poids-plumes\/#respond\"]}]},{\"@type\":\"WebPage\",\"@id\":\"https:\/\/newsestlyonnais.fr\/site\/2017\/03\/18\/vaulx-en-velin-la-boxeuse-elhem-mekhaled-championne-de-france-poids-plumes\/\",\"url\":\"https:\/\/newsestlyonnais.fr\/site\/2017\/03\/18\/vaulx-en-velin-la-boxeuse-elhem-mekhaled-championne-de-france-poids-plumes\/\",\"name\":\"VAULX EN VELIN : La boxeuse Elhem Mekhaled championne de France poids plumes !\",\"isPartOf\":{\"@id\":\"https:\/\/newsestlyonnais.fr\/site\/#website\"},\"primaryImageOfPage\":{\"@id\":\"https:\/\/newsestlyonnais.fr\/site\/2017\/03\/18\/vaulx-en-velin-la-boxeuse-elhem-mekhaled-championne-de-france-poids-plumes\/#primaryimage\"},\"image\":{\"@id\":\"https:\/\/newsestlyonnais.fr\/site\/2017\/03\/18\/vaulx-en-velin-la-boxeuse-elhem-mekhaled-championne-de-france-poids-plumes\/#primaryimage\"},\"thumbnailUrl\":\"https:\/\/newsestlyonnais.fr\/site\/wp-content\/uploads\/2017\/03\/NEWSESTLYONNAIS-BOXR-ELHEM-TITRE.jpg\",\"datePublished\":\"2017-03-18T06:42:37+00:00\",\"dateModified\":\"2021-09-16T13:47:40+00:00\",\"description\":\"La boxeuse Elhem Mekhaled championne de France poids plumes ! Le 4\u00b0 combat pro disput\u00e9 lors lors du gala de la Cotonne \u00e0 Saint Etienne !\",\"breadcrumb\":{\"@id\":\"https:\/\/newsestlyonnais.fr\/site\/2017\/03\/18\/vaulx-en-velin-la-boxeuse-elhem-mekhaled-championne-de-france-poids-plumes\/#breadcrumb\"},\"inLanguage\":\"fr-FR\",\"potentialAction\":[{\"@type\":\"ReadAction\",\"target\":[\"https:\/\/newsestlyonnais.fr\/site\/2017\/03\/18\/vaulx-en-velin-la-boxeuse-elhem-mekhaled-championne-de-france-poids-plumes\/\"]}]},{\"@type\":\"ImageObject\",\"inLanguage\":\"fr-FR\",\"@id\":\"https:\/\/newsestlyonnais.fr\/site\/2017\/03\/18\/vaulx-en-velin-la-boxeuse-elhem-mekhaled-championne-de-france-poids-plumes\/#primaryimage\",\"url\":\"https:\/\/newsestlyonnais.fr\/site\/wp-content\/uploads\/2017\/03\/NEWSESTLYONNAIS-BOXR-ELHEM-TITRE.jpg\",\"contentUrl\":\"https:\/\/newsestlyonnais.fr\/site\/wp-content\/uploads\/2017\/03\/NEWSESTLYONNAIS-BOXR-ELHEM-TITRE.jpg\",\"width\":1000,\"height\":750,\"caption\":\"NEWSESTLYONNAIS - BOXR ELHEM TITRE\"},{\"@type\":\"BreadcrumbList\",\"@id\":\"https:\/\/newsestlyonnais.fr\/site\/2017\/03\/18\/vaulx-en-velin-la-boxeuse-elhem-mekhaled-championne-de-france-poids-plumes\/#breadcrumb\",\"itemListElement\":[{\"@type\":\"ListItem\",\"position\":1,\"name\":\"Accueil\",\"item\":\"https:\/\/newsestlyonnais.fr\/site\/\"},{\"@type\":\"ListItem\",\"position\":2,\"name\":\"VAULX-EN-VELIN | La boxeuse Elhem Mekhaled championne de France poids plumes\"}]},{\"@type\":\"WebSite\",\"@id\":\"https:\/\/newsestlyonnais.fr\/site\/#website\",\"url\":\"https:\/\/newsestlyonnais.fr\/site\/\",\"name\":\"News Est Lyonnais\",\"description\":\"L&#039;actualit\u00e9 au plus pr\u00e8s\",\"publisher\":{\"@id\":\"https:\/\/newsestlyonnais.fr\/site\/#organization\"},\"potentialAction\":[{\"@type\":\"SearchAction\",\"target\":{\"@type\":\"EntryPoint\",\"urlTemplate\":\"https:\/\/newsestlyonnais.fr\/site\/?s={search_term_string}\"},\"query-input\":{\"@type\":\"PropertyValueSpecification\",\"valueRequired\":true,\"valueName\":\"search_term_string\"}}],\"inLanguage\":\"fr-FR\"},{\"@type\":\"Organization\",\"@id\":\"https:\/\/newsestlyonnais.fr\/site\/#organization\",\"name\":\"News EST LYONNAIS\",\"url\":\"https:\/\/newsestlyonnais.fr\/site\/\",\"logo\":{\"@type\":\"ImageObject\",\"inLanguage\":\"fr-FR\",\"@id\":\"https:\/\/newsestlyonnais.fr\/site\/#\/schema\/logo\/image\/\",\"url\":\"\",\"contentUrl\":\"\",\"caption\":\"News EST LYONNAIS\"},\"image\":{\"@id\":\"https:\/\/newsestlyonnais.fr\/site\/#\/schema\/logo\/image\/\"}},{\"@type\":\"Person\",\"@id\":\"https:\/\/newsestlyonnais.fr\/site\/#\/schema\/person\/3230d5615f390bb808365d673001e887\",\"name\":\"R\u00e9dac. NEWS\",\"sameAs\":[\"http:\/\/www.newsestlyonnais.fr\",\"https:\/\/www.facebook.com\/pascal.oberson.1?fref=ts\",\"https:\/\/fr.linkedin.com\/in\/pascal-oberson-b17045113\"],\"url\":\"https:\/\/newsestlyonnais.fr\/site\/author\/nel\/\"}]}<\/script>\n<!-- \/ Yoast SEO plugin. -->","yoast_head_json":{"title":"VAULX EN VELIN : La boxeuse Elhem Mekhaled championne de France poids plumes !","description":"La boxeuse Elhem Mekhaled championne de France poids plumes ! Le 4\u00b0 combat pro disput\u00e9 lors lors du gala de la Cotonne \u00e0 Saint Etienne !","robots":{"index":"index","follow":"follow","max-snippet":"max-snippet:-1","max-image-preview":"max-image-preview:large","max-video-preview":"max-video-preview:-1"},"canonical":"https:\/\/newsestlyonnais.fr\/site\/2017\/03\/18\/vaulx-en-velin-la-boxeuse-elhem-mekhaled-championne-de-france-poids-plumes\/","og_locale":"fr_FR","og_type":"article","og_title":"VAULX EN VELIN : La boxeuse Elhem Mekhaled championne de France poids plumes !","og_description":"La boxeuse Elhem Mekhaled championne de France poids plumes ! Le 4\u00b0 combat pro disput\u00e9 lors lors du gala de la Cotonne \u00e0 Saint Etienne !","og_url":"https:\/\/newsestlyonnais.fr\/site\/2017\/03\/18\/vaulx-en-velin-la-boxeuse-elhem-mekhaled-championne-de-france-poids-plumes\/","og_site_name":"News Est Lyonnais","article_author":"https:\/\/www.facebook.com\/pascal.oberson.1?fref=ts","article_published_time":"2017-03-18T06:42:37+00:00","article_modified_time":"2021-09-16T13:47:40+00:00","og_image":[{"width":1000,"height":750,"url":"https:\/\/i2.wp.com\/newsestlyonnais.fr\/site\/wp-content\/uploads\/2017\/03\/NEWSESTLYONNAIS-BOXR-ELHEM-TITRE.jpg?fit=1000%2C750&ssl=1","type":"image\/jpeg"}],"author":"R\u00e9dac. NEWS","twitter_card":"summary_large_image","twitter_misc":{"\u00c9crit par":"R\u00e9dac. NEWS"},"schema":{"@context":"https:\/\/schema.org","@graph":[{"@type":"Article","@id":"https:\/\/newsestlyonnais.fr\/site\/2017\/03\/18\/vaulx-en-velin-la-boxeuse-elhem-mekhaled-championne-de-france-poids-plumes\/#article","isPartOf":{"@id":"https:\/\/newsestlyonnais.fr\/site\/2017\/03\/18\/vaulx-en-velin-la-boxeuse-elhem-mekhaled-championne-de-france-poids-plumes\/"},"author":{"name":"R\u00e9dac. NEWS","@id":"https:\/\/newsestlyonnais.fr\/site\/#\/schema\/person\/3230d5615f390bb808365d673001e887"},"headline":"VAULX-EN-VELIN | La boxeuse Elhem Mekhaled championne de France poids plumes","datePublished":"2017-03-18T06:42:37+00:00","dateModified":"2021-09-16T13:47:40+00:00","mainEntityOfPage":{"@id":"https:\/\/newsestlyonnais.fr\/site\/2017\/03\/18\/vaulx-en-velin-la-boxeuse-elhem-mekhaled-championne-de-france-poids-plumes\/"},"wordCount":87,"commentCount":0,"publisher":{"@id":"https:\/\/newsestlyonnais.fr\/site\/#organization"},"image":{"@id":"https:\/\/newsestlyonnais.fr\/site\/2017\/03\/18\/vaulx-en-velin-la-boxeuse-elhem-mekhaled-championne-de-france-poids-plumes\/#primaryimage"},"thumbnailUrl":"https:\/\/newsestlyonnais.fr\/site\/wp-content\/uploads\/2017\/03\/NEWSESTLYONNAIS-BOXR-ELHEM-TITRE.jpg","articleSection":["Autres sports","Boxe","Divers Sports","F\u00e9minin (Actu au)","Vaulx-en-Velin"],"inLanguage":"fr-FR","potentialAction":[{"@type":"CommentAction","name":"Comment","target":["https:\/\/newsestlyonnais.fr\/site\/2017\/03\/18\/vaulx-en-velin-la-boxeuse-elhem-mekhaled-championne-de-france-poids-plumes\/#respond"]}]},{"@type":"WebPage","@id":"https:\/\/newsestlyonnais.fr\/site\/2017\/03\/18\/vaulx-en-velin-la-boxeuse-elhem-mekhaled-championne-de-france-poids-plumes\/","url":"https:\/\/newsestlyonnais.fr\/site\/2017\/03\/18\/vaulx-en-velin-la-boxeuse-elhem-mekhaled-championne-de-france-poids-plumes\/","name":"VAULX EN VELIN : La boxeuse Elhem Mekhaled championne de France poids plumes !","isPartOf":{"@id":"https:\/\/newsestlyonnais.fr\/site\/#website"},"primaryImageOfPage":{"@id":"https:\/\/newsestlyonnais.fr\/site\/2017\/03\/18\/vaulx-en-velin-la-boxeuse-elhem-mekhaled-championne-de-france-poids-plumes\/#primaryimage"},"image":{"@id":"https:\/\/newsestlyonnais.fr\/site\/2017\/03\/18\/vaulx-en-velin-la-boxeuse-elhem-mekhaled-championne-de-france-poids-plumes\/#primaryimage"},"thumbnailUrl":"https:\/\/newsestlyonnais.fr\/site\/wp-content\/uploads\/2017\/03\/NEWSESTLYONNAIS-BOXR-ELHEM-TITRE.jpg","datePublished":"2017-03-18T06:42:37+00:00","dateModified":"2021-09-16T13:47:40+00:00","description":"La boxeuse Elhem Mekhaled championne de France poids plumes ! Le 4\u00b0 combat pro disput\u00e9 lors lors du gala de la Cotonne \u00e0 Saint Etienne !","breadcrumb":{"@id":"https:\/\/newsestlyonnais.fr\/site\/2017\/03\/18\/vaulx-en-velin-la-boxeuse-elhem-mekhaled-championne-de-france-poids-plumes\/#breadcrumb"},"inLanguage":"fr-FR","potentialAction":[{"@type":"ReadAction","target":["https:\/\/newsestlyonnais.fr\/site\/2017\/03\/18\/vaulx-en-velin-la-boxeuse-elhem-mekhaled-championne-de-france-poids-plumes\/"]}]},{"@type":"ImageObject","inLanguage":"fr-FR","@id":"https:\/\/newsestlyonnais.fr\/site\/2017\/03\/18\/vaulx-en-velin-la-boxeuse-elhem-mekhaled-championne-de-france-poids-plumes\/#primaryimage","url":"https:\/\/newsestlyonnais.fr\/site\/wp-content\/uploads\/2017\/03\/NEWSESTLYONNAIS-BOXR-ELHEM-TITRE.jpg","contentUrl":"https:\/\/newsestlyonnais.fr\/site\/wp-content\/uploads\/2017\/03\/NEWSESTLYONNAIS-BOXR-ELHEM-TITRE.jpg","width":1000,"height":750,"caption":"NEWSESTLYONNAIS - BOXR ELHEM TITRE"},{"@type":"BreadcrumbList","@id":"https:\/\/newsestlyonnais.fr\/site\/2017\/03\/18\/vaulx-en-velin-la-boxeuse-elhem-mekhaled-championne-de-france-poids-plumes\/#breadcrumb","itemListElement":[{"@type":"ListItem","position":1,"name":"Accueil","item":"https:\/\/newsestlyonnais.fr\/site\/"},{"@type":"ListItem","position":2,"name":"VAULX-EN-VELIN | La boxeuse Elhem Mekhaled championne de France poids plumes"}]},{"@type":"WebSite","@id":"https:\/\/newsestlyonnais.fr\/site\/#website","url":"https:\/\/newsestlyonnais.fr\/site\/","name":"News Est Lyonnais","description":"L&#039;actualit\u00e9 au plus pr\u00e8s","publisher":{"@id":"https:\/\/newsestlyonnais.fr\/site\/#organization"},"potentialAction":[{"@type":"SearchAction","target":{"@type":"EntryPoint","urlTemplate":"https:\/\/newsestlyonnais.fr\/site\/?s={search_term_string}"},"query-input":{"@type":"PropertyValueSpecification","valueRequired":true,"valueName":"search_term_string"}}],"inLanguage":"fr-FR"},{"@type":"Organization","@id":"https:\/\/newsestlyonnais.fr\/site\/#organization","name":"News EST LYONNAIS","url":"https:\/\/newsestlyonnais.fr\/site\/","logo":{"@type":"ImageObject","inLanguage":"fr-FR","@id":"https:\/\/newsestlyonnais.fr\/site\/#\/schema\/logo\/image\/","url":"","contentUrl":"","caption":"News EST LYONNAIS"},"image":{"@id":"https:\/\/newsestlyonnais.fr\/site\/#\/schema\/logo\/image\/"}},{"@type":"Person","@id":"https:\/\/newsestlyonnais.fr\/site\/#\/schema\/person\/3230d5615f390bb808365d673001e887","name":"R\u00e9dac. NEWS","sameAs":["http:\/\/www.newsestlyonnais.fr","https:\/\/www.facebook.com\/pascal.oberson.1?fref=ts","https:\/\/fr.linkedin.com\/in\/pascal-oberson-b17045113"],"url":"https:\/\/newsestlyonnais.fr\/site\/author\/nel\/"}]}},"_links":{"self":[{"href":"https:\/\/newsestlyonnais.fr\/site\/wp-json\/wp\/v2\/posts\/22878","targetHints":{"allow":["GET"]}}],"collection":[{"href":"https:\/\/newsestlyonnais.fr\/site\/wp-json\/wp\/v2\/posts"}],"about":[{"href":"https:\/\/newsestlyonnais.fr\/site\/wp-json\/wp\/v2\/types\/post"}],"author":[{"embeddable":true,"href":"https:\/\/newsestlyonnais.fr\/site\/wp-json\/wp\/v2\/users\/4"}],"replies":[{"embeddable":true,"href":"https:\/\/newsestlyonnais.fr\/site\/wp-json\/wp\/v2\/comments?post=22878"}],"version-history":[{"count":0,"href":"https:\/\/newsestlyonnais.fr\/site\/wp-json\/wp\/v2\/posts\/22878\/revisions"}],"wp:featuredmedia":[{"embeddable":true,"href":"https:\/\/newsestlyonnais.fr\/site\/wp-json\/wp\/v2\/media\/22882"}],"wp:attachment":[{"href":"https:\/\/newsestlyonnais.fr\/site\/wp-json\/wp\/v2\/media?parent=22878"}],"wp:term":[{"taxonomy":"category","embeddable":true,"href":"https:\/\/newsestlyonnais.fr\/site\/wp-json\/wp\/v2\/categories?post=22878"},{"taxonomy":"post_tag","embeddable":true,"href":"https:\/\/newsestlyonnais.fr\/site\/wp-json\/wp\/v2\/tags?post=22878"}],"curies":[{"name":"wp","href":"https:\/\/api.w.org\/{rel}","templated":true}]}}