{"id":228994,"date":"2026-01-20T08:48:57","date_gmt":"2026-01-20T07:48:57","guid":{"rendered":"https:\/\/newsestlyonnais.fr\/site\/?p=228994"},"modified":"2026-01-20T14:48:16","modified_gmt":"2026-01-20T13:48:16","slug":"venissieux-le-week-end-du-bkd-boxing-a-bien-reflete-le-travail-realise-au-quotidien","status":"publish","type":"post","link":"https:\/\/newsestlyonnais.fr\/site\/2026\/01\/20\/venissieux-le-week-end-du-bkd-boxing-a-bien-reflete-le-travail-realise-au-quotidien\/","title":{"rendered":"VENISSIEUX | Le week-end du BKD Boxing a bien refl\u00e8t\u00e9 le travail r\u00e9alis\u00e9 au quotidien"},"content":{"rendered":"<div dir=\"auto\">\n<h2><strong>La Coupe de France de Light Contact et Full Contact r\u00e9ussie pour le club au Grau-du-Roi<\/strong><\/h2>\n<p>Une comp\u00e9tition au cours de laquelle les athl\u00e8tes du club ont une nouvelle fois d\u00e9montr\u00e9 leur engagement, leur s\u00e9rieux et leur esprit sportif.<\/p>\n<h3>Des r\u00e9sultats prometteurs d\u00e8s le samedi<\/h3>\n<p>Le samedi 17 janvier, les plus jeunes et les v\u00e9t\u00e9rans ouvraient la comp\u00e9tition.<br \/>\nEn\u00a0<strong>minimes masculins (-60 kg)<\/strong>,\u00a0<strong>Berisha Enis<\/strong>\u00a0d\u00e9croche une\u00a0<strong>belle 3\u1d49 place<\/strong>.<br \/>\nEn\u00a0<strong>cadets masculins (+75 kg)<\/strong>,\u00a0<strong>Ayari Tayeb<\/strong>\u00a0termine\u00a0<strong>4\u1d49<\/strong>, tout comme\u00a0<strong>Martinez Lilian<\/strong>\u00a0chez les\u00a0<strong>v\u00e9t\u00e9rans (-68 kg)<\/strong>, au terme de combats tr\u00e8s disput\u00e9s.<\/p>\n<h3>Un dimanche marqu\u00e9 par les podiums et les titres<\/h3>\n<p>La journ\u00e9e du dimanche a \u00e9t\u00e9 particuli\u00e8rement riche en performances.<br \/>\nEn\u00a0<strong>Light Contact<\/strong>,\u00a0<strong>Ben Ahmed Ambrine<\/strong>\u00a0s\u2019illustre avec une\u00a0<strong>2\u1d49 place<\/strong>\u00a0chez les\u00a0<strong>seniors f\u00e9minines (-58 kg)<\/strong>.<br \/>\nChez les seniors masculins,\u00a0<strong>Desjardins Mahydine (-68 kg)<\/strong>\u00a0monte sur la\u00a0<strong>3\u1d49 marche du podium<\/strong>, tandis que\u00a0<strong>Jerraf Adib (-72 kg)<\/strong>\u00a0obtient une\u00a0<strong>excellente 2\u1d49 place<\/strong>.<\/p>\n<p>En\u00a0<strong>Full Contact (KO autoris\u00e9)<\/strong>, les r\u00e9sultats confirment le haut niveau du groupe :<\/p>\n<ul>\n<li><strong>Ayari Mohamed (-76 kg)<\/strong>\u00a0termine\u00a0<strong>6\u1d49<\/strong>,<\/li>\n<li><strong>Bodjona Yann (-76 kg)<\/strong>\u00a0se classe\u00a0<strong>4\u1d49<\/strong>,<\/li>\n<li><strong>Hezzi Oussama (-80 kg)<\/strong>\u00a0d\u00e9croche une\u00a0<strong>2\u1d49 place<\/strong>,<\/li>\n<li><strong>Lamouche Romuald (-85 kg)<\/strong>\u00a0s\u2019impose et devient\u00a0<strong>champion de France<\/strong>,<\/li>\n<li><strong>Sikouk Ismail (+90 kg)<\/strong>\u00a0remporte \u00e9galement le\u00a0<strong>titre national<\/strong>.<\/li>\n<\/ul>\n<hr \/>\n<h3>Un collectif exemplaire et tourn\u00e9 vers l\u2019avenir<\/h3>\n<p>Au-del\u00e0 des r\u00e9sultats, cette Coupe de France a \u00e9t\u00e9 marqu\u00e9e par\u00a0<strong>l\u2019exemplarit\u00e9 des \u00e9l\u00e8ves<\/strong>, tant dans l\u2019intensit\u00e9 des combats que dans le\u00a0<strong>respect des r\u00e8gles et des valeurs du sport<\/strong>.<\/p>\n<p><em>\u00ab Ce week-end refl\u00e8te parfaitement le travail r\u00e9alis\u00e9 au quotidien au club. Certains ont d\u00e9couvert le tr\u00e8s haut niveau, d\u2019autres ont confirm\u00e9 leur progression. Je suis surtout fier de l\u2019\u00e9tat d\u2019esprit affich\u00e9 par l\u2019ensemble du groupe : engagement, respect et solidarit\u00e9. C\u2019est de tr\u00e8s bon augure pour la suite de la saison \u00bb,<\/em>\u00a0souligne\u00a0<strong>l\u2019entra\u00eeneur du club<\/strong>.<\/p>\n<p>Le club se dit\u00a0<strong>tr\u00e8s fier de l\u2019ensemble de ses comp\u00e9titeurs<\/strong>\u00a0et donne d\u2019ores et d\u00e9j\u00e0 rendez-vous en\u00a0<strong>f\u00e9vrier \u00e0 Paris<\/strong>\u00a0pour le\u00a0<strong>prochain Open International<\/strong>.<\/p>\n<hr \/>\n<hr \/>\n<p>&nbsp;<\/p>\n<\/div>\n","protected":false},"excerpt":{"rendered":"<p>Les\u00a017 et 18 janvier, le club \u00e9tait pr\u00e9sent au Palais des Sports du Grau-du-Roi\u00a0\u00e0 la Coupe de France de\u00a0light contact et full Contact, rendez-vous national majeur.<\/p>\n","protected":false},"author":4,"featured_media":228997,"comment_status":"open","ping_status":"open","sticky":false,"template":"","format":"standard","meta":{"footnotes":""},"categories":[2994,1353,2,1298],"tags":[5008,2579,2454,2067],"class_list":["post-228994","post","type-post","status-publish","format-standard","has-post-thumbnail","hentry","category-judo-karate-taekwondo-sports","category-karate","category-sports","category-venissieux","tag-bkd-boxing","tag-coupe-de-france","tag-full-contact","tag-venissieux"],"yoast_head":"<!-- This site is optimized with the Yoast SEO plugin v27.2 - https:\/\/yoast.com\/product\/yoast-seo-wordpress\/ -->\n<title>VENISSIEUX | Le week-end du BKD Boxing a bien refl\u00e8t\u00e9 le travail r\u00e9alis\u00e9 au quotidien - News Est Lyonnais<\/title>\n<meta name=\"description\" content=\"VENISSIEUX | Le week-end du BKD Boxing a bien refl\u00e8t\u00e9 le travail r\u00e9alis\u00e9 au quotidien\" \/>\n<meta name=\"robots\" content=\"index, follow, max-snippet:-1, max-image-preview:large, max-video-preview:-1\" \/>\n<link rel=\"canonical\" href=\"https:\/\/newsestlyonnais.fr\/site\/2026\/01\/20\/venissieux-le-week-end-du-bkd-boxing-a-bien-reflete-le-travail-realise-au-quotidien\/\" \/>\n<meta property=\"og:locale\" content=\"fr_FR\" \/>\n<meta property=\"og:type\" content=\"article\" \/>\n<meta property=\"og:title\" content=\"VENISSIEUX | Le week-end du BKD Boxing a bien refl\u00e8t\u00e9 le travail r\u00e9alis\u00e9 au quotidien - News Est Lyonnais\" \/>\n<meta property=\"og:description\" content=\"VENISSIEUX | Le week-end du BKD Boxing a bien refl\u00e8t\u00e9 le travail r\u00e9alis\u00e9 au quotidien\" \/>\n<meta property=\"og:url\" content=\"https:\/\/newsestlyonnais.fr\/site\/2026\/01\/20\/venissieux-le-week-end-du-bkd-boxing-a-bien-reflete-le-travail-realise-au-quotidien\/\" \/>\n<meta property=\"og:site_name\" content=\"News Est Lyonnais\" \/>\n<meta property=\"article:author\" content=\"https:\/\/www.facebook.com\/pascal.oberson.1?fref=ts\" \/>\n<meta property=\"article:published_time\" content=\"2026-01-20T07:48:57+00:00\" \/>\n<meta property=\"article:modified_time\" content=\"2026-01-20T13:48:16+00:00\" \/>\n<meta property=\"og:image\" content=\"https:\/\/newsestlyonnais.fr\/site\/wp-content\/uploads\/2026\/01\/7986.jpg\" \/>\n\t<meta property=\"og:image:width\" content=\"803\" \/>\n\t<meta property=\"og:image:height\" content=\"602\" \/>\n\t<meta property=\"og:image:type\" content=\"image\/jpeg\" \/>\n<meta name=\"author\" content=\"R\u00e9dac. NEWS\" \/>\n<meta name=\"twitter:card\" content=\"summary_large_image\" \/>\n<meta name=\"twitter:label1\" content=\"\u00c9crit par\" \/>\n\t<meta name=\"twitter:data1\" content=\"R\u00e9dac. NEWS\" \/>\n\t<meta name=\"twitter:label2\" content=\"Dur\u00e9e de lecture estim\u00e9e\" \/>\n\t<meta name=\"twitter:data2\" content=\"2 minutes\" \/>\n<script type=\"application\/ld+json\" class=\"yoast-schema-graph\">{\"@context\":\"https:\/\/schema.org\",\"@graph\":[{\"@type\":\"Article\",\"@id\":\"https:\/\/newsestlyonnais.fr\/site\/2026\/01\/20\/venissieux-le-week-end-du-bkd-boxing-a-bien-reflete-le-travail-realise-au-quotidien\/#article\",\"isPartOf\":{\"@id\":\"https:\/\/newsestlyonnais.fr\/site\/2026\/01\/20\/venissieux-le-week-end-du-bkd-boxing-a-bien-reflete-le-travail-realise-au-quotidien\/\"},\"author\":{\"name\":\"R\u00e9dac. NEWS\",\"@id\":\"https:\/\/newsestlyonnais.fr\/site\/#\/schema\/person\/3230d5615f390bb808365d673001e887\"},\"headline\":\"VENISSIEUX | Le week-end du BKD Boxing a bien refl\u00e8t\u00e9 le travail r\u00e9alis\u00e9 au quotidien\",\"datePublished\":\"2026-01-20T07:48:57+00:00\",\"dateModified\":\"2026-01-20T13:48:16+00:00\",\"mainEntityOfPage\":{\"@id\":\"https:\/\/newsestlyonnais.fr\/site\/2026\/01\/20\/venissieux-le-week-end-du-bkd-boxing-a-bien-reflete-le-travail-realise-au-quotidien\/\"},\"wordCount\":378,\"commentCount\":0,\"publisher\":{\"@id\":\"https:\/\/newsestlyonnais.fr\/site\/#organization\"},\"image\":{\"@id\":\"https:\/\/newsestlyonnais.fr\/site\/2026\/01\/20\/venissieux-le-week-end-du-bkd-boxing-a-bien-reflete-le-travail-realise-au-quotidien\/#primaryimage\"},\"thumbnailUrl\":\"https:\/\/newsestlyonnais.fr\/site\/wp-content\/uploads\/2026\/01\/7986.jpg\",\"keywords\":[\"BKD Boxing\",\"COUPE DE FRANCE\",\"FULL CONTACT\",\"VENISSIEUX\"],\"articleSection\":[\"Judo| Karat\u00e9| Taekwondo\",\"Karat\u00e9\",\"Sports\",\"V\u00e9nissieux\"],\"inLanguage\":\"fr-FR\",\"potentialAction\":[{\"@type\":\"CommentAction\",\"name\":\"Comment\",\"target\":[\"https:\/\/newsestlyonnais.fr\/site\/2026\/01\/20\/venissieux-le-week-end-du-bkd-boxing-a-bien-reflete-le-travail-realise-au-quotidien\/#respond\"]}]},{\"@type\":\"WebPage\",\"@id\":\"https:\/\/newsestlyonnais.fr\/site\/2026\/01\/20\/venissieux-le-week-end-du-bkd-boxing-a-bien-reflete-le-travail-realise-au-quotidien\/\",\"url\":\"https:\/\/newsestlyonnais.fr\/site\/2026\/01\/20\/venissieux-le-week-end-du-bkd-boxing-a-bien-reflete-le-travail-realise-au-quotidien\/\",\"name\":\"VENISSIEUX | Le week-end du BKD Boxing a bien refl\u00e8t\u00e9 le travail r\u00e9alis\u00e9 au quotidien - News Est Lyonnais\",\"isPartOf\":{\"@id\":\"https:\/\/newsestlyonnais.fr\/site\/#website\"},\"primaryImageOfPage\":{\"@id\":\"https:\/\/newsestlyonnais.fr\/site\/2026\/01\/20\/venissieux-le-week-end-du-bkd-boxing-a-bien-reflete-le-travail-realise-au-quotidien\/#primaryimage\"},\"image\":{\"@id\":\"https:\/\/newsestlyonnais.fr\/site\/2026\/01\/20\/venissieux-le-week-end-du-bkd-boxing-a-bien-reflete-le-travail-realise-au-quotidien\/#primaryimage\"},\"thumbnailUrl\":\"https:\/\/newsestlyonnais.fr\/site\/wp-content\/uploads\/2026\/01\/7986.jpg\",\"datePublished\":\"2026-01-20T07:48:57+00:00\",\"dateModified\":\"2026-01-20T13:48:16+00:00\",\"description\":\"VENISSIEUX | Le week-end du BKD Boxing a bien refl\u00e8t\u00e9 le travail r\u00e9alis\u00e9 au quotidien\",\"breadcrumb\":{\"@id\":\"https:\/\/newsestlyonnais.fr\/site\/2026\/01\/20\/venissieux-le-week-end-du-bkd-boxing-a-bien-reflete-le-travail-realise-au-quotidien\/#breadcrumb\"},\"inLanguage\":\"fr-FR\",\"potentialAction\":[{\"@type\":\"ReadAction\",\"target\":[\"https:\/\/newsestlyonnais.fr\/site\/2026\/01\/20\/venissieux-le-week-end-du-bkd-boxing-a-bien-reflete-le-travail-realise-au-quotidien\/\"]}]},{\"@type\":\"ImageObject\",\"inLanguage\":\"fr-FR\",\"@id\":\"https:\/\/newsestlyonnais.fr\/site\/2026\/01\/20\/venissieux-le-week-end-du-bkd-boxing-a-bien-reflete-le-travail-realise-au-quotidien\/#primaryimage\",\"url\":\"https:\/\/newsestlyonnais.fr\/site\/wp-content\/uploads\/2026\/01\/7986.jpg\",\"contentUrl\":\"https:\/\/newsestlyonnais.fr\/site\/wp-content\/uploads\/2026\/01\/7986.jpg\",\"width\":803,\"height\":602},{\"@type\":\"BreadcrumbList\",\"@id\":\"https:\/\/newsestlyonnais.fr\/site\/2026\/01\/20\/venissieux-le-week-end-du-bkd-boxing-a-bien-reflete-le-travail-realise-au-quotidien\/#breadcrumb\",\"itemListElement\":[{\"@type\":\"ListItem\",\"position\":1,\"name\":\"Accueil\",\"item\":\"https:\/\/newsestlyonnais.fr\/site\/\"},{\"@type\":\"ListItem\",\"position\":2,\"name\":\"VENISSIEUX | Le week-end du BKD Boxing a bien refl\u00e8t\u00e9 le travail r\u00e9alis\u00e9 au quotidien\"}]},{\"@type\":\"WebSite\",\"@id\":\"https:\/\/newsestlyonnais.fr\/site\/#website\",\"url\":\"https:\/\/newsestlyonnais.fr\/site\/\",\"name\":\"News Est Lyonnais\",\"description\":\"L&#039;actualit\u00e9 au plus pr\u00e8s\",\"publisher\":{\"@id\":\"https:\/\/newsestlyonnais.fr\/site\/#organization\"},\"potentialAction\":[{\"@type\":\"SearchAction\",\"target\":{\"@type\":\"EntryPoint\",\"urlTemplate\":\"https:\/\/newsestlyonnais.fr\/site\/?s={search_term_string}\"},\"query-input\":{\"@type\":\"PropertyValueSpecification\",\"valueRequired\":true,\"valueName\":\"search_term_string\"}}],\"inLanguage\":\"fr-FR\"},{\"@type\":\"Organization\",\"@id\":\"https:\/\/newsestlyonnais.fr\/site\/#organization\",\"name\":\"News EST LYONNAIS\",\"url\":\"https:\/\/newsestlyonnais.fr\/site\/\",\"logo\":{\"@type\":\"ImageObject\",\"inLanguage\":\"fr-FR\",\"@id\":\"https:\/\/newsestlyonnais.fr\/site\/#\/schema\/logo\/image\/\",\"url\":\"\",\"contentUrl\":\"\",\"caption\":\"News EST LYONNAIS\"},\"image\":{\"@id\":\"https:\/\/newsestlyonnais.fr\/site\/#\/schema\/logo\/image\/\"}},{\"@type\":\"Person\",\"@id\":\"https:\/\/newsestlyonnais.fr\/site\/#\/schema\/person\/3230d5615f390bb808365d673001e887\",\"name\":\"R\u00e9dac. NEWS\",\"sameAs\":[\"http:\/\/www.newsestlyonnais.fr\",\"https:\/\/www.facebook.com\/pascal.oberson.1?fref=ts\",\"https:\/\/fr.linkedin.com\/in\/pascal-oberson-b17045113\"],\"url\":\"https:\/\/newsestlyonnais.fr\/site\/author\/nel\/\"}]}<\/script>\n<!-- \/ Yoast SEO plugin. -->","yoast_head_json":{"title":"VENISSIEUX | Le week-end du BKD Boxing a bien refl\u00e8t\u00e9 le travail r\u00e9alis\u00e9 au quotidien - News Est Lyonnais","description":"VENISSIEUX | Le week-end du BKD Boxing a bien refl\u00e8t\u00e9 le travail r\u00e9alis\u00e9 au quotidien","robots":{"index":"index","follow":"follow","max-snippet":"max-snippet:-1","max-image-preview":"max-image-preview:large","max-video-preview":"max-video-preview:-1"},"canonical":"https:\/\/newsestlyonnais.fr\/site\/2026\/01\/20\/venissieux-le-week-end-du-bkd-boxing-a-bien-reflete-le-travail-realise-au-quotidien\/","og_locale":"fr_FR","og_type":"article","og_title":"VENISSIEUX | Le week-end du BKD Boxing a bien refl\u00e8t\u00e9 le travail r\u00e9alis\u00e9 au quotidien - News Est Lyonnais","og_description":"VENISSIEUX | Le week-end du BKD Boxing a bien refl\u00e8t\u00e9 le travail r\u00e9alis\u00e9 au quotidien","og_url":"https:\/\/newsestlyonnais.fr\/site\/2026\/01\/20\/venissieux-le-week-end-du-bkd-boxing-a-bien-reflete-le-travail-realise-au-quotidien\/","og_site_name":"News Est Lyonnais","article_author":"https:\/\/www.facebook.com\/pascal.oberson.1?fref=ts","article_published_time":"2026-01-20T07:48:57+00:00","article_modified_time":"2026-01-20T13:48:16+00:00","og_image":[{"width":803,"height":602,"url":"https:\/\/newsestlyonnais.fr\/site\/wp-content\/uploads\/2026\/01\/7986.jpg","type":"image\/jpeg"}],"author":"R\u00e9dac. NEWS","twitter_card":"summary_large_image","twitter_misc":{"\u00c9crit par":"R\u00e9dac. NEWS","Dur\u00e9e de lecture estim\u00e9e":"2 minutes"},"schema":{"@context":"https:\/\/schema.org","@graph":[{"@type":"Article","@id":"https:\/\/newsestlyonnais.fr\/site\/2026\/01\/20\/venissieux-le-week-end-du-bkd-boxing-a-bien-reflete-le-travail-realise-au-quotidien\/#article","isPartOf":{"@id":"https:\/\/newsestlyonnais.fr\/site\/2026\/01\/20\/venissieux-le-week-end-du-bkd-boxing-a-bien-reflete-le-travail-realise-au-quotidien\/"},"author":{"name":"R\u00e9dac. NEWS","@id":"https:\/\/newsestlyonnais.fr\/site\/#\/schema\/person\/3230d5615f390bb808365d673001e887"},"headline":"VENISSIEUX | Le week-end du BKD Boxing a bien refl\u00e8t\u00e9 le travail r\u00e9alis\u00e9 au quotidien","datePublished":"2026-01-20T07:48:57+00:00","dateModified":"2026-01-20T13:48:16+00:00","mainEntityOfPage":{"@id":"https:\/\/newsestlyonnais.fr\/site\/2026\/01\/20\/venissieux-le-week-end-du-bkd-boxing-a-bien-reflete-le-travail-realise-au-quotidien\/"},"wordCount":378,"commentCount":0,"publisher":{"@id":"https:\/\/newsestlyonnais.fr\/site\/#organization"},"image":{"@id":"https:\/\/newsestlyonnais.fr\/site\/2026\/01\/20\/venissieux-le-week-end-du-bkd-boxing-a-bien-reflete-le-travail-realise-au-quotidien\/#primaryimage"},"thumbnailUrl":"https:\/\/newsestlyonnais.fr\/site\/wp-content\/uploads\/2026\/01\/7986.jpg","keywords":["BKD Boxing","COUPE DE FRANCE","FULL CONTACT","VENISSIEUX"],"articleSection":["Judo| Karat\u00e9| Taekwondo","Karat\u00e9","Sports","V\u00e9nissieux"],"inLanguage":"fr-FR","potentialAction":[{"@type":"CommentAction","name":"Comment","target":["https:\/\/newsestlyonnais.fr\/site\/2026\/01\/20\/venissieux-le-week-end-du-bkd-boxing-a-bien-reflete-le-travail-realise-au-quotidien\/#respond"]}]},{"@type":"WebPage","@id":"https:\/\/newsestlyonnais.fr\/site\/2026\/01\/20\/venissieux-le-week-end-du-bkd-boxing-a-bien-reflete-le-travail-realise-au-quotidien\/","url":"https:\/\/newsestlyonnais.fr\/site\/2026\/01\/20\/venissieux-le-week-end-du-bkd-boxing-a-bien-reflete-le-travail-realise-au-quotidien\/","name":"VENISSIEUX | Le week-end du BKD Boxing a bien refl\u00e8t\u00e9 le travail r\u00e9alis\u00e9 au quotidien - News Est Lyonnais","isPartOf":{"@id":"https:\/\/newsestlyonnais.fr\/site\/#website"},"primaryImageOfPage":{"@id":"https:\/\/newsestlyonnais.fr\/site\/2026\/01\/20\/venissieux-le-week-end-du-bkd-boxing-a-bien-reflete-le-travail-realise-au-quotidien\/#primaryimage"},"image":{"@id":"https:\/\/newsestlyonnais.fr\/site\/2026\/01\/20\/venissieux-le-week-end-du-bkd-boxing-a-bien-reflete-le-travail-realise-au-quotidien\/#primaryimage"},"thumbnailUrl":"https:\/\/newsestlyonnais.fr\/site\/wp-content\/uploads\/2026\/01\/7986.jpg","datePublished":"2026-01-20T07:48:57+00:00","dateModified":"2026-01-20T13:48:16+00:00","description":"VENISSIEUX | Le week-end du BKD Boxing a bien refl\u00e8t\u00e9 le travail r\u00e9alis\u00e9 au quotidien","breadcrumb":{"@id":"https:\/\/newsestlyonnais.fr\/site\/2026\/01\/20\/venissieux-le-week-end-du-bkd-boxing-a-bien-reflete-le-travail-realise-au-quotidien\/#breadcrumb"},"inLanguage":"fr-FR","potentialAction":[{"@type":"ReadAction","target":["https:\/\/newsestlyonnais.fr\/site\/2026\/01\/20\/venissieux-le-week-end-du-bkd-boxing-a-bien-reflete-le-travail-realise-au-quotidien\/"]}]},{"@type":"ImageObject","inLanguage":"fr-FR","@id":"https:\/\/newsestlyonnais.fr\/site\/2026\/01\/20\/venissieux-le-week-end-du-bkd-boxing-a-bien-reflete-le-travail-realise-au-quotidien\/#primaryimage","url":"https:\/\/newsestlyonnais.fr\/site\/wp-content\/uploads\/2026\/01\/7986.jpg","contentUrl":"https:\/\/newsestlyonnais.fr\/site\/wp-content\/uploads\/2026\/01\/7986.jpg","width":803,"height":602},{"@type":"BreadcrumbList","@id":"https:\/\/newsestlyonnais.fr\/site\/2026\/01\/20\/venissieux-le-week-end-du-bkd-boxing-a-bien-reflete-le-travail-realise-au-quotidien\/#breadcrumb","itemListElement":[{"@type":"ListItem","position":1,"name":"Accueil","item":"https:\/\/newsestlyonnais.fr\/site\/"},{"@type":"ListItem","position":2,"name":"VENISSIEUX | Le week-end du BKD Boxing a bien refl\u00e8t\u00e9 le travail r\u00e9alis\u00e9 au quotidien"}]},{"@type":"WebSite","@id":"https:\/\/newsestlyonnais.fr\/site\/#website","url":"https:\/\/newsestlyonnais.fr\/site\/","name":"News Est Lyonnais","description":"L&#039;actualit\u00e9 au plus pr\u00e8s","publisher":{"@id":"https:\/\/newsestlyonnais.fr\/site\/#organization"},"potentialAction":[{"@type":"SearchAction","target":{"@type":"EntryPoint","urlTemplate":"https:\/\/newsestlyonnais.fr\/site\/?s={search_term_string}"},"query-input":{"@type":"PropertyValueSpecification","valueRequired":true,"valueName":"search_term_string"}}],"inLanguage":"fr-FR"},{"@type":"Organization","@id":"https:\/\/newsestlyonnais.fr\/site\/#organization","name":"News EST LYONNAIS","url":"https:\/\/newsestlyonnais.fr\/site\/","logo":{"@type":"ImageObject","inLanguage":"fr-FR","@id":"https:\/\/newsestlyonnais.fr\/site\/#\/schema\/logo\/image\/","url":"","contentUrl":"","caption":"News EST LYONNAIS"},"image":{"@id":"https:\/\/newsestlyonnais.fr\/site\/#\/schema\/logo\/image\/"}},{"@type":"Person","@id":"https:\/\/newsestlyonnais.fr\/site\/#\/schema\/person\/3230d5615f390bb808365d673001e887","name":"R\u00e9dac. NEWS","sameAs":["http:\/\/www.newsestlyonnais.fr","https:\/\/www.facebook.com\/pascal.oberson.1?fref=ts","https:\/\/fr.linkedin.com\/in\/pascal-oberson-b17045113"],"url":"https:\/\/newsestlyonnais.fr\/site\/author\/nel\/"}]}},"_links":{"self":[{"href":"https:\/\/newsestlyonnais.fr\/site\/wp-json\/wp\/v2\/posts\/228994","targetHints":{"allow":["GET"]}}],"collection":[{"href":"https:\/\/newsestlyonnais.fr\/site\/wp-json\/wp\/v2\/posts"}],"about":[{"href":"https:\/\/newsestlyonnais.fr\/site\/wp-json\/wp\/v2\/types\/post"}],"author":[{"embeddable":true,"href":"https:\/\/newsestlyonnais.fr\/site\/wp-json\/wp\/v2\/users\/4"}],"replies":[{"embeddable":true,"href":"https:\/\/newsestlyonnais.fr\/site\/wp-json\/wp\/v2\/comments?post=228994"}],"version-history":[{"count":0,"href":"https:\/\/newsestlyonnais.fr\/site\/wp-json\/wp\/v2\/posts\/228994\/revisions"}],"wp:featuredmedia":[{"embeddable":true,"href":"https:\/\/newsestlyonnais.fr\/site\/wp-json\/wp\/v2\/media\/228997"}],"wp:attachment":[{"href":"https:\/\/newsestlyonnais.fr\/site\/wp-json\/wp\/v2\/media?parent=228994"}],"wp:term":[{"taxonomy":"category","embeddable":true,"href":"https:\/\/newsestlyonnais.fr\/site\/wp-json\/wp\/v2\/categories?post=228994"},{"taxonomy":"post_tag","embeddable":true,"href":"https:\/\/newsestlyonnais.fr\/site\/wp-json\/wp\/v2\/tags?post=228994"}],"curies":[{"name":"wp","href":"https:\/\/api.w.org\/{rel}","templated":true}]}}