{"id":22939,"date":"2017-03-19T20:54:44","date_gmt":"2017-03-19T19:54:44","guid":{"rendered":"http:\/\/newsestlyonnais.fr\/site\/?p=22939"},"modified":"2020-11-11T17:28:37","modified_gmt":"2020-11-11T16:28:37","slug":"vaulx-en-velin-le-vaulx-basket-remporte-le-derby-de-n3-face-a-decines","status":"publish","type":"post","link":"https:\/\/newsestlyonnais.fr\/site\/2017\/03\/19\/vaulx-en-velin-le-vaulx-basket-remporte-le-derby-de-n3-face-a-decines\/","title":{"rendered":"VAULX-EN-VELIN | Le Vaulx Basket remporte le derby de N3 face \u00e0 D\u00e9cines"},"content":{"rendered":"<h4>Le Vaulx Basket Club a presque fait salle comble samedi soir au gymnase Aubert, avec environ 200 personnes pr\u00e9sentes pour assister au derby face au CS D\u00e9cines.<\/h4>\n<p>Une soir\u00e9e d\u00e9marr\u00e9e sous le signe de l&rsquo;\u00e9motion, lorsque la pr\u00e9sidente Laurence Jarnieux a pris le micro pour annoncer le d\u00e9c\u00e8s d&rsquo;un pilier du club : Joseph Serrano, joueur dans les ann\u00e9es 50, puis dirigeant qui est parti la semaine pr\u00e9c\u00e9dente, \u00e0 90 ans. Un bel hommage pour un homme qui a beaucoup donn\u00e9 au club !<\/p>\n<p>Est ce cela qui a motiv\u00e9 les joueurs du VBC ? En tout cas, ils se sont surpass\u00e9s. Le premier quart temps, domin\u00e9 par le VBC \u00e9tait assez \u00e9quilibr\u00e9. A la fin du 2\u00b0 quart temps, seuls 5 petits points s\u00e9parent les deux \u00e9quipes.<\/p>\n<p>Au retour, le VBC s&rsquo;envole. Au troisi\u00e8me quart temps, ils m\u00e8nent 68 \u00e0 52 puis finissent <strong>par s&rsquo;imposer 85 \u00e0 59.<\/strong><\/p>\n<p>Ce qui est int\u00e9ressant, c&rsquo;est le rajeunissement de l&rsquo;\u00e9quipe. 4 nouveaux joueurs ont int\u00e9gr\u00e9 l&rsquo;\u00e9quipe1 cette ann\u00e9e : Lucas Felix-Yendt, Thibaud Marconnet, Matthieu Ferjiule et Yann Ousset et ces derniers commencent \u00e0 trouver leur place.<\/p>\n<p>Le meilleur buteur du match reste le capitaine Florian Agneray (21 points), suivi de K\u00e9vin Gelanor (15 points), J\u00e9r\u00e9my Garcia sur lequel on peut compter (13 pts) et Yann Ousset qui inscrit 11 points \u00e0 ce match.<\/p>\n<p>Tous les espoirs sont permis pour que cette \u00e9quipe puisse se maintenir en N3. Elle est actuellement 9\u00b0 du classement (sur 12) et va affronter le CLAR le 1\u00b0 avril prochain qui les talonne au classement. Mais le plus dur restera \u00e0 venir avec Roanne puis Ozon, respectivement 3\u00b0 et 4\u00b0 du classement actuel. Mais l&rsquo;\u00e9quipe n&rsquo;avait c\u00e9d\u00e9 que de 3 petits points \u00e0\u00a0 l&rsquo;aller contre Ozon !. Tout est encore possible !<\/p>\n","protected":false},"excerpt":{"rendered":"<p>Le Vaulx Basket Club a presque fait salle comble samedi soir au gymnase Aubert, avec environ 200 personnes pr\u00e9sentes pour assister au derby face au CS D\u00e9cines. Une soir\u00e9e d\u00e9marr\u00e9e sous le signe de l&rsquo;\u00e9motion, lorsque la pr\u00e9sidente Laurence Jarnieux a pris le micro pour annoncer le d\u00e9c\u00e8s d&rsquo;un pilier du club : Joseph Serrano, [&hellip;]<\/p>\n","protected":false},"author":4,"featured_media":22942,"comment_status":"open","ping_status":"open","sticky":false,"template":"","format":"standard","meta":{"footnotes":""},"categories":[1357,2975,21,28],"tags":[],"class_list":["post-22939","post","type-post","status-publish","format-standard","has-post-thumbnail","hentry","category-basket","category-basket-hand-volley-sports","category-decines-charpieu","category-vaulx-en-velin"],"yoast_head":"<!-- This site is optimized with the Yoast SEO plugin v27.2 - https:\/\/yoast.com\/product\/yoast-seo-wordpress\/ -->\n<title>VAULX EN VELIN: Le Vaulx Basket remporte le derby de N3 face \u00e0 D\u00e9cines<\/title>\n<meta name=\"description\" content=\"VAULX EN VELIN: Le Vaulx Basket remporte le derby de N3 face \u00e0 D\u00e9cines\" \/>\n<meta name=\"robots\" content=\"index, follow, max-snippet:-1, max-image-preview:large, max-video-preview:-1\" \/>\n<link rel=\"canonical\" href=\"https:\/\/newsestlyonnais.fr\/site\/2017\/03\/19\/vaulx-en-velin-le-vaulx-basket-remporte-le-derby-de-n3-face-a-decines\/\" \/>\n<meta property=\"og:locale\" content=\"fr_FR\" \/>\n<meta property=\"og:type\" content=\"article\" \/>\n<meta property=\"og:title\" content=\"VAULX EN VELIN: Le Vaulx Basket remporte le derby de N3 face \u00e0 D\u00e9cines\" \/>\n<meta property=\"og:description\" content=\"VAULX EN VELIN: Le Vaulx Basket remporte le derby de N3 face \u00e0 D\u00e9cines\" \/>\n<meta property=\"og:url\" content=\"https:\/\/newsestlyonnais.fr\/site\/2017\/03\/19\/vaulx-en-velin-le-vaulx-basket-remporte-le-derby-de-n3-face-a-decines\/\" \/>\n<meta property=\"og:site_name\" content=\"News Est Lyonnais\" \/>\n<meta property=\"article:author\" content=\"https:\/\/www.facebook.com\/pascal.oberson.1?fref=ts\" \/>\n<meta property=\"article:published_time\" content=\"2017-03-19T19:54:44+00:00\" \/>\n<meta property=\"article:modified_time\" content=\"2020-11-11T16:28:37+00:00\" \/>\n<meta property=\"og:image\" content=\"https:\/\/i2.wp.com\/newsestlyonnais.fr\/site\/wp-content\/uploads\/2017\/03\/NEWSESTLYONNAIS-SEN-VBC-DERBY.jpg?fit=1000%2C750&ssl=1\" \/>\n\t<meta property=\"og:image:width\" content=\"1000\" \/>\n\t<meta property=\"og:image:height\" content=\"750\" \/>\n\t<meta property=\"og:image:type\" content=\"image\/jpeg\" \/>\n<meta name=\"author\" content=\"R\u00e9dac. NEWS\" \/>\n<meta name=\"twitter:card\" content=\"summary_large_image\" \/>\n<meta name=\"twitter:label1\" content=\"\u00c9crit par\" \/>\n\t<meta name=\"twitter:data1\" content=\"R\u00e9dac. NEWS\" \/>\n\t<meta name=\"twitter:label2\" content=\"Dur\u00e9e de lecture estim\u00e9e\" \/>\n\t<meta name=\"twitter:data2\" content=\"1 minute\" \/>\n<script type=\"application\/ld+json\" class=\"yoast-schema-graph\">{\"@context\":\"https:\/\/schema.org\",\"@graph\":[{\"@type\":\"Article\",\"@id\":\"https:\/\/newsestlyonnais.fr\/site\/2017\/03\/19\/vaulx-en-velin-le-vaulx-basket-remporte-le-derby-de-n3-face-a-decines\/#article\",\"isPartOf\":{\"@id\":\"https:\/\/newsestlyonnais.fr\/site\/2017\/03\/19\/vaulx-en-velin-le-vaulx-basket-remporte-le-derby-de-n3-face-a-decines\/\"},\"author\":{\"name\":\"R\u00e9dac. NEWS\",\"@id\":\"https:\/\/newsestlyonnais.fr\/site\/#\/schema\/person\/3230d5615f390bb808365d673001e887\"},\"headline\":\"VAULX-EN-VELIN | Le Vaulx Basket remporte le derby de N3 face \u00e0 D\u00e9cines\",\"datePublished\":\"2017-03-19T19:54:44+00:00\",\"dateModified\":\"2020-11-11T16:28:37+00:00\",\"mainEntityOfPage\":{\"@id\":\"https:\/\/newsestlyonnais.fr\/site\/2017\/03\/19\/vaulx-en-velin-le-vaulx-basket-remporte-le-derby-de-n3-face-a-decines\/\"},\"wordCount\":305,\"commentCount\":0,\"publisher\":{\"@id\":\"https:\/\/newsestlyonnais.fr\/site\/#organization\"},\"image\":{\"@id\":\"https:\/\/newsestlyonnais.fr\/site\/2017\/03\/19\/vaulx-en-velin-le-vaulx-basket-remporte-le-derby-de-n3-face-a-decines\/#primaryimage\"},\"thumbnailUrl\":\"https:\/\/newsestlyonnais.fr\/site\/wp-content\/uploads\/2017\/03\/NEWSESTLYONNAIS-SEN-VBC-DERBY.jpg\",\"articleSection\":[\"Basket\",\"Basket | Hand | Volley\",\"D\u00e9cines-Charpieu\",\"Vaulx-en-Velin\"],\"inLanguage\":\"fr-FR\",\"potentialAction\":[{\"@type\":\"CommentAction\",\"name\":\"Comment\",\"target\":[\"https:\/\/newsestlyonnais.fr\/site\/2017\/03\/19\/vaulx-en-velin-le-vaulx-basket-remporte-le-derby-de-n3-face-a-decines\/#respond\"]}]},{\"@type\":\"WebPage\",\"@id\":\"https:\/\/newsestlyonnais.fr\/site\/2017\/03\/19\/vaulx-en-velin-le-vaulx-basket-remporte-le-derby-de-n3-face-a-decines\/\",\"url\":\"https:\/\/newsestlyonnais.fr\/site\/2017\/03\/19\/vaulx-en-velin-le-vaulx-basket-remporte-le-derby-de-n3-face-a-decines\/\",\"name\":\"VAULX EN VELIN: Le Vaulx Basket remporte le derby de N3 face \u00e0 D\u00e9cines\",\"isPartOf\":{\"@id\":\"https:\/\/newsestlyonnais.fr\/site\/#website\"},\"primaryImageOfPage\":{\"@id\":\"https:\/\/newsestlyonnais.fr\/site\/2017\/03\/19\/vaulx-en-velin-le-vaulx-basket-remporte-le-derby-de-n3-face-a-decines\/#primaryimage\"},\"image\":{\"@id\":\"https:\/\/newsestlyonnais.fr\/site\/2017\/03\/19\/vaulx-en-velin-le-vaulx-basket-remporte-le-derby-de-n3-face-a-decines\/#primaryimage\"},\"thumbnailUrl\":\"https:\/\/newsestlyonnais.fr\/site\/wp-content\/uploads\/2017\/03\/NEWSESTLYONNAIS-SEN-VBC-DERBY.jpg\",\"datePublished\":\"2017-03-19T19:54:44+00:00\",\"dateModified\":\"2020-11-11T16:28:37+00:00\",\"description\":\"VAULX EN VELIN: Le Vaulx Basket remporte le derby de N3 face \u00e0 D\u00e9cines\",\"breadcrumb\":{\"@id\":\"https:\/\/newsestlyonnais.fr\/site\/2017\/03\/19\/vaulx-en-velin-le-vaulx-basket-remporte-le-derby-de-n3-face-a-decines\/#breadcrumb\"},\"inLanguage\":\"fr-FR\",\"potentialAction\":[{\"@type\":\"ReadAction\",\"target\":[\"https:\/\/newsestlyonnais.fr\/site\/2017\/03\/19\/vaulx-en-velin-le-vaulx-basket-remporte-le-derby-de-n3-face-a-decines\/\"]}]},{\"@type\":\"ImageObject\",\"inLanguage\":\"fr-FR\",\"@id\":\"https:\/\/newsestlyonnais.fr\/site\/2017\/03\/19\/vaulx-en-velin-le-vaulx-basket-remporte-le-derby-de-n3-face-a-decines\/#primaryimage\",\"url\":\"https:\/\/newsestlyonnais.fr\/site\/wp-content\/uploads\/2017\/03\/NEWSESTLYONNAIS-SEN-VBC-DERBY.jpg\",\"contentUrl\":\"https:\/\/newsestlyonnais.fr\/site\/wp-content\/uploads\/2017\/03\/NEWSESTLYONNAIS-SEN-VBC-DERBY.jpg\",\"width\":1000,\"height\":750,\"caption\":\"NEWSESTLYONNAIS - SEN VBC DERBY\"},{\"@type\":\"BreadcrumbList\",\"@id\":\"https:\/\/newsestlyonnais.fr\/site\/2017\/03\/19\/vaulx-en-velin-le-vaulx-basket-remporte-le-derby-de-n3-face-a-decines\/#breadcrumb\",\"itemListElement\":[{\"@type\":\"ListItem\",\"position\":1,\"name\":\"Accueil\",\"item\":\"https:\/\/newsestlyonnais.fr\/site\/\"},{\"@type\":\"ListItem\",\"position\":2,\"name\":\"VAULX-EN-VELIN | Le Vaulx Basket remporte le derby de N3 face \u00e0 D\u00e9cines\"}]},{\"@type\":\"WebSite\",\"@id\":\"https:\/\/newsestlyonnais.fr\/site\/#website\",\"url\":\"https:\/\/newsestlyonnais.fr\/site\/\",\"name\":\"News Est Lyonnais\",\"description\":\"L&#039;actualit\u00e9 au plus pr\u00e8s\",\"publisher\":{\"@id\":\"https:\/\/newsestlyonnais.fr\/site\/#organization\"},\"potentialAction\":[{\"@type\":\"SearchAction\",\"target\":{\"@type\":\"EntryPoint\",\"urlTemplate\":\"https:\/\/newsestlyonnais.fr\/site\/?s={search_term_string}\"},\"query-input\":{\"@type\":\"PropertyValueSpecification\",\"valueRequired\":true,\"valueName\":\"search_term_string\"}}],\"inLanguage\":\"fr-FR\"},{\"@type\":\"Organization\",\"@id\":\"https:\/\/newsestlyonnais.fr\/site\/#organization\",\"name\":\"News EST LYONNAIS\",\"url\":\"https:\/\/newsestlyonnais.fr\/site\/\",\"logo\":{\"@type\":\"ImageObject\",\"inLanguage\":\"fr-FR\",\"@id\":\"https:\/\/newsestlyonnais.fr\/site\/#\/schema\/logo\/image\/\",\"url\":\"\",\"contentUrl\":\"\",\"caption\":\"News EST LYONNAIS\"},\"image\":{\"@id\":\"https:\/\/newsestlyonnais.fr\/site\/#\/schema\/logo\/image\/\"}},{\"@type\":\"Person\",\"@id\":\"https:\/\/newsestlyonnais.fr\/site\/#\/schema\/person\/3230d5615f390bb808365d673001e887\",\"name\":\"R\u00e9dac. NEWS\",\"sameAs\":[\"http:\/\/www.newsestlyonnais.fr\",\"https:\/\/www.facebook.com\/pascal.oberson.1?fref=ts\",\"https:\/\/fr.linkedin.com\/in\/pascal-oberson-b17045113\"],\"url\":\"https:\/\/newsestlyonnais.fr\/site\/author\/nel\/\"}]}<\/script>\n<!-- \/ Yoast SEO plugin. -->","yoast_head_json":{"title":"VAULX EN VELIN: Le Vaulx Basket remporte le derby de N3 face \u00e0 D\u00e9cines","description":"VAULX EN VELIN: Le Vaulx Basket remporte le derby de N3 face \u00e0 D\u00e9cines","robots":{"index":"index","follow":"follow","max-snippet":"max-snippet:-1","max-image-preview":"max-image-preview:large","max-video-preview":"max-video-preview:-1"},"canonical":"https:\/\/newsestlyonnais.fr\/site\/2017\/03\/19\/vaulx-en-velin-le-vaulx-basket-remporte-le-derby-de-n3-face-a-decines\/","og_locale":"fr_FR","og_type":"article","og_title":"VAULX EN VELIN: Le Vaulx Basket remporte le derby de N3 face \u00e0 D\u00e9cines","og_description":"VAULX EN VELIN: Le Vaulx Basket remporte le derby de N3 face \u00e0 D\u00e9cines","og_url":"https:\/\/newsestlyonnais.fr\/site\/2017\/03\/19\/vaulx-en-velin-le-vaulx-basket-remporte-le-derby-de-n3-face-a-decines\/","og_site_name":"News Est Lyonnais","article_author":"https:\/\/www.facebook.com\/pascal.oberson.1?fref=ts","article_published_time":"2017-03-19T19:54:44+00:00","article_modified_time":"2020-11-11T16:28:37+00:00","og_image":[{"width":1000,"height":750,"url":"https:\/\/i2.wp.com\/newsestlyonnais.fr\/site\/wp-content\/uploads\/2017\/03\/NEWSESTLYONNAIS-SEN-VBC-DERBY.jpg?fit=1000%2C750&ssl=1","type":"image\/jpeg"}],"author":"R\u00e9dac. NEWS","twitter_card":"summary_large_image","twitter_misc":{"\u00c9crit par":"R\u00e9dac. NEWS","Dur\u00e9e de lecture estim\u00e9e":"1 minute"},"schema":{"@context":"https:\/\/schema.org","@graph":[{"@type":"Article","@id":"https:\/\/newsestlyonnais.fr\/site\/2017\/03\/19\/vaulx-en-velin-le-vaulx-basket-remporte-le-derby-de-n3-face-a-decines\/#article","isPartOf":{"@id":"https:\/\/newsestlyonnais.fr\/site\/2017\/03\/19\/vaulx-en-velin-le-vaulx-basket-remporte-le-derby-de-n3-face-a-decines\/"},"author":{"name":"R\u00e9dac. NEWS","@id":"https:\/\/newsestlyonnais.fr\/site\/#\/schema\/person\/3230d5615f390bb808365d673001e887"},"headline":"VAULX-EN-VELIN | Le Vaulx Basket remporte le derby de N3 face \u00e0 D\u00e9cines","datePublished":"2017-03-19T19:54:44+00:00","dateModified":"2020-11-11T16:28:37+00:00","mainEntityOfPage":{"@id":"https:\/\/newsestlyonnais.fr\/site\/2017\/03\/19\/vaulx-en-velin-le-vaulx-basket-remporte-le-derby-de-n3-face-a-decines\/"},"wordCount":305,"commentCount":0,"publisher":{"@id":"https:\/\/newsestlyonnais.fr\/site\/#organization"},"image":{"@id":"https:\/\/newsestlyonnais.fr\/site\/2017\/03\/19\/vaulx-en-velin-le-vaulx-basket-remporte-le-derby-de-n3-face-a-decines\/#primaryimage"},"thumbnailUrl":"https:\/\/newsestlyonnais.fr\/site\/wp-content\/uploads\/2017\/03\/NEWSESTLYONNAIS-SEN-VBC-DERBY.jpg","articleSection":["Basket","Basket | Hand | Volley","D\u00e9cines-Charpieu","Vaulx-en-Velin"],"inLanguage":"fr-FR","potentialAction":[{"@type":"CommentAction","name":"Comment","target":["https:\/\/newsestlyonnais.fr\/site\/2017\/03\/19\/vaulx-en-velin-le-vaulx-basket-remporte-le-derby-de-n3-face-a-decines\/#respond"]}]},{"@type":"WebPage","@id":"https:\/\/newsestlyonnais.fr\/site\/2017\/03\/19\/vaulx-en-velin-le-vaulx-basket-remporte-le-derby-de-n3-face-a-decines\/","url":"https:\/\/newsestlyonnais.fr\/site\/2017\/03\/19\/vaulx-en-velin-le-vaulx-basket-remporte-le-derby-de-n3-face-a-decines\/","name":"VAULX EN VELIN: Le Vaulx Basket remporte le derby de N3 face \u00e0 D\u00e9cines","isPartOf":{"@id":"https:\/\/newsestlyonnais.fr\/site\/#website"},"primaryImageOfPage":{"@id":"https:\/\/newsestlyonnais.fr\/site\/2017\/03\/19\/vaulx-en-velin-le-vaulx-basket-remporte-le-derby-de-n3-face-a-decines\/#primaryimage"},"image":{"@id":"https:\/\/newsestlyonnais.fr\/site\/2017\/03\/19\/vaulx-en-velin-le-vaulx-basket-remporte-le-derby-de-n3-face-a-decines\/#primaryimage"},"thumbnailUrl":"https:\/\/newsestlyonnais.fr\/site\/wp-content\/uploads\/2017\/03\/NEWSESTLYONNAIS-SEN-VBC-DERBY.jpg","datePublished":"2017-03-19T19:54:44+00:00","dateModified":"2020-11-11T16:28:37+00:00","description":"VAULX EN VELIN: Le Vaulx Basket remporte le derby de N3 face \u00e0 D\u00e9cines","breadcrumb":{"@id":"https:\/\/newsestlyonnais.fr\/site\/2017\/03\/19\/vaulx-en-velin-le-vaulx-basket-remporte-le-derby-de-n3-face-a-decines\/#breadcrumb"},"inLanguage":"fr-FR","potentialAction":[{"@type":"ReadAction","target":["https:\/\/newsestlyonnais.fr\/site\/2017\/03\/19\/vaulx-en-velin-le-vaulx-basket-remporte-le-derby-de-n3-face-a-decines\/"]}]},{"@type":"ImageObject","inLanguage":"fr-FR","@id":"https:\/\/newsestlyonnais.fr\/site\/2017\/03\/19\/vaulx-en-velin-le-vaulx-basket-remporte-le-derby-de-n3-face-a-decines\/#primaryimage","url":"https:\/\/newsestlyonnais.fr\/site\/wp-content\/uploads\/2017\/03\/NEWSESTLYONNAIS-SEN-VBC-DERBY.jpg","contentUrl":"https:\/\/newsestlyonnais.fr\/site\/wp-content\/uploads\/2017\/03\/NEWSESTLYONNAIS-SEN-VBC-DERBY.jpg","width":1000,"height":750,"caption":"NEWSESTLYONNAIS - SEN VBC DERBY"},{"@type":"BreadcrumbList","@id":"https:\/\/newsestlyonnais.fr\/site\/2017\/03\/19\/vaulx-en-velin-le-vaulx-basket-remporte-le-derby-de-n3-face-a-decines\/#breadcrumb","itemListElement":[{"@type":"ListItem","position":1,"name":"Accueil","item":"https:\/\/newsestlyonnais.fr\/site\/"},{"@type":"ListItem","position":2,"name":"VAULX-EN-VELIN | Le Vaulx Basket remporte le derby de N3 face \u00e0 D\u00e9cines"}]},{"@type":"WebSite","@id":"https:\/\/newsestlyonnais.fr\/site\/#website","url":"https:\/\/newsestlyonnais.fr\/site\/","name":"News Est Lyonnais","description":"L&#039;actualit\u00e9 au plus pr\u00e8s","publisher":{"@id":"https:\/\/newsestlyonnais.fr\/site\/#organization"},"potentialAction":[{"@type":"SearchAction","target":{"@type":"EntryPoint","urlTemplate":"https:\/\/newsestlyonnais.fr\/site\/?s={search_term_string}"},"query-input":{"@type":"PropertyValueSpecification","valueRequired":true,"valueName":"search_term_string"}}],"inLanguage":"fr-FR"},{"@type":"Organization","@id":"https:\/\/newsestlyonnais.fr\/site\/#organization","name":"News EST LYONNAIS","url":"https:\/\/newsestlyonnais.fr\/site\/","logo":{"@type":"ImageObject","inLanguage":"fr-FR","@id":"https:\/\/newsestlyonnais.fr\/site\/#\/schema\/logo\/image\/","url":"","contentUrl":"","caption":"News EST LYONNAIS"},"image":{"@id":"https:\/\/newsestlyonnais.fr\/site\/#\/schema\/logo\/image\/"}},{"@type":"Person","@id":"https:\/\/newsestlyonnais.fr\/site\/#\/schema\/person\/3230d5615f390bb808365d673001e887","name":"R\u00e9dac. NEWS","sameAs":["http:\/\/www.newsestlyonnais.fr","https:\/\/www.facebook.com\/pascal.oberson.1?fref=ts","https:\/\/fr.linkedin.com\/in\/pascal-oberson-b17045113"],"url":"https:\/\/newsestlyonnais.fr\/site\/author\/nel\/"}]}},"_links":{"self":[{"href":"https:\/\/newsestlyonnais.fr\/site\/wp-json\/wp\/v2\/posts\/22939","targetHints":{"allow":["GET"]}}],"collection":[{"href":"https:\/\/newsestlyonnais.fr\/site\/wp-json\/wp\/v2\/posts"}],"about":[{"href":"https:\/\/newsestlyonnais.fr\/site\/wp-json\/wp\/v2\/types\/post"}],"author":[{"embeddable":true,"href":"https:\/\/newsestlyonnais.fr\/site\/wp-json\/wp\/v2\/users\/4"}],"replies":[{"embeddable":true,"href":"https:\/\/newsestlyonnais.fr\/site\/wp-json\/wp\/v2\/comments?post=22939"}],"version-history":[{"count":0,"href":"https:\/\/newsestlyonnais.fr\/site\/wp-json\/wp\/v2\/posts\/22939\/revisions"}],"wp:featuredmedia":[{"embeddable":true,"href":"https:\/\/newsestlyonnais.fr\/site\/wp-json\/wp\/v2\/media\/22942"}],"wp:attachment":[{"href":"https:\/\/newsestlyonnais.fr\/site\/wp-json\/wp\/v2\/media?parent=22939"}],"wp:term":[{"taxonomy":"category","embeddable":true,"href":"https:\/\/newsestlyonnais.fr\/site\/wp-json\/wp\/v2\/categories?post=22939"},{"taxonomy":"post_tag","embeddable":true,"href":"https:\/\/newsestlyonnais.fr\/site\/wp-json\/wp\/v2\/tags?post=22939"}],"curies":[{"name":"wp","href":"https:\/\/api.w.org\/{rel}","templated":true}]}}