{"id":23008,"date":"2017-03-21T06:39:54","date_gmt":"2017-03-21T05:39:54","guid":{"rendered":"http:\/\/newsestlyonnais.fr\/site\/?p=23008"},"modified":"2020-11-01T09:10:15","modified_gmt":"2020-11-01T08:10:15","slug":"vaulx-en-velin-le-label-club-sport-loisir-renouvele-au-club-nautique","status":"publish","type":"post","link":"https:\/\/newsestlyonnais.fr\/site\/2017\/03\/21\/vaulx-en-velin-le-label-club-sport-loisir-renouvele-au-club-nautique\/","title":{"rendered":"VAULX-EN-VELIN | Le label \u00ab\u00a0Club Sport Loisir\u00a0\u00bb renouvel\u00e9 au Club Nautique"},"content":{"rendered":"<h4>Le Club Nautique de Vaulx en Velin (CNVV) \u00e9tait pr\u00e9sent, comme chaque ann\u00e9e, \u00e0 l\u2019assembl\u00e9e g\u00e9n\u00e9rale de la nouvelle Ligue de Voile AURA qui s\u2019est d\u00e9roul\u00e9e samedi 11 mars aux \u00ab Voiles du Grand-Large \u00bb \u00e0 Meyzieu.<\/h4>\n<p>Une grande majorit\u00e9 des clubs \u00e9tait pr\u00e9sente pour cette AG \u00ab nouvelle formule \u00bb puisqu\u2019elle regroupait pour la premi\u00e8re fois les clubs des deux anciennes ligues \u00ab Auvergne \u00bb et \u00ab Rh\u00f4ne-Alpes \u00bb. Avec 90 \u00ab voix \u00bb sur les 116 \u00ab possibles \u00bb, le quorum \u00e9tait largement atteint ce qui a permis un d\u00e9roulement de cette r\u00e9union dans de bonnes conditions.<\/p>\n<p>Cette ann\u00e9e encore, <strong>la F\u00e9d\u00e9ration Fran\u00e7aise de Voile a renouvel\u00e9 le Label Sport Loisir d\u00e9cern\u00e9 au CNVV<\/strong>, section voile de la MJC, preuve que le club a parfaitement satisfait aux crit\u00e8res de qualit\u00e9 n\u00e9cessaires \u00e0 l&rsquo;obtention de ce label qui a \u00e9t\u00e9 remis \u00e0 Jean Micolon, dirigeant du club lors de cette AG.<\/p>\n<p><strong><span style=\"text-decoration: underline;\">PHOTO A LA UNE<\/span>:<\/strong> Pierre Bertocchi (pr\u00e9sident du CNVV) et Jean Micolon (dirigeant) et le nouveau label du club<\/p>\n<ul>\n<li><strong>NOTA<\/strong>: Le CNVV organise dimanche 26 mars prochain, la 9\u00b0 Coupe de la Soie, r\u00e9gate classique Micro Magic.<\/li>\n<\/ul>\n<h4>Retrouvez toute l&rsquo;ACTU du club sur: <a href=\"http:\/\/cnvv.fr\" target=\"_blank\" rel=\"noopener noreferrer\">http:\/\/cnvv.fr<\/a><\/h4>\n","protected":false},"excerpt":{"rendered":"<p>Le Club Nautique de Vaulx en Velin (CNVV) \u00e9tait pr\u00e9sent, comme chaque ann\u00e9e, \u00e0 l\u2019assembl\u00e9e g\u00e9n\u00e9rale de la nouvelle Ligue de Voile AURA qui s\u2019est d\u00e9roul\u00e9e samedi 11 mars aux \u00ab Voiles du Grand-Large \u00bb \u00e0 Meyzieu. Une grande majorit\u00e9 des clubs \u00e9tait pr\u00e9sente pour cette AG \u00ab nouvelle formule \u00bb puisqu\u2019elle regroupait pour la [&hellip;]<\/p>\n","protected":false},"author":4,"featured_media":23017,"comment_status":"open","ping_status":"open","sticky":false,"template":"","format":"standard","meta":{"footnotes":""},"categories":[2973,3003,28,1349],"tags":[],"class_list":["post-23008","post","type-post","status-publish","format-standard","has-post-thumbnail","hentry","category-aviron-kayak-voile-sports","category-bibliotheque-mediatheque-mjc","category-vaulx-en-velin","category-voile"],"yoast_head":"<!-- This site is optimized with the Yoast SEO plugin v27.2 - https:\/\/yoast.com\/product\/yoast-seo-wordpress\/ -->\n<title>VAULX EN VELIN : Le label &quot;Club Sport Loisir&quot; renouvel\u00e9 au Club Nautique<\/title>\n<meta name=\"description\" content=\"VAULX EN VELIN : Le label &quot;Club Sport Loisir&quot; renouvel\u00e9 au Club Nautique\" \/>\n<meta name=\"robots\" content=\"index, follow, max-snippet:-1, max-image-preview:large, max-video-preview:-1\" \/>\n<link rel=\"canonical\" href=\"https:\/\/newsestlyonnais.fr\/site\/2017\/03\/21\/vaulx-en-velin-le-label-club-sport-loisir-renouvele-au-club-nautique\/\" \/>\n<meta property=\"og:locale\" content=\"fr_FR\" \/>\n<meta property=\"og:type\" content=\"article\" \/>\n<meta property=\"og:title\" content=\"VAULX EN VELIN : Le label &quot;Club Sport Loisir&quot; renouvel\u00e9 au Club Nautique\" \/>\n<meta property=\"og:description\" content=\"VAULX EN VELIN : Le label &quot;Club Sport Loisir&quot; renouvel\u00e9 au Club Nautique\" \/>\n<meta property=\"og:url\" content=\"https:\/\/newsestlyonnais.fr\/site\/2017\/03\/21\/vaulx-en-velin-le-label-club-sport-loisir-renouvele-au-club-nautique\/\" \/>\n<meta property=\"og:site_name\" content=\"News Est Lyonnais\" \/>\n<meta property=\"article:author\" content=\"https:\/\/www.facebook.com\/pascal.oberson.1?fref=ts\" \/>\n<meta property=\"article:published_time\" content=\"2017-03-21T05:39:54+00:00\" \/>\n<meta property=\"article:modified_time\" content=\"2020-11-01T08:10:15+00:00\" \/>\n<meta property=\"og:image\" content=\"https:\/\/i2.wp.com\/newsestlyonnais.fr\/site\/wp-content\/uploads\/2017\/03\/NEWSESTLYONNAIS-LABEL-CNVV-2017.jpg?fit=1000%2C750&ssl=1\" \/>\n\t<meta property=\"og:image:width\" content=\"1000\" \/>\n\t<meta property=\"og:image:height\" content=\"750\" \/>\n\t<meta property=\"og:image:type\" content=\"image\/jpeg\" \/>\n<meta name=\"author\" content=\"R\u00e9dac. NEWS\" \/>\n<meta name=\"twitter:card\" content=\"summary_large_image\" \/>\n<meta name=\"twitter:label1\" content=\"\u00c9crit par\" \/>\n\t<meta name=\"twitter:data1\" content=\"R\u00e9dac. NEWS\" \/>\n\t<meta name=\"twitter:label2\" content=\"Dur\u00e9e de lecture estim\u00e9e\" \/>\n\t<meta name=\"twitter:data2\" content=\"1 minute\" \/>\n<script type=\"application\/ld+json\" class=\"yoast-schema-graph\">{\"@context\":\"https:\/\/schema.org\",\"@graph\":[{\"@type\":\"Article\",\"@id\":\"https:\/\/newsestlyonnais.fr\/site\/2017\/03\/21\/vaulx-en-velin-le-label-club-sport-loisir-renouvele-au-club-nautique\/#article\",\"isPartOf\":{\"@id\":\"https:\/\/newsestlyonnais.fr\/site\/2017\/03\/21\/vaulx-en-velin-le-label-club-sport-loisir-renouvele-au-club-nautique\/\"},\"author\":{\"name\":\"R\u00e9dac. NEWS\",\"@id\":\"https:\/\/newsestlyonnais.fr\/site\/#\/schema\/person\/3230d5615f390bb808365d673001e887\"},\"headline\":\"VAULX-EN-VELIN | Le label \u00ab\u00a0Club Sport Loisir\u00a0\u00bb renouvel\u00e9 au Club Nautique\",\"datePublished\":\"2017-03-21T05:39:54+00:00\",\"dateModified\":\"2020-11-01T08:10:15+00:00\",\"mainEntityOfPage\":{\"@id\":\"https:\/\/newsestlyonnais.fr\/site\/2017\/03\/21\/vaulx-en-velin-le-label-club-sport-loisir-renouvele-au-club-nautique\/\"},\"wordCount\":213,\"commentCount\":0,\"publisher\":{\"@id\":\"https:\/\/newsestlyonnais.fr\/site\/#organization\"},\"image\":{\"@id\":\"https:\/\/newsestlyonnais.fr\/site\/2017\/03\/21\/vaulx-en-velin-le-label-club-sport-loisir-renouvele-au-club-nautique\/#primaryimage\"},\"thumbnailUrl\":\"https:\/\/newsestlyonnais.fr\/site\/wp-content\/uploads\/2017\/03\/NEWSESTLYONNAIS-LABEL-CNVV-2017.jpg\",\"articleSection\":[\"Aviron | Kayak | Voile\",\"Biblioth\u00e8que | M\u00e9diath\u00e8que | MJC\",\"Vaulx-en-Velin\",\"Voile\"],\"inLanguage\":\"fr-FR\",\"potentialAction\":[{\"@type\":\"CommentAction\",\"name\":\"Comment\",\"target\":[\"https:\/\/newsestlyonnais.fr\/site\/2017\/03\/21\/vaulx-en-velin-le-label-club-sport-loisir-renouvele-au-club-nautique\/#respond\"]}]},{\"@type\":\"WebPage\",\"@id\":\"https:\/\/newsestlyonnais.fr\/site\/2017\/03\/21\/vaulx-en-velin-le-label-club-sport-loisir-renouvele-au-club-nautique\/\",\"url\":\"https:\/\/newsestlyonnais.fr\/site\/2017\/03\/21\/vaulx-en-velin-le-label-club-sport-loisir-renouvele-au-club-nautique\/\",\"name\":\"VAULX EN VELIN : Le label \\\"Club Sport Loisir\\\" renouvel\u00e9 au Club Nautique\",\"isPartOf\":{\"@id\":\"https:\/\/newsestlyonnais.fr\/site\/#website\"},\"primaryImageOfPage\":{\"@id\":\"https:\/\/newsestlyonnais.fr\/site\/2017\/03\/21\/vaulx-en-velin-le-label-club-sport-loisir-renouvele-au-club-nautique\/#primaryimage\"},\"image\":{\"@id\":\"https:\/\/newsestlyonnais.fr\/site\/2017\/03\/21\/vaulx-en-velin-le-label-club-sport-loisir-renouvele-au-club-nautique\/#primaryimage\"},\"thumbnailUrl\":\"https:\/\/newsestlyonnais.fr\/site\/wp-content\/uploads\/2017\/03\/NEWSESTLYONNAIS-LABEL-CNVV-2017.jpg\",\"datePublished\":\"2017-03-21T05:39:54+00:00\",\"dateModified\":\"2020-11-01T08:10:15+00:00\",\"description\":\"VAULX EN VELIN : Le label \\\"Club Sport Loisir\\\" renouvel\u00e9 au Club Nautique\",\"breadcrumb\":{\"@id\":\"https:\/\/newsestlyonnais.fr\/site\/2017\/03\/21\/vaulx-en-velin-le-label-club-sport-loisir-renouvele-au-club-nautique\/#breadcrumb\"},\"inLanguage\":\"fr-FR\",\"potentialAction\":[{\"@type\":\"ReadAction\",\"target\":[\"https:\/\/newsestlyonnais.fr\/site\/2017\/03\/21\/vaulx-en-velin-le-label-club-sport-loisir-renouvele-au-club-nautique\/\"]}]},{\"@type\":\"ImageObject\",\"inLanguage\":\"fr-FR\",\"@id\":\"https:\/\/newsestlyonnais.fr\/site\/2017\/03\/21\/vaulx-en-velin-le-label-club-sport-loisir-renouvele-au-club-nautique\/#primaryimage\",\"url\":\"https:\/\/newsestlyonnais.fr\/site\/wp-content\/uploads\/2017\/03\/NEWSESTLYONNAIS-LABEL-CNVV-2017.jpg\",\"contentUrl\":\"https:\/\/newsestlyonnais.fr\/site\/wp-content\/uploads\/2017\/03\/NEWSESTLYONNAIS-LABEL-CNVV-2017.jpg\",\"width\":1000,\"height\":750,\"caption\":\"NEWSESTLYONNAIS - LABEL CNVV 2017\"},{\"@type\":\"BreadcrumbList\",\"@id\":\"https:\/\/newsestlyonnais.fr\/site\/2017\/03\/21\/vaulx-en-velin-le-label-club-sport-loisir-renouvele-au-club-nautique\/#breadcrumb\",\"itemListElement\":[{\"@type\":\"ListItem\",\"position\":1,\"name\":\"Accueil\",\"item\":\"https:\/\/newsestlyonnais.fr\/site\/\"},{\"@type\":\"ListItem\",\"position\":2,\"name\":\"VAULX-EN-VELIN | Le label \u00ab\u00a0Club Sport Loisir\u00a0\u00bb renouvel\u00e9 au Club Nautique\"}]},{\"@type\":\"WebSite\",\"@id\":\"https:\/\/newsestlyonnais.fr\/site\/#website\",\"url\":\"https:\/\/newsestlyonnais.fr\/site\/\",\"name\":\"News Est Lyonnais\",\"description\":\"L&#039;actualit\u00e9 au plus pr\u00e8s\",\"publisher\":{\"@id\":\"https:\/\/newsestlyonnais.fr\/site\/#organization\"},\"potentialAction\":[{\"@type\":\"SearchAction\",\"target\":{\"@type\":\"EntryPoint\",\"urlTemplate\":\"https:\/\/newsestlyonnais.fr\/site\/?s={search_term_string}\"},\"query-input\":{\"@type\":\"PropertyValueSpecification\",\"valueRequired\":true,\"valueName\":\"search_term_string\"}}],\"inLanguage\":\"fr-FR\"},{\"@type\":\"Organization\",\"@id\":\"https:\/\/newsestlyonnais.fr\/site\/#organization\",\"name\":\"News EST LYONNAIS\",\"url\":\"https:\/\/newsestlyonnais.fr\/site\/\",\"logo\":{\"@type\":\"ImageObject\",\"inLanguage\":\"fr-FR\",\"@id\":\"https:\/\/newsestlyonnais.fr\/site\/#\/schema\/logo\/image\/\",\"url\":\"\",\"contentUrl\":\"\",\"caption\":\"News EST LYONNAIS\"},\"image\":{\"@id\":\"https:\/\/newsestlyonnais.fr\/site\/#\/schema\/logo\/image\/\"}},{\"@type\":\"Person\",\"@id\":\"https:\/\/newsestlyonnais.fr\/site\/#\/schema\/person\/3230d5615f390bb808365d673001e887\",\"name\":\"R\u00e9dac. NEWS\",\"sameAs\":[\"http:\/\/www.newsestlyonnais.fr\",\"https:\/\/www.facebook.com\/pascal.oberson.1?fref=ts\",\"https:\/\/fr.linkedin.com\/in\/pascal-oberson-b17045113\"],\"url\":\"https:\/\/newsestlyonnais.fr\/site\/author\/nel\/\"}]}<\/script>\n<!-- \/ Yoast SEO plugin. -->","yoast_head_json":{"title":"VAULX EN VELIN : Le label \"Club Sport Loisir\" renouvel\u00e9 au Club Nautique","description":"VAULX EN VELIN : Le label \"Club Sport Loisir\" renouvel\u00e9 au Club Nautique","robots":{"index":"index","follow":"follow","max-snippet":"max-snippet:-1","max-image-preview":"max-image-preview:large","max-video-preview":"max-video-preview:-1"},"canonical":"https:\/\/newsestlyonnais.fr\/site\/2017\/03\/21\/vaulx-en-velin-le-label-club-sport-loisir-renouvele-au-club-nautique\/","og_locale":"fr_FR","og_type":"article","og_title":"VAULX EN VELIN : Le label \"Club Sport Loisir\" renouvel\u00e9 au Club Nautique","og_description":"VAULX EN VELIN : Le label \"Club Sport Loisir\" renouvel\u00e9 au Club Nautique","og_url":"https:\/\/newsestlyonnais.fr\/site\/2017\/03\/21\/vaulx-en-velin-le-label-club-sport-loisir-renouvele-au-club-nautique\/","og_site_name":"News Est Lyonnais","article_author":"https:\/\/www.facebook.com\/pascal.oberson.1?fref=ts","article_published_time":"2017-03-21T05:39:54+00:00","article_modified_time":"2020-11-01T08:10:15+00:00","og_image":[{"width":1000,"height":750,"url":"https:\/\/i2.wp.com\/newsestlyonnais.fr\/site\/wp-content\/uploads\/2017\/03\/NEWSESTLYONNAIS-LABEL-CNVV-2017.jpg?fit=1000%2C750&ssl=1","type":"image\/jpeg"}],"author":"R\u00e9dac. NEWS","twitter_card":"summary_large_image","twitter_misc":{"\u00c9crit par":"R\u00e9dac. NEWS","Dur\u00e9e de lecture estim\u00e9e":"1 minute"},"schema":{"@context":"https:\/\/schema.org","@graph":[{"@type":"Article","@id":"https:\/\/newsestlyonnais.fr\/site\/2017\/03\/21\/vaulx-en-velin-le-label-club-sport-loisir-renouvele-au-club-nautique\/#article","isPartOf":{"@id":"https:\/\/newsestlyonnais.fr\/site\/2017\/03\/21\/vaulx-en-velin-le-label-club-sport-loisir-renouvele-au-club-nautique\/"},"author":{"name":"R\u00e9dac. NEWS","@id":"https:\/\/newsestlyonnais.fr\/site\/#\/schema\/person\/3230d5615f390bb808365d673001e887"},"headline":"VAULX-EN-VELIN | Le label \u00ab\u00a0Club Sport Loisir\u00a0\u00bb renouvel\u00e9 au Club Nautique","datePublished":"2017-03-21T05:39:54+00:00","dateModified":"2020-11-01T08:10:15+00:00","mainEntityOfPage":{"@id":"https:\/\/newsestlyonnais.fr\/site\/2017\/03\/21\/vaulx-en-velin-le-label-club-sport-loisir-renouvele-au-club-nautique\/"},"wordCount":213,"commentCount":0,"publisher":{"@id":"https:\/\/newsestlyonnais.fr\/site\/#organization"},"image":{"@id":"https:\/\/newsestlyonnais.fr\/site\/2017\/03\/21\/vaulx-en-velin-le-label-club-sport-loisir-renouvele-au-club-nautique\/#primaryimage"},"thumbnailUrl":"https:\/\/newsestlyonnais.fr\/site\/wp-content\/uploads\/2017\/03\/NEWSESTLYONNAIS-LABEL-CNVV-2017.jpg","articleSection":["Aviron | Kayak | Voile","Biblioth\u00e8que | M\u00e9diath\u00e8que | MJC","Vaulx-en-Velin","Voile"],"inLanguage":"fr-FR","potentialAction":[{"@type":"CommentAction","name":"Comment","target":["https:\/\/newsestlyonnais.fr\/site\/2017\/03\/21\/vaulx-en-velin-le-label-club-sport-loisir-renouvele-au-club-nautique\/#respond"]}]},{"@type":"WebPage","@id":"https:\/\/newsestlyonnais.fr\/site\/2017\/03\/21\/vaulx-en-velin-le-label-club-sport-loisir-renouvele-au-club-nautique\/","url":"https:\/\/newsestlyonnais.fr\/site\/2017\/03\/21\/vaulx-en-velin-le-label-club-sport-loisir-renouvele-au-club-nautique\/","name":"VAULX EN VELIN : Le label \"Club Sport Loisir\" renouvel\u00e9 au Club Nautique","isPartOf":{"@id":"https:\/\/newsestlyonnais.fr\/site\/#website"},"primaryImageOfPage":{"@id":"https:\/\/newsestlyonnais.fr\/site\/2017\/03\/21\/vaulx-en-velin-le-label-club-sport-loisir-renouvele-au-club-nautique\/#primaryimage"},"image":{"@id":"https:\/\/newsestlyonnais.fr\/site\/2017\/03\/21\/vaulx-en-velin-le-label-club-sport-loisir-renouvele-au-club-nautique\/#primaryimage"},"thumbnailUrl":"https:\/\/newsestlyonnais.fr\/site\/wp-content\/uploads\/2017\/03\/NEWSESTLYONNAIS-LABEL-CNVV-2017.jpg","datePublished":"2017-03-21T05:39:54+00:00","dateModified":"2020-11-01T08:10:15+00:00","description":"VAULX EN VELIN : Le label \"Club Sport Loisir\" renouvel\u00e9 au Club Nautique","breadcrumb":{"@id":"https:\/\/newsestlyonnais.fr\/site\/2017\/03\/21\/vaulx-en-velin-le-label-club-sport-loisir-renouvele-au-club-nautique\/#breadcrumb"},"inLanguage":"fr-FR","potentialAction":[{"@type":"ReadAction","target":["https:\/\/newsestlyonnais.fr\/site\/2017\/03\/21\/vaulx-en-velin-le-label-club-sport-loisir-renouvele-au-club-nautique\/"]}]},{"@type":"ImageObject","inLanguage":"fr-FR","@id":"https:\/\/newsestlyonnais.fr\/site\/2017\/03\/21\/vaulx-en-velin-le-label-club-sport-loisir-renouvele-au-club-nautique\/#primaryimage","url":"https:\/\/newsestlyonnais.fr\/site\/wp-content\/uploads\/2017\/03\/NEWSESTLYONNAIS-LABEL-CNVV-2017.jpg","contentUrl":"https:\/\/newsestlyonnais.fr\/site\/wp-content\/uploads\/2017\/03\/NEWSESTLYONNAIS-LABEL-CNVV-2017.jpg","width":1000,"height":750,"caption":"NEWSESTLYONNAIS - LABEL CNVV 2017"},{"@type":"BreadcrumbList","@id":"https:\/\/newsestlyonnais.fr\/site\/2017\/03\/21\/vaulx-en-velin-le-label-club-sport-loisir-renouvele-au-club-nautique\/#breadcrumb","itemListElement":[{"@type":"ListItem","position":1,"name":"Accueil","item":"https:\/\/newsestlyonnais.fr\/site\/"},{"@type":"ListItem","position":2,"name":"VAULX-EN-VELIN | Le label \u00ab\u00a0Club Sport Loisir\u00a0\u00bb renouvel\u00e9 au Club Nautique"}]},{"@type":"WebSite","@id":"https:\/\/newsestlyonnais.fr\/site\/#website","url":"https:\/\/newsestlyonnais.fr\/site\/","name":"News Est Lyonnais","description":"L&#039;actualit\u00e9 au plus pr\u00e8s","publisher":{"@id":"https:\/\/newsestlyonnais.fr\/site\/#organization"},"potentialAction":[{"@type":"SearchAction","target":{"@type":"EntryPoint","urlTemplate":"https:\/\/newsestlyonnais.fr\/site\/?s={search_term_string}"},"query-input":{"@type":"PropertyValueSpecification","valueRequired":true,"valueName":"search_term_string"}}],"inLanguage":"fr-FR"},{"@type":"Organization","@id":"https:\/\/newsestlyonnais.fr\/site\/#organization","name":"News EST LYONNAIS","url":"https:\/\/newsestlyonnais.fr\/site\/","logo":{"@type":"ImageObject","inLanguage":"fr-FR","@id":"https:\/\/newsestlyonnais.fr\/site\/#\/schema\/logo\/image\/","url":"","contentUrl":"","caption":"News EST LYONNAIS"},"image":{"@id":"https:\/\/newsestlyonnais.fr\/site\/#\/schema\/logo\/image\/"}},{"@type":"Person","@id":"https:\/\/newsestlyonnais.fr\/site\/#\/schema\/person\/3230d5615f390bb808365d673001e887","name":"R\u00e9dac. NEWS","sameAs":["http:\/\/www.newsestlyonnais.fr","https:\/\/www.facebook.com\/pascal.oberson.1?fref=ts","https:\/\/fr.linkedin.com\/in\/pascal-oberson-b17045113"],"url":"https:\/\/newsestlyonnais.fr\/site\/author\/nel\/"}]}},"_links":{"self":[{"href":"https:\/\/newsestlyonnais.fr\/site\/wp-json\/wp\/v2\/posts\/23008","targetHints":{"allow":["GET"]}}],"collection":[{"href":"https:\/\/newsestlyonnais.fr\/site\/wp-json\/wp\/v2\/posts"}],"about":[{"href":"https:\/\/newsestlyonnais.fr\/site\/wp-json\/wp\/v2\/types\/post"}],"author":[{"embeddable":true,"href":"https:\/\/newsestlyonnais.fr\/site\/wp-json\/wp\/v2\/users\/4"}],"replies":[{"embeddable":true,"href":"https:\/\/newsestlyonnais.fr\/site\/wp-json\/wp\/v2\/comments?post=23008"}],"version-history":[{"count":0,"href":"https:\/\/newsestlyonnais.fr\/site\/wp-json\/wp\/v2\/posts\/23008\/revisions"}],"wp:featuredmedia":[{"embeddable":true,"href":"https:\/\/newsestlyonnais.fr\/site\/wp-json\/wp\/v2\/media\/23017"}],"wp:attachment":[{"href":"https:\/\/newsestlyonnais.fr\/site\/wp-json\/wp\/v2\/media?parent=23008"}],"wp:term":[{"taxonomy":"category","embeddable":true,"href":"https:\/\/newsestlyonnais.fr\/site\/wp-json\/wp\/v2\/categories?post=23008"},{"taxonomy":"post_tag","embeddable":true,"href":"https:\/\/newsestlyonnais.fr\/site\/wp-json\/wp\/v2\/tags?post=23008"}],"curies":[{"name":"wp","href":"https:\/\/api.w.org\/{rel}","templated":true}]}}