{"id":23092,"date":"2017-03-22T08:18:39","date_gmt":"2017-03-22T07:18:39","guid":{"rendered":"http:\/\/newsestlyonnais.fr\/site\/?p=23092"},"modified":"2021-09-16T14:47:33","modified_gmt":"2021-09-16T13:47:33","slug":"vaulx-en-velin-interview-delhem-mekhaled-nouvelle-championne-de-france-de-boxe","status":"publish","type":"post","link":"https:\/\/newsestlyonnais.fr\/site\/2017\/03\/22\/vaulx-en-velin-interview-delhem-mekhaled-nouvelle-championne-de-france-de-boxe\/","title":{"rendered":"VAULX-EN-VELIN | Elhem Mekhaled, nouvelle championne de France de boxe"},"content":{"rendered":"<h4><img loading=\"lazy\" decoding=\"async\" class=\"alignleft size-full wp-image-23750\" src=\"https:\/\/newsestlyonnais.fr\/site\/medias\/2017\/03\/NEWSESTLYONNAIS-MICRO.png\" alt=\"NEWSESTLYONNAIS MICRO\" width=\"250\" height=\"150\" \/>Elle est devenue vendredi dernier, la premi\u00e8re championne de France professionnelle du Boxing Club Vaudais en l&#8217;emportant face \u00e0 Wendy Vincent.<\/h4>\n<p><span style=\"text-decoration: underline\">Elhem Mekhalled, 26 ans, revient sur son combat, son 4\u00b0 en pro, qui l&rsquo;a amen\u00e9 au titre national en poids super-plumes<\/span>:<\/p>\n<ul>\n<li><strong><em>Comment te sens tu, quelques jours apr\u00e8s ce combat victorieux<\/em> ?<\/strong> \u00a0\u00bb Je n&rsquo;arrive toujours pas \u00e0 dormir car je ne r\u00e9alise pas encore ! Je voulais avant tout faire un beau combat pour toutes les personnes venues me soutenir\u00a0\u00bb.<\/li>\n<li><strong><em>Cet \u00e9v\u00e9nemenent a \u00e9t\u00e9 abord\u00e9 de quelle mani\u00e8re <\/em>?<\/strong> \u00ab\u00a0J&rsquo;appr\u00e9hendais quand m\u00eame car c&rsquo;\u00e9tait la premi\u00e8re fois que j&rsquo;\u00e9tais amen\u00e9e \u00e0 combattre en 8 rounds et aussi le fait de le faire en pro, donc sans casque. J&rsquo;ai essay\u00e9 de faire abstraction de l&rsquo;enjeu afin de ne pas me mettre de pression et de rester concentr\u00e9e dans le combat\u00a0\u00bb.<\/li>\n<li><strong>Et ensuite quel a \u00e9t\u00e9 le d\u00e9roulement de ce combat ?<\/strong> \u00a0\u00bb Avec mon coach Saber, on avait choisi de mettre en place une strat\u00e9gie et de d\u00e9marrer en analysant d&rsquo;abord mon adversaire, plus exp\u00e9riment\u00e9e que moi. A la fin du 3\u00b0 round, j&rsquo;ai senti que mes coups lui faisaient un peu plus mal et qu&rsquo;une derni\u00e8re petite s\u00e9rie avait eu un bon impact. Et au 4\u00b0, Saber m&rsquo;a dit d&rsquo;abr\u00e9ger, car elle prenait beaucoup de coups et ne r\u00e9pondait plus. L&rsquo;arbitre a alors arr\u00eat\u00e9 le combat car elle \u00e9tait d\u00e9bord\u00e9e\u00a0\u00bb.<\/li>\n<li><strong>Tu analyses cette victoire comment ? <\/strong>\u00ab\u00a0Cela s&rsquo;est finalement pass\u00e9 mieux et plus rapidement que pr\u00e9vu ! Mais je ne r\u00e9alise toujours pas ce qui m&rsquo;est arriv\u00e9 en seulement 4 mois ! Dans ce monde d&rsquo;hommes, le pr\u00e9sident Faouzi m&rsquo;avait donn\u00e9 l&rsquo;opportunit\u00e9 de reprendre confiance en moi. Je suis en tout cas tr\u00e8s f\u00ee\u00e9re et contente de repr\u00e9senter ma ville et un club tr\u00e8s familial o\u00f9 r\u00e8gne une solidarit\u00e9 \u00e9norme\u00a0\u00bb. <strong><br \/>\n<\/strong><\/li>\n<\/ul>\n<p><em><strong>Pour son coach, Saber Bouzaiane<\/strong><\/em>, Elhem est une boxeuse \u00a0\u00bb d\u00e9termin\u00e9e et avec du mental et surtout qui ne l\u00e2che jamais l&rsquo;affaire. Elle a eu l&rsquo;opportunit\u00e9 d&rsquo;\u00eatre co-challenger et gr\u00e2ce \u00e0 ce 4\u00b0 succ\u00e8s en 4 combats pros, elle est 1\u00b0 en Europe au classement EBU !\u00a0 Elle va continuer \u00e0 boxer car il est bon d&rsquo;avoir une bonne dynamique et va affronter Pauline Lecomte le 8 avril \u00e0 Saint Quentin pour ce qui devrait \u00eatre son dernier combat de la saison\u00a0\u00bb.<\/p>\n","protected":false},"excerpt":{"rendered":"<p>Elle est devenue vendredi dernier, la premi\u00e8re championne de France professionnelle du Boxing Club Vaudais en l&#8217;emportant face \u00e0 Wendy Vincent. Elhem Mekhalled, 26 ans, revient sur son combat, son 4\u00b0 en pro, qui l&rsquo;a amen\u00e9 au titre national en poids super-plumes: Comment te sens tu, quelques jours apr\u00e8s ce combat victorieux ? \u00a0\u00bb Je [&hellip;]<\/p>\n","protected":false},"author":4,"featured_media":23097,"comment_status":"open","ping_status":"open","sticky":false,"template":"","format":"standard","meta":{"footnotes":""},"categories":[574,3895,166,3421,28],"tags":[],"class_list":["post-23092","post","type-post","status-publish","format-standard","has-post-thumbnail","hentry","category-autres-sports","category-boxe","category-divers-sports","category-feminin-actu-au","category-vaulx-en-velin"],"yoast_head":"<!-- This site is optimized with the Yoast SEO plugin v27.2 - https:\/\/yoast.com\/product\/yoast-seo-wordpress\/ -->\n<title>VAULX EN VELIN : Interview d&#039;Elhem Mekhaled, nouvelle championne de France de boxe<\/title>\n<meta name=\"description\" content=\"VAULX EN VELIN : Interview d&#039;Elhem Mekhaled, nouvelle championne de France de boxe\" \/>\n<meta name=\"robots\" content=\"index, follow, max-snippet:-1, max-image-preview:large, max-video-preview:-1\" \/>\n<link rel=\"canonical\" href=\"https:\/\/newsestlyonnais.fr\/site\/2017\/03\/22\/vaulx-en-velin-interview-delhem-mekhaled-nouvelle-championne-de-france-de-boxe\/\" \/>\n<meta property=\"og:locale\" content=\"fr_FR\" \/>\n<meta property=\"og:type\" content=\"article\" \/>\n<meta property=\"og:title\" content=\"VAULX EN VELIN : Interview d&#039;Elhem Mekhaled, nouvelle championne de France de boxe\" \/>\n<meta property=\"og:description\" content=\"VAULX EN VELIN : Interview d&#039;Elhem Mekhaled, nouvelle championne de France de boxe\" \/>\n<meta property=\"og:url\" content=\"https:\/\/newsestlyonnais.fr\/site\/2017\/03\/22\/vaulx-en-velin-interview-delhem-mekhaled-nouvelle-championne-de-france-de-boxe\/\" \/>\n<meta property=\"og:site_name\" content=\"News Est Lyonnais\" \/>\n<meta property=\"article:author\" content=\"https:\/\/www.facebook.com\/pascal.oberson.1?fref=ts\" \/>\n<meta property=\"article:published_time\" content=\"2017-03-22T07:18:39+00:00\" \/>\n<meta property=\"article:modified_time\" content=\"2021-09-16T13:47:33+00:00\" \/>\n<meta property=\"og:image\" content=\"https:\/\/i1.wp.com\/newsestlyonnais.fr\/site\/wp-content\/uploads\/2017\/03\/NEWSESTLYONNAIS-ELHEM-CHAM-FRANCE.jpg?fit=1000%2C750&ssl=1\" \/>\n\t<meta property=\"og:image:width\" content=\"1000\" \/>\n\t<meta property=\"og:image:height\" content=\"750\" \/>\n\t<meta property=\"og:image:type\" content=\"image\/jpeg\" \/>\n<meta name=\"author\" content=\"R\u00e9dac. NEWS\" \/>\n<meta name=\"twitter:card\" content=\"summary_large_image\" \/>\n<meta name=\"twitter:label1\" content=\"\u00c9crit par\" \/>\n\t<meta name=\"twitter:data1\" content=\"R\u00e9dac. NEWS\" \/>\n\t<meta name=\"twitter:label2\" content=\"Dur\u00e9e de lecture estim\u00e9e\" \/>\n\t<meta name=\"twitter:data2\" content=\"2 minutes\" \/>\n<script type=\"application\/ld+json\" class=\"yoast-schema-graph\">{\"@context\":\"https:\/\/schema.org\",\"@graph\":[{\"@type\":\"Article\",\"@id\":\"https:\/\/newsestlyonnais.fr\/site\/2017\/03\/22\/vaulx-en-velin-interview-delhem-mekhaled-nouvelle-championne-de-france-de-boxe\/#article\",\"isPartOf\":{\"@id\":\"https:\/\/newsestlyonnais.fr\/site\/2017\/03\/22\/vaulx-en-velin-interview-delhem-mekhaled-nouvelle-championne-de-france-de-boxe\/\"},\"author\":{\"name\":\"R\u00e9dac. NEWS\",\"@id\":\"https:\/\/newsestlyonnais.fr\/site\/#\/schema\/person\/3230d5615f390bb808365d673001e887\"},\"headline\":\"VAULX-EN-VELIN | Elhem Mekhaled, nouvelle championne de France de boxe\",\"datePublished\":\"2017-03-22T07:18:39+00:00\",\"dateModified\":\"2021-09-16T13:47:33+00:00\",\"mainEntityOfPage\":{\"@id\":\"https:\/\/newsestlyonnais.fr\/site\/2017\/03\/22\/vaulx-en-velin-interview-delhem-mekhaled-nouvelle-championne-de-france-de-boxe\/\"},\"wordCount\":424,\"commentCount\":0,\"publisher\":{\"@id\":\"https:\/\/newsestlyonnais.fr\/site\/#organization\"},\"image\":{\"@id\":\"https:\/\/newsestlyonnais.fr\/site\/2017\/03\/22\/vaulx-en-velin-interview-delhem-mekhaled-nouvelle-championne-de-france-de-boxe\/#primaryimage\"},\"thumbnailUrl\":\"https:\/\/newsestlyonnais.fr\/site\/wp-content\/uploads\/2017\/03\/NEWSESTLYONNAIS-ELHEM-CHAM-FRANCE.jpg\",\"articleSection\":[\"Autres sports\",\"Boxe\",\"Divers Sports\",\"F\u00e9minin (Actu au)\",\"Vaulx-en-Velin\"],\"inLanguage\":\"fr-FR\",\"potentialAction\":[{\"@type\":\"CommentAction\",\"name\":\"Comment\",\"target\":[\"https:\/\/newsestlyonnais.fr\/site\/2017\/03\/22\/vaulx-en-velin-interview-delhem-mekhaled-nouvelle-championne-de-france-de-boxe\/#respond\"]}]},{\"@type\":\"WebPage\",\"@id\":\"https:\/\/newsestlyonnais.fr\/site\/2017\/03\/22\/vaulx-en-velin-interview-delhem-mekhaled-nouvelle-championne-de-france-de-boxe\/\",\"url\":\"https:\/\/newsestlyonnais.fr\/site\/2017\/03\/22\/vaulx-en-velin-interview-delhem-mekhaled-nouvelle-championne-de-france-de-boxe\/\",\"name\":\"VAULX EN VELIN : Interview d'Elhem Mekhaled, nouvelle championne de France de boxe\",\"isPartOf\":{\"@id\":\"https:\/\/newsestlyonnais.fr\/site\/#website\"},\"primaryImageOfPage\":{\"@id\":\"https:\/\/newsestlyonnais.fr\/site\/2017\/03\/22\/vaulx-en-velin-interview-delhem-mekhaled-nouvelle-championne-de-france-de-boxe\/#primaryimage\"},\"image\":{\"@id\":\"https:\/\/newsestlyonnais.fr\/site\/2017\/03\/22\/vaulx-en-velin-interview-delhem-mekhaled-nouvelle-championne-de-france-de-boxe\/#primaryimage\"},\"thumbnailUrl\":\"https:\/\/newsestlyonnais.fr\/site\/wp-content\/uploads\/2017\/03\/NEWSESTLYONNAIS-ELHEM-CHAM-FRANCE.jpg\",\"datePublished\":\"2017-03-22T07:18:39+00:00\",\"dateModified\":\"2021-09-16T13:47:33+00:00\",\"description\":\"VAULX EN VELIN : Interview d'Elhem Mekhaled, nouvelle championne de France de boxe\",\"breadcrumb\":{\"@id\":\"https:\/\/newsestlyonnais.fr\/site\/2017\/03\/22\/vaulx-en-velin-interview-delhem-mekhaled-nouvelle-championne-de-france-de-boxe\/#breadcrumb\"},\"inLanguage\":\"fr-FR\",\"potentialAction\":[{\"@type\":\"ReadAction\",\"target\":[\"https:\/\/newsestlyonnais.fr\/site\/2017\/03\/22\/vaulx-en-velin-interview-delhem-mekhaled-nouvelle-championne-de-france-de-boxe\/\"]}]},{\"@type\":\"ImageObject\",\"inLanguage\":\"fr-FR\",\"@id\":\"https:\/\/newsestlyonnais.fr\/site\/2017\/03\/22\/vaulx-en-velin-interview-delhem-mekhaled-nouvelle-championne-de-france-de-boxe\/#primaryimage\",\"url\":\"https:\/\/newsestlyonnais.fr\/site\/wp-content\/uploads\/2017\/03\/NEWSESTLYONNAIS-ELHEM-CHAM-FRANCE.jpg\",\"contentUrl\":\"https:\/\/newsestlyonnais.fr\/site\/wp-content\/uploads\/2017\/03\/NEWSESTLYONNAIS-ELHEM-CHAM-FRANCE.jpg\",\"width\":1000,\"height\":750,\"caption\":\"NEWSESTLYONNAIS - ELHEM CHAM FRANCE\"},{\"@type\":\"BreadcrumbList\",\"@id\":\"https:\/\/newsestlyonnais.fr\/site\/2017\/03\/22\/vaulx-en-velin-interview-delhem-mekhaled-nouvelle-championne-de-france-de-boxe\/#breadcrumb\",\"itemListElement\":[{\"@type\":\"ListItem\",\"position\":1,\"name\":\"Accueil\",\"item\":\"https:\/\/newsestlyonnais.fr\/site\/\"},{\"@type\":\"ListItem\",\"position\":2,\"name\":\"VAULX-EN-VELIN | Elhem Mekhaled, nouvelle championne de France de boxe\"}]},{\"@type\":\"WebSite\",\"@id\":\"https:\/\/newsestlyonnais.fr\/site\/#website\",\"url\":\"https:\/\/newsestlyonnais.fr\/site\/\",\"name\":\"News Est Lyonnais\",\"description\":\"L&#039;actualit\u00e9 au plus pr\u00e8s\",\"publisher\":{\"@id\":\"https:\/\/newsestlyonnais.fr\/site\/#organization\"},\"potentialAction\":[{\"@type\":\"SearchAction\",\"target\":{\"@type\":\"EntryPoint\",\"urlTemplate\":\"https:\/\/newsestlyonnais.fr\/site\/?s={search_term_string}\"},\"query-input\":{\"@type\":\"PropertyValueSpecification\",\"valueRequired\":true,\"valueName\":\"search_term_string\"}}],\"inLanguage\":\"fr-FR\"},{\"@type\":\"Organization\",\"@id\":\"https:\/\/newsestlyonnais.fr\/site\/#organization\",\"name\":\"News EST LYONNAIS\",\"url\":\"https:\/\/newsestlyonnais.fr\/site\/\",\"logo\":{\"@type\":\"ImageObject\",\"inLanguage\":\"fr-FR\",\"@id\":\"https:\/\/newsestlyonnais.fr\/site\/#\/schema\/logo\/image\/\",\"url\":\"\",\"contentUrl\":\"\",\"caption\":\"News EST LYONNAIS\"},\"image\":{\"@id\":\"https:\/\/newsestlyonnais.fr\/site\/#\/schema\/logo\/image\/\"}},{\"@type\":\"Person\",\"@id\":\"https:\/\/newsestlyonnais.fr\/site\/#\/schema\/person\/3230d5615f390bb808365d673001e887\",\"name\":\"R\u00e9dac. NEWS\",\"sameAs\":[\"http:\/\/www.newsestlyonnais.fr\",\"https:\/\/www.facebook.com\/pascal.oberson.1?fref=ts\",\"https:\/\/fr.linkedin.com\/in\/pascal-oberson-b17045113\"],\"url\":\"https:\/\/newsestlyonnais.fr\/site\/author\/nel\/\"}]}<\/script>\n<!-- \/ Yoast SEO plugin. -->","yoast_head_json":{"title":"VAULX EN VELIN : Interview d'Elhem Mekhaled, nouvelle championne de France de boxe","description":"VAULX EN VELIN : Interview d'Elhem Mekhaled, nouvelle championne de France de boxe","robots":{"index":"index","follow":"follow","max-snippet":"max-snippet:-1","max-image-preview":"max-image-preview:large","max-video-preview":"max-video-preview:-1"},"canonical":"https:\/\/newsestlyonnais.fr\/site\/2017\/03\/22\/vaulx-en-velin-interview-delhem-mekhaled-nouvelle-championne-de-france-de-boxe\/","og_locale":"fr_FR","og_type":"article","og_title":"VAULX EN VELIN : Interview d'Elhem Mekhaled, nouvelle championne de France de boxe","og_description":"VAULX EN VELIN : Interview d'Elhem Mekhaled, nouvelle championne de France de boxe","og_url":"https:\/\/newsestlyonnais.fr\/site\/2017\/03\/22\/vaulx-en-velin-interview-delhem-mekhaled-nouvelle-championne-de-france-de-boxe\/","og_site_name":"News Est Lyonnais","article_author":"https:\/\/www.facebook.com\/pascal.oberson.1?fref=ts","article_published_time":"2017-03-22T07:18:39+00:00","article_modified_time":"2021-09-16T13:47:33+00:00","og_image":[{"width":1000,"height":750,"url":"https:\/\/i1.wp.com\/newsestlyonnais.fr\/site\/wp-content\/uploads\/2017\/03\/NEWSESTLYONNAIS-ELHEM-CHAM-FRANCE.jpg?fit=1000%2C750&ssl=1","type":"image\/jpeg"}],"author":"R\u00e9dac. NEWS","twitter_card":"summary_large_image","twitter_misc":{"\u00c9crit par":"R\u00e9dac. NEWS","Dur\u00e9e de lecture estim\u00e9e":"2 minutes"},"schema":{"@context":"https:\/\/schema.org","@graph":[{"@type":"Article","@id":"https:\/\/newsestlyonnais.fr\/site\/2017\/03\/22\/vaulx-en-velin-interview-delhem-mekhaled-nouvelle-championne-de-france-de-boxe\/#article","isPartOf":{"@id":"https:\/\/newsestlyonnais.fr\/site\/2017\/03\/22\/vaulx-en-velin-interview-delhem-mekhaled-nouvelle-championne-de-france-de-boxe\/"},"author":{"name":"R\u00e9dac. NEWS","@id":"https:\/\/newsestlyonnais.fr\/site\/#\/schema\/person\/3230d5615f390bb808365d673001e887"},"headline":"VAULX-EN-VELIN | Elhem Mekhaled, nouvelle championne de France de boxe","datePublished":"2017-03-22T07:18:39+00:00","dateModified":"2021-09-16T13:47:33+00:00","mainEntityOfPage":{"@id":"https:\/\/newsestlyonnais.fr\/site\/2017\/03\/22\/vaulx-en-velin-interview-delhem-mekhaled-nouvelle-championne-de-france-de-boxe\/"},"wordCount":424,"commentCount":0,"publisher":{"@id":"https:\/\/newsestlyonnais.fr\/site\/#organization"},"image":{"@id":"https:\/\/newsestlyonnais.fr\/site\/2017\/03\/22\/vaulx-en-velin-interview-delhem-mekhaled-nouvelle-championne-de-france-de-boxe\/#primaryimage"},"thumbnailUrl":"https:\/\/newsestlyonnais.fr\/site\/wp-content\/uploads\/2017\/03\/NEWSESTLYONNAIS-ELHEM-CHAM-FRANCE.jpg","articleSection":["Autres sports","Boxe","Divers Sports","F\u00e9minin (Actu au)","Vaulx-en-Velin"],"inLanguage":"fr-FR","potentialAction":[{"@type":"CommentAction","name":"Comment","target":["https:\/\/newsestlyonnais.fr\/site\/2017\/03\/22\/vaulx-en-velin-interview-delhem-mekhaled-nouvelle-championne-de-france-de-boxe\/#respond"]}]},{"@type":"WebPage","@id":"https:\/\/newsestlyonnais.fr\/site\/2017\/03\/22\/vaulx-en-velin-interview-delhem-mekhaled-nouvelle-championne-de-france-de-boxe\/","url":"https:\/\/newsestlyonnais.fr\/site\/2017\/03\/22\/vaulx-en-velin-interview-delhem-mekhaled-nouvelle-championne-de-france-de-boxe\/","name":"VAULX EN VELIN : Interview d'Elhem Mekhaled, nouvelle championne de France de boxe","isPartOf":{"@id":"https:\/\/newsestlyonnais.fr\/site\/#website"},"primaryImageOfPage":{"@id":"https:\/\/newsestlyonnais.fr\/site\/2017\/03\/22\/vaulx-en-velin-interview-delhem-mekhaled-nouvelle-championne-de-france-de-boxe\/#primaryimage"},"image":{"@id":"https:\/\/newsestlyonnais.fr\/site\/2017\/03\/22\/vaulx-en-velin-interview-delhem-mekhaled-nouvelle-championne-de-france-de-boxe\/#primaryimage"},"thumbnailUrl":"https:\/\/newsestlyonnais.fr\/site\/wp-content\/uploads\/2017\/03\/NEWSESTLYONNAIS-ELHEM-CHAM-FRANCE.jpg","datePublished":"2017-03-22T07:18:39+00:00","dateModified":"2021-09-16T13:47:33+00:00","description":"VAULX EN VELIN : Interview d'Elhem Mekhaled, nouvelle championne de France de boxe","breadcrumb":{"@id":"https:\/\/newsestlyonnais.fr\/site\/2017\/03\/22\/vaulx-en-velin-interview-delhem-mekhaled-nouvelle-championne-de-france-de-boxe\/#breadcrumb"},"inLanguage":"fr-FR","potentialAction":[{"@type":"ReadAction","target":["https:\/\/newsestlyonnais.fr\/site\/2017\/03\/22\/vaulx-en-velin-interview-delhem-mekhaled-nouvelle-championne-de-france-de-boxe\/"]}]},{"@type":"ImageObject","inLanguage":"fr-FR","@id":"https:\/\/newsestlyonnais.fr\/site\/2017\/03\/22\/vaulx-en-velin-interview-delhem-mekhaled-nouvelle-championne-de-france-de-boxe\/#primaryimage","url":"https:\/\/newsestlyonnais.fr\/site\/wp-content\/uploads\/2017\/03\/NEWSESTLYONNAIS-ELHEM-CHAM-FRANCE.jpg","contentUrl":"https:\/\/newsestlyonnais.fr\/site\/wp-content\/uploads\/2017\/03\/NEWSESTLYONNAIS-ELHEM-CHAM-FRANCE.jpg","width":1000,"height":750,"caption":"NEWSESTLYONNAIS - ELHEM CHAM FRANCE"},{"@type":"BreadcrumbList","@id":"https:\/\/newsestlyonnais.fr\/site\/2017\/03\/22\/vaulx-en-velin-interview-delhem-mekhaled-nouvelle-championne-de-france-de-boxe\/#breadcrumb","itemListElement":[{"@type":"ListItem","position":1,"name":"Accueil","item":"https:\/\/newsestlyonnais.fr\/site\/"},{"@type":"ListItem","position":2,"name":"VAULX-EN-VELIN | Elhem Mekhaled, nouvelle championne de France de boxe"}]},{"@type":"WebSite","@id":"https:\/\/newsestlyonnais.fr\/site\/#website","url":"https:\/\/newsestlyonnais.fr\/site\/","name":"News Est Lyonnais","description":"L&#039;actualit\u00e9 au plus pr\u00e8s","publisher":{"@id":"https:\/\/newsestlyonnais.fr\/site\/#organization"},"potentialAction":[{"@type":"SearchAction","target":{"@type":"EntryPoint","urlTemplate":"https:\/\/newsestlyonnais.fr\/site\/?s={search_term_string}"},"query-input":{"@type":"PropertyValueSpecification","valueRequired":true,"valueName":"search_term_string"}}],"inLanguage":"fr-FR"},{"@type":"Organization","@id":"https:\/\/newsestlyonnais.fr\/site\/#organization","name":"News EST LYONNAIS","url":"https:\/\/newsestlyonnais.fr\/site\/","logo":{"@type":"ImageObject","inLanguage":"fr-FR","@id":"https:\/\/newsestlyonnais.fr\/site\/#\/schema\/logo\/image\/","url":"","contentUrl":"","caption":"News EST LYONNAIS"},"image":{"@id":"https:\/\/newsestlyonnais.fr\/site\/#\/schema\/logo\/image\/"}},{"@type":"Person","@id":"https:\/\/newsestlyonnais.fr\/site\/#\/schema\/person\/3230d5615f390bb808365d673001e887","name":"R\u00e9dac. NEWS","sameAs":["http:\/\/www.newsestlyonnais.fr","https:\/\/www.facebook.com\/pascal.oberson.1?fref=ts","https:\/\/fr.linkedin.com\/in\/pascal-oberson-b17045113"],"url":"https:\/\/newsestlyonnais.fr\/site\/author\/nel\/"}]}},"_links":{"self":[{"href":"https:\/\/newsestlyonnais.fr\/site\/wp-json\/wp\/v2\/posts\/23092","targetHints":{"allow":["GET"]}}],"collection":[{"href":"https:\/\/newsestlyonnais.fr\/site\/wp-json\/wp\/v2\/posts"}],"about":[{"href":"https:\/\/newsestlyonnais.fr\/site\/wp-json\/wp\/v2\/types\/post"}],"author":[{"embeddable":true,"href":"https:\/\/newsestlyonnais.fr\/site\/wp-json\/wp\/v2\/users\/4"}],"replies":[{"embeddable":true,"href":"https:\/\/newsestlyonnais.fr\/site\/wp-json\/wp\/v2\/comments?post=23092"}],"version-history":[{"count":0,"href":"https:\/\/newsestlyonnais.fr\/site\/wp-json\/wp\/v2\/posts\/23092\/revisions"}],"wp:featuredmedia":[{"embeddable":true,"href":"https:\/\/newsestlyonnais.fr\/site\/wp-json\/wp\/v2\/media\/23097"}],"wp:attachment":[{"href":"https:\/\/newsestlyonnais.fr\/site\/wp-json\/wp\/v2\/media?parent=23092"}],"wp:term":[{"taxonomy":"category","embeddable":true,"href":"https:\/\/newsestlyonnais.fr\/site\/wp-json\/wp\/v2\/categories?post=23092"},{"taxonomy":"post_tag","embeddable":true,"href":"https:\/\/newsestlyonnais.fr\/site\/wp-json\/wp\/v2\/tags?post=23092"}],"curies":[{"name":"wp","href":"https:\/\/api.w.org\/{rel}","templated":true}]}}