{"id":23129,"date":"2017-03-22T12:21:00","date_gmt":"2017-03-22T11:21:00","guid":{"rendered":"http:\/\/newsestlyonnais.fr\/site\/?p=23129"},"modified":"2020-11-05T18:47:27","modified_gmt":"2020-11-05T17:47:27","slug":"chassieu-5-equipes-de-chassieu-gym-qualifiees-pour-la-finale-de-zone","status":"publish","type":"post","link":"https:\/\/newsestlyonnais.fr\/site\/2017\/03\/22\/chassieu-5-equipes-de-chassieu-gym-qualifiees-pour-la-finale-de-zone\/","title":{"rendered":"CHASSIEU | 5 \u00e9quipes de Chassieu Gym qualifi\u00e9es pour la finale de zone"},"content":{"rendered":"<h4>Cinq \u00e9quipes de Chassieu Gym ont particip\u00e9 \u00e0 la comp\u00e9tition r\u00e9gionale organis\u00e9e par la F\u00e9d\u00e9ration Francaise de Gymnastique au gymnase Berges de Seyssinet Parizet (Is\u00e8re) les 18 et 19 mars 2017.<\/h4>\n<ul>\n<li>L\u2019<strong>\u00e9quipe 1 f\u00e9minine<\/strong> compos\u00e9e de Maissane MEHRA, Noa BETTINELLI, Margot RABILLOUD et Lilou RAVIS obtient une belle 10\u00b0 place en Troph\u00e9e F\u00e9d\u00e9ral (+ 12 ans).<\/li>\n<li>L\u2019<strong>\u00e9quipe 1 masculine<\/strong> form\u00e9e par R\u00e9mi GUIBOUT, Tom ALIX, Victorien DHENIN, Quentin SELLES et Baptiste FOURETS a r\u00e9alis\u00e9 une bonne comp\u00e9tition et se classe 3\u00b0 en National (+ 12 ans). L&rsquo;<strong>\u00e9quipe 2<\/strong> (Enzo SOLANO, Audran DEMATTEIS, Martin RIVIER et Louis DHENIN) engag\u00e9e en Troph\u00e9e F\u00e9d\u00e9ral (+ 12 ans) \u00e9choue au pied du podium \u00e0 la 4\u00b0 place. \u00ab\u00a0De nombreuses erreurs doivent \u00eatre supprim\u00e9es si nous voulons acc\u00e9der \u00e0 la finale\u00a0\u00bb confiait l\u2019entraineur.<\/li>\n<\/ul>\n<p><strong>Enfin les deux \u00e9quipes de Nationale (10\/15 ans) se classent 1\u00b0 et 2\u00b0.<\/strong> Tom MINN, L\u00e9o BETTINELLI, Mathias DUNOUAU, Enzo TOMMASONE, Mat\u00e9o NICOLAS, Lucas COPONAT, Jessim FERCHICHE et Hugo Minn ont montr\u00e9 un bon engagement pour atteindre cet objectif. A noter la tr\u00e8s bonne prestation de Tom MINN qui est depuis septembre soci\u00e9taire du p\u00f4le France de Lyon.<\/p>\n<ul>\n<li>Les 5 \u00e9quipes se sont qualifi\u00e9es pour la zone \u00e9quipes \u00e0 Bellegarde sur Valserine qui aura lieu les 15 et 16 avril.<\/li>\n<\/ul>\n<p><em><strong>NOTA<\/strong><\/em>: Le club organisera le samedi 25 mars \u00e0 17 heures 30 \u00e0 la salle polyvalente de CHASSIEU, <span style=\"text-decoration: underline\"><em><strong>un concours de coinche<\/strong><\/em><\/span><\/p>\n<h4>Retrouvez toute l&rsquo;ACTU du club sur: <a href=\"http:\/\/www.chassieugym.fr\" target=\"_blank\" rel=\"noopener noreferrer\">http:\/\/www.chassieugym.fr<\/a><\/h4>\n<p>&nbsp;<\/p>\n","protected":false},"excerpt":{"rendered":"<p>Cinq \u00e9quipes de Chassieu Gym ont particip\u00e9 \u00e0 la comp\u00e9tition r\u00e9gionale organis\u00e9e par la F\u00e9d\u00e9ration Francaise de Gymnastique au gymnase Berges de Seyssinet Parizet (Is\u00e8re) les 18 et 19 mars 2017. L\u2019\u00e9quipe 1 f\u00e9minine compos\u00e9e de Maissane MEHRA, Noa BETTINELLI, Margot RABILLOUD et Lilou RAVIS obtient une belle 10\u00b0 place en Troph\u00e9e F\u00e9d\u00e9ral (+ 12 [&hellip;]<\/p>\n","protected":false},"author":4,"featured_media":23134,"comment_status":"open","ping_status":"open","sticky":false,"template":"","format":"standard","meta":{"footnotes":""},"categories":[1283,166,1319],"tags":[],"class_list":["post-23129","post","type-post","status-publish","format-standard","has-post-thumbnail","hentry","category-chassieu-communes-diverses","category-divers-sports","category-gymnastique-grs-gv"],"yoast_head":"<!-- This site is optimized with the Yoast SEO plugin v27.2 - https:\/\/yoast.com\/product\/yoast-seo-wordpress\/ -->\n<title>CHASSIEU : 5 \u00e9quipes de Chassieu Gym qualifi\u00e9es pour la finale de zone<\/title>\n<meta name=\"description\" content=\"CHASSIEU : 5 \u00e9quipes de Chassieu Gym qualifi\u00e9es pour la finale de zone\" \/>\n<meta name=\"robots\" content=\"index, follow, max-snippet:-1, max-image-preview:large, max-video-preview:-1\" \/>\n<link rel=\"canonical\" href=\"https:\/\/newsestlyonnais.fr\/site\/2017\/03\/22\/chassieu-5-equipes-de-chassieu-gym-qualifiees-pour-la-finale-de-zone\/\" \/>\n<meta property=\"og:locale\" content=\"fr_FR\" \/>\n<meta property=\"og:type\" content=\"article\" \/>\n<meta property=\"og:title\" content=\"CHASSIEU : 5 \u00e9quipes de Chassieu Gym qualifi\u00e9es pour la finale de zone\" \/>\n<meta property=\"og:description\" content=\"CHASSIEU : 5 \u00e9quipes de Chassieu Gym qualifi\u00e9es pour la finale de zone\" \/>\n<meta property=\"og:url\" content=\"https:\/\/newsestlyonnais.fr\/site\/2017\/03\/22\/chassieu-5-equipes-de-chassieu-gym-qualifiees-pour-la-finale-de-zone\/\" \/>\n<meta property=\"og:site_name\" content=\"News Est Lyonnais\" \/>\n<meta property=\"article:author\" content=\"https:\/\/www.facebook.com\/pascal.oberson.1?fref=ts\" \/>\n<meta property=\"article:published_time\" content=\"2017-03-22T11:21:00+00:00\" \/>\n<meta property=\"article:modified_time\" content=\"2020-11-05T17:47:27+00:00\" \/>\n<meta property=\"og:image\" content=\"https:\/\/i0.wp.com\/newsestlyonnais.fr\/site\/wp-content\/uploads\/2017\/03\/NEWSESTLYONNAIS-COMPET-GYM-CHASSIEU.jpg?fit=1000%2C750&ssl=1\" \/>\n\t<meta property=\"og:image:width\" content=\"1000\" \/>\n\t<meta property=\"og:image:height\" content=\"750\" \/>\n\t<meta property=\"og:image:type\" content=\"image\/jpeg\" \/>\n<meta name=\"author\" content=\"R\u00e9dac. NEWS\" \/>\n<meta name=\"twitter:card\" content=\"summary_large_image\" \/>\n<meta name=\"twitter:label1\" content=\"\u00c9crit par\" \/>\n\t<meta name=\"twitter:data1\" content=\"R\u00e9dac. NEWS\" \/>\n\t<meta name=\"twitter:label2\" content=\"Dur\u00e9e de lecture estim\u00e9e\" \/>\n\t<meta name=\"twitter:data2\" content=\"1 minute\" \/>\n<script type=\"application\/ld+json\" class=\"yoast-schema-graph\">{\"@context\":\"https:\/\/schema.org\",\"@graph\":[{\"@type\":\"Article\",\"@id\":\"https:\/\/newsestlyonnais.fr\/site\/2017\/03\/22\/chassieu-5-equipes-de-chassieu-gym-qualifiees-pour-la-finale-de-zone\/#article\",\"isPartOf\":{\"@id\":\"https:\/\/newsestlyonnais.fr\/site\/2017\/03\/22\/chassieu-5-equipes-de-chassieu-gym-qualifiees-pour-la-finale-de-zone\/\"},\"author\":{\"name\":\"R\u00e9dac. NEWS\",\"@id\":\"https:\/\/newsestlyonnais.fr\/site\/#\/schema\/person\/3230d5615f390bb808365d673001e887\"},\"headline\":\"CHASSIEU | 5 \u00e9quipes de Chassieu Gym qualifi\u00e9es pour la finale de zone\",\"datePublished\":\"2017-03-22T11:21:00+00:00\",\"dateModified\":\"2020-11-05T17:47:27+00:00\",\"mainEntityOfPage\":{\"@id\":\"https:\/\/newsestlyonnais.fr\/site\/2017\/03\/22\/chassieu-5-equipes-de-chassieu-gym-qualifiees-pour-la-finale-de-zone\/\"},\"wordCount\":255,\"commentCount\":0,\"publisher\":{\"@id\":\"https:\/\/newsestlyonnais.fr\/site\/#organization\"},\"image\":{\"@id\":\"https:\/\/newsestlyonnais.fr\/site\/2017\/03\/22\/chassieu-5-equipes-de-chassieu-gym-qualifiees-pour-la-finale-de-zone\/#primaryimage\"},\"thumbnailUrl\":\"https:\/\/newsestlyonnais.fr\/site\/wp-content\/uploads\/2017\/03\/NEWSESTLYONNAIS-COMPET-GYM-CHASSIEU.jpg\",\"articleSection\":[\"Chassieu | Communes diverses\",\"Divers Sports\",\"Gymnastique | Grs | Gv\"],\"inLanguage\":\"fr-FR\",\"potentialAction\":[{\"@type\":\"CommentAction\",\"name\":\"Comment\",\"target\":[\"https:\/\/newsestlyonnais.fr\/site\/2017\/03\/22\/chassieu-5-equipes-de-chassieu-gym-qualifiees-pour-la-finale-de-zone\/#respond\"]}]},{\"@type\":\"WebPage\",\"@id\":\"https:\/\/newsestlyonnais.fr\/site\/2017\/03\/22\/chassieu-5-equipes-de-chassieu-gym-qualifiees-pour-la-finale-de-zone\/\",\"url\":\"https:\/\/newsestlyonnais.fr\/site\/2017\/03\/22\/chassieu-5-equipes-de-chassieu-gym-qualifiees-pour-la-finale-de-zone\/\",\"name\":\"CHASSIEU : 5 \u00e9quipes de Chassieu Gym qualifi\u00e9es pour la finale de zone\",\"isPartOf\":{\"@id\":\"https:\/\/newsestlyonnais.fr\/site\/#website\"},\"primaryImageOfPage\":{\"@id\":\"https:\/\/newsestlyonnais.fr\/site\/2017\/03\/22\/chassieu-5-equipes-de-chassieu-gym-qualifiees-pour-la-finale-de-zone\/#primaryimage\"},\"image\":{\"@id\":\"https:\/\/newsestlyonnais.fr\/site\/2017\/03\/22\/chassieu-5-equipes-de-chassieu-gym-qualifiees-pour-la-finale-de-zone\/#primaryimage\"},\"thumbnailUrl\":\"https:\/\/newsestlyonnais.fr\/site\/wp-content\/uploads\/2017\/03\/NEWSESTLYONNAIS-COMPET-GYM-CHASSIEU.jpg\",\"datePublished\":\"2017-03-22T11:21:00+00:00\",\"dateModified\":\"2020-11-05T17:47:27+00:00\",\"description\":\"CHASSIEU : 5 \u00e9quipes de Chassieu Gym qualifi\u00e9es pour la finale de zone\",\"breadcrumb\":{\"@id\":\"https:\/\/newsestlyonnais.fr\/site\/2017\/03\/22\/chassieu-5-equipes-de-chassieu-gym-qualifiees-pour-la-finale-de-zone\/#breadcrumb\"},\"inLanguage\":\"fr-FR\",\"potentialAction\":[{\"@type\":\"ReadAction\",\"target\":[\"https:\/\/newsestlyonnais.fr\/site\/2017\/03\/22\/chassieu-5-equipes-de-chassieu-gym-qualifiees-pour-la-finale-de-zone\/\"]}]},{\"@type\":\"ImageObject\",\"inLanguage\":\"fr-FR\",\"@id\":\"https:\/\/newsestlyonnais.fr\/site\/2017\/03\/22\/chassieu-5-equipes-de-chassieu-gym-qualifiees-pour-la-finale-de-zone\/#primaryimage\",\"url\":\"https:\/\/newsestlyonnais.fr\/site\/wp-content\/uploads\/2017\/03\/NEWSESTLYONNAIS-COMPET-GYM-CHASSIEU.jpg\",\"contentUrl\":\"https:\/\/newsestlyonnais.fr\/site\/wp-content\/uploads\/2017\/03\/NEWSESTLYONNAIS-COMPET-GYM-CHASSIEU.jpg\",\"width\":1000,\"height\":750,\"caption\":\"NEWSESTLYONNAIS - COMPET GYM CHASSIEU\"},{\"@type\":\"BreadcrumbList\",\"@id\":\"https:\/\/newsestlyonnais.fr\/site\/2017\/03\/22\/chassieu-5-equipes-de-chassieu-gym-qualifiees-pour-la-finale-de-zone\/#breadcrumb\",\"itemListElement\":[{\"@type\":\"ListItem\",\"position\":1,\"name\":\"Accueil\",\"item\":\"https:\/\/newsestlyonnais.fr\/site\/\"},{\"@type\":\"ListItem\",\"position\":2,\"name\":\"CHASSIEU | 5 \u00e9quipes de Chassieu Gym qualifi\u00e9es pour la finale de zone\"}]},{\"@type\":\"WebSite\",\"@id\":\"https:\/\/newsestlyonnais.fr\/site\/#website\",\"url\":\"https:\/\/newsestlyonnais.fr\/site\/\",\"name\":\"News Est Lyonnais\",\"description\":\"L&#039;actualit\u00e9 au plus pr\u00e8s\",\"publisher\":{\"@id\":\"https:\/\/newsestlyonnais.fr\/site\/#organization\"},\"potentialAction\":[{\"@type\":\"SearchAction\",\"target\":{\"@type\":\"EntryPoint\",\"urlTemplate\":\"https:\/\/newsestlyonnais.fr\/site\/?s={search_term_string}\"},\"query-input\":{\"@type\":\"PropertyValueSpecification\",\"valueRequired\":true,\"valueName\":\"search_term_string\"}}],\"inLanguage\":\"fr-FR\"},{\"@type\":\"Organization\",\"@id\":\"https:\/\/newsestlyonnais.fr\/site\/#organization\",\"name\":\"News EST LYONNAIS\",\"url\":\"https:\/\/newsestlyonnais.fr\/site\/\",\"logo\":{\"@type\":\"ImageObject\",\"inLanguage\":\"fr-FR\",\"@id\":\"https:\/\/newsestlyonnais.fr\/site\/#\/schema\/logo\/image\/\",\"url\":\"\",\"contentUrl\":\"\",\"caption\":\"News EST LYONNAIS\"},\"image\":{\"@id\":\"https:\/\/newsestlyonnais.fr\/site\/#\/schema\/logo\/image\/\"}},{\"@type\":\"Person\",\"@id\":\"https:\/\/newsestlyonnais.fr\/site\/#\/schema\/person\/3230d5615f390bb808365d673001e887\",\"name\":\"R\u00e9dac. NEWS\",\"sameAs\":[\"http:\/\/www.newsestlyonnais.fr\",\"https:\/\/www.facebook.com\/pascal.oberson.1?fref=ts\",\"https:\/\/fr.linkedin.com\/in\/pascal-oberson-b17045113\"],\"url\":\"https:\/\/newsestlyonnais.fr\/site\/author\/nel\/\"}]}<\/script>\n<!-- \/ Yoast SEO plugin. -->","yoast_head_json":{"title":"CHASSIEU : 5 \u00e9quipes de Chassieu Gym qualifi\u00e9es pour la finale de zone","description":"CHASSIEU : 5 \u00e9quipes de Chassieu Gym qualifi\u00e9es pour la finale de zone","robots":{"index":"index","follow":"follow","max-snippet":"max-snippet:-1","max-image-preview":"max-image-preview:large","max-video-preview":"max-video-preview:-1"},"canonical":"https:\/\/newsestlyonnais.fr\/site\/2017\/03\/22\/chassieu-5-equipes-de-chassieu-gym-qualifiees-pour-la-finale-de-zone\/","og_locale":"fr_FR","og_type":"article","og_title":"CHASSIEU : 5 \u00e9quipes de Chassieu Gym qualifi\u00e9es pour la finale de zone","og_description":"CHASSIEU : 5 \u00e9quipes de Chassieu Gym qualifi\u00e9es pour la finale de zone","og_url":"https:\/\/newsestlyonnais.fr\/site\/2017\/03\/22\/chassieu-5-equipes-de-chassieu-gym-qualifiees-pour-la-finale-de-zone\/","og_site_name":"News Est Lyonnais","article_author":"https:\/\/www.facebook.com\/pascal.oberson.1?fref=ts","article_published_time":"2017-03-22T11:21:00+00:00","article_modified_time":"2020-11-05T17:47:27+00:00","og_image":[{"width":1000,"height":750,"url":"https:\/\/i0.wp.com\/newsestlyonnais.fr\/site\/wp-content\/uploads\/2017\/03\/NEWSESTLYONNAIS-COMPET-GYM-CHASSIEU.jpg?fit=1000%2C750&ssl=1","type":"image\/jpeg"}],"author":"R\u00e9dac. NEWS","twitter_card":"summary_large_image","twitter_misc":{"\u00c9crit par":"R\u00e9dac. NEWS","Dur\u00e9e de lecture estim\u00e9e":"1 minute"},"schema":{"@context":"https:\/\/schema.org","@graph":[{"@type":"Article","@id":"https:\/\/newsestlyonnais.fr\/site\/2017\/03\/22\/chassieu-5-equipes-de-chassieu-gym-qualifiees-pour-la-finale-de-zone\/#article","isPartOf":{"@id":"https:\/\/newsestlyonnais.fr\/site\/2017\/03\/22\/chassieu-5-equipes-de-chassieu-gym-qualifiees-pour-la-finale-de-zone\/"},"author":{"name":"R\u00e9dac. NEWS","@id":"https:\/\/newsestlyonnais.fr\/site\/#\/schema\/person\/3230d5615f390bb808365d673001e887"},"headline":"CHASSIEU | 5 \u00e9quipes de Chassieu Gym qualifi\u00e9es pour la finale de zone","datePublished":"2017-03-22T11:21:00+00:00","dateModified":"2020-11-05T17:47:27+00:00","mainEntityOfPage":{"@id":"https:\/\/newsestlyonnais.fr\/site\/2017\/03\/22\/chassieu-5-equipes-de-chassieu-gym-qualifiees-pour-la-finale-de-zone\/"},"wordCount":255,"commentCount":0,"publisher":{"@id":"https:\/\/newsestlyonnais.fr\/site\/#organization"},"image":{"@id":"https:\/\/newsestlyonnais.fr\/site\/2017\/03\/22\/chassieu-5-equipes-de-chassieu-gym-qualifiees-pour-la-finale-de-zone\/#primaryimage"},"thumbnailUrl":"https:\/\/newsestlyonnais.fr\/site\/wp-content\/uploads\/2017\/03\/NEWSESTLYONNAIS-COMPET-GYM-CHASSIEU.jpg","articleSection":["Chassieu | Communes diverses","Divers Sports","Gymnastique | Grs | Gv"],"inLanguage":"fr-FR","potentialAction":[{"@type":"CommentAction","name":"Comment","target":["https:\/\/newsestlyonnais.fr\/site\/2017\/03\/22\/chassieu-5-equipes-de-chassieu-gym-qualifiees-pour-la-finale-de-zone\/#respond"]}]},{"@type":"WebPage","@id":"https:\/\/newsestlyonnais.fr\/site\/2017\/03\/22\/chassieu-5-equipes-de-chassieu-gym-qualifiees-pour-la-finale-de-zone\/","url":"https:\/\/newsestlyonnais.fr\/site\/2017\/03\/22\/chassieu-5-equipes-de-chassieu-gym-qualifiees-pour-la-finale-de-zone\/","name":"CHASSIEU : 5 \u00e9quipes de Chassieu Gym qualifi\u00e9es pour la finale de zone","isPartOf":{"@id":"https:\/\/newsestlyonnais.fr\/site\/#website"},"primaryImageOfPage":{"@id":"https:\/\/newsestlyonnais.fr\/site\/2017\/03\/22\/chassieu-5-equipes-de-chassieu-gym-qualifiees-pour-la-finale-de-zone\/#primaryimage"},"image":{"@id":"https:\/\/newsestlyonnais.fr\/site\/2017\/03\/22\/chassieu-5-equipes-de-chassieu-gym-qualifiees-pour-la-finale-de-zone\/#primaryimage"},"thumbnailUrl":"https:\/\/newsestlyonnais.fr\/site\/wp-content\/uploads\/2017\/03\/NEWSESTLYONNAIS-COMPET-GYM-CHASSIEU.jpg","datePublished":"2017-03-22T11:21:00+00:00","dateModified":"2020-11-05T17:47:27+00:00","description":"CHASSIEU : 5 \u00e9quipes de Chassieu Gym qualifi\u00e9es pour la finale de zone","breadcrumb":{"@id":"https:\/\/newsestlyonnais.fr\/site\/2017\/03\/22\/chassieu-5-equipes-de-chassieu-gym-qualifiees-pour-la-finale-de-zone\/#breadcrumb"},"inLanguage":"fr-FR","potentialAction":[{"@type":"ReadAction","target":["https:\/\/newsestlyonnais.fr\/site\/2017\/03\/22\/chassieu-5-equipes-de-chassieu-gym-qualifiees-pour-la-finale-de-zone\/"]}]},{"@type":"ImageObject","inLanguage":"fr-FR","@id":"https:\/\/newsestlyonnais.fr\/site\/2017\/03\/22\/chassieu-5-equipes-de-chassieu-gym-qualifiees-pour-la-finale-de-zone\/#primaryimage","url":"https:\/\/newsestlyonnais.fr\/site\/wp-content\/uploads\/2017\/03\/NEWSESTLYONNAIS-COMPET-GYM-CHASSIEU.jpg","contentUrl":"https:\/\/newsestlyonnais.fr\/site\/wp-content\/uploads\/2017\/03\/NEWSESTLYONNAIS-COMPET-GYM-CHASSIEU.jpg","width":1000,"height":750,"caption":"NEWSESTLYONNAIS - COMPET GYM CHASSIEU"},{"@type":"BreadcrumbList","@id":"https:\/\/newsestlyonnais.fr\/site\/2017\/03\/22\/chassieu-5-equipes-de-chassieu-gym-qualifiees-pour-la-finale-de-zone\/#breadcrumb","itemListElement":[{"@type":"ListItem","position":1,"name":"Accueil","item":"https:\/\/newsestlyonnais.fr\/site\/"},{"@type":"ListItem","position":2,"name":"CHASSIEU | 5 \u00e9quipes de Chassieu Gym qualifi\u00e9es pour la finale de zone"}]},{"@type":"WebSite","@id":"https:\/\/newsestlyonnais.fr\/site\/#website","url":"https:\/\/newsestlyonnais.fr\/site\/","name":"News Est Lyonnais","description":"L&#039;actualit\u00e9 au plus pr\u00e8s","publisher":{"@id":"https:\/\/newsestlyonnais.fr\/site\/#organization"},"potentialAction":[{"@type":"SearchAction","target":{"@type":"EntryPoint","urlTemplate":"https:\/\/newsestlyonnais.fr\/site\/?s={search_term_string}"},"query-input":{"@type":"PropertyValueSpecification","valueRequired":true,"valueName":"search_term_string"}}],"inLanguage":"fr-FR"},{"@type":"Organization","@id":"https:\/\/newsestlyonnais.fr\/site\/#organization","name":"News EST LYONNAIS","url":"https:\/\/newsestlyonnais.fr\/site\/","logo":{"@type":"ImageObject","inLanguage":"fr-FR","@id":"https:\/\/newsestlyonnais.fr\/site\/#\/schema\/logo\/image\/","url":"","contentUrl":"","caption":"News EST LYONNAIS"},"image":{"@id":"https:\/\/newsestlyonnais.fr\/site\/#\/schema\/logo\/image\/"}},{"@type":"Person","@id":"https:\/\/newsestlyonnais.fr\/site\/#\/schema\/person\/3230d5615f390bb808365d673001e887","name":"R\u00e9dac. NEWS","sameAs":["http:\/\/www.newsestlyonnais.fr","https:\/\/www.facebook.com\/pascal.oberson.1?fref=ts","https:\/\/fr.linkedin.com\/in\/pascal-oberson-b17045113"],"url":"https:\/\/newsestlyonnais.fr\/site\/author\/nel\/"}]}},"_links":{"self":[{"href":"https:\/\/newsestlyonnais.fr\/site\/wp-json\/wp\/v2\/posts\/23129","targetHints":{"allow":["GET"]}}],"collection":[{"href":"https:\/\/newsestlyonnais.fr\/site\/wp-json\/wp\/v2\/posts"}],"about":[{"href":"https:\/\/newsestlyonnais.fr\/site\/wp-json\/wp\/v2\/types\/post"}],"author":[{"embeddable":true,"href":"https:\/\/newsestlyonnais.fr\/site\/wp-json\/wp\/v2\/users\/4"}],"replies":[{"embeddable":true,"href":"https:\/\/newsestlyonnais.fr\/site\/wp-json\/wp\/v2\/comments?post=23129"}],"version-history":[{"count":0,"href":"https:\/\/newsestlyonnais.fr\/site\/wp-json\/wp\/v2\/posts\/23129\/revisions"}],"wp:featuredmedia":[{"embeddable":true,"href":"https:\/\/newsestlyonnais.fr\/site\/wp-json\/wp\/v2\/media\/23134"}],"wp:attachment":[{"href":"https:\/\/newsestlyonnais.fr\/site\/wp-json\/wp\/v2\/media?parent=23129"}],"wp:term":[{"taxonomy":"category","embeddable":true,"href":"https:\/\/newsestlyonnais.fr\/site\/wp-json\/wp\/v2\/categories?post=23129"},{"taxonomy":"post_tag","embeddable":true,"href":"https:\/\/newsestlyonnais.fr\/site\/wp-json\/wp\/v2\/tags?post=23129"}],"curies":[{"name":"wp","href":"https:\/\/api.w.org\/{rel}","templated":true}]}}