{"id":23145,"date":"2017-03-22T17:16:22","date_gmt":"2017-03-22T16:16:22","guid":{"rendered":"http:\/\/newsestlyonnais.fr\/site\/?p=23145"},"modified":"2020-11-09T16:11:39","modified_gmt":"2020-11-09T15:11:39","slug":"vaulx-en-velin-baisser-de-rideau-du-festival-2017-a-vaulx-jazz","status":"publish","type":"post","link":"https:\/\/newsestlyonnais.fr\/site\/2017\/03\/22\/vaulx-en-velin-baisser-de-rideau-du-festival-2017-a-vaulx-jazz\/","title":{"rendered":"VAULX-EN-VELIN | Baisser de rideau du festival 2017 \u00ab\u00a0A Vaulx Jazz\u00a0\u00bb"},"content":{"rendered":"<p><span style=\"font-family: Arial,Helvetica,sans-serif\"><span style=\"font-size: medium\"><em><strong>Seconde et derni\u00e8re semaine pour le c\u0153ur du festival A Vaulx Jazz, avec des concerts au Centre Culturel Charlie Chaplin mais aussi \u00ab\u00a0Hors les Murs\u00a0\u00bb.<\/strong><\/em><\/span><\/span><\/p>\n<ul>\n<li><strong>Ce mercredi 22 mars<\/strong>,\u00a0c&rsquo;est soir\u00e9e \u00ab Jazz Front \u00bb, on c\u00e9l\u00e8bre \u00a0\u00e0 la fois les cinquante ans du Workshop de Lyon et les quarante ans de l&rsquo;Arfi, avant de d\u00e9couvrir le tout nouveau Jazz Free Quartet d&rsquo;Avisha\u00ef Cohen (le c\u00e9l\u00e8bre contrebassiste, \u00e9galement cette fois pianiste et chanteur).<\/li>\n<li><span style=\"font-family: Arial,Helvetica,sans-serif\"><span style=\"font-size: medium\"><strong>Jeudi<\/strong>, Antoine Mermet (saxophoniste, multi instrumentiste et vocaliste) nous propose au Plan\u00e9tarium un \u00ab\u00a0solo de bouche amplifi\u00e9e\u00a0\u00bb ! <\/span><\/span><span style=\"font-family: Arial,Helvetica,sans-serif\"><span style=\"font-size: medium\">C&rsquo;est aussi la f\u00eate de l&rsquo;anche \u00e0 Charlie Chaplin avec le grand Steve Coleman de retour en trio (Reflex) et le tout jeune et passionnant leader de Sons of Kemet, Shabaka Hutchings \u00e0 la t\u00eate de son nouveau projet The Ancestors.<\/span><\/span><\/li>\n<\/ul>\n<ul>\n<li><strong>Vendredi<\/strong>, le blues et le funk investissent la grande sc\u00e8ne avec Boney Fields et l\u2019\u00e9toile montante Selwyn Birchwood venu d\u2019Orlando.<\/li>\n<li><strong>Samedi<\/strong> enfin, soir\u00e9e de cl\u00f4ture intitul\u00e9e \u00ab\u00a0Le Verbe Haut\u00a0\u00bb avec le tr\u00e8s spectaculaire Napoleon Maddox (nouvelle cr\u00e9ation \u00abTwice the First Time\u00bb) et le roi incontest\u00e9 du spoken word Anthony Joseph.<\/li>\n<\/ul>\n<h4>Plus d&rsquo;infos sur: <a href=\"http:\/\/www.centrecharliechaplin.com\/saison-2016-2017\/a-vaulx-jazz-2017-30\" target=\"_blank\" rel=\"noopener noreferrer\">http:\/\/www.centrecharliechaplin.com\/saison-2016-2017\/a-vaulx-jazz-2017-30<\/a><\/h4>\n","protected":false},"excerpt":{"rendered":"<p>Seconde et derni\u00e8re semaine pour le c\u0153ur du festival A Vaulx Jazz, avec des concerts au Centre Culturel Charlie Chaplin mais aussi \u00ab\u00a0Hors les Murs\u00a0\u00bb. Ce mercredi 22 mars,\u00a0c&rsquo;est soir\u00e9e \u00ab Jazz Front \u00bb, on c\u00e9l\u00e8bre \u00a0\u00e0 la fois les cinquante ans du Workshop de Lyon et les quarante ans de l&rsquo;Arfi, avant de d\u00e9couvrir [&hellip;]<\/p>\n","protected":false},"author":4,"featured_media":21000,"comment_status":"open","ping_status":"open","sticky":false,"template":"","format":"standard","meta":{"footnotes":""},"categories":[3006,28],"tags":[],"class_list":["post-23145","post","type-post","status-publish","format-standard","has-post-thumbnail","hentry","category-musique-danse-humour","category-vaulx-en-velin"],"yoast_head":"<!-- This site is optimized with the Yoast SEO plugin v27.2 - https:\/\/yoast.com\/product\/yoast-seo-wordpress\/ -->\n<title>VAULX EN VELIN: Baisser de rideau du festival 2017 &quot;A Vaulx Jazz&quot;<\/title>\n<meta name=\"description\" content=\"VAULX EN VELIN: Baisser de rideau du festival 2017 &quot;A Vaulx Jazz&quot;\" \/>\n<meta name=\"robots\" content=\"index, follow, max-snippet:-1, max-image-preview:large, max-video-preview:-1\" \/>\n<link rel=\"canonical\" href=\"https:\/\/newsestlyonnais.fr\/site\/2017\/03\/22\/vaulx-en-velin-baisser-de-rideau-du-festival-2017-a-vaulx-jazz\/\" \/>\n<meta property=\"og:locale\" content=\"fr_FR\" \/>\n<meta property=\"og:type\" content=\"article\" \/>\n<meta property=\"og:title\" content=\"VAULX EN VELIN: Baisser de rideau du festival 2017 &quot;A Vaulx Jazz&quot;\" \/>\n<meta property=\"og:description\" content=\"VAULX EN VELIN: Baisser de rideau du festival 2017 &quot;A Vaulx Jazz&quot;\" \/>\n<meta property=\"og:url\" content=\"https:\/\/newsestlyonnais.fr\/site\/2017\/03\/22\/vaulx-en-velin-baisser-de-rideau-du-festival-2017-a-vaulx-jazz\/\" \/>\n<meta property=\"og:site_name\" content=\"News Est Lyonnais\" \/>\n<meta property=\"article:author\" content=\"https:\/\/www.facebook.com\/pascal.oberson.1?fref=ts\" \/>\n<meta property=\"article:published_time\" content=\"2017-03-22T16:16:22+00:00\" \/>\n<meta property=\"article:modified_time\" content=\"2020-11-09T15:11:39+00:00\" \/>\n<meta property=\"og:image\" content=\"https:\/\/i2.wp.com\/newsestlyonnais.fr\/site\/wp-content\/uploads\/2017\/02\/NEWSESTLYONNAIS-vaulx-journal.jpg?fit=1000%2C750&ssl=1\" \/>\n\t<meta property=\"og:image:width\" content=\"1000\" \/>\n\t<meta property=\"og:image:height\" content=\"750\" \/>\n\t<meta property=\"og:image:type\" content=\"image\/jpeg\" \/>\n<meta name=\"author\" content=\"R\u00e9dac. NEWS\" \/>\n<meta name=\"twitter:card\" content=\"summary_large_image\" \/>\n<meta name=\"twitter:label1\" content=\"\u00c9crit par\" \/>\n\t<meta name=\"twitter:data1\" content=\"R\u00e9dac. NEWS\" \/>\n\t<meta name=\"twitter:label2\" content=\"Dur\u00e9e de lecture estim\u00e9e\" \/>\n\t<meta name=\"twitter:data2\" content=\"1 minute\" \/>\n<script type=\"application\/ld+json\" class=\"yoast-schema-graph\">{\"@context\":\"https:\/\/schema.org\",\"@graph\":[{\"@type\":\"Article\",\"@id\":\"https:\/\/newsestlyonnais.fr\/site\/2017\/03\/22\/vaulx-en-velin-baisser-de-rideau-du-festival-2017-a-vaulx-jazz\/#article\",\"isPartOf\":{\"@id\":\"https:\/\/newsestlyonnais.fr\/site\/2017\/03\/22\/vaulx-en-velin-baisser-de-rideau-du-festival-2017-a-vaulx-jazz\/\"},\"author\":{\"name\":\"R\u00e9dac. NEWS\",\"@id\":\"https:\/\/newsestlyonnais.fr\/site\/#\/schema\/person\/3230d5615f390bb808365d673001e887\"},\"headline\":\"VAULX-EN-VELIN | Baisser de rideau du festival 2017 \u00ab\u00a0A Vaulx Jazz\u00a0\u00bb\",\"datePublished\":\"2017-03-22T16:16:22+00:00\",\"dateModified\":\"2020-11-09T15:11:39+00:00\",\"mainEntityOfPage\":{\"@id\":\"https:\/\/newsestlyonnais.fr\/site\/2017\/03\/22\/vaulx-en-velin-baisser-de-rideau-du-festival-2017-a-vaulx-jazz\/\"},\"wordCount\":221,\"commentCount\":0,\"publisher\":{\"@id\":\"https:\/\/newsestlyonnais.fr\/site\/#organization\"},\"image\":{\"@id\":\"https:\/\/newsestlyonnais.fr\/site\/2017\/03\/22\/vaulx-en-velin-baisser-de-rideau-du-festival-2017-a-vaulx-jazz\/#primaryimage\"},\"thumbnailUrl\":\"https:\/\/newsestlyonnais.fr\/site\/wp-content\/uploads\/2017\/02\/NEWSESTLYONNAIS-vaulx-journal.jpg\",\"articleSection\":[\"Musique | Danse | Humour\",\"Vaulx-en-Velin\"],\"inLanguage\":\"fr-FR\",\"potentialAction\":[{\"@type\":\"CommentAction\",\"name\":\"Comment\",\"target\":[\"https:\/\/newsestlyonnais.fr\/site\/2017\/03\/22\/vaulx-en-velin-baisser-de-rideau-du-festival-2017-a-vaulx-jazz\/#respond\"]}]},{\"@type\":\"WebPage\",\"@id\":\"https:\/\/newsestlyonnais.fr\/site\/2017\/03\/22\/vaulx-en-velin-baisser-de-rideau-du-festival-2017-a-vaulx-jazz\/\",\"url\":\"https:\/\/newsestlyonnais.fr\/site\/2017\/03\/22\/vaulx-en-velin-baisser-de-rideau-du-festival-2017-a-vaulx-jazz\/\",\"name\":\"VAULX EN VELIN: Baisser de rideau du festival 2017 \\\"A Vaulx Jazz\\\"\",\"isPartOf\":{\"@id\":\"https:\/\/newsestlyonnais.fr\/site\/#website\"},\"primaryImageOfPage\":{\"@id\":\"https:\/\/newsestlyonnais.fr\/site\/2017\/03\/22\/vaulx-en-velin-baisser-de-rideau-du-festival-2017-a-vaulx-jazz\/#primaryimage\"},\"image\":{\"@id\":\"https:\/\/newsestlyonnais.fr\/site\/2017\/03\/22\/vaulx-en-velin-baisser-de-rideau-du-festival-2017-a-vaulx-jazz\/#primaryimage\"},\"thumbnailUrl\":\"https:\/\/newsestlyonnais.fr\/site\/wp-content\/uploads\/2017\/02\/NEWSESTLYONNAIS-vaulx-journal.jpg\",\"datePublished\":\"2017-03-22T16:16:22+00:00\",\"dateModified\":\"2020-11-09T15:11:39+00:00\",\"description\":\"VAULX EN VELIN: Baisser de rideau du festival 2017 \\\"A Vaulx Jazz\\\"\",\"breadcrumb\":{\"@id\":\"https:\/\/newsestlyonnais.fr\/site\/2017\/03\/22\/vaulx-en-velin-baisser-de-rideau-du-festival-2017-a-vaulx-jazz\/#breadcrumb\"},\"inLanguage\":\"fr-FR\",\"potentialAction\":[{\"@type\":\"ReadAction\",\"target\":[\"https:\/\/newsestlyonnais.fr\/site\/2017\/03\/22\/vaulx-en-velin-baisser-de-rideau-du-festival-2017-a-vaulx-jazz\/\"]}]},{\"@type\":\"ImageObject\",\"inLanguage\":\"fr-FR\",\"@id\":\"https:\/\/newsestlyonnais.fr\/site\/2017\/03\/22\/vaulx-en-velin-baisser-de-rideau-du-festival-2017-a-vaulx-jazz\/#primaryimage\",\"url\":\"https:\/\/newsestlyonnais.fr\/site\/wp-content\/uploads\/2017\/02\/NEWSESTLYONNAIS-vaulx-journal.jpg\",\"contentUrl\":\"https:\/\/newsestlyonnais.fr\/site\/wp-content\/uploads\/2017\/02\/NEWSESTLYONNAIS-vaulx-journal.jpg\",\"width\":1000,\"height\":750,\"caption\":\"NEWSESTLYONNAIS - vaulx journal\"},{\"@type\":\"BreadcrumbList\",\"@id\":\"https:\/\/newsestlyonnais.fr\/site\/2017\/03\/22\/vaulx-en-velin-baisser-de-rideau-du-festival-2017-a-vaulx-jazz\/#breadcrumb\",\"itemListElement\":[{\"@type\":\"ListItem\",\"position\":1,\"name\":\"Accueil\",\"item\":\"https:\/\/newsestlyonnais.fr\/site\/\"},{\"@type\":\"ListItem\",\"position\":2,\"name\":\"VAULX-EN-VELIN | Baisser de rideau du festival 2017 \u00ab\u00a0A Vaulx Jazz\u00a0\u00bb\"}]},{\"@type\":\"WebSite\",\"@id\":\"https:\/\/newsestlyonnais.fr\/site\/#website\",\"url\":\"https:\/\/newsestlyonnais.fr\/site\/\",\"name\":\"News Est Lyonnais\",\"description\":\"L&#039;actualit\u00e9 au plus pr\u00e8s\",\"publisher\":{\"@id\":\"https:\/\/newsestlyonnais.fr\/site\/#organization\"},\"potentialAction\":[{\"@type\":\"SearchAction\",\"target\":{\"@type\":\"EntryPoint\",\"urlTemplate\":\"https:\/\/newsestlyonnais.fr\/site\/?s={search_term_string}\"},\"query-input\":{\"@type\":\"PropertyValueSpecification\",\"valueRequired\":true,\"valueName\":\"search_term_string\"}}],\"inLanguage\":\"fr-FR\"},{\"@type\":\"Organization\",\"@id\":\"https:\/\/newsestlyonnais.fr\/site\/#organization\",\"name\":\"News EST LYONNAIS\",\"url\":\"https:\/\/newsestlyonnais.fr\/site\/\",\"logo\":{\"@type\":\"ImageObject\",\"inLanguage\":\"fr-FR\",\"@id\":\"https:\/\/newsestlyonnais.fr\/site\/#\/schema\/logo\/image\/\",\"url\":\"\",\"contentUrl\":\"\",\"caption\":\"News EST LYONNAIS\"},\"image\":{\"@id\":\"https:\/\/newsestlyonnais.fr\/site\/#\/schema\/logo\/image\/\"}},{\"@type\":\"Person\",\"@id\":\"https:\/\/newsestlyonnais.fr\/site\/#\/schema\/person\/3230d5615f390bb808365d673001e887\",\"name\":\"R\u00e9dac. NEWS\",\"sameAs\":[\"http:\/\/www.newsestlyonnais.fr\",\"https:\/\/www.facebook.com\/pascal.oberson.1?fref=ts\",\"https:\/\/fr.linkedin.com\/in\/pascal-oberson-b17045113\"],\"url\":\"https:\/\/newsestlyonnais.fr\/site\/author\/nel\/\"}]}<\/script>\n<!-- \/ Yoast SEO plugin. -->","yoast_head_json":{"title":"VAULX EN VELIN: Baisser de rideau du festival 2017 \"A Vaulx Jazz\"","description":"VAULX EN VELIN: Baisser de rideau du festival 2017 \"A Vaulx Jazz\"","robots":{"index":"index","follow":"follow","max-snippet":"max-snippet:-1","max-image-preview":"max-image-preview:large","max-video-preview":"max-video-preview:-1"},"canonical":"https:\/\/newsestlyonnais.fr\/site\/2017\/03\/22\/vaulx-en-velin-baisser-de-rideau-du-festival-2017-a-vaulx-jazz\/","og_locale":"fr_FR","og_type":"article","og_title":"VAULX EN VELIN: Baisser de rideau du festival 2017 \"A Vaulx Jazz\"","og_description":"VAULX EN VELIN: Baisser de rideau du festival 2017 \"A Vaulx Jazz\"","og_url":"https:\/\/newsestlyonnais.fr\/site\/2017\/03\/22\/vaulx-en-velin-baisser-de-rideau-du-festival-2017-a-vaulx-jazz\/","og_site_name":"News Est Lyonnais","article_author":"https:\/\/www.facebook.com\/pascal.oberson.1?fref=ts","article_published_time":"2017-03-22T16:16:22+00:00","article_modified_time":"2020-11-09T15:11:39+00:00","og_image":[{"width":1000,"height":750,"url":"https:\/\/i2.wp.com\/newsestlyonnais.fr\/site\/wp-content\/uploads\/2017\/02\/NEWSESTLYONNAIS-vaulx-journal.jpg?fit=1000%2C750&ssl=1","type":"image\/jpeg"}],"author":"R\u00e9dac. NEWS","twitter_card":"summary_large_image","twitter_misc":{"\u00c9crit par":"R\u00e9dac. NEWS","Dur\u00e9e de lecture estim\u00e9e":"1 minute"},"schema":{"@context":"https:\/\/schema.org","@graph":[{"@type":"Article","@id":"https:\/\/newsestlyonnais.fr\/site\/2017\/03\/22\/vaulx-en-velin-baisser-de-rideau-du-festival-2017-a-vaulx-jazz\/#article","isPartOf":{"@id":"https:\/\/newsestlyonnais.fr\/site\/2017\/03\/22\/vaulx-en-velin-baisser-de-rideau-du-festival-2017-a-vaulx-jazz\/"},"author":{"name":"R\u00e9dac. NEWS","@id":"https:\/\/newsestlyonnais.fr\/site\/#\/schema\/person\/3230d5615f390bb808365d673001e887"},"headline":"VAULX-EN-VELIN | Baisser de rideau du festival 2017 \u00ab\u00a0A Vaulx Jazz\u00a0\u00bb","datePublished":"2017-03-22T16:16:22+00:00","dateModified":"2020-11-09T15:11:39+00:00","mainEntityOfPage":{"@id":"https:\/\/newsestlyonnais.fr\/site\/2017\/03\/22\/vaulx-en-velin-baisser-de-rideau-du-festival-2017-a-vaulx-jazz\/"},"wordCount":221,"commentCount":0,"publisher":{"@id":"https:\/\/newsestlyonnais.fr\/site\/#organization"},"image":{"@id":"https:\/\/newsestlyonnais.fr\/site\/2017\/03\/22\/vaulx-en-velin-baisser-de-rideau-du-festival-2017-a-vaulx-jazz\/#primaryimage"},"thumbnailUrl":"https:\/\/newsestlyonnais.fr\/site\/wp-content\/uploads\/2017\/02\/NEWSESTLYONNAIS-vaulx-journal.jpg","articleSection":["Musique | Danse | Humour","Vaulx-en-Velin"],"inLanguage":"fr-FR","potentialAction":[{"@type":"CommentAction","name":"Comment","target":["https:\/\/newsestlyonnais.fr\/site\/2017\/03\/22\/vaulx-en-velin-baisser-de-rideau-du-festival-2017-a-vaulx-jazz\/#respond"]}]},{"@type":"WebPage","@id":"https:\/\/newsestlyonnais.fr\/site\/2017\/03\/22\/vaulx-en-velin-baisser-de-rideau-du-festival-2017-a-vaulx-jazz\/","url":"https:\/\/newsestlyonnais.fr\/site\/2017\/03\/22\/vaulx-en-velin-baisser-de-rideau-du-festival-2017-a-vaulx-jazz\/","name":"VAULX EN VELIN: Baisser de rideau du festival 2017 \"A Vaulx Jazz\"","isPartOf":{"@id":"https:\/\/newsestlyonnais.fr\/site\/#website"},"primaryImageOfPage":{"@id":"https:\/\/newsestlyonnais.fr\/site\/2017\/03\/22\/vaulx-en-velin-baisser-de-rideau-du-festival-2017-a-vaulx-jazz\/#primaryimage"},"image":{"@id":"https:\/\/newsestlyonnais.fr\/site\/2017\/03\/22\/vaulx-en-velin-baisser-de-rideau-du-festival-2017-a-vaulx-jazz\/#primaryimage"},"thumbnailUrl":"https:\/\/newsestlyonnais.fr\/site\/wp-content\/uploads\/2017\/02\/NEWSESTLYONNAIS-vaulx-journal.jpg","datePublished":"2017-03-22T16:16:22+00:00","dateModified":"2020-11-09T15:11:39+00:00","description":"VAULX EN VELIN: Baisser de rideau du festival 2017 \"A Vaulx Jazz\"","breadcrumb":{"@id":"https:\/\/newsestlyonnais.fr\/site\/2017\/03\/22\/vaulx-en-velin-baisser-de-rideau-du-festival-2017-a-vaulx-jazz\/#breadcrumb"},"inLanguage":"fr-FR","potentialAction":[{"@type":"ReadAction","target":["https:\/\/newsestlyonnais.fr\/site\/2017\/03\/22\/vaulx-en-velin-baisser-de-rideau-du-festival-2017-a-vaulx-jazz\/"]}]},{"@type":"ImageObject","inLanguage":"fr-FR","@id":"https:\/\/newsestlyonnais.fr\/site\/2017\/03\/22\/vaulx-en-velin-baisser-de-rideau-du-festival-2017-a-vaulx-jazz\/#primaryimage","url":"https:\/\/newsestlyonnais.fr\/site\/wp-content\/uploads\/2017\/02\/NEWSESTLYONNAIS-vaulx-journal.jpg","contentUrl":"https:\/\/newsestlyonnais.fr\/site\/wp-content\/uploads\/2017\/02\/NEWSESTLYONNAIS-vaulx-journal.jpg","width":1000,"height":750,"caption":"NEWSESTLYONNAIS - vaulx journal"},{"@type":"BreadcrumbList","@id":"https:\/\/newsestlyonnais.fr\/site\/2017\/03\/22\/vaulx-en-velin-baisser-de-rideau-du-festival-2017-a-vaulx-jazz\/#breadcrumb","itemListElement":[{"@type":"ListItem","position":1,"name":"Accueil","item":"https:\/\/newsestlyonnais.fr\/site\/"},{"@type":"ListItem","position":2,"name":"VAULX-EN-VELIN | Baisser de rideau du festival 2017 \u00ab\u00a0A Vaulx Jazz\u00a0\u00bb"}]},{"@type":"WebSite","@id":"https:\/\/newsestlyonnais.fr\/site\/#website","url":"https:\/\/newsestlyonnais.fr\/site\/","name":"News Est Lyonnais","description":"L&#039;actualit\u00e9 au plus pr\u00e8s","publisher":{"@id":"https:\/\/newsestlyonnais.fr\/site\/#organization"},"potentialAction":[{"@type":"SearchAction","target":{"@type":"EntryPoint","urlTemplate":"https:\/\/newsestlyonnais.fr\/site\/?s={search_term_string}"},"query-input":{"@type":"PropertyValueSpecification","valueRequired":true,"valueName":"search_term_string"}}],"inLanguage":"fr-FR"},{"@type":"Organization","@id":"https:\/\/newsestlyonnais.fr\/site\/#organization","name":"News EST LYONNAIS","url":"https:\/\/newsestlyonnais.fr\/site\/","logo":{"@type":"ImageObject","inLanguage":"fr-FR","@id":"https:\/\/newsestlyonnais.fr\/site\/#\/schema\/logo\/image\/","url":"","contentUrl":"","caption":"News EST LYONNAIS"},"image":{"@id":"https:\/\/newsestlyonnais.fr\/site\/#\/schema\/logo\/image\/"}},{"@type":"Person","@id":"https:\/\/newsestlyonnais.fr\/site\/#\/schema\/person\/3230d5615f390bb808365d673001e887","name":"R\u00e9dac. NEWS","sameAs":["http:\/\/www.newsestlyonnais.fr","https:\/\/www.facebook.com\/pascal.oberson.1?fref=ts","https:\/\/fr.linkedin.com\/in\/pascal-oberson-b17045113"],"url":"https:\/\/newsestlyonnais.fr\/site\/author\/nel\/"}]}},"_links":{"self":[{"href":"https:\/\/newsestlyonnais.fr\/site\/wp-json\/wp\/v2\/posts\/23145","targetHints":{"allow":["GET"]}}],"collection":[{"href":"https:\/\/newsestlyonnais.fr\/site\/wp-json\/wp\/v2\/posts"}],"about":[{"href":"https:\/\/newsestlyonnais.fr\/site\/wp-json\/wp\/v2\/types\/post"}],"author":[{"embeddable":true,"href":"https:\/\/newsestlyonnais.fr\/site\/wp-json\/wp\/v2\/users\/4"}],"replies":[{"embeddable":true,"href":"https:\/\/newsestlyonnais.fr\/site\/wp-json\/wp\/v2\/comments?post=23145"}],"version-history":[{"count":0,"href":"https:\/\/newsestlyonnais.fr\/site\/wp-json\/wp\/v2\/posts\/23145\/revisions"}],"wp:featuredmedia":[{"embeddable":true,"href":"https:\/\/newsestlyonnais.fr\/site\/wp-json\/wp\/v2\/media\/21000"}],"wp:attachment":[{"href":"https:\/\/newsestlyonnais.fr\/site\/wp-json\/wp\/v2\/media?parent=23145"}],"wp:term":[{"taxonomy":"category","embeddable":true,"href":"https:\/\/newsestlyonnais.fr\/site\/wp-json\/wp\/v2\/categories?post=23145"},{"taxonomy":"post_tag","embeddable":true,"href":"https:\/\/newsestlyonnais.fr\/site\/wp-json\/wp\/v2\/tags?post=23145"}],"curies":[{"name":"wp","href":"https:\/\/api.w.org\/{rel}","templated":true}]}}