{"id":23190,"date":"2017-03-23T07:20:14","date_gmt":"2017-03-23T06:20:14","guid":{"rendered":"http:\/\/newsestlyonnais.fr\/site\/?p=23190"},"modified":"2020-11-17T11:02:05","modified_gmt":"2020-11-17T10:02:05","slug":"genas-de-nombreuses-actions-menees-lassociation-activgenas-azieu","status":"publish","type":"post","link":"https:\/\/newsestlyonnais.fr\/site\/2017\/03\/23\/genas-de-nombreuses-actions-menees-lassociation-activgenas-azieu\/","title":{"rendered":"GENAS | De nombreuses actions men\u00e9es par l&rsquo;association ACtiv&rsquo;Genas-Azieu"},"content":{"rendered":"<h4>L&rsquo;association ACtiv&rsquo;Genas-Azieu qui compte d\u00e9sormais 90 adh\u00e9rents, dont 8 nouveaux r\u00e9cemment install\u00e9s sur la commune, poursuit son d\u00e9veloppement.<\/h4>\n<p>La r\u00e9union tenue mi-fevrier \u00e0 la salle Saint Andr\u00e9 d&rsquo;Azieu a permis de d\u00e9finir les actions \u00e0 pr\u00e9voir en 2017 et quelques \u00e9v\u00e8nements sont d&rsquo;ores et d\u00e9j\u00e0 \u00e0 noter.<\/p>\n<p>\u00ab\u00a0La manifestation pr\u00e9vue \u00e0 Mathan le samedi 17 juin, la Guinguette des Commer\u00e7ants, a \u00e9t\u00e9 annul\u00e9e, la municipalit\u00e9 ne souhaitant pas qu&rsquo;elle ait lieu. On avait pourtant organis\u00e9 plusieurs r\u00e9unions \u00e0 cet effet mais on va rebondir en proposant d&rsquo;autres actions\u00a0\u00bb confie Patrice Ardouin, pr\u00e9sident de l&rsquo;association des commer\u00e7ants locaux.<\/p>\n<p><strong>Ev\u00e8nements pr\u00e9vus:<\/strong><\/p>\n<ul>\n<li><strong>ACti&rsquo; Voice<\/strong> : D\u00e9couvrir des personnes ayant un talent li\u00e9 \u00e0 la musique \u00e0 travers les commerces. Tout le monde peut s&rsquo;inscrire (pour les mineurs avec l&rsquo;accord des parents) ,jusqu&rsquo;au 30 avril dans les commerces genassiens. Des pr\u00e9-s\u00e9lections seront effectu\u00e9es au Bowling de Genas entre le 1 et 15 mai et un jury sp\u00e9cial sera d\u00e9sign\u00e9. 10 lots seront offerts (un ch\u00e8que de 1.000 \u20ac au vainqueur et des cadeaux par les commer\u00e7ants, pour les autres).<\/li>\n<\/ul>\n<p><img loading=\"lazy\" decoding=\"async\" class=\"alignleft size-full wp-image-23200\" src=\"https:\/\/newsestlyonnais.fr\/site\/medias\/2017\/03\/NEWSESTLYONANIS-ACTI-VOICE.jpg\" alt=\"NEWSESTLYONNAIS - ACTI VOICE\" width=\"1000\" height=\"750\" srcset=\"https:\/\/newsestlyonnais.fr\/site\/wp-content\/uploads\/2017\/03\/NEWSESTLYONANIS-ACTI-VOICE.jpg 1000w, https:\/\/newsestlyonnais.fr\/site\/wp-content\/uploads\/2017\/03\/NEWSESTLYONANIS-ACTI-VOICE-400x300.jpg 400w, https:\/\/newsestlyonnais.fr\/site\/wp-content\/uploads\/2017\/03\/NEWSESTLYONANIS-ACTI-VOICE-768x576.jpg 768w, https:\/\/newsestlyonnais.fr\/site\/wp-content\/uploads\/2017\/03\/NEWSESTLYONANIS-ACTI-VOICE-600x450.jpg 600w, https:\/\/newsestlyonnais.fr\/site\/wp-content\/uploads\/2017\/03\/NEWSESTLYONANIS-ACTI-VOICE-100x75.jpg 100w\" sizes=\"auto, (max-width: 1000px) 100vw, 1000px\" \/><\/p>\n<ul>\n<li><\/li>\n<li><strong>Musicales d&rsquo;Azieu <\/strong>: (Samedi 10, 17 &amp; 24 juin en soir\u00e9e) et remise Troph\u00e9e ACtiv&rsquo;Voice.<\/li>\n<li><strong>Pique-Nique des commer\u00e7ants<\/strong> (mardi 4 juillet) au Parc de la Colandi\u00e8re<\/li>\n<li><strong>Grande F\u00eate du Commerce<\/strong> (du 25 septembre au 8 octobre) avec op\u00e9rations, animations et jeux.<\/li>\n<\/ul>\n<p>L&rsquo;association \u00e9tant d&rsquo;autre part en pleine r\u00e9flexion sur la mise en place d&rsquo;animations pour P\u00e2ques, les F\u00eates des M\u00e8res et des P\u00e8res. Un travail de rapprochement avec la CCEL a aussi \u00e9t\u00e9 mis en place afin de d\u00e9velopper des actions en rapport aux comp\u00e9tences dont ils ont la responsabilit\u00e9, notamment la signal\u00e9tique. Ceci afin de promouvoir le commerce local et faire avancer les projets.<\/p>\n<p>Retrouvez toute l&rsquo;ACTU de l&rsquo;association sur:\u00a0<a href=\"http:\/\/www.activgenas.com\" target=\"_blank\" rel=\"noopener noreferrer\">http:\/\/www.activgenas.com<\/a>\u00a0 mais aussi sur: <a href=\"https:\/\/www.facebook.com\/activgenas\/?fref=ts\" target=\"_blank\" rel=\"noopener noreferrer\">https:\/\/www.facebook.com\/activgenas\/?fref=ts<\/a><\/p>\n","protected":false},"excerpt":{"rendered":"<p>L&rsquo;association ACtiv&rsquo;Genas-Azieu qui compte d\u00e9sormais 90 adh\u00e9rents, dont 8 nouveaux r\u00e9cemment install\u00e9s sur la commune, poursuit son d\u00e9veloppement. La r\u00e9union tenue mi-fevrier \u00e0 la salle Saint Andr\u00e9 d&rsquo;Azieu a permis de d\u00e9finir les actions \u00e0 pr\u00e9voir en 2017 et quelques \u00e9v\u00e8nements sont d&rsquo;ores et d\u00e9j\u00e0 \u00e0 noter. \u00ab\u00a0La manifestation pr\u00e9vue \u00e0 Mathan le samedi 17 [&hellip;]<\/p>\n","protected":false},"author":4,"featured_media":19095,"comment_status":"open","ping_status":"open","sticky":false,"template":"","format":"standard","meta":{"footnotes":""},"categories":[2970,270,1598],"tags":[],"class_list":["post-23190","post","type-post","status-publish","format-standard","has-post-thumbnail","hentry","category-artisans-commerces-economie","category-cte-de-communes-c-c-e-l","category-genas"],"yoast_head":"<!-- This site is optimized with the Yoast SEO plugin v27.2 - https:\/\/yoast.com\/product\/yoast-seo-wordpress\/ -->\n<title>GENAS : De nombreuses actions men\u00e9es par l&#039;association ACtiv&#039;Genas-Azieu<\/title>\n<meta name=\"description\" content=\"GENAS : De nombreuses actions men\u00e9es par l&#039;association ACtiv&#039;Genas-Azieu\" \/>\n<meta name=\"robots\" content=\"index, follow, max-snippet:-1, max-image-preview:large, max-video-preview:-1\" \/>\n<link rel=\"canonical\" href=\"https:\/\/newsestlyonnais.fr\/site\/2017\/03\/23\/genas-de-nombreuses-actions-menees-lassociation-activgenas-azieu\/\" \/>\n<meta property=\"og:locale\" content=\"fr_FR\" \/>\n<meta property=\"og:type\" content=\"article\" \/>\n<meta property=\"og:title\" content=\"GENAS : De nombreuses actions men\u00e9es par l&#039;association ACtiv&#039;Genas-Azieu\" \/>\n<meta property=\"og:description\" content=\"GENAS : De nombreuses actions men\u00e9es par l&#039;association ACtiv&#039;Genas-Azieu\" \/>\n<meta property=\"og:url\" content=\"https:\/\/newsestlyonnais.fr\/site\/2017\/03\/23\/genas-de-nombreuses-actions-menees-lassociation-activgenas-azieu\/\" \/>\n<meta property=\"og:site_name\" content=\"News Est Lyonnais\" \/>\n<meta property=\"article:author\" content=\"https:\/\/www.facebook.com\/pascal.oberson.1?fref=ts\" \/>\n<meta property=\"article:published_time\" content=\"2017-03-23T06:20:14+00:00\" \/>\n<meta property=\"article:modified_time\" content=\"2020-11-17T10:02:05+00:00\" \/>\n<meta property=\"og:image\" content=\"https:\/\/i2.wp.com\/newsestlyonnais.fr\/site\/wp-content\/uploads\/2017\/01\/NEWSESTLYONNAIS-LOGO-ACTIVGENAS-AZIEU-logo-BIS-genas-Azieu.jpg?fit=1000%2C750&ssl=1\" \/>\n\t<meta property=\"og:image:width\" content=\"1000\" \/>\n\t<meta property=\"og:image:height\" content=\"750\" \/>\n\t<meta property=\"og:image:type\" content=\"image\/jpeg\" \/>\n<meta name=\"author\" content=\"R\u00e9dac. NEWS\" \/>\n<meta name=\"twitter:card\" content=\"summary_large_image\" \/>\n<meta name=\"twitter:label1\" content=\"\u00c9crit par\" \/>\n\t<meta name=\"twitter:data1\" content=\"R\u00e9dac. NEWS\" \/>\n\t<meta name=\"twitter:label2\" content=\"Dur\u00e9e de lecture estim\u00e9e\" \/>\n\t<meta name=\"twitter:data2\" content=\"2 minutes\" \/>\n<script type=\"application\/ld+json\" class=\"yoast-schema-graph\">{\"@context\":\"https:\/\/schema.org\",\"@graph\":[{\"@type\":\"Article\",\"@id\":\"https:\/\/newsestlyonnais.fr\/site\/2017\/03\/23\/genas-de-nombreuses-actions-menees-lassociation-activgenas-azieu\/#article\",\"isPartOf\":{\"@id\":\"https:\/\/newsestlyonnais.fr\/site\/2017\/03\/23\/genas-de-nombreuses-actions-menees-lassociation-activgenas-azieu\/\"},\"author\":{\"name\":\"R\u00e9dac. NEWS\",\"@id\":\"https:\/\/newsestlyonnais.fr\/site\/#\/schema\/person\/3230d5615f390bb808365d673001e887\"},\"headline\":\"GENAS | De nombreuses actions men\u00e9es par l&rsquo;association ACtiv&rsquo;Genas-Azieu\",\"datePublished\":\"2017-03-23T06:20:14+00:00\",\"dateModified\":\"2020-11-17T10:02:05+00:00\",\"mainEntityOfPage\":{\"@id\":\"https:\/\/newsestlyonnais.fr\/site\/2017\/03\/23\/genas-de-nombreuses-actions-menees-lassociation-activgenas-azieu\/\"},\"wordCount\":343,\"commentCount\":0,\"publisher\":{\"@id\":\"https:\/\/newsestlyonnais.fr\/site\/#organization\"},\"image\":{\"@id\":\"https:\/\/newsestlyonnais.fr\/site\/2017\/03\/23\/genas-de-nombreuses-actions-menees-lassociation-activgenas-azieu\/#primaryimage\"},\"thumbnailUrl\":\"https:\/\/newsestlyonnais.fr\/site\/wp-content\/uploads\/2017\/01\/NEWSESTLYONNAIS-LOGO-ACTIVGENAS-AZIEU-logo-BIS-genas-Azieu.jpg\",\"articleSection\":[\"Artisans | Commerces\",\"CCEL | Communes\",\"Genas\"],\"inLanguage\":\"fr-FR\",\"potentialAction\":[{\"@type\":\"CommentAction\",\"name\":\"Comment\",\"target\":[\"https:\/\/newsestlyonnais.fr\/site\/2017\/03\/23\/genas-de-nombreuses-actions-menees-lassociation-activgenas-azieu\/#respond\"]}]},{\"@type\":\"WebPage\",\"@id\":\"https:\/\/newsestlyonnais.fr\/site\/2017\/03\/23\/genas-de-nombreuses-actions-menees-lassociation-activgenas-azieu\/\",\"url\":\"https:\/\/newsestlyonnais.fr\/site\/2017\/03\/23\/genas-de-nombreuses-actions-menees-lassociation-activgenas-azieu\/\",\"name\":\"GENAS : De nombreuses actions men\u00e9es par l'association ACtiv'Genas-Azieu\",\"isPartOf\":{\"@id\":\"https:\/\/newsestlyonnais.fr\/site\/#website\"},\"primaryImageOfPage\":{\"@id\":\"https:\/\/newsestlyonnais.fr\/site\/2017\/03\/23\/genas-de-nombreuses-actions-menees-lassociation-activgenas-azieu\/#primaryimage\"},\"image\":{\"@id\":\"https:\/\/newsestlyonnais.fr\/site\/2017\/03\/23\/genas-de-nombreuses-actions-menees-lassociation-activgenas-azieu\/#primaryimage\"},\"thumbnailUrl\":\"https:\/\/newsestlyonnais.fr\/site\/wp-content\/uploads\/2017\/01\/NEWSESTLYONNAIS-LOGO-ACTIVGENAS-AZIEU-logo-BIS-genas-Azieu.jpg\",\"datePublished\":\"2017-03-23T06:20:14+00:00\",\"dateModified\":\"2020-11-17T10:02:05+00:00\",\"description\":\"GENAS : De nombreuses actions men\u00e9es par l'association ACtiv'Genas-Azieu\",\"breadcrumb\":{\"@id\":\"https:\/\/newsestlyonnais.fr\/site\/2017\/03\/23\/genas-de-nombreuses-actions-menees-lassociation-activgenas-azieu\/#breadcrumb\"},\"inLanguage\":\"fr-FR\",\"potentialAction\":[{\"@type\":\"ReadAction\",\"target\":[\"https:\/\/newsestlyonnais.fr\/site\/2017\/03\/23\/genas-de-nombreuses-actions-menees-lassociation-activgenas-azieu\/\"]}]},{\"@type\":\"ImageObject\",\"inLanguage\":\"fr-FR\",\"@id\":\"https:\/\/newsestlyonnais.fr\/site\/2017\/03\/23\/genas-de-nombreuses-actions-menees-lassociation-activgenas-azieu\/#primaryimage\",\"url\":\"https:\/\/newsestlyonnais.fr\/site\/wp-content\/uploads\/2017\/01\/NEWSESTLYONNAIS-LOGO-ACTIVGENAS-AZIEU-logo-BIS-genas-Azieu.jpg\",\"contentUrl\":\"https:\/\/newsestlyonnais.fr\/site\/wp-content\/uploads\/2017\/01\/NEWSESTLYONNAIS-LOGO-ACTIVGENAS-AZIEU-logo-BIS-genas-Azieu.jpg\",\"width\":1000,\"height\":750},{\"@type\":\"BreadcrumbList\",\"@id\":\"https:\/\/newsestlyonnais.fr\/site\/2017\/03\/23\/genas-de-nombreuses-actions-menees-lassociation-activgenas-azieu\/#breadcrumb\",\"itemListElement\":[{\"@type\":\"ListItem\",\"position\":1,\"name\":\"Accueil\",\"item\":\"https:\/\/newsestlyonnais.fr\/site\/\"},{\"@type\":\"ListItem\",\"position\":2,\"name\":\"GENAS | De nombreuses actions men\u00e9es par l&rsquo;association ACtiv&rsquo;Genas-Azieu\"}]},{\"@type\":\"WebSite\",\"@id\":\"https:\/\/newsestlyonnais.fr\/site\/#website\",\"url\":\"https:\/\/newsestlyonnais.fr\/site\/\",\"name\":\"News Est Lyonnais\",\"description\":\"L&#039;actualit\u00e9 au plus pr\u00e8s\",\"publisher\":{\"@id\":\"https:\/\/newsestlyonnais.fr\/site\/#organization\"},\"potentialAction\":[{\"@type\":\"SearchAction\",\"target\":{\"@type\":\"EntryPoint\",\"urlTemplate\":\"https:\/\/newsestlyonnais.fr\/site\/?s={search_term_string}\"},\"query-input\":{\"@type\":\"PropertyValueSpecification\",\"valueRequired\":true,\"valueName\":\"search_term_string\"}}],\"inLanguage\":\"fr-FR\"},{\"@type\":\"Organization\",\"@id\":\"https:\/\/newsestlyonnais.fr\/site\/#organization\",\"name\":\"News EST LYONNAIS\",\"url\":\"https:\/\/newsestlyonnais.fr\/site\/\",\"logo\":{\"@type\":\"ImageObject\",\"inLanguage\":\"fr-FR\",\"@id\":\"https:\/\/newsestlyonnais.fr\/site\/#\/schema\/logo\/image\/\",\"url\":\"\",\"contentUrl\":\"\",\"caption\":\"News EST LYONNAIS\"},\"image\":{\"@id\":\"https:\/\/newsestlyonnais.fr\/site\/#\/schema\/logo\/image\/\"}},{\"@type\":\"Person\",\"@id\":\"https:\/\/newsestlyonnais.fr\/site\/#\/schema\/person\/3230d5615f390bb808365d673001e887\",\"name\":\"R\u00e9dac. NEWS\",\"sameAs\":[\"http:\/\/www.newsestlyonnais.fr\",\"https:\/\/www.facebook.com\/pascal.oberson.1?fref=ts\",\"https:\/\/fr.linkedin.com\/in\/pascal-oberson-b17045113\"],\"url\":\"https:\/\/newsestlyonnais.fr\/site\/author\/nel\/\"}]}<\/script>\n<!-- \/ Yoast SEO plugin. -->","yoast_head_json":{"title":"GENAS : De nombreuses actions men\u00e9es par l'association ACtiv'Genas-Azieu","description":"GENAS : De nombreuses actions men\u00e9es par l'association ACtiv'Genas-Azieu","robots":{"index":"index","follow":"follow","max-snippet":"max-snippet:-1","max-image-preview":"max-image-preview:large","max-video-preview":"max-video-preview:-1"},"canonical":"https:\/\/newsestlyonnais.fr\/site\/2017\/03\/23\/genas-de-nombreuses-actions-menees-lassociation-activgenas-azieu\/","og_locale":"fr_FR","og_type":"article","og_title":"GENAS : De nombreuses actions men\u00e9es par l'association ACtiv'Genas-Azieu","og_description":"GENAS : De nombreuses actions men\u00e9es par l'association ACtiv'Genas-Azieu","og_url":"https:\/\/newsestlyonnais.fr\/site\/2017\/03\/23\/genas-de-nombreuses-actions-menees-lassociation-activgenas-azieu\/","og_site_name":"News Est Lyonnais","article_author":"https:\/\/www.facebook.com\/pascal.oberson.1?fref=ts","article_published_time":"2017-03-23T06:20:14+00:00","article_modified_time":"2020-11-17T10:02:05+00:00","og_image":[{"width":1000,"height":750,"url":"https:\/\/i2.wp.com\/newsestlyonnais.fr\/site\/wp-content\/uploads\/2017\/01\/NEWSESTLYONNAIS-LOGO-ACTIVGENAS-AZIEU-logo-BIS-genas-Azieu.jpg?fit=1000%2C750&ssl=1","type":"image\/jpeg"}],"author":"R\u00e9dac. NEWS","twitter_card":"summary_large_image","twitter_misc":{"\u00c9crit par":"R\u00e9dac. NEWS","Dur\u00e9e de lecture estim\u00e9e":"2 minutes"},"schema":{"@context":"https:\/\/schema.org","@graph":[{"@type":"Article","@id":"https:\/\/newsestlyonnais.fr\/site\/2017\/03\/23\/genas-de-nombreuses-actions-menees-lassociation-activgenas-azieu\/#article","isPartOf":{"@id":"https:\/\/newsestlyonnais.fr\/site\/2017\/03\/23\/genas-de-nombreuses-actions-menees-lassociation-activgenas-azieu\/"},"author":{"name":"R\u00e9dac. NEWS","@id":"https:\/\/newsestlyonnais.fr\/site\/#\/schema\/person\/3230d5615f390bb808365d673001e887"},"headline":"GENAS | De nombreuses actions men\u00e9es par l&rsquo;association ACtiv&rsquo;Genas-Azieu","datePublished":"2017-03-23T06:20:14+00:00","dateModified":"2020-11-17T10:02:05+00:00","mainEntityOfPage":{"@id":"https:\/\/newsestlyonnais.fr\/site\/2017\/03\/23\/genas-de-nombreuses-actions-menees-lassociation-activgenas-azieu\/"},"wordCount":343,"commentCount":0,"publisher":{"@id":"https:\/\/newsestlyonnais.fr\/site\/#organization"},"image":{"@id":"https:\/\/newsestlyonnais.fr\/site\/2017\/03\/23\/genas-de-nombreuses-actions-menees-lassociation-activgenas-azieu\/#primaryimage"},"thumbnailUrl":"https:\/\/newsestlyonnais.fr\/site\/wp-content\/uploads\/2017\/01\/NEWSESTLYONNAIS-LOGO-ACTIVGENAS-AZIEU-logo-BIS-genas-Azieu.jpg","articleSection":["Artisans | Commerces","CCEL | Communes","Genas"],"inLanguage":"fr-FR","potentialAction":[{"@type":"CommentAction","name":"Comment","target":["https:\/\/newsestlyonnais.fr\/site\/2017\/03\/23\/genas-de-nombreuses-actions-menees-lassociation-activgenas-azieu\/#respond"]}]},{"@type":"WebPage","@id":"https:\/\/newsestlyonnais.fr\/site\/2017\/03\/23\/genas-de-nombreuses-actions-menees-lassociation-activgenas-azieu\/","url":"https:\/\/newsestlyonnais.fr\/site\/2017\/03\/23\/genas-de-nombreuses-actions-menees-lassociation-activgenas-azieu\/","name":"GENAS : De nombreuses actions men\u00e9es par l'association ACtiv'Genas-Azieu","isPartOf":{"@id":"https:\/\/newsestlyonnais.fr\/site\/#website"},"primaryImageOfPage":{"@id":"https:\/\/newsestlyonnais.fr\/site\/2017\/03\/23\/genas-de-nombreuses-actions-menees-lassociation-activgenas-azieu\/#primaryimage"},"image":{"@id":"https:\/\/newsestlyonnais.fr\/site\/2017\/03\/23\/genas-de-nombreuses-actions-menees-lassociation-activgenas-azieu\/#primaryimage"},"thumbnailUrl":"https:\/\/newsestlyonnais.fr\/site\/wp-content\/uploads\/2017\/01\/NEWSESTLYONNAIS-LOGO-ACTIVGENAS-AZIEU-logo-BIS-genas-Azieu.jpg","datePublished":"2017-03-23T06:20:14+00:00","dateModified":"2020-11-17T10:02:05+00:00","description":"GENAS : De nombreuses actions men\u00e9es par l'association ACtiv'Genas-Azieu","breadcrumb":{"@id":"https:\/\/newsestlyonnais.fr\/site\/2017\/03\/23\/genas-de-nombreuses-actions-menees-lassociation-activgenas-azieu\/#breadcrumb"},"inLanguage":"fr-FR","potentialAction":[{"@type":"ReadAction","target":["https:\/\/newsestlyonnais.fr\/site\/2017\/03\/23\/genas-de-nombreuses-actions-menees-lassociation-activgenas-azieu\/"]}]},{"@type":"ImageObject","inLanguage":"fr-FR","@id":"https:\/\/newsestlyonnais.fr\/site\/2017\/03\/23\/genas-de-nombreuses-actions-menees-lassociation-activgenas-azieu\/#primaryimage","url":"https:\/\/newsestlyonnais.fr\/site\/wp-content\/uploads\/2017\/01\/NEWSESTLYONNAIS-LOGO-ACTIVGENAS-AZIEU-logo-BIS-genas-Azieu.jpg","contentUrl":"https:\/\/newsestlyonnais.fr\/site\/wp-content\/uploads\/2017\/01\/NEWSESTLYONNAIS-LOGO-ACTIVGENAS-AZIEU-logo-BIS-genas-Azieu.jpg","width":1000,"height":750},{"@type":"BreadcrumbList","@id":"https:\/\/newsestlyonnais.fr\/site\/2017\/03\/23\/genas-de-nombreuses-actions-menees-lassociation-activgenas-azieu\/#breadcrumb","itemListElement":[{"@type":"ListItem","position":1,"name":"Accueil","item":"https:\/\/newsestlyonnais.fr\/site\/"},{"@type":"ListItem","position":2,"name":"GENAS | De nombreuses actions men\u00e9es par l&rsquo;association ACtiv&rsquo;Genas-Azieu"}]},{"@type":"WebSite","@id":"https:\/\/newsestlyonnais.fr\/site\/#website","url":"https:\/\/newsestlyonnais.fr\/site\/","name":"News Est Lyonnais","description":"L&#039;actualit\u00e9 au plus pr\u00e8s","publisher":{"@id":"https:\/\/newsestlyonnais.fr\/site\/#organization"},"potentialAction":[{"@type":"SearchAction","target":{"@type":"EntryPoint","urlTemplate":"https:\/\/newsestlyonnais.fr\/site\/?s={search_term_string}"},"query-input":{"@type":"PropertyValueSpecification","valueRequired":true,"valueName":"search_term_string"}}],"inLanguage":"fr-FR"},{"@type":"Organization","@id":"https:\/\/newsestlyonnais.fr\/site\/#organization","name":"News EST LYONNAIS","url":"https:\/\/newsestlyonnais.fr\/site\/","logo":{"@type":"ImageObject","inLanguage":"fr-FR","@id":"https:\/\/newsestlyonnais.fr\/site\/#\/schema\/logo\/image\/","url":"","contentUrl":"","caption":"News EST LYONNAIS"},"image":{"@id":"https:\/\/newsestlyonnais.fr\/site\/#\/schema\/logo\/image\/"}},{"@type":"Person","@id":"https:\/\/newsestlyonnais.fr\/site\/#\/schema\/person\/3230d5615f390bb808365d673001e887","name":"R\u00e9dac. NEWS","sameAs":["http:\/\/www.newsestlyonnais.fr","https:\/\/www.facebook.com\/pascal.oberson.1?fref=ts","https:\/\/fr.linkedin.com\/in\/pascal-oberson-b17045113"],"url":"https:\/\/newsestlyonnais.fr\/site\/author\/nel\/"}]}},"_links":{"self":[{"href":"https:\/\/newsestlyonnais.fr\/site\/wp-json\/wp\/v2\/posts\/23190","targetHints":{"allow":["GET"]}}],"collection":[{"href":"https:\/\/newsestlyonnais.fr\/site\/wp-json\/wp\/v2\/posts"}],"about":[{"href":"https:\/\/newsestlyonnais.fr\/site\/wp-json\/wp\/v2\/types\/post"}],"author":[{"embeddable":true,"href":"https:\/\/newsestlyonnais.fr\/site\/wp-json\/wp\/v2\/users\/4"}],"replies":[{"embeddable":true,"href":"https:\/\/newsestlyonnais.fr\/site\/wp-json\/wp\/v2\/comments?post=23190"}],"version-history":[{"count":0,"href":"https:\/\/newsestlyonnais.fr\/site\/wp-json\/wp\/v2\/posts\/23190\/revisions"}],"wp:featuredmedia":[{"embeddable":true,"href":"https:\/\/newsestlyonnais.fr\/site\/wp-json\/wp\/v2\/media\/19095"}],"wp:attachment":[{"href":"https:\/\/newsestlyonnais.fr\/site\/wp-json\/wp\/v2\/media?parent=23190"}],"wp:term":[{"taxonomy":"category","embeddable":true,"href":"https:\/\/newsestlyonnais.fr\/site\/wp-json\/wp\/v2\/categories?post=23190"},{"taxonomy":"post_tag","embeddable":true,"href":"https:\/\/newsestlyonnais.fr\/site\/wp-json\/wp\/v2\/tags?post=23190"}],"curies":[{"name":"wp","href":"https:\/\/api.w.org\/{rel}","templated":true}]}}