{"id":23212,"date":"2017-03-23T15:08:34","date_gmt":"2017-03-23T14:08:34","guid":{"rendered":"http:\/\/newsestlyonnais.fr\/site\/?p=23212"},"modified":"2020-11-12T20:42:57","modified_gmt":"2020-11-12T19:42:57","slug":"vaulx-velin-challenge-de-printemps-dhalterophilie-samedi","status":"publish","type":"post","link":"https:\/\/newsestlyonnais.fr\/site\/2017\/03\/23\/vaulx-velin-challenge-de-printemps-dhalterophilie-samedi\/","title":{"rendered":"VAULX-EN-VELIN | Challenge de printemps d&rsquo;halt\u00e9rophilie samedi"},"content":{"rendered":"<h4 class=\"ox-79e60eab68-MsoNormal\">Le club Halt\u00e9rophile de Vaulx en Velin organisera samedi apr\u00e8s-midi le challenge de printemps du secteur lyonnais au palais des sports.<\/h4>\n<p class=\"ox-79e60eab68-MsoNormal\">12 filles et 39 gar\u00e7ons de tous les clubs du secteur (de Saint Etienne \u00e0 Oyonnax) vont s\u2019affronter dont certains pour la premi\u00e8re fois.<\/p>\n<p class=\"ox-79e60eab68-MsoNormal\"><strong>Le club halt\u00e9rophile de Vaulx en Velin sera repr\u00e9sent\u00e9 par 18 athl\u00e8tes<\/strong> dont 6 filles et 5 jeunes de moins de 15 ans.<\/p>\n<p class=\"ox-79e60eab68-MsoNormal\">La comp\u00e9tition d\u00e9butera \u00e0 14 h (filles et minimes) et se poursuivra \u00e0 16 h et 18 h (gar\u00e7ons).<\/p>\n<ul>\n<li class=\"ox-79e60eab68-MsoNormal\">Retrouvez l&rsquo;ACTU du club sur: <a href=\"http:\/\/h-c-vaulx-en-velin.e-monsite.com\/#\" target=\"_blank\" rel=\"noopener noreferrer\">http:\/\/h-c-vaulx-en-velin.e-monsite.com\/#<\/a><\/li>\n<\/ul>\n","protected":false},"excerpt":{"rendered":"<p>Le club Halt\u00e9rophile de Vaulx en Velin organisera samedi apr\u00e8s-midi le challenge de printemps du secteur lyonnais au palais des sports. 12 filles et 39 gar\u00e7ons de tous les clubs du secteur (de Saint Etienne \u00e0 Oyonnax) vont s\u2019affronter dont certains pour la premi\u00e8re fois. Le club halt\u00e9rophile de Vaulx en Velin sera repr\u00e9sent\u00e9 par [&hellip;]<\/p>\n","protected":false},"author":4,"featured_media":23213,"comment_status":"open","ping_status":"open","sticky":false,"template":"","format":"standard","meta":{"footnotes":""},"categories":[574,166,3016,28],"tags":[],"class_list":["post-23212","post","type-post","status-publish","format-standard","has-post-thumbnail","hentry","category-autres-sports","category-divers-sports","category-institutions-trophees-jo","category-vaulx-en-velin"],"yoast_head":"<!-- This site is optimized with the Yoast SEO plugin v27.2 - https:\/\/yoast.com\/product\/yoast-seo-wordpress\/ -->\n<title>VAULX EN VELIN : Challenge de printemps d&#039;halt\u00e9rophilie samedi au palais des Sports<\/title>\n<meta name=\"description\" content=\"VAULX EN VELIN : Challenge de printemps d&#039;halt\u00e9rophilie samedi au palais des Sports\" \/>\n<meta name=\"robots\" content=\"index, follow, max-snippet:-1, max-image-preview:large, max-video-preview:-1\" \/>\n<link rel=\"canonical\" href=\"https:\/\/newsestlyonnais.fr\/site\/2017\/03\/23\/vaulx-velin-challenge-de-printemps-dhalterophilie-samedi\/\" \/>\n<meta property=\"og:locale\" content=\"fr_FR\" \/>\n<meta property=\"og:type\" content=\"article\" \/>\n<meta property=\"og:title\" content=\"VAULX EN VELIN : Challenge de printemps d&#039;halt\u00e9rophilie samedi au palais des Sports\" \/>\n<meta property=\"og:description\" content=\"VAULX EN VELIN : Challenge de printemps d&#039;halt\u00e9rophilie samedi au palais des Sports\" \/>\n<meta property=\"og:url\" content=\"https:\/\/newsestlyonnais.fr\/site\/2017\/03\/23\/vaulx-velin-challenge-de-printemps-dhalterophilie-samedi\/\" \/>\n<meta property=\"og:site_name\" content=\"News Est Lyonnais\" \/>\n<meta property=\"article:author\" content=\"https:\/\/www.facebook.com\/pascal.oberson.1?fref=ts\" \/>\n<meta property=\"article:published_time\" content=\"2017-03-23T14:08:34+00:00\" \/>\n<meta property=\"article:modified_time\" content=\"2020-11-12T19:42:57+00:00\" \/>\n<meta property=\"og:image\" content=\"https:\/\/i0.wp.com\/newsestlyonnais.fr\/site\/wp-content\/uploads\/2017\/03\/OMS-VAULXENVELIN-LOGOHALTERO.jpg?fit=1000%2C750&ssl=1\" \/>\n\t<meta property=\"og:image:width\" content=\"1000\" \/>\n\t<meta property=\"og:image:height\" content=\"750\" \/>\n\t<meta property=\"og:image:type\" content=\"image\/jpeg\" \/>\n<meta name=\"author\" content=\"R\u00e9dac. NEWS\" \/>\n<meta name=\"twitter:card\" content=\"summary_large_image\" \/>\n<meta name=\"twitter:label1\" content=\"\u00c9crit par\" \/>\n\t<meta name=\"twitter:data1\" content=\"R\u00e9dac. NEWS\" \/>\n<script type=\"application\/ld+json\" class=\"yoast-schema-graph\">{\"@context\":\"https:\/\/schema.org\",\"@graph\":[{\"@type\":\"Article\",\"@id\":\"https:\/\/newsestlyonnais.fr\/site\/2017\/03\/23\/vaulx-velin-challenge-de-printemps-dhalterophilie-samedi\/#article\",\"isPartOf\":{\"@id\":\"https:\/\/newsestlyonnais.fr\/site\/2017\/03\/23\/vaulx-velin-challenge-de-printemps-dhalterophilie-samedi\/\"},\"author\":{\"name\":\"R\u00e9dac. NEWS\",\"@id\":\"https:\/\/newsestlyonnais.fr\/site\/#\/schema\/person\/3230d5615f390bb808365d673001e887\"},\"headline\":\"VAULX-EN-VELIN | Challenge de printemps d&rsquo;halt\u00e9rophilie samedi\",\"datePublished\":\"2017-03-23T14:08:34+00:00\",\"dateModified\":\"2020-11-12T19:42:57+00:00\",\"mainEntityOfPage\":{\"@id\":\"https:\/\/newsestlyonnais.fr\/site\/2017\/03\/23\/vaulx-velin-challenge-de-printemps-dhalterophilie-samedi\/\"},\"wordCount\":104,\"commentCount\":0,\"publisher\":{\"@id\":\"https:\/\/newsestlyonnais.fr\/site\/#organization\"},\"image\":{\"@id\":\"https:\/\/newsestlyonnais.fr\/site\/2017\/03\/23\/vaulx-velin-challenge-de-printemps-dhalterophilie-samedi\/#primaryimage\"},\"thumbnailUrl\":\"https:\/\/newsestlyonnais.fr\/site\/wp-content\/uploads\/2017\/03\/OMS-VAULXENVELIN-LOGOHALTERO.jpg\",\"articleSection\":[\"Autres sports\",\"Divers Sports\",\"Institutions | Troph\u00e9es | J.O.\",\"Vaulx-en-Velin\"],\"inLanguage\":\"fr-FR\",\"potentialAction\":[{\"@type\":\"CommentAction\",\"name\":\"Comment\",\"target\":[\"https:\/\/newsestlyonnais.fr\/site\/2017\/03\/23\/vaulx-velin-challenge-de-printemps-dhalterophilie-samedi\/#respond\"]}]},{\"@type\":\"WebPage\",\"@id\":\"https:\/\/newsestlyonnais.fr\/site\/2017\/03\/23\/vaulx-velin-challenge-de-printemps-dhalterophilie-samedi\/\",\"url\":\"https:\/\/newsestlyonnais.fr\/site\/2017\/03\/23\/vaulx-velin-challenge-de-printemps-dhalterophilie-samedi\/\",\"name\":\"VAULX EN VELIN : Challenge de printemps d'halt\u00e9rophilie samedi au palais des Sports\",\"isPartOf\":{\"@id\":\"https:\/\/newsestlyonnais.fr\/site\/#website\"},\"primaryImageOfPage\":{\"@id\":\"https:\/\/newsestlyonnais.fr\/site\/2017\/03\/23\/vaulx-velin-challenge-de-printemps-dhalterophilie-samedi\/#primaryimage\"},\"image\":{\"@id\":\"https:\/\/newsestlyonnais.fr\/site\/2017\/03\/23\/vaulx-velin-challenge-de-printemps-dhalterophilie-samedi\/#primaryimage\"},\"thumbnailUrl\":\"https:\/\/newsestlyonnais.fr\/site\/wp-content\/uploads\/2017\/03\/OMS-VAULXENVELIN-LOGOHALTERO.jpg\",\"datePublished\":\"2017-03-23T14:08:34+00:00\",\"dateModified\":\"2020-11-12T19:42:57+00:00\",\"description\":\"VAULX EN VELIN : Challenge de printemps d'halt\u00e9rophilie samedi au palais des Sports\",\"breadcrumb\":{\"@id\":\"https:\/\/newsestlyonnais.fr\/site\/2017\/03\/23\/vaulx-velin-challenge-de-printemps-dhalterophilie-samedi\/#breadcrumb\"},\"inLanguage\":\"fr-FR\",\"potentialAction\":[{\"@type\":\"ReadAction\",\"target\":[\"https:\/\/newsestlyonnais.fr\/site\/2017\/03\/23\/vaulx-velin-challenge-de-printemps-dhalterophilie-samedi\/\"]}]},{\"@type\":\"ImageObject\",\"inLanguage\":\"fr-FR\",\"@id\":\"https:\/\/newsestlyonnais.fr\/site\/2017\/03\/23\/vaulx-velin-challenge-de-printemps-dhalterophilie-samedi\/#primaryimage\",\"url\":\"https:\/\/newsestlyonnais.fr\/site\/wp-content\/uploads\/2017\/03\/OMS-VAULXENVELIN-LOGOHALTERO.jpg\",\"contentUrl\":\"https:\/\/newsestlyonnais.fr\/site\/wp-content\/uploads\/2017\/03\/OMS-VAULXENVELIN-LOGOHALTERO.jpg\",\"width\":1000,\"height\":750,\"caption\":\"OMS VAULXENVELIN LOGOHALTERO\"},{\"@type\":\"BreadcrumbList\",\"@id\":\"https:\/\/newsestlyonnais.fr\/site\/2017\/03\/23\/vaulx-velin-challenge-de-printemps-dhalterophilie-samedi\/#breadcrumb\",\"itemListElement\":[{\"@type\":\"ListItem\",\"position\":1,\"name\":\"Accueil\",\"item\":\"https:\/\/newsestlyonnais.fr\/site\/\"},{\"@type\":\"ListItem\",\"position\":2,\"name\":\"VAULX-EN-VELIN | Challenge de printemps d&rsquo;halt\u00e9rophilie samedi\"}]},{\"@type\":\"WebSite\",\"@id\":\"https:\/\/newsestlyonnais.fr\/site\/#website\",\"url\":\"https:\/\/newsestlyonnais.fr\/site\/\",\"name\":\"News Est Lyonnais\",\"description\":\"L&#039;actualit\u00e9 au plus pr\u00e8s\",\"publisher\":{\"@id\":\"https:\/\/newsestlyonnais.fr\/site\/#organization\"},\"potentialAction\":[{\"@type\":\"SearchAction\",\"target\":{\"@type\":\"EntryPoint\",\"urlTemplate\":\"https:\/\/newsestlyonnais.fr\/site\/?s={search_term_string}\"},\"query-input\":{\"@type\":\"PropertyValueSpecification\",\"valueRequired\":true,\"valueName\":\"search_term_string\"}}],\"inLanguage\":\"fr-FR\"},{\"@type\":\"Organization\",\"@id\":\"https:\/\/newsestlyonnais.fr\/site\/#organization\",\"name\":\"News EST LYONNAIS\",\"url\":\"https:\/\/newsestlyonnais.fr\/site\/\",\"logo\":{\"@type\":\"ImageObject\",\"inLanguage\":\"fr-FR\",\"@id\":\"https:\/\/newsestlyonnais.fr\/site\/#\/schema\/logo\/image\/\",\"url\":\"\",\"contentUrl\":\"\",\"caption\":\"News EST LYONNAIS\"},\"image\":{\"@id\":\"https:\/\/newsestlyonnais.fr\/site\/#\/schema\/logo\/image\/\"}},{\"@type\":\"Person\",\"@id\":\"https:\/\/newsestlyonnais.fr\/site\/#\/schema\/person\/3230d5615f390bb808365d673001e887\",\"name\":\"R\u00e9dac. NEWS\",\"sameAs\":[\"http:\/\/www.newsestlyonnais.fr\",\"https:\/\/www.facebook.com\/pascal.oberson.1?fref=ts\",\"https:\/\/fr.linkedin.com\/in\/pascal-oberson-b17045113\"],\"url\":\"https:\/\/newsestlyonnais.fr\/site\/author\/nel\/\"}]}<\/script>\n<!-- \/ Yoast SEO plugin. -->","yoast_head_json":{"title":"VAULX EN VELIN : Challenge de printemps d'halt\u00e9rophilie samedi au palais des Sports","description":"VAULX EN VELIN : Challenge de printemps d'halt\u00e9rophilie samedi au palais des Sports","robots":{"index":"index","follow":"follow","max-snippet":"max-snippet:-1","max-image-preview":"max-image-preview:large","max-video-preview":"max-video-preview:-1"},"canonical":"https:\/\/newsestlyonnais.fr\/site\/2017\/03\/23\/vaulx-velin-challenge-de-printemps-dhalterophilie-samedi\/","og_locale":"fr_FR","og_type":"article","og_title":"VAULX EN VELIN : Challenge de printemps d'halt\u00e9rophilie samedi au palais des Sports","og_description":"VAULX EN VELIN : Challenge de printemps d'halt\u00e9rophilie samedi au palais des Sports","og_url":"https:\/\/newsestlyonnais.fr\/site\/2017\/03\/23\/vaulx-velin-challenge-de-printemps-dhalterophilie-samedi\/","og_site_name":"News Est Lyonnais","article_author":"https:\/\/www.facebook.com\/pascal.oberson.1?fref=ts","article_published_time":"2017-03-23T14:08:34+00:00","article_modified_time":"2020-11-12T19:42:57+00:00","og_image":[{"width":1000,"height":750,"url":"https:\/\/i0.wp.com\/newsestlyonnais.fr\/site\/wp-content\/uploads\/2017\/03\/OMS-VAULXENVELIN-LOGOHALTERO.jpg?fit=1000%2C750&ssl=1","type":"image\/jpeg"}],"author":"R\u00e9dac. NEWS","twitter_card":"summary_large_image","twitter_misc":{"\u00c9crit par":"R\u00e9dac. NEWS"},"schema":{"@context":"https:\/\/schema.org","@graph":[{"@type":"Article","@id":"https:\/\/newsestlyonnais.fr\/site\/2017\/03\/23\/vaulx-velin-challenge-de-printemps-dhalterophilie-samedi\/#article","isPartOf":{"@id":"https:\/\/newsestlyonnais.fr\/site\/2017\/03\/23\/vaulx-velin-challenge-de-printemps-dhalterophilie-samedi\/"},"author":{"name":"R\u00e9dac. NEWS","@id":"https:\/\/newsestlyonnais.fr\/site\/#\/schema\/person\/3230d5615f390bb808365d673001e887"},"headline":"VAULX-EN-VELIN | Challenge de printemps d&rsquo;halt\u00e9rophilie samedi","datePublished":"2017-03-23T14:08:34+00:00","dateModified":"2020-11-12T19:42:57+00:00","mainEntityOfPage":{"@id":"https:\/\/newsestlyonnais.fr\/site\/2017\/03\/23\/vaulx-velin-challenge-de-printemps-dhalterophilie-samedi\/"},"wordCount":104,"commentCount":0,"publisher":{"@id":"https:\/\/newsestlyonnais.fr\/site\/#organization"},"image":{"@id":"https:\/\/newsestlyonnais.fr\/site\/2017\/03\/23\/vaulx-velin-challenge-de-printemps-dhalterophilie-samedi\/#primaryimage"},"thumbnailUrl":"https:\/\/newsestlyonnais.fr\/site\/wp-content\/uploads\/2017\/03\/OMS-VAULXENVELIN-LOGOHALTERO.jpg","articleSection":["Autres sports","Divers Sports","Institutions | Troph\u00e9es | J.O.","Vaulx-en-Velin"],"inLanguage":"fr-FR","potentialAction":[{"@type":"CommentAction","name":"Comment","target":["https:\/\/newsestlyonnais.fr\/site\/2017\/03\/23\/vaulx-velin-challenge-de-printemps-dhalterophilie-samedi\/#respond"]}]},{"@type":"WebPage","@id":"https:\/\/newsestlyonnais.fr\/site\/2017\/03\/23\/vaulx-velin-challenge-de-printemps-dhalterophilie-samedi\/","url":"https:\/\/newsestlyonnais.fr\/site\/2017\/03\/23\/vaulx-velin-challenge-de-printemps-dhalterophilie-samedi\/","name":"VAULX EN VELIN : Challenge de printemps d'halt\u00e9rophilie samedi au palais des Sports","isPartOf":{"@id":"https:\/\/newsestlyonnais.fr\/site\/#website"},"primaryImageOfPage":{"@id":"https:\/\/newsestlyonnais.fr\/site\/2017\/03\/23\/vaulx-velin-challenge-de-printemps-dhalterophilie-samedi\/#primaryimage"},"image":{"@id":"https:\/\/newsestlyonnais.fr\/site\/2017\/03\/23\/vaulx-velin-challenge-de-printemps-dhalterophilie-samedi\/#primaryimage"},"thumbnailUrl":"https:\/\/newsestlyonnais.fr\/site\/wp-content\/uploads\/2017\/03\/OMS-VAULXENVELIN-LOGOHALTERO.jpg","datePublished":"2017-03-23T14:08:34+00:00","dateModified":"2020-11-12T19:42:57+00:00","description":"VAULX EN VELIN : Challenge de printemps d'halt\u00e9rophilie samedi au palais des Sports","breadcrumb":{"@id":"https:\/\/newsestlyonnais.fr\/site\/2017\/03\/23\/vaulx-velin-challenge-de-printemps-dhalterophilie-samedi\/#breadcrumb"},"inLanguage":"fr-FR","potentialAction":[{"@type":"ReadAction","target":["https:\/\/newsestlyonnais.fr\/site\/2017\/03\/23\/vaulx-velin-challenge-de-printemps-dhalterophilie-samedi\/"]}]},{"@type":"ImageObject","inLanguage":"fr-FR","@id":"https:\/\/newsestlyonnais.fr\/site\/2017\/03\/23\/vaulx-velin-challenge-de-printemps-dhalterophilie-samedi\/#primaryimage","url":"https:\/\/newsestlyonnais.fr\/site\/wp-content\/uploads\/2017\/03\/OMS-VAULXENVELIN-LOGOHALTERO.jpg","contentUrl":"https:\/\/newsestlyonnais.fr\/site\/wp-content\/uploads\/2017\/03\/OMS-VAULXENVELIN-LOGOHALTERO.jpg","width":1000,"height":750,"caption":"OMS VAULXENVELIN LOGOHALTERO"},{"@type":"BreadcrumbList","@id":"https:\/\/newsestlyonnais.fr\/site\/2017\/03\/23\/vaulx-velin-challenge-de-printemps-dhalterophilie-samedi\/#breadcrumb","itemListElement":[{"@type":"ListItem","position":1,"name":"Accueil","item":"https:\/\/newsestlyonnais.fr\/site\/"},{"@type":"ListItem","position":2,"name":"VAULX-EN-VELIN | Challenge de printemps d&rsquo;halt\u00e9rophilie samedi"}]},{"@type":"WebSite","@id":"https:\/\/newsestlyonnais.fr\/site\/#website","url":"https:\/\/newsestlyonnais.fr\/site\/","name":"News Est Lyonnais","description":"L&#039;actualit\u00e9 au plus pr\u00e8s","publisher":{"@id":"https:\/\/newsestlyonnais.fr\/site\/#organization"},"potentialAction":[{"@type":"SearchAction","target":{"@type":"EntryPoint","urlTemplate":"https:\/\/newsestlyonnais.fr\/site\/?s={search_term_string}"},"query-input":{"@type":"PropertyValueSpecification","valueRequired":true,"valueName":"search_term_string"}}],"inLanguage":"fr-FR"},{"@type":"Organization","@id":"https:\/\/newsestlyonnais.fr\/site\/#organization","name":"News EST LYONNAIS","url":"https:\/\/newsestlyonnais.fr\/site\/","logo":{"@type":"ImageObject","inLanguage":"fr-FR","@id":"https:\/\/newsestlyonnais.fr\/site\/#\/schema\/logo\/image\/","url":"","contentUrl":"","caption":"News EST LYONNAIS"},"image":{"@id":"https:\/\/newsestlyonnais.fr\/site\/#\/schema\/logo\/image\/"}},{"@type":"Person","@id":"https:\/\/newsestlyonnais.fr\/site\/#\/schema\/person\/3230d5615f390bb808365d673001e887","name":"R\u00e9dac. NEWS","sameAs":["http:\/\/www.newsestlyonnais.fr","https:\/\/www.facebook.com\/pascal.oberson.1?fref=ts","https:\/\/fr.linkedin.com\/in\/pascal-oberson-b17045113"],"url":"https:\/\/newsestlyonnais.fr\/site\/author\/nel\/"}]}},"_links":{"self":[{"href":"https:\/\/newsestlyonnais.fr\/site\/wp-json\/wp\/v2\/posts\/23212","targetHints":{"allow":["GET"]}}],"collection":[{"href":"https:\/\/newsestlyonnais.fr\/site\/wp-json\/wp\/v2\/posts"}],"about":[{"href":"https:\/\/newsestlyonnais.fr\/site\/wp-json\/wp\/v2\/types\/post"}],"author":[{"embeddable":true,"href":"https:\/\/newsestlyonnais.fr\/site\/wp-json\/wp\/v2\/users\/4"}],"replies":[{"embeddable":true,"href":"https:\/\/newsestlyonnais.fr\/site\/wp-json\/wp\/v2\/comments?post=23212"}],"version-history":[{"count":0,"href":"https:\/\/newsestlyonnais.fr\/site\/wp-json\/wp\/v2\/posts\/23212\/revisions"}],"wp:featuredmedia":[{"embeddable":true,"href":"https:\/\/newsestlyonnais.fr\/site\/wp-json\/wp\/v2\/media\/23213"}],"wp:attachment":[{"href":"https:\/\/newsestlyonnais.fr\/site\/wp-json\/wp\/v2\/media?parent=23212"}],"wp:term":[{"taxonomy":"category","embeddable":true,"href":"https:\/\/newsestlyonnais.fr\/site\/wp-json\/wp\/v2\/categories?post=23212"},{"taxonomy":"post_tag","embeddable":true,"href":"https:\/\/newsestlyonnais.fr\/site\/wp-json\/wp\/v2\/tags?post=23212"}],"curies":[{"name":"wp","href":"https:\/\/api.w.org\/{rel}","templated":true}]}}