{"id":23219,"date":"2017-03-23T18:05:26","date_gmt":"2017-03-23T17:05:26","guid":{"rendered":"http:\/\/newsestlyonnais.fr\/site\/?p=23219"},"modified":"2020-11-16T19:34:27","modified_gmt":"2020-11-16T18:34:27","slug":"lyon-8-agenda-du-27-mars-au-1-avril","status":"publish","type":"post","link":"https:\/\/newsestlyonnais.fr\/site\/2017\/03\/23\/lyon-8-agenda-du-27-mars-au-1-avril\/","title":{"rendered":"LYON 8 | Agenda du 27 mars au 1\u00b0 avril"},"content":{"rendered":"<h4>Plusieurs manifestations sont programm\u00e9es durant la semaine 13 sur l\u2019arrondissement:<\/h4>\n<ul>\n<li><strong>Lundi 27 mars<\/strong> <span style=\"text-decoration: underline\">\u00e0 14 h<\/span>: Remise du Prix Kowalski des Lyc\u00e9ens. Laur\u00e9at : Aymen HACEN pour son recueil \u00ab\u00a0Tunisit\u00e9\u00a0\u00bb. (Nouveau Th\u00e9\u00e2tre du 8\u00b0, 22 rue Commandant P\u00e9gout) &amp; <span style=\"text-decoration: underline\">\u00e0 18 h 30<\/span>: Vernissage de l\u2019exposition \u00ab Sur le fil des ateliers \u00bb.\u00c0 l\u2019occasion des 20 ans d\u2019Arts &amp; D\u00e9veloppement. (Atrium de la Libert\u00e9, Mairie du 8\u00b0 , 12 avenue Jean Mermoz).<\/li>\n<li><strong>Vendredi 31 mars<\/strong> <span style=\"text-decoration: underline\">\u00e0 17 h<\/span>: F\u00eate de la cr\u00eape. F\u00eate de quartier gratuite et ouverte \u00e0 tous organis\u00e9e par Rezo 1901, avec les commer\u00e7ants du Grand Trou. (REZO 1901, 16 rue Beno\u00eet Bernard).<\/li>\n<li><strong>Samedi 1\u00b0 avril<\/strong>: <span style=\"text-decoration: underline\">de 7 h &gt; 17h<\/span> \u2013 Vide grenier La Plaine. (Place G\u00e9n\u00e9ral Andr\u00e9). &amp; <span style=\"text-decoration: underline\">de 14 h \u00e0 17 h 30<\/span>: \u00ab La campagne \u00e0 la ville \u00bb. Parcours d\u2019animations parents\/enfants, par le Centre social Mermoz et ses partenaires. (Place Jean Mermoz).<\/li>\n<\/ul>\n<h4>Retrouvez l\u2019ACTU du 8\u00b0 sur: <a href=\"http:\/\/www.mairie8.lyon.fr\/page\/accueil_8.html\" target=\"_blank\" rel=\"noopener noreferrer\">http:\/\/www.mairie8.lyon.fr\/page\/accueil_8.html<\/a><\/h4>\n","protected":false},"excerpt":{"rendered":"<p>Plusieurs manifestations sont programm\u00e9es durant la semaine 13 sur l\u2019arrondissement: Lundi 27 mars \u00e0 14 h: Remise du Prix Kowalski des Lyc\u00e9ens. Laur\u00e9at : Aymen HACEN pour son recueil \u00ab\u00a0Tunisit\u00e9\u00a0\u00bb. (Nouveau Th\u00e9\u00e2tre du 8\u00b0, 22 rue Commandant P\u00e9gout) &amp; \u00e0 18 h 30: Vernissage de l\u2019exposition \u00ab Sur le fil des ateliers \u00bb.\u00c0 l\u2019occasion des [&hellip;]<\/p>\n","protected":false},"author":4,"featured_media":19917,"comment_status":"open","ping_status":"open","sticky":false,"template":"","format":"standard","meta":{"footnotes":""},"categories":[1625],"tags":[],"class_list":["post-23219","post","type-post","status-publish","format-standard","has-post-thumbnail","hentry","category-lyon"],"yoast_head":"<!-- This site is optimized with the Yoast SEO plugin v27.2 - https:\/\/yoast.com\/product\/yoast-seo-wordpress\/ -->\n<title>LYON 8\u00b0 : D\u00e9couvrez l\u2019agenda des \u00e9v\u00e8nements du 27 mars au 1\u00b0 avril<\/title>\n<meta name=\"description\" content=\"LYON 8\u00b0 : D\u00e9couvrez l\u2019agenda des \u00e9v\u00e8nements du 27 mars au 1\u00b0 avril\" \/>\n<meta name=\"robots\" content=\"index, follow, max-snippet:-1, max-image-preview:large, max-video-preview:-1\" \/>\n<link rel=\"canonical\" href=\"https:\/\/newsestlyonnais.fr\/site\/2017\/03\/23\/lyon-8-agenda-du-27-mars-au-1-avril\/\" \/>\n<meta property=\"og:locale\" content=\"fr_FR\" \/>\n<meta property=\"og:type\" content=\"article\" \/>\n<meta property=\"og:title\" content=\"LYON 8\u00b0 : D\u00e9couvrez l\u2019agenda des \u00e9v\u00e8nements du 27 mars au 1\u00b0 avril\" \/>\n<meta property=\"og:description\" content=\"LYON 8\u00b0 : D\u00e9couvrez l\u2019agenda des \u00e9v\u00e8nements du 27 mars au 1\u00b0 avril\" \/>\n<meta property=\"og:url\" content=\"https:\/\/newsestlyonnais.fr\/site\/2017\/03\/23\/lyon-8-agenda-du-27-mars-au-1-avril\/\" \/>\n<meta property=\"og:site_name\" content=\"News Est Lyonnais\" \/>\n<meta property=\"article:author\" content=\"https:\/\/www.facebook.com\/pascal.oberson.1?fref=ts\" \/>\n<meta property=\"article:published_time\" content=\"2017-03-23T17:05:26+00:00\" \/>\n<meta property=\"article:modified_time\" content=\"2020-11-16T18:34:27+00:00\" \/>\n<meta property=\"og:image\" content=\"https:\/\/i2.wp.com\/newsestlyonnais.fr\/site\/wp-content\/uploads\/2017\/01\/NEWSESTLYONNAIS-LOGO-LYON-8\u00b0.png?fit=1000%2C750&ssl=1\" \/>\n\t<meta property=\"og:image:width\" content=\"1000\" \/>\n\t<meta property=\"og:image:height\" content=\"750\" \/>\n\t<meta property=\"og:image:type\" content=\"image\/png\" \/>\n<meta name=\"author\" content=\"R\u00e9dac. NEWS\" \/>\n<meta name=\"twitter:card\" content=\"summary_large_image\" \/>\n<meta name=\"twitter:label1\" content=\"\u00c9crit par\" \/>\n\t<meta name=\"twitter:data1\" content=\"R\u00e9dac. NEWS\" \/>\n\t<meta name=\"twitter:label2\" content=\"Dur\u00e9e de lecture estim\u00e9e\" \/>\n\t<meta name=\"twitter:data2\" content=\"1 minute\" \/>\n<script type=\"application\/ld+json\" class=\"yoast-schema-graph\">{\"@context\":\"https:\/\/schema.org\",\"@graph\":[{\"@type\":\"Article\",\"@id\":\"https:\/\/newsestlyonnais.fr\/site\/2017\/03\/23\/lyon-8-agenda-du-27-mars-au-1-avril\/#article\",\"isPartOf\":{\"@id\":\"https:\/\/newsestlyonnais.fr\/site\/2017\/03\/23\/lyon-8-agenda-du-27-mars-au-1-avril\/\"},\"author\":{\"name\":\"R\u00e9dac. NEWS\",\"@id\":\"https:\/\/newsestlyonnais.fr\/site\/#\/schema\/person\/3230d5615f390bb808365d673001e887\"},\"headline\":\"LYON 8 | Agenda du 27 mars au 1\u00b0 avril\",\"datePublished\":\"2017-03-23T17:05:26+00:00\",\"dateModified\":\"2020-11-16T18:34:27+00:00\",\"mainEntityOfPage\":{\"@id\":\"https:\/\/newsestlyonnais.fr\/site\/2017\/03\/23\/lyon-8-agenda-du-27-mars-au-1-avril\/\"},\"wordCount\":157,\"commentCount\":0,\"publisher\":{\"@id\":\"https:\/\/newsestlyonnais.fr\/site\/#organization\"},\"image\":{\"@id\":\"https:\/\/newsestlyonnais.fr\/site\/2017\/03\/23\/lyon-8-agenda-du-27-mars-au-1-avril\/#primaryimage\"},\"thumbnailUrl\":\"https:\/\/newsestlyonnais.fr\/site\/wp-content\/uploads\/2017\/01\/NEWSESTLYONNAIS-LOGO-LYON-8\u00b0.png\",\"articleSection\":[\"Lyon\"],\"inLanguage\":\"fr-FR\",\"potentialAction\":[{\"@type\":\"CommentAction\",\"name\":\"Comment\",\"target\":[\"https:\/\/newsestlyonnais.fr\/site\/2017\/03\/23\/lyon-8-agenda-du-27-mars-au-1-avril\/#respond\"]}]},{\"@type\":\"WebPage\",\"@id\":\"https:\/\/newsestlyonnais.fr\/site\/2017\/03\/23\/lyon-8-agenda-du-27-mars-au-1-avril\/\",\"url\":\"https:\/\/newsestlyonnais.fr\/site\/2017\/03\/23\/lyon-8-agenda-du-27-mars-au-1-avril\/\",\"name\":\"LYON 8\u00b0 : D\u00e9couvrez l\u2019agenda des \u00e9v\u00e8nements du 27 mars au 1\u00b0 avril\",\"isPartOf\":{\"@id\":\"https:\/\/newsestlyonnais.fr\/site\/#website\"},\"primaryImageOfPage\":{\"@id\":\"https:\/\/newsestlyonnais.fr\/site\/2017\/03\/23\/lyon-8-agenda-du-27-mars-au-1-avril\/#primaryimage\"},\"image\":{\"@id\":\"https:\/\/newsestlyonnais.fr\/site\/2017\/03\/23\/lyon-8-agenda-du-27-mars-au-1-avril\/#primaryimage\"},\"thumbnailUrl\":\"https:\/\/newsestlyonnais.fr\/site\/wp-content\/uploads\/2017\/01\/NEWSESTLYONNAIS-LOGO-LYON-8\u00b0.png\",\"datePublished\":\"2017-03-23T17:05:26+00:00\",\"dateModified\":\"2020-11-16T18:34:27+00:00\",\"description\":\"LYON 8\u00b0 : D\u00e9couvrez l\u2019agenda des \u00e9v\u00e8nements du 27 mars au 1\u00b0 avril\",\"breadcrumb\":{\"@id\":\"https:\/\/newsestlyonnais.fr\/site\/2017\/03\/23\/lyon-8-agenda-du-27-mars-au-1-avril\/#breadcrumb\"},\"inLanguage\":\"fr-FR\",\"potentialAction\":[{\"@type\":\"ReadAction\",\"target\":[\"https:\/\/newsestlyonnais.fr\/site\/2017\/03\/23\/lyon-8-agenda-du-27-mars-au-1-avril\/\"]}]},{\"@type\":\"ImageObject\",\"inLanguage\":\"fr-FR\",\"@id\":\"https:\/\/newsestlyonnais.fr\/site\/2017\/03\/23\/lyon-8-agenda-du-27-mars-au-1-avril\/#primaryimage\",\"url\":\"https:\/\/newsestlyonnais.fr\/site\/wp-content\/uploads\/2017\/01\/NEWSESTLYONNAIS-LOGO-LYON-8\u00b0.png\",\"contentUrl\":\"https:\/\/newsestlyonnais.fr\/site\/wp-content\/uploads\/2017\/01\/NEWSESTLYONNAIS-LOGO-LYON-8\u00b0.png\",\"width\":1000,\"height\":750,\"caption\":\"NEWSESTLYONNAIS - LOGO LYON 8\u00b0\"},{\"@type\":\"BreadcrumbList\",\"@id\":\"https:\/\/newsestlyonnais.fr\/site\/2017\/03\/23\/lyon-8-agenda-du-27-mars-au-1-avril\/#breadcrumb\",\"itemListElement\":[{\"@type\":\"ListItem\",\"position\":1,\"name\":\"Accueil\",\"item\":\"https:\/\/newsestlyonnais.fr\/site\/\"},{\"@type\":\"ListItem\",\"position\":2,\"name\":\"LYON 8 | Agenda du 27 mars au 1\u00b0 avril\"}]},{\"@type\":\"WebSite\",\"@id\":\"https:\/\/newsestlyonnais.fr\/site\/#website\",\"url\":\"https:\/\/newsestlyonnais.fr\/site\/\",\"name\":\"News Est Lyonnais\",\"description\":\"L&#039;actualit\u00e9 au plus pr\u00e8s\",\"publisher\":{\"@id\":\"https:\/\/newsestlyonnais.fr\/site\/#organization\"},\"potentialAction\":[{\"@type\":\"SearchAction\",\"target\":{\"@type\":\"EntryPoint\",\"urlTemplate\":\"https:\/\/newsestlyonnais.fr\/site\/?s={search_term_string}\"},\"query-input\":{\"@type\":\"PropertyValueSpecification\",\"valueRequired\":true,\"valueName\":\"search_term_string\"}}],\"inLanguage\":\"fr-FR\"},{\"@type\":\"Organization\",\"@id\":\"https:\/\/newsestlyonnais.fr\/site\/#organization\",\"name\":\"News EST LYONNAIS\",\"url\":\"https:\/\/newsestlyonnais.fr\/site\/\",\"logo\":{\"@type\":\"ImageObject\",\"inLanguage\":\"fr-FR\",\"@id\":\"https:\/\/newsestlyonnais.fr\/site\/#\/schema\/logo\/image\/\",\"url\":\"\",\"contentUrl\":\"\",\"caption\":\"News EST LYONNAIS\"},\"image\":{\"@id\":\"https:\/\/newsestlyonnais.fr\/site\/#\/schema\/logo\/image\/\"}},{\"@type\":\"Person\",\"@id\":\"https:\/\/newsestlyonnais.fr\/site\/#\/schema\/person\/3230d5615f390bb808365d673001e887\",\"name\":\"R\u00e9dac. NEWS\",\"sameAs\":[\"http:\/\/www.newsestlyonnais.fr\",\"https:\/\/www.facebook.com\/pascal.oberson.1?fref=ts\",\"https:\/\/fr.linkedin.com\/in\/pascal-oberson-b17045113\"],\"url\":\"https:\/\/newsestlyonnais.fr\/site\/author\/nel\/\"}]}<\/script>\n<!-- \/ Yoast SEO plugin. -->","yoast_head_json":{"title":"LYON 8\u00b0 : D\u00e9couvrez l\u2019agenda des \u00e9v\u00e8nements du 27 mars au 1\u00b0 avril","description":"LYON 8\u00b0 : D\u00e9couvrez l\u2019agenda des \u00e9v\u00e8nements du 27 mars au 1\u00b0 avril","robots":{"index":"index","follow":"follow","max-snippet":"max-snippet:-1","max-image-preview":"max-image-preview:large","max-video-preview":"max-video-preview:-1"},"canonical":"https:\/\/newsestlyonnais.fr\/site\/2017\/03\/23\/lyon-8-agenda-du-27-mars-au-1-avril\/","og_locale":"fr_FR","og_type":"article","og_title":"LYON 8\u00b0 : D\u00e9couvrez l\u2019agenda des \u00e9v\u00e8nements du 27 mars au 1\u00b0 avril","og_description":"LYON 8\u00b0 : D\u00e9couvrez l\u2019agenda des \u00e9v\u00e8nements du 27 mars au 1\u00b0 avril","og_url":"https:\/\/newsestlyonnais.fr\/site\/2017\/03\/23\/lyon-8-agenda-du-27-mars-au-1-avril\/","og_site_name":"News Est Lyonnais","article_author":"https:\/\/www.facebook.com\/pascal.oberson.1?fref=ts","article_published_time":"2017-03-23T17:05:26+00:00","article_modified_time":"2020-11-16T18:34:27+00:00","og_image":[{"width":1000,"height":750,"url":"https:\/\/i2.wp.com\/newsestlyonnais.fr\/site\/wp-content\/uploads\/2017\/01\/NEWSESTLYONNAIS-LOGO-LYON-8\u00b0.png?fit=1000%2C750&ssl=1","type":"image\/png"}],"author":"R\u00e9dac. NEWS","twitter_card":"summary_large_image","twitter_misc":{"\u00c9crit par":"R\u00e9dac. NEWS","Dur\u00e9e de lecture estim\u00e9e":"1 minute"},"schema":{"@context":"https:\/\/schema.org","@graph":[{"@type":"Article","@id":"https:\/\/newsestlyonnais.fr\/site\/2017\/03\/23\/lyon-8-agenda-du-27-mars-au-1-avril\/#article","isPartOf":{"@id":"https:\/\/newsestlyonnais.fr\/site\/2017\/03\/23\/lyon-8-agenda-du-27-mars-au-1-avril\/"},"author":{"name":"R\u00e9dac. NEWS","@id":"https:\/\/newsestlyonnais.fr\/site\/#\/schema\/person\/3230d5615f390bb808365d673001e887"},"headline":"LYON 8 | Agenda du 27 mars au 1\u00b0 avril","datePublished":"2017-03-23T17:05:26+00:00","dateModified":"2020-11-16T18:34:27+00:00","mainEntityOfPage":{"@id":"https:\/\/newsestlyonnais.fr\/site\/2017\/03\/23\/lyon-8-agenda-du-27-mars-au-1-avril\/"},"wordCount":157,"commentCount":0,"publisher":{"@id":"https:\/\/newsestlyonnais.fr\/site\/#organization"},"image":{"@id":"https:\/\/newsestlyonnais.fr\/site\/2017\/03\/23\/lyon-8-agenda-du-27-mars-au-1-avril\/#primaryimage"},"thumbnailUrl":"https:\/\/newsestlyonnais.fr\/site\/wp-content\/uploads\/2017\/01\/NEWSESTLYONNAIS-LOGO-LYON-8\u00b0.png","articleSection":["Lyon"],"inLanguage":"fr-FR","potentialAction":[{"@type":"CommentAction","name":"Comment","target":["https:\/\/newsestlyonnais.fr\/site\/2017\/03\/23\/lyon-8-agenda-du-27-mars-au-1-avril\/#respond"]}]},{"@type":"WebPage","@id":"https:\/\/newsestlyonnais.fr\/site\/2017\/03\/23\/lyon-8-agenda-du-27-mars-au-1-avril\/","url":"https:\/\/newsestlyonnais.fr\/site\/2017\/03\/23\/lyon-8-agenda-du-27-mars-au-1-avril\/","name":"LYON 8\u00b0 : D\u00e9couvrez l\u2019agenda des \u00e9v\u00e8nements du 27 mars au 1\u00b0 avril","isPartOf":{"@id":"https:\/\/newsestlyonnais.fr\/site\/#website"},"primaryImageOfPage":{"@id":"https:\/\/newsestlyonnais.fr\/site\/2017\/03\/23\/lyon-8-agenda-du-27-mars-au-1-avril\/#primaryimage"},"image":{"@id":"https:\/\/newsestlyonnais.fr\/site\/2017\/03\/23\/lyon-8-agenda-du-27-mars-au-1-avril\/#primaryimage"},"thumbnailUrl":"https:\/\/newsestlyonnais.fr\/site\/wp-content\/uploads\/2017\/01\/NEWSESTLYONNAIS-LOGO-LYON-8\u00b0.png","datePublished":"2017-03-23T17:05:26+00:00","dateModified":"2020-11-16T18:34:27+00:00","description":"LYON 8\u00b0 : D\u00e9couvrez l\u2019agenda des \u00e9v\u00e8nements du 27 mars au 1\u00b0 avril","breadcrumb":{"@id":"https:\/\/newsestlyonnais.fr\/site\/2017\/03\/23\/lyon-8-agenda-du-27-mars-au-1-avril\/#breadcrumb"},"inLanguage":"fr-FR","potentialAction":[{"@type":"ReadAction","target":["https:\/\/newsestlyonnais.fr\/site\/2017\/03\/23\/lyon-8-agenda-du-27-mars-au-1-avril\/"]}]},{"@type":"ImageObject","inLanguage":"fr-FR","@id":"https:\/\/newsestlyonnais.fr\/site\/2017\/03\/23\/lyon-8-agenda-du-27-mars-au-1-avril\/#primaryimage","url":"https:\/\/newsestlyonnais.fr\/site\/wp-content\/uploads\/2017\/01\/NEWSESTLYONNAIS-LOGO-LYON-8\u00b0.png","contentUrl":"https:\/\/newsestlyonnais.fr\/site\/wp-content\/uploads\/2017\/01\/NEWSESTLYONNAIS-LOGO-LYON-8\u00b0.png","width":1000,"height":750,"caption":"NEWSESTLYONNAIS - LOGO LYON 8\u00b0"},{"@type":"BreadcrumbList","@id":"https:\/\/newsestlyonnais.fr\/site\/2017\/03\/23\/lyon-8-agenda-du-27-mars-au-1-avril\/#breadcrumb","itemListElement":[{"@type":"ListItem","position":1,"name":"Accueil","item":"https:\/\/newsestlyonnais.fr\/site\/"},{"@type":"ListItem","position":2,"name":"LYON 8 | Agenda du 27 mars au 1\u00b0 avril"}]},{"@type":"WebSite","@id":"https:\/\/newsestlyonnais.fr\/site\/#website","url":"https:\/\/newsestlyonnais.fr\/site\/","name":"News Est Lyonnais","description":"L&#039;actualit\u00e9 au plus pr\u00e8s","publisher":{"@id":"https:\/\/newsestlyonnais.fr\/site\/#organization"},"potentialAction":[{"@type":"SearchAction","target":{"@type":"EntryPoint","urlTemplate":"https:\/\/newsestlyonnais.fr\/site\/?s={search_term_string}"},"query-input":{"@type":"PropertyValueSpecification","valueRequired":true,"valueName":"search_term_string"}}],"inLanguage":"fr-FR"},{"@type":"Organization","@id":"https:\/\/newsestlyonnais.fr\/site\/#organization","name":"News EST LYONNAIS","url":"https:\/\/newsestlyonnais.fr\/site\/","logo":{"@type":"ImageObject","inLanguage":"fr-FR","@id":"https:\/\/newsestlyonnais.fr\/site\/#\/schema\/logo\/image\/","url":"","contentUrl":"","caption":"News EST LYONNAIS"},"image":{"@id":"https:\/\/newsestlyonnais.fr\/site\/#\/schema\/logo\/image\/"}},{"@type":"Person","@id":"https:\/\/newsestlyonnais.fr\/site\/#\/schema\/person\/3230d5615f390bb808365d673001e887","name":"R\u00e9dac. NEWS","sameAs":["http:\/\/www.newsestlyonnais.fr","https:\/\/www.facebook.com\/pascal.oberson.1?fref=ts","https:\/\/fr.linkedin.com\/in\/pascal-oberson-b17045113"],"url":"https:\/\/newsestlyonnais.fr\/site\/author\/nel\/"}]}},"_links":{"self":[{"href":"https:\/\/newsestlyonnais.fr\/site\/wp-json\/wp\/v2\/posts\/23219","targetHints":{"allow":["GET"]}}],"collection":[{"href":"https:\/\/newsestlyonnais.fr\/site\/wp-json\/wp\/v2\/posts"}],"about":[{"href":"https:\/\/newsestlyonnais.fr\/site\/wp-json\/wp\/v2\/types\/post"}],"author":[{"embeddable":true,"href":"https:\/\/newsestlyonnais.fr\/site\/wp-json\/wp\/v2\/users\/4"}],"replies":[{"embeddable":true,"href":"https:\/\/newsestlyonnais.fr\/site\/wp-json\/wp\/v2\/comments?post=23219"}],"version-history":[{"count":0,"href":"https:\/\/newsestlyonnais.fr\/site\/wp-json\/wp\/v2\/posts\/23219\/revisions"}],"wp:featuredmedia":[{"embeddable":true,"href":"https:\/\/newsestlyonnais.fr\/site\/wp-json\/wp\/v2\/media\/19917"}],"wp:attachment":[{"href":"https:\/\/newsestlyonnais.fr\/site\/wp-json\/wp\/v2\/media?parent=23219"}],"wp:term":[{"taxonomy":"category","embeddable":true,"href":"https:\/\/newsestlyonnais.fr\/site\/wp-json\/wp\/v2\/categories?post=23219"},{"taxonomy":"post_tag","embeddable":true,"href":"https:\/\/newsestlyonnais.fr\/site\/wp-json\/wp\/v2\/tags?post=23219"}],"curies":[{"name":"wp","href":"https:\/\/api.w.org\/{rel}","templated":true}]}}