{"id":23352,"date":"2017-03-25T19:20:20","date_gmt":"2017-03-25T18:20:20","guid":{"rendered":"http:\/\/newsestlyonnais.fr\/site\/?p=23352"},"modified":"2020-11-06T15:39:12","modified_gmt":"2020-11-06T14:39:12","slug":"venissieux-253-equipes-2-ekiden-de-lyon","status":"publish","type":"post","link":"https:\/\/newsestlyonnais.fr\/site\/2017\/03\/25\/venissieux-253-equipes-2-ekiden-de-lyon\/","title":{"rendered":"VENISSIEUX | 253 \u00e9quipes au 2\u00b0 Ekiden de Lyon"},"content":{"rendered":"<h4>La 2\u00b0 \u00e9dition de l&rsquo;Ekiden de Lyon se d\u00e9roulait ce samedi matin au parc de Parilly et a vu la participation de 253 \u00e9quipes.<\/h4>\n<p>Une \u00e9preuve qui se disputait sous forme de marathon en relais de 6 coureurs qui devaient courir successivement 5, 10, 5, 10, 5 et 7,195 kilom\u00e8tres.<\/p>\n<p>C&rsquo;est la formation villeurbannaise de l&rsquo;ASVEL qui l&rsquo;a emport\u00e9 et succ\u00e8de \u00e0 Lyon Athl\u00e9 vainqueur de la version 2016.<\/p>\n<p>Les classements:<\/p>\n<p><strong>1\u00b0) ASVEL CAMN<\/strong> (Florian Bancal,Sylvain Denis, Ramzi El Yacoubi, Abdelham Elbaz, Cl\u00e9ment lentillon, Gwenael Morichand) 2 H 23&prime; 22&Prime;<\/p>\n<p><strong>2\u00b0) ENTENTE SUD LYONNAIS (ESL)<\/strong> (Martin Cheveau, Nicolas Granjeon, Thomas Janet, S\u00e9bastien Court, Ludovic Roussel, Benoit Paret) 2 h 26&prime; 42 \u00a0\u00bb<\/p>\n<p><strong>3\u00b0) TERRE DE RUNNING<\/strong> (Olivier Alfano, Jean Paul Bolle, J\u00e9r\u00e9my Chapelle, J\u00e9r\u00f4me Finot, Laurent Humbert, Pierre Paillasson) 2 h 30 &rsquo;54 \u00a0\u00bb<\/p>\n<ul>\n<li>\n<h4>R\u00e9sultats complets \u00e0 retrouver sur: <a href=\"http:\/\/chronometrage.sportcommunication.info\/admin\/resultats\/RESU4451.pdf\" target=\"_blank\" rel=\"noopener noreferrer\">http:\/\/chronometrage.sportcommunication.info\/admin\/resultats\/RESU4451.pdf<\/a><\/h4>\n<\/li>\n<\/ul>\n<figure id=\"attachment_23357\" aria-describedby=\"caption-attachment-23357\" style=\"width: 1000px\" class=\"wp-caption alignleft\"><img loading=\"lazy\" decoding=\"async\" class=\"size-full wp-image-23357\" src=\"https:\/\/newsestlyonnais.fr\/site\/medias\/2017\/03\/NEWSESTLYONNAIS-TERRE-RUNNING-EKIDEN.jpg\" alt=\"NEWSESTLYONNAIS - TERRE RUNNING EKIDEN\" width=\"1000\" height=\"750\" srcset=\"https:\/\/newsestlyonnais.fr\/site\/wp-content\/uploads\/2017\/03\/NEWSESTLYONNAIS-TERRE-RUNNING-EKIDEN.jpg 1000w, https:\/\/newsestlyonnais.fr\/site\/wp-content\/uploads\/2017\/03\/NEWSESTLYONNAIS-TERRE-RUNNING-EKIDEN-400x300.jpg 400w, https:\/\/newsestlyonnais.fr\/site\/wp-content\/uploads\/2017\/03\/NEWSESTLYONNAIS-TERRE-RUNNING-EKIDEN-768x576.jpg 768w, https:\/\/newsestlyonnais.fr\/site\/wp-content\/uploads\/2017\/03\/NEWSESTLYONNAIS-TERRE-RUNNING-EKIDEN-600x450.jpg 600w, https:\/\/newsestlyonnais.fr\/site\/wp-content\/uploads\/2017\/03\/NEWSESTLYONNAIS-TERRE-RUNNING-EKIDEN-100x75.jpg 100w\" sizes=\"auto, (max-width: 1000px) 100vw, 1000px\" \/><figcaption id=\"caption-attachment-23357\" class=\"wp-caption-text\">La formation TERRE DE RUNNING est mont\u00e9e sur la 3\u00b0 marche du podium<\/figcaption><\/figure>\n<figure id=\"attachment_23366\" aria-describedby=\"caption-attachment-23366\" style=\"width: 1000px\" class=\"wp-caption alignleft\"><img loading=\"lazy\" decoding=\"async\" class=\"size-full wp-image-23366\" src=\"https:\/\/newsestlyonnais.fr\/site\/medias\/2017\/03\/NEWSESTLYONNAIS-DEPART-EKIDEN.jpg\" alt=\"NEWSESTLYONNAIS - DEPART EKIDEN\" width=\"1000\" height=\"750\" srcset=\"https:\/\/newsestlyonnais.fr\/site\/wp-content\/uploads\/2017\/03\/NEWSESTLYONNAIS-DEPART-EKIDEN.jpg 1000w, https:\/\/newsestlyonnais.fr\/site\/wp-content\/uploads\/2017\/03\/NEWSESTLYONNAIS-DEPART-EKIDEN-400x300.jpg 400w, https:\/\/newsestlyonnais.fr\/site\/wp-content\/uploads\/2017\/03\/NEWSESTLYONNAIS-DEPART-EKIDEN-768x576.jpg 768w, https:\/\/newsestlyonnais.fr\/site\/wp-content\/uploads\/2017\/03\/NEWSESTLYONNAIS-DEPART-EKIDEN-600x450.jpg 600w, https:\/\/newsestlyonnais.fr\/site\/wp-content\/uploads\/2017\/03\/NEWSESTLYONNAIS-DEPART-EKIDEN-100x75.jpg 100w\" sizes=\"auto, (max-width: 1000px) 100vw, 1000px\" \/><figcaption id=\"caption-attachment-23366\" class=\"wp-caption-text\">C&rsquo;est parti pour le 1\u00b0 relais !<\/figcaption><\/figure>\n<figure id=\"attachment_23363\" aria-describedby=\"caption-attachment-23363\" style=\"width: 1000px\" class=\"wp-caption alignleft\"><img loading=\"lazy\" decoding=\"async\" class=\"wp-image-23363 size-full\" src=\"https:\/\/newsestlyonnais.fr\/site\/medias\/2017\/03\/NEWSESTLYONNAIS-RELAYEUR-EKIDEN-1.jpg\" alt=\"https:\/\/newsestlyonnais.fr\/site\/medias\/2017\/03\/NEWSESTLYONNAIS-RELAYEUR-EKIDEN-1.jpg\" width=\"1000\" height=\"750\" srcset=\"https:\/\/newsestlyonnais.fr\/site\/wp-content\/uploads\/2017\/03\/NEWSESTLYONNAIS-RELAYEUR-EKIDEN-1.jpg 1000w, https:\/\/newsestlyonnais.fr\/site\/wp-content\/uploads\/2017\/03\/NEWSESTLYONNAIS-RELAYEUR-EKIDEN-1-400x300.jpg 400w, https:\/\/newsestlyonnais.fr\/site\/wp-content\/uploads\/2017\/03\/NEWSESTLYONNAIS-RELAYEUR-EKIDEN-1-768x576.jpg 768w, https:\/\/newsestlyonnais.fr\/site\/wp-content\/uploads\/2017\/03\/NEWSESTLYONNAIS-RELAYEUR-EKIDEN-1-600x450.jpg 600w, https:\/\/newsestlyonnais.fr\/site\/wp-content\/uploads\/2017\/03\/NEWSESTLYONNAIS-RELAYEUR-EKIDEN-1-100x75.jpg 100w\" sizes=\"auto, (max-width: 1000px) 100vw, 1000px\" \/><figcaption id=\"caption-attachment-23363\" class=\"wp-caption-text\">Le dernier relayeur de l&rsquo;ASVEL vainqueur de cette \u00e9dition, vient de franchir la ligne<\/figcaption><\/figure>\n<p>&nbsp;<\/p>\n","protected":false},"excerpt":{"rendered":"<p>La 2\u00b0 \u00e9dition de l&rsquo;Ekiden de Lyon se d\u00e9roulait ce samedi matin au parc de Parilly et a vu la participation de 253 \u00e9quipes. Une \u00e9preuve qui se disputait sous forme de marathon en relais de 6 coureurs qui devaient courir successivement 5, 10, 5, 10, 5 et 7,195 kilom\u00e8tres. C&rsquo;est la formation villeurbannaise de [&hellip;]<\/p>\n","protected":false},"author":4,"featured_media":23353,"comment_status":"open","ping_status":"open","sticky":false,"template":"","format":"standard","meta":{"footnotes":""},"categories":[2968,19,1625,1298],"tags":[],"class_list":["post-23352","post","type-post","status-publish","format-standard","has-post-thumbnail","hentry","category-athle-course-pied-marche","category-bron","category-lyon","category-venissieux"],"yoast_head":"<!-- This site is optimized with the Yoast SEO plugin v27.2 - https:\/\/yoast.com\/product\/yoast-seo-wordpress\/ -->\n<title>VENISSIEUX : 253 \u00e9quipes au 2\u00b0 EKIDEN DE LYON<\/title>\n<meta name=\"description\" content=\"VENISSIEUX : 253 \u00e9quipes au 2\u00b0 EKIDEN DE LYON\" \/>\n<meta name=\"robots\" content=\"index, follow, max-snippet:-1, max-image-preview:large, max-video-preview:-1\" \/>\n<link rel=\"canonical\" href=\"https:\/\/newsestlyonnais.fr\/site\/2017\/03\/25\/venissieux-253-equipes-2-ekiden-de-lyon\/\" \/>\n<meta property=\"og:locale\" content=\"fr_FR\" \/>\n<meta property=\"og:type\" content=\"article\" \/>\n<meta property=\"og:title\" content=\"VENISSIEUX : 253 \u00e9quipes au 2\u00b0 EKIDEN DE LYON\" \/>\n<meta property=\"og:description\" content=\"VENISSIEUX : 253 \u00e9quipes au 2\u00b0 EKIDEN DE LYON\" \/>\n<meta property=\"og:url\" content=\"https:\/\/newsestlyonnais.fr\/site\/2017\/03\/25\/venissieux-253-equipes-2-ekiden-de-lyon\/\" \/>\n<meta property=\"og:site_name\" content=\"News Est Lyonnais\" \/>\n<meta property=\"article:author\" content=\"https:\/\/www.facebook.com\/pascal.oberson.1?fref=ts\" \/>\n<meta property=\"article:published_time\" content=\"2017-03-25T18:20:20+00:00\" \/>\n<meta property=\"article:modified_time\" content=\"2020-11-06T14:39:12+00:00\" \/>\n<meta property=\"og:image\" content=\"https:\/\/i2.wp.com\/newsestlyonnais.fr\/site\/wp-content\/uploads\/2017\/03\/NEWSESTLYONNAIS-EKIDEN-2017.jpg?fit=1000%2C750&ssl=1\" \/>\n\t<meta property=\"og:image:width\" content=\"1000\" \/>\n\t<meta property=\"og:image:height\" content=\"750\" \/>\n\t<meta property=\"og:image:type\" content=\"image\/jpeg\" \/>\n<meta name=\"author\" content=\"R\u00e9dac. NEWS\" \/>\n<meta name=\"twitter:card\" content=\"summary_large_image\" \/>\n<meta name=\"twitter:label1\" content=\"\u00c9crit par\" \/>\n\t<meta name=\"twitter:data1\" content=\"R\u00e9dac. NEWS\" \/>\n\t<meta name=\"twitter:label2\" content=\"Dur\u00e9e de lecture estim\u00e9e\" \/>\n\t<meta name=\"twitter:data2\" content=\"1 minute\" \/>\n<script type=\"application\/ld+json\" class=\"yoast-schema-graph\">{\"@context\":\"https:\/\/schema.org\",\"@graph\":[{\"@type\":\"Article\",\"@id\":\"https:\/\/newsestlyonnais.fr\/site\/2017\/03\/25\/venissieux-253-equipes-2-ekiden-de-lyon\/#article\",\"isPartOf\":{\"@id\":\"https:\/\/newsestlyonnais.fr\/site\/2017\/03\/25\/venissieux-253-equipes-2-ekiden-de-lyon\/\"},\"author\":{\"name\":\"R\u00e9dac. NEWS\",\"@id\":\"https:\/\/newsestlyonnais.fr\/site\/#\/schema\/person\/3230d5615f390bb808365d673001e887\"},\"headline\":\"VENISSIEUX | 253 \u00e9quipes au 2\u00b0 Ekiden de Lyon\",\"datePublished\":\"2017-03-25T18:20:20+00:00\",\"dateModified\":\"2020-11-06T14:39:12+00:00\",\"mainEntityOfPage\":{\"@id\":\"https:\/\/newsestlyonnais.fr\/site\/2017\/03\/25\/venissieux-253-equipes-2-ekiden-de-lyon\/\"},\"wordCount\":198,\"commentCount\":0,\"publisher\":{\"@id\":\"https:\/\/newsestlyonnais.fr\/site\/#organization\"},\"image\":{\"@id\":\"https:\/\/newsestlyonnais.fr\/site\/2017\/03\/25\/venissieux-253-equipes-2-ekiden-de-lyon\/#primaryimage\"},\"thumbnailUrl\":\"https:\/\/newsestlyonnais.fr\/site\/wp-content\/uploads\/2017\/03\/NEWSESTLYONNAIS-EKIDEN-2017.jpg\",\"articleSection\":[\"Athl\u00e9 | Course pied | Marche\",\"Bron\",\"Lyon\",\"V\u00e9nissieux\"],\"inLanguage\":\"fr-FR\",\"potentialAction\":[{\"@type\":\"CommentAction\",\"name\":\"Comment\",\"target\":[\"https:\/\/newsestlyonnais.fr\/site\/2017\/03\/25\/venissieux-253-equipes-2-ekiden-de-lyon\/#respond\"]}]},{\"@type\":\"WebPage\",\"@id\":\"https:\/\/newsestlyonnais.fr\/site\/2017\/03\/25\/venissieux-253-equipes-2-ekiden-de-lyon\/\",\"url\":\"https:\/\/newsestlyonnais.fr\/site\/2017\/03\/25\/venissieux-253-equipes-2-ekiden-de-lyon\/\",\"name\":\"VENISSIEUX : 253 \u00e9quipes au 2\u00b0 EKIDEN DE LYON\",\"isPartOf\":{\"@id\":\"https:\/\/newsestlyonnais.fr\/site\/#website\"},\"primaryImageOfPage\":{\"@id\":\"https:\/\/newsestlyonnais.fr\/site\/2017\/03\/25\/venissieux-253-equipes-2-ekiden-de-lyon\/#primaryimage\"},\"image\":{\"@id\":\"https:\/\/newsestlyonnais.fr\/site\/2017\/03\/25\/venissieux-253-equipes-2-ekiden-de-lyon\/#primaryimage\"},\"thumbnailUrl\":\"https:\/\/newsestlyonnais.fr\/site\/wp-content\/uploads\/2017\/03\/NEWSESTLYONNAIS-EKIDEN-2017.jpg\",\"datePublished\":\"2017-03-25T18:20:20+00:00\",\"dateModified\":\"2020-11-06T14:39:12+00:00\",\"description\":\"VENISSIEUX : 253 \u00e9quipes au 2\u00b0 EKIDEN DE LYON\",\"breadcrumb\":{\"@id\":\"https:\/\/newsestlyonnais.fr\/site\/2017\/03\/25\/venissieux-253-equipes-2-ekiden-de-lyon\/#breadcrumb\"},\"inLanguage\":\"fr-FR\",\"potentialAction\":[{\"@type\":\"ReadAction\",\"target\":[\"https:\/\/newsestlyonnais.fr\/site\/2017\/03\/25\/venissieux-253-equipes-2-ekiden-de-lyon\/\"]}]},{\"@type\":\"ImageObject\",\"inLanguage\":\"fr-FR\",\"@id\":\"https:\/\/newsestlyonnais.fr\/site\/2017\/03\/25\/venissieux-253-equipes-2-ekiden-de-lyon\/#primaryimage\",\"url\":\"https:\/\/newsestlyonnais.fr\/site\/wp-content\/uploads\/2017\/03\/NEWSESTLYONNAIS-EKIDEN-2017.jpg\",\"contentUrl\":\"https:\/\/newsestlyonnais.fr\/site\/wp-content\/uploads\/2017\/03\/NEWSESTLYONNAIS-EKIDEN-2017.jpg\",\"width\":1000,\"height\":750,\"caption\":\"NEWSESTLYONNAIS - EKIDEN 2017\"},{\"@type\":\"BreadcrumbList\",\"@id\":\"https:\/\/newsestlyonnais.fr\/site\/2017\/03\/25\/venissieux-253-equipes-2-ekiden-de-lyon\/#breadcrumb\",\"itemListElement\":[{\"@type\":\"ListItem\",\"position\":1,\"name\":\"Accueil\",\"item\":\"https:\/\/newsestlyonnais.fr\/site\/\"},{\"@type\":\"ListItem\",\"position\":2,\"name\":\"VENISSIEUX | 253 \u00e9quipes au 2\u00b0 Ekiden de Lyon\"}]},{\"@type\":\"WebSite\",\"@id\":\"https:\/\/newsestlyonnais.fr\/site\/#website\",\"url\":\"https:\/\/newsestlyonnais.fr\/site\/\",\"name\":\"News Est Lyonnais\",\"description\":\"L&#039;actualit\u00e9 au plus pr\u00e8s\",\"publisher\":{\"@id\":\"https:\/\/newsestlyonnais.fr\/site\/#organization\"},\"potentialAction\":[{\"@type\":\"SearchAction\",\"target\":{\"@type\":\"EntryPoint\",\"urlTemplate\":\"https:\/\/newsestlyonnais.fr\/site\/?s={search_term_string}\"},\"query-input\":{\"@type\":\"PropertyValueSpecification\",\"valueRequired\":true,\"valueName\":\"search_term_string\"}}],\"inLanguage\":\"fr-FR\"},{\"@type\":\"Organization\",\"@id\":\"https:\/\/newsestlyonnais.fr\/site\/#organization\",\"name\":\"News EST LYONNAIS\",\"url\":\"https:\/\/newsestlyonnais.fr\/site\/\",\"logo\":{\"@type\":\"ImageObject\",\"inLanguage\":\"fr-FR\",\"@id\":\"https:\/\/newsestlyonnais.fr\/site\/#\/schema\/logo\/image\/\",\"url\":\"\",\"contentUrl\":\"\",\"caption\":\"News EST LYONNAIS\"},\"image\":{\"@id\":\"https:\/\/newsestlyonnais.fr\/site\/#\/schema\/logo\/image\/\"}},{\"@type\":\"Person\",\"@id\":\"https:\/\/newsestlyonnais.fr\/site\/#\/schema\/person\/3230d5615f390bb808365d673001e887\",\"name\":\"R\u00e9dac. NEWS\",\"sameAs\":[\"http:\/\/www.newsestlyonnais.fr\",\"https:\/\/www.facebook.com\/pascal.oberson.1?fref=ts\",\"https:\/\/fr.linkedin.com\/in\/pascal-oberson-b17045113\"],\"url\":\"https:\/\/newsestlyonnais.fr\/site\/author\/nel\/\"}]}<\/script>\n<!-- \/ Yoast SEO plugin. -->","yoast_head_json":{"title":"VENISSIEUX : 253 \u00e9quipes au 2\u00b0 EKIDEN DE LYON","description":"VENISSIEUX : 253 \u00e9quipes au 2\u00b0 EKIDEN DE LYON","robots":{"index":"index","follow":"follow","max-snippet":"max-snippet:-1","max-image-preview":"max-image-preview:large","max-video-preview":"max-video-preview:-1"},"canonical":"https:\/\/newsestlyonnais.fr\/site\/2017\/03\/25\/venissieux-253-equipes-2-ekiden-de-lyon\/","og_locale":"fr_FR","og_type":"article","og_title":"VENISSIEUX : 253 \u00e9quipes au 2\u00b0 EKIDEN DE LYON","og_description":"VENISSIEUX : 253 \u00e9quipes au 2\u00b0 EKIDEN DE LYON","og_url":"https:\/\/newsestlyonnais.fr\/site\/2017\/03\/25\/venissieux-253-equipes-2-ekiden-de-lyon\/","og_site_name":"News Est Lyonnais","article_author":"https:\/\/www.facebook.com\/pascal.oberson.1?fref=ts","article_published_time":"2017-03-25T18:20:20+00:00","article_modified_time":"2020-11-06T14:39:12+00:00","og_image":[{"width":1000,"height":750,"url":"https:\/\/i2.wp.com\/newsestlyonnais.fr\/site\/wp-content\/uploads\/2017\/03\/NEWSESTLYONNAIS-EKIDEN-2017.jpg?fit=1000%2C750&ssl=1","type":"image\/jpeg"}],"author":"R\u00e9dac. NEWS","twitter_card":"summary_large_image","twitter_misc":{"\u00c9crit par":"R\u00e9dac. NEWS","Dur\u00e9e de lecture estim\u00e9e":"1 minute"},"schema":{"@context":"https:\/\/schema.org","@graph":[{"@type":"Article","@id":"https:\/\/newsestlyonnais.fr\/site\/2017\/03\/25\/venissieux-253-equipes-2-ekiden-de-lyon\/#article","isPartOf":{"@id":"https:\/\/newsestlyonnais.fr\/site\/2017\/03\/25\/venissieux-253-equipes-2-ekiden-de-lyon\/"},"author":{"name":"R\u00e9dac. NEWS","@id":"https:\/\/newsestlyonnais.fr\/site\/#\/schema\/person\/3230d5615f390bb808365d673001e887"},"headline":"VENISSIEUX | 253 \u00e9quipes au 2\u00b0 Ekiden de Lyon","datePublished":"2017-03-25T18:20:20+00:00","dateModified":"2020-11-06T14:39:12+00:00","mainEntityOfPage":{"@id":"https:\/\/newsestlyonnais.fr\/site\/2017\/03\/25\/venissieux-253-equipes-2-ekiden-de-lyon\/"},"wordCount":198,"commentCount":0,"publisher":{"@id":"https:\/\/newsestlyonnais.fr\/site\/#organization"},"image":{"@id":"https:\/\/newsestlyonnais.fr\/site\/2017\/03\/25\/venissieux-253-equipes-2-ekiden-de-lyon\/#primaryimage"},"thumbnailUrl":"https:\/\/newsestlyonnais.fr\/site\/wp-content\/uploads\/2017\/03\/NEWSESTLYONNAIS-EKIDEN-2017.jpg","articleSection":["Athl\u00e9 | Course pied | Marche","Bron","Lyon","V\u00e9nissieux"],"inLanguage":"fr-FR","potentialAction":[{"@type":"CommentAction","name":"Comment","target":["https:\/\/newsestlyonnais.fr\/site\/2017\/03\/25\/venissieux-253-equipes-2-ekiden-de-lyon\/#respond"]}]},{"@type":"WebPage","@id":"https:\/\/newsestlyonnais.fr\/site\/2017\/03\/25\/venissieux-253-equipes-2-ekiden-de-lyon\/","url":"https:\/\/newsestlyonnais.fr\/site\/2017\/03\/25\/venissieux-253-equipes-2-ekiden-de-lyon\/","name":"VENISSIEUX : 253 \u00e9quipes au 2\u00b0 EKIDEN DE LYON","isPartOf":{"@id":"https:\/\/newsestlyonnais.fr\/site\/#website"},"primaryImageOfPage":{"@id":"https:\/\/newsestlyonnais.fr\/site\/2017\/03\/25\/venissieux-253-equipes-2-ekiden-de-lyon\/#primaryimage"},"image":{"@id":"https:\/\/newsestlyonnais.fr\/site\/2017\/03\/25\/venissieux-253-equipes-2-ekiden-de-lyon\/#primaryimage"},"thumbnailUrl":"https:\/\/newsestlyonnais.fr\/site\/wp-content\/uploads\/2017\/03\/NEWSESTLYONNAIS-EKIDEN-2017.jpg","datePublished":"2017-03-25T18:20:20+00:00","dateModified":"2020-11-06T14:39:12+00:00","description":"VENISSIEUX : 253 \u00e9quipes au 2\u00b0 EKIDEN DE LYON","breadcrumb":{"@id":"https:\/\/newsestlyonnais.fr\/site\/2017\/03\/25\/venissieux-253-equipes-2-ekiden-de-lyon\/#breadcrumb"},"inLanguage":"fr-FR","potentialAction":[{"@type":"ReadAction","target":["https:\/\/newsestlyonnais.fr\/site\/2017\/03\/25\/venissieux-253-equipes-2-ekiden-de-lyon\/"]}]},{"@type":"ImageObject","inLanguage":"fr-FR","@id":"https:\/\/newsestlyonnais.fr\/site\/2017\/03\/25\/venissieux-253-equipes-2-ekiden-de-lyon\/#primaryimage","url":"https:\/\/newsestlyonnais.fr\/site\/wp-content\/uploads\/2017\/03\/NEWSESTLYONNAIS-EKIDEN-2017.jpg","contentUrl":"https:\/\/newsestlyonnais.fr\/site\/wp-content\/uploads\/2017\/03\/NEWSESTLYONNAIS-EKIDEN-2017.jpg","width":1000,"height":750,"caption":"NEWSESTLYONNAIS - EKIDEN 2017"},{"@type":"BreadcrumbList","@id":"https:\/\/newsestlyonnais.fr\/site\/2017\/03\/25\/venissieux-253-equipes-2-ekiden-de-lyon\/#breadcrumb","itemListElement":[{"@type":"ListItem","position":1,"name":"Accueil","item":"https:\/\/newsestlyonnais.fr\/site\/"},{"@type":"ListItem","position":2,"name":"VENISSIEUX | 253 \u00e9quipes au 2\u00b0 Ekiden de Lyon"}]},{"@type":"WebSite","@id":"https:\/\/newsestlyonnais.fr\/site\/#website","url":"https:\/\/newsestlyonnais.fr\/site\/","name":"News Est Lyonnais","description":"L&#039;actualit\u00e9 au plus pr\u00e8s","publisher":{"@id":"https:\/\/newsestlyonnais.fr\/site\/#organization"},"potentialAction":[{"@type":"SearchAction","target":{"@type":"EntryPoint","urlTemplate":"https:\/\/newsestlyonnais.fr\/site\/?s={search_term_string}"},"query-input":{"@type":"PropertyValueSpecification","valueRequired":true,"valueName":"search_term_string"}}],"inLanguage":"fr-FR"},{"@type":"Organization","@id":"https:\/\/newsestlyonnais.fr\/site\/#organization","name":"News EST LYONNAIS","url":"https:\/\/newsestlyonnais.fr\/site\/","logo":{"@type":"ImageObject","inLanguage":"fr-FR","@id":"https:\/\/newsestlyonnais.fr\/site\/#\/schema\/logo\/image\/","url":"","contentUrl":"","caption":"News EST LYONNAIS"},"image":{"@id":"https:\/\/newsestlyonnais.fr\/site\/#\/schema\/logo\/image\/"}},{"@type":"Person","@id":"https:\/\/newsestlyonnais.fr\/site\/#\/schema\/person\/3230d5615f390bb808365d673001e887","name":"R\u00e9dac. NEWS","sameAs":["http:\/\/www.newsestlyonnais.fr","https:\/\/www.facebook.com\/pascal.oberson.1?fref=ts","https:\/\/fr.linkedin.com\/in\/pascal-oberson-b17045113"],"url":"https:\/\/newsestlyonnais.fr\/site\/author\/nel\/"}]}},"_links":{"self":[{"href":"https:\/\/newsestlyonnais.fr\/site\/wp-json\/wp\/v2\/posts\/23352","targetHints":{"allow":["GET"]}}],"collection":[{"href":"https:\/\/newsestlyonnais.fr\/site\/wp-json\/wp\/v2\/posts"}],"about":[{"href":"https:\/\/newsestlyonnais.fr\/site\/wp-json\/wp\/v2\/types\/post"}],"author":[{"embeddable":true,"href":"https:\/\/newsestlyonnais.fr\/site\/wp-json\/wp\/v2\/users\/4"}],"replies":[{"embeddable":true,"href":"https:\/\/newsestlyonnais.fr\/site\/wp-json\/wp\/v2\/comments?post=23352"}],"version-history":[{"count":0,"href":"https:\/\/newsestlyonnais.fr\/site\/wp-json\/wp\/v2\/posts\/23352\/revisions"}],"wp:featuredmedia":[{"embeddable":true,"href":"https:\/\/newsestlyonnais.fr\/site\/wp-json\/wp\/v2\/media\/23353"}],"wp:attachment":[{"href":"https:\/\/newsestlyonnais.fr\/site\/wp-json\/wp\/v2\/media?parent=23352"}],"wp:term":[{"taxonomy":"category","embeddable":true,"href":"https:\/\/newsestlyonnais.fr\/site\/wp-json\/wp\/v2\/categories?post=23352"},{"taxonomy":"post_tag","embeddable":true,"href":"https:\/\/newsestlyonnais.fr\/site\/wp-json\/wp\/v2\/tags?post=23352"}],"curies":[{"name":"wp","href":"https:\/\/api.w.org\/{rel}","templated":true}]}}