{"id":23391,"date":"2017-03-26T18:30:58","date_gmt":"2017-03-26T17:30:58","guid":{"rendered":"http:\/\/newsestlyonnais.fr\/site\/?p=23391"},"modified":"2020-11-10T19:39:37","modified_gmt":"2020-11-10T18:39:37","slug":"vaulx-velin-boules-lyonnaises-quadrette-cartier-ph-saint-priest-remporte-coupe-calogero-lamarca","status":"publish","type":"post","link":"https:\/\/newsestlyonnais.fr\/site\/2017\/03\/26\/vaulx-velin-boules-lyonnaises-quadrette-cartier-ph-saint-priest-remporte-coupe-calogero-lamarca\/","title":{"rendered":"VAULX-EN-VELIN Boules Lyonnaises | La quadrette Cartier Ph. (St-Priest) remporte la Coupe Calog\u00e9ro Lamarca"},"content":{"rendered":"<h4>La coupe Calog\u00e9ro Lamarca de boules lyonnaises a d\u00e9marr\u00e9 le samedi 18 mars et s&rsquo;est achev\u00e9 vendredi soir au boulodrome couvert.<\/h4>\n<p>Un concours de 16 quadrettes (3\u00b0 &amp; 4\u00b0 division par poules) organis\u00e9 par la Boule de la Merlin en hommage \u00e0 son ancien pr\u00e9sident disparu il y a quelques ann\u00e9es.<\/p>\n<p>14 quadrettes se sont pr\u00e9sent\u00e9es pour disput\u00e9es les premi\u00e8res parties, 2 \u00e9quipes s&rsquo;\u00e9tant malheureusement d\u00e9sist\u00e9es dans la semaine.<\/p>\n<p>A noter:<\/p>\n<ul>\n<li>la pr\u00e9sence de 5 f\u00e9minines au d\u00e9part du concours dont 2 dans la m\u00eame \u00e9quipe (la Ravat).<\/li>\n<li>la belle performance du pr\u00e9sident de la Merlin R. De Groot sorti 1\u00b0 de poule (celle du futur vainqueur).<\/li>\n<\/ul>\n<p>La finale opposait l&rsquo;\u00e9quipe Cartier Ph. (St. Priest) \u00e0 celle de Bousch N. (D\u00e9cines). Les deux \u00e9quipes ont disput\u00e9 le barrage. D\u00e9but de partie \u00e9quilibr\u00e9e avec plusieurs annulations le score \u00e9tant de 4\/2 au bout dune heure 20 de jeu !<\/p>\n<p>L&rsquo;\u00e9quipe Cartier (<strong>PHOTO A LA UNE<\/strong>) en 2 m\u00e8nes prenait le large (4 et 5 pts) lors d&rsquo;une finale dont le but a \u00e9t\u00e9 lanc\u00e9 par Henriette, compagne de Calog\u00e9ro Lamarca.<\/p>\n<p>Fleurs et coupes ont \u00e9t\u00e9 remises par Henriette et Etoile aux finalistes, la soir\u00e9e se terminant par le traditionnel et convivial m\u00e2chon.<\/p>\n<p><b>Les r\u00e9sultats:<br \/>\n<\/b><\/p>\n<p><b><span style=\"text-decoration: underline\">Perdants 1\/4 finale:<\/span> <\/b>Duclos Y. (Merlin) &#8211; De Groot R. (Merlin) &#8211; D&rsquo; Alo\u00efa L. (Merlin) &#8211; Paturel M. (Corbas)<\/p>\n<p><span style=\"text-decoration: underline\"><b>1\/2 finale: <\/b><\/span>Bousch N. bat Cavaille M. &#8211; Allion J. &#8211; Ferreboeuf G. et S. (ASVEL &#8211; Moncey) \u00e0 8<\/p>\n<p>&amp; Cartier Ph. bat Peyratou B.-Feuvrier G.-Lardi\u00e8re J.-Moron G.-Morel J.Y. (La Merlin) \u00e0 12<\/p>\n<ul>\n<li><span style=\"text-decoration: underline\"><b>Finale: <\/b><\/span><strong>Cartier Ph.-Arco JL-Cornen D-Pessiot Christine (St Priest)<\/strong> bat Bousch Nicolas, Gaston et Jordi &#8211; Rollet S. &#8211; Hidalgo R. (D\u00e9cines- Corbas) \u00e0 2<\/li>\n<\/ul>\n<figure id=\"attachment_23405\" aria-describedby=\"caption-attachment-23405\" style=\"width: 1000px\" class=\"wp-caption alignleft\"><img loading=\"lazy\" decoding=\"async\" class=\"size-full wp-image-23405\" src=\"https:\/\/newsestlyonnais.fr\/site\/medias\/2017\/03\/NEWSESTLYONNAIS-FINALISTES-COUPE.jpg\" alt=\"NEWSESTLYONNAIS - FINALISTES COUPE\" width=\"1000\" height=\"750\" srcset=\"https:\/\/newsestlyonnais.fr\/site\/wp-content\/uploads\/2017\/03\/NEWSESTLYONNAIS-FINALISTES-COUPE.jpg 1000w, https:\/\/newsestlyonnais.fr\/site\/wp-content\/uploads\/2017\/03\/NEWSESTLYONNAIS-FINALISTES-COUPE-400x300.jpg 400w, https:\/\/newsestlyonnais.fr\/site\/wp-content\/uploads\/2017\/03\/NEWSESTLYONNAIS-FINALISTES-COUPE-768x576.jpg 768w, https:\/\/newsestlyonnais.fr\/site\/wp-content\/uploads\/2017\/03\/NEWSESTLYONNAIS-FINALISTES-COUPE-600x450.jpg 600w, https:\/\/newsestlyonnais.fr\/site\/wp-content\/uploads\/2017\/03\/NEWSESTLYONNAIS-FINALISTES-COUPE-100x75.jpg 100w\" sizes=\"auto, (max-width: 1000px) 100vw, 1000px\" \/><figcaption id=\"caption-attachment-23405\" class=\"wp-caption-text\">Finalistes et organisateurs \u00e0 l&rsquo;issue de la remise des prix<\/figcaption><\/figure>\n<figure id=\"attachment_23406\" aria-describedby=\"caption-attachment-23406\" style=\"width: 1000px\" class=\"wp-caption alignleft\"><img loading=\"lazy\" decoding=\"async\" class=\"size-full wp-image-23406\" src=\"https:\/\/newsestlyonnais.fr\/site\/medias\/2017\/03\/NEWSESTLYONNAIS-FIN-COUPE-LAMARCA.jpg\" alt=\"NEWSESTLYONNAIS - FIN COUPE LAMARCA\" width=\"1000\" height=\"750\" srcset=\"https:\/\/newsestlyonnais.fr\/site\/wp-content\/uploads\/2017\/03\/NEWSESTLYONNAIS-FIN-COUPE-LAMARCA.jpg 1000w, https:\/\/newsestlyonnais.fr\/site\/wp-content\/uploads\/2017\/03\/NEWSESTLYONNAIS-FIN-COUPE-LAMARCA-400x300.jpg 400w, https:\/\/newsestlyonnais.fr\/site\/wp-content\/uploads\/2017\/03\/NEWSESTLYONNAIS-FIN-COUPE-LAMARCA-768x576.jpg 768w, https:\/\/newsestlyonnais.fr\/site\/wp-content\/uploads\/2017\/03\/NEWSESTLYONNAIS-FIN-COUPE-LAMARCA-600x450.jpg 600w, https:\/\/newsestlyonnais.fr\/site\/wp-content\/uploads\/2017\/03\/NEWSESTLYONNAIS-FIN-COUPE-LAMARCA-100x75.jpg 100w\" sizes=\"auto, (max-width: 1000px) 100vw, 1000px\" \/><figcaption id=\"caption-attachment-23406\" class=\"wp-caption-text\">Les finalistes et organisateurs de cette coupe Lamarca<\/figcaption><\/figure>\n<p>&nbsp;<\/p>\n","protected":false},"excerpt":{"rendered":"<p>La coupe Calog\u00e9ro Lamarca de boules lyonnaises a d\u00e9marr\u00e9 le samedi 18 mars et s&rsquo;est achev\u00e9 vendredi soir au boulodrome couvert. Un concours de 16 quadrettes (3\u00b0 &amp; 4\u00b0 division par poules) organis\u00e9 par la Boule de la Merlin en hommage \u00e0 son ancien pr\u00e9sident disparu il y a quelques ann\u00e9es. 14 quadrettes se sont [&hellip;]<\/p>\n","protected":false},"author":4,"featured_media":23394,"comment_status":"open","ping_status":"open","sticky":false,"template":"","format":"standard","meta":{"footnotes":""},"categories":[2977,1341,1296,28],"tags":[],"class_list":["post-23391","post","type-post","status-publish","format-standard","has-post-thumbnail","hentry","category-boules-petanque-sports","category-boules-lyonnaises","category-sain-priest","category-vaulx-en-velin"],"yoast_head":"<!-- This site is optimized with the Yoast SEO plugin v27.2 - https:\/\/yoast.com\/product\/yoast-seo-wordpress\/ -->\n<title>VAULX EN VELIN: Boules Lyonnaises : La quadrette Cartier Ph. (Saint Priest) remporte la Coupe Calog\u00e9ro Lamarca<\/title>\n<meta name=\"description\" content=\"VAULX EN VELIN: Boules Lyonnaises : La quadrette Cartier Ph. (Saint Priest) remporte la Coupe Calog\u00e9ro Lamarca\" \/>\n<meta name=\"robots\" content=\"index, follow, max-snippet:-1, max-image-preview:large, max-video-preview:-1\" \/>\n<link rel=\"canonical\" href=\"https:\/\/newsestlyonnais.fr\/site\/2017\/03\/26\/vaulx-velin-boules-lyonnaises-quadrette-cartier-ph-saint-priest-remporte-coupe-calogero-lamarca\/\" \/>\n<meta property=\"og:locale\" content=\"fr_FR\" \/>\n<meta property=\"og:type\" content=\"article\" \/>\n<meta property=\"og:title\" content=\"VAULX EN VELIN: Boules Lyonnaises : La quadrette Cartier Ph. (Saint Priest) remporte la Coupe Calog\u00e9ro Lamarca\" \/>\n<meta property=\"og:description\" content=\"VAULX EN VELIN: Boules Lyonnaises : La quadrette Cartier Ph. (Saint Priest) remporte la Coupe Calog\u00e9ro Lamarca\" \/>\n<meta property=\"og:url\" content=\"https:\/\/newsestlyonnais.fr\/site\/2017\/03\/26\/vaulx-velin-boules-lyonnaises-quadrette-cartier-ph-saint-priest-remporte-coupe-calogero-lamarca\/\" \/>\n<meta property=\"og:site_name\" content=\"News Est Lyonnais\" \/>\n<meta property=\"article:author\" content=\"https:\/\/www.facebook.com\/pascal.oberson.1?fref=ts\" \/>\n<meta property=\"article:published_time\" content=\"2017-03-26T17:30:58+00:00\" \/>\n<meta property=\"article:modified_time\" content=\"2020-11-10T18:39:37+00:00\" \/>\n<meta property=\"og:image\" content=\"https:\/\/i2.wp.com\/newsestlyonnais.fr\/site\/wp-content\/uploads\/2017\/03\/NEWSESTLYONNAIS-COUPE-LAMARCA.jpg?fit=1000%2C750&ssl=1\" \/>\n\t<meta property=\"og:image:width\" content=\"1000\" \/>\n\t<meta property=\"og:image:height\" content=\"750\" \/>\n\t<meta property=\"og:image:type\" content=\"image\/jpeg\" \/>\n<meta name=\"author\" content=\"R\u00e9dac. NEWS\" \/>\n<meta name=\"twitter:card\" content=\"summary_large_image\" \/>\n<meta name=\"twitter:label1\" content=\"\u00c9crit par\" \/>\n\t<meta name=\"twitter:data1\" content=\"R\u00e9dac. NEWS\" \/>\n\t<meta name=\"twitter:label2\" content=\"Dur\u00e9e de lecture estim\u00e9e\" \/>\n\t<meta name=\"twitter:data2\" content=\"2 minutes\" \/>\n<script type=\"application\/ld+json\" class=\"yoast-schema-graph\">{\"@context\":\"https:\/\/schema.org\",\"@graph\":[{\"@type\":\"Article\",\"@id\":\"https:\/\/newsestlyonnais.fr\/site\/2017\/03\/26\/vaulx-velin-boules-lyonnaises-quadrette-cartier-ph-saint-priest-remporte-coupe-calogero-lamarca\/#article\",\"isPartOf\":{\"@id\":\"https:\/\/newsestlyonnais.fr\/site\/2017\/03\/26\/vaulx-velin-boules-lyonnaises-quadrette-cartier-ph-saint-priest-remporte-coupe-calogero-lamarca\/\"},\"author\":{\"name\":\"R\u00e9dac. NEWS\",\"@id\":\"https:\/\/newsestlyonnais.fr\/site\/#\/schema\/person\/3230d5615f390bb808365d673001e887\"},\"headline\":\"VAULX-EN-VELIN Boules Lyonnaises | La quadrette Cartier Ph. (St-Priest) remporte la Coupe Calog\u00e9ro Lamarca\",\"datePublished\":\"2017-03-26T17:30:58+00:00\",\"dateModified\":\"2020-11-10T18:39:37+00:00\",\"mainEntityOfPage\":{\"@id\":\"https:\/\/newsestlyonnais.fr\/site\/2017\/03\/26\/vaulx-velin-boules-lyonnaises-quadrette-cartier-ph-saint-priest-remporte-coupe-calogero-lamarca\/\"},\"wordCount\":340,\"commentCount\":0,\"publisher\":{\"@id\":\"https:\/\/newsestlyonnais.fr\/site\/#organization\"},\"image\":{\"@id\":\"https:\/\/newsestlyonnais.fr\/site\/2017\/03\/26\/vaulx-velin-boules-lyonnaises-quadrette-cartier-ph-saint-priest-remporte-coupe-calogero-lamarca\/#primaryimage\"},\"thumbnailUrl\":\"https:\/\/newsestlyonnais.fr\/site\/wp-content\/uploads\/2017\/03\/NEWSESTLYONNAIS-COUPE-LAMARCA.jpg\",\"articleSection\":[\"Boules | P\u00e9tanque\",\"Boules Lyonnaises\",\"Saint-Priest\",\"Vaulx-en-Velin\"],\"inLanguage\":\"fr-FR\",\"potentialAction\":[{\"@type\":\"CommentAction\",\"name\":\"Comment\",\"target\":[\"https:\/\/newsestlyonnais.fr\/site\/2017\/03\/26\/vaulx-velin-boules-lyonnaises-quadrette-cartier-ph-saint-priest-remporte-coupe-calogero-lamarca\/#respond\"]}]},{\"@type\":\"WebPage\",\"@id\":\"https:\/\/newsestlyonnais.fr\/site\/2017\/03\/26\/vaulx-velin-boules-lyonnaises-quadrette-cartier-ph-saint-priest-remporte-coupe-calogero-lamarca\/\",\"url\":\"https:\/\/newsestlyonnais.fr\/site\/2017\/03\/26\/vaulx-velin-boules-lyonnaises-quadrette-cartier-ph-saint-priest-remporte-coupe-calogero-lamarca\/\",\"name\":\"VAULX EN VELIN: Boules Lyonnaises : La quadrette Cartier Ph. (Saint Priest) remporte la Coupe Calog\u00e9ro Lamarca\",\"isPartOf\":{\"@id\":\"https:\/\/newsestlyonnais.fr\/site\/#website\"},\"primaryImageOfPage\":{\"@id\":\"https:\/\/newsestlyonnais.fr\/site\/2017\/03\/26\/vaulx-velin-boules-lyonnaises-quadrette-cartier-ph-saint-priest-remporte-coupe-calogero-lamarca\/#primaryimage\"},\"image\":{\"@id\":\"https:\/\/newsestlyonnais.fr\/site\/2017\/03\/26\/vaulx-velin-boules-lyonnaises-quadrette-cartier-ph-saint-priest-remporte-coupe-calogero-lamarca\/#primaryimage\"},\"thumbnailUrl\":\"https:\/\/newsestlyonnais.fr\/site\/wp-content\/uploads\/2017\/03\/NEWSESTLYONNAIS-COUPE-LAMARCA.jpg\",\"datePublished\":\"2017-03-26T17:30:58+00:00\",\"dateModified\":\"2020-11-10T18:39:37+00:00\",\"description\":\"VAULX EN VELIN: Boules Lyonnaises : La quadrette Cartier Ph. (Saint Priest) remporte la Coupe Calog\u00e9ro Lamarca\",\"breadcrumb\":{\"@id\":\"https:\/\/newsestlyonnais.fr\/site\/2017\/03\/26\/vaulx-velin-boules-lyonnaises-quadrette-cartier-ph-saint-priest-remporte-coupe-calogero-lamarca\/#breadcrumb\"},\"inLanguage\":\"fr-FR\",\"potentialAction\":[{\"@type\":\"ReadAction\",\"target\":[\"https:\/\/newsestlyonnais.fr\/site\/2017\/03\/26\/vaulx-velin-boules-lyonnaises-quadrette-cartier-ph-saint-priest-remporte-coupe-calogero-lamarca\/\"]}]},{\"@type\":\"ImageObject\",\"inLanguage\":\"fr-FR\",\"@id\":\"https:\/\/newsestlyonnais.fr\/site\/2017\/03\/26\/vaulx-velin-boules-lyonnaises-quadrette-cartier-ph-saint-priest-remporte-coupe-calogero-lamarca\/#primaryimage\",\"url\":\"https:\/\/newsestlyonnais.fr\/site\/wp-content\/uploads\/2017\/03\/NEWSESTLYONNAIS-COUPE-LAMARCA.jpg\",\"contentUrl\":\"https:\/\/newsestlyonnais.fr\/site\/wp-content\/uploads\/2017\/03\/NEWSESTLYONNAIS-COUPE-LAMARCA.jpg\",\"width\":1000,\"height\":750,\"caption\":\"NEWSESTLYONNAIS - COUPE LAMARCA\"},{\"@type\":\"BreadcrumbList\",\"@id\":\"https:\/\/newsestlyonnais.fr\/site\/2017\/03\/26\/vaulx-velin-boules-lyonnaises-quadrette-cartier-ph-saint-priest-remporte-coupe-calogero-lamarca\/#breadcrumb\",\"itemListElement\":[{\"@type\":\"ListItem\",\"position\":1,\"name\":\"Accueil\",\"item\":\"https:\/\/newsestlyonnais.fr\/site\/\"},{\"@type\":\"ListItem\",\"position\":2,\"name\":\"VAULX-EN-VELIN Boules Lyonnaises | La quadrette Cartier Ph. (St-Priest) remporte la Coupe Calog\u00e9ro Lamarca\"}]},{\"@type\":\"WebSite\",\"@id\":\"https:\/\/newsestlyonnais.fr\/site\/#website\",\"url\":\"https:\/\/newsestlyonnais.fr\/site\/\",\"name\":\"News Est Lyonnais\",\"description\":\"L&#039;actualit\u00e9 au plus pr\u00e8s\",\"publisher\":{\"@id\":\"https:\/\/newsestlyonnais.fr\/site\/#organization\"},\"potentialAction\":[{\"@type\":\"SearchAction\",\"target\":{\"@type\":\"EntryPoint\",\"urlTemplate\":\"https:\/\/newsestlyonnais.fr\/site\/?s={search_term_string}\"},\"query-input\":{\"@type\":\"PropertyValueSpecification\",\"valueRequired\":true,\"valueName\":\"search_term_string\"}}],\"inLanguage\":\"fr-FR\"},{\"@type\":\"Organization\",\"@id\":\"https:\/\/newsestlyonnais.fr\/site\/#organization\",\"name\":\"News EST LYONNAIS\",\"url\":\"https:\/\/newsestlyonnais.fr\/site\/\",\"logo\":{\"@type\":\"ImageObject\",\"inLanguage\":\"fr-FR\",\"@id\":\"https:\/\/newsestlyonnais.fr\/site\/#\/schema\/logo\/image\/\",\"url\":\"\",\"contentUrl\":\"\",\"caption\":\"News EST LYONNAIS\"},\"image\":{\"@id\":\"https:\/\/newsestlyonnais.fr\/site\/#\/schema\/logo\/image\/\"}},{\"@type\":\"Person\",\"@id\":\"https:\/\/newsestlyonnais.fr\/site\/#\/schema\/person\/3230d5615f390bb808365d673001e887\",\"name\":\"R\u00e9dac. NEWS\",\"sameAs\":[\"http:\/\/www.newsestlyonnais.fr\",\"https:\/\/www.facebook.com\/pascal.oberson.1?fref=ts\",\"https:\/\/fr.linkedin.com\/in\/pascal-oberson-b17045113\"],\"url\":\"https:\/\/newsestlyonnais.fr\/site\/author\/nel\/\"}]}<\/script>\n<!-- \/ Yoast SEO plugin. -->","yoast_head_json":{"title":"VAULX EN VELIN: Boules Lyonnaises : La quadrette Cartier Ph. (Saint Priest) remporte la Coupe Calog\u00e9ro Lamarca","description":"VAULX EN VELIN: Boules Lyonnaises : La quadrette Cartier Ph. (Saint Priest) remporte la Coupe Calog\u00e9ro Lamarca","robots":{"index":"index","follow":"follow","max-snippet":"max-snippet:-1","max-image-preview":"max-image-preview:large","max-video-preview":"max-video-preview:-1"},"canonical":"https:\/\/newsestlyonnais.fr\/site\/2017\/03\/26\/vaulx-velin-boules-lyonnaises-quadrette-cartier-ph-saint-priest-remporte-coupe-calogero-lamarca\/","og_locale":"fr_FR","og_type":"article","og_title":"VAULX EN VELIN: Boules Lyonnaises : La quadrette Cartier Ph. (Saint Priest) remporte la Coupe Calog\u00e9ro Lamarca","og_description":"VAULX EN VELIN: Boules Lyonnaises : La quadrette Cartier Ph. (Saint Priest) remporte la Coupe Calog\u00e9ro Lamarca","og_url":"https:\/\/newsestlyonnais.fr\/site\/2017\/03\/26\/vaulx-velin-boules-lyonnaises-quadrette-cartier-ph-saint-priest-remporte-coupe-calogero-lamarca\/","og_site_name":"News Est Lyonnais","article_author":"https:\/\/www.facebook.com\/pascal.oberson.1?fref=ts","article_published_time":"2017-03-26T17:30:58+00:00","article_modified_time":"2020-11-10T18:39:37+00:00","og_image":[{"width":1000,"height":750,"url":"https:\/\/i2.wp.com\/newsestlyonnais.fr\/site\/wp-content\/uploads\/2017\/03\/NEWSESTLYONNAIS-COUPE-LAMARCA.jpg?fit=1000%2C750&ssl=1","type":"image\/jpeg"}],"author":"R\u00e9dac. NEWS","twitter_card":"summary_large_image","twitter_misc":{"\u00c9crit par":"R\u00e9dac. NEWS","Dur\u00e9e de lecture estim\u00e9e":"2 minutes"},"schema":{"@context":"https:\/\/schema.org","@graph":[{"@type":"Article","@id":"https:\/\/newsestlyonnais.fr\/site\/2017\/03\/26\/vaulx-velin-boules-lyonnaises-quadrette-cartier-ph-saint-priest-remporte-coupe-calogero-lamarca\/#article","isPartOf":{"@id":"https:\/\/newsestlyonnais.fr\/site\/2017\/03\/26\/vaulx-velin-boules-lyonnaises-quadrette-cartier-ph-saint-priest-remporte-coupe-calogero-lamarca\/"},"author":{"name":"R\u00e9dac. NEWS","@id":"https:\/\/newsestlyonnais.fr\/site\/#\/schema\/person\/3230d5615f390bb808365d673001e887"},"headline":"VAULX-EN-VELIN Boules Lyonnaises | La quadrette Cartier Ph. (St-Priest) remporte la Coupe Calog\u00e9ro Lamarca","datePublished":"2017-03-26T17:30:58+00:00","dateModified":"2020-11-10T18:39:37+00:00","mainEntityOfPage":{"@id":"https:\/\/newsestlyonnais.fr\/site\/2017\/03\/26\/vaulx-velin-boules-lyonnaises-quadrette-cartier-ph-saint-priest-remporte-coupe-calogero-lamarca\/"},"wordCount":340,"commentCount":0,"publisher":{"@id":"https:\/\/newsestlyonnais.fr\/site\/#organization"},"image":{"@id":"https:\/\/newsestlyonnais.fr\/site\/2017\/03\/26\/vaulx-velin-boules-lyonnaises-quadrette-cartier-ph-saint-priest-remporte-coupe-calogero-lamarca\/#primaryimage"},"thumbnailUrl":"https:\/\/newsestlyonnais.fr\/site\/wp-content\/uploads\/2017\/03\/NEWSESTLYONNAIS-COUPE-LAMARCA.jpg","articleSection":["Boules | P\u00e9tanque","Boules Lyonnaises","Saint-Priest","Vaulx-en-Velin"],"inLanguage":"fr-FR","potentialAction":[{"@type":"CommentAction","name":"Comment","target":["https:\/\/newsestlyonnais.fr\/site\/2017\/03\/26\/vaulx-velin-boules-lyonnaises-quadrette-cartier-ph-saint-priest-remporte-coupe-calogero-lamarca\/#respond"]}]},{"@type":"WebPage","@id":"https:\/\/newsestlyonnais.fr\/site\/2017\/03\/26\/vaulx-velin-boules-lyonnaises-quadrette-cartier-ph-saint-priest-remporte-coupe-calogero-lamarca\/","url":"https:\/\/newsestlyonnais.fr\/site\/2017\/03\/26\/vaulx-velin-boules-lyonnaises-quadrette-cartier-ph-saint-priest-remporte-coupe-calogero-lamarca\/","name":"VAULX EN VELIN: Boules Lyonnaises : La quadrette Cartier Ph. (Saint Priest) remporte la Coupe Calog\u00e9ro Lamarca","isPartOf":{"@id":"https:\/\/newsestlyonnais.fr\/site\/#website"},"primaryImageOfPage":{"@id":"https:\/\/newsestlyonnais.fr\/site\/2017\/03\/26\/vaulx-velin-boules-lyonnaises-quadrette-cartier-ph-saint-priest-remporte-coupe-calogero-lamarca\/#primaryimage"},"image":{"@id":"https:\/\/newsestlyonnais.fr\/site\/2017\/03\/26\/vaulx-velin-boules-lyonnaises-quadrette-cartier-ph-saint-priest-remporte-coupe-calogero-lamarca\/#primaryimage"},"thumbnailUrl":"https:\/\/newsestlyonnais.fr\/site\/wp-content\/uploads\/2017\/03\/NEWSESTLYONNAIS-COUPE-LAMARCA.jpg","datePublished":"2017-03-26T17:30:58+00:00","dateModified":"2020-11-10T18:39:37+00:00","description":"VAULX EN VELIN: Boules Lyonnaises : La quadrette Cartier Ph. (Saint Priest) remporte la Coupe Calog\u00e9ro Lamarca","breadcrumb":{"@id":"https:\/\/newsestlyonnais.fr\/site\/2017\/03\/26\/vaulx-velin-boules-lyonnaises-quadrette-cartier-ph-saint-priest-remporte-coupe-calogero-lamarca\/#breadcrumb"},"inLanguage":"fr-FR","potentialAction":[{"@type":"ReadAction","target":["https:\/\/newsestlyonnais.fr\/site\/2017\/03\/26\/vaulx-velin-boules-lyonnaises-quadrette-cartier-ph-saint-priest-remporte-coupe-calogero-lamarca\/"]}]},{"@type":"ImageObject","inLanguage":"fr-FR","@id":"https:\/\/newsestlyonnais.fr\/site\/2017\/03\/26\/vaulx-velin-boules-lyonnaises-quadrette-cartier-ph-saint-priest-remporte-coupe-calogero-lamarca\/#primaryimage","url":"https:\/\/newsestlyonnais.fr\/site\/wp-content\/uploads\/2017\/03\/NEWSESTLYONNAIS-COUPE-LAMARCA.jpg","contentUrl":"https:\/\/newsestlyonnais.fr\/site\/wp-content\/uploads\/2017\/03\/NEWSESTLYONNAIS-COUPE-LAMARCA.jpg","width":1000,"height":750,"caption":"NEWSESTLYONNAIS - COUPE LAMARCA"},{"@type":"BreadcrumbList","@id":"https:\/\/newsestlyonnais.fr\/site\/2017\/03\/26\/vaulx-velin-boules-lyonnaises-quadrette-cartier-ph-saint-priest-remporte-coupe-calogero-lamarca\/#breadcrumb","itemListElement":[{"@type":"ListItem","position":1,"name":"Accueil","item":"https:\/\/newsestlyonnais.fr\/site\/"},{"@type":"ListItem","position":2,"name":"VAULX-EN-VELIN Boules Lyonnaises | La quadrette Cartier Ph. (St-Priest) remporte la Coupe Calog\u00e9ro Lamarca"}]},{"@type":"WebSite","@id":"https:\/\/newsestlyonnais.fr\/site\/#website","url":"https:\/\/newsestlyonnais.fr\/site\/","name":"News Est Lyonnais","description":"L&#039;actualit\u00e9 au plus pr\u00e8s","publisher":{"@id":"https:\/\/newsestlyonnais.fr\/site\/#organization"},"potentialAction":[{"@type":"SearchAction","target":{"@type":"EntryPoint","urlTemplate":"https:\/\/newsestlyonnais.fr\/site\/?s={search_term_string}"},"query-input":{"@type":"PropertyValueSpecification","valueRequired":true,"valueName":"search_term_string"}}],"inLanguage":"fr-FR"},{"@type":"Organization","@id":"https:\/\/newsestlyonnais.fr\/site\/#organization","name":"News EST LYONNAIS","url":"https:\/\/newsestlyonnais.fr\/site\/","logo":{"@type":"ImageObject","inLanguage":"fr-FR","@id":"https:\/\/newsestlyonnais.fr\/site\/#\/schema\/logo\/image\/","url":"","contentUrl":"","caption":"News EST LYONNAIS"},"image":{"@id":"https:\/\/newsestlyonnais.fr\/site\/#\/schema\/logo\/image\/"}},{"@type":"Person","@id":"https:\/\/newsestlyonnais.fr\/site\/#\/schema\/person\/3230d5615f390bb808365d673001e887","name":"R\u00e9dac. NEWS","sameAs":["http:\/\/www.newsestlyonnais.fr","https:\/\/www.facebook.com\/pascal.oberson.1?fref=ts","https:\/\/fr.linkedin.com\/in\/pascal-oberson-b17045113"],"url":"https:\/\/newsestlyonnais.fr\/site\/author\/nel\/"}]}},"_links":{"self":[{"href":"https:\/\/newsestlyonnais.fr\/site\/wp-json\/wp\/v2\/posts\/23391","targetHints":{"allow":["GET"]}}],"collection":[{"href":"https:\/\/newsestlyonnais.fr\/site\/wp-json\/wp\/v2\/posts"}],"about":[{"href":"https:\/\/newsestlyonnais.fr\/site\/wp-json\/wp\/v2\/types\/post"}],"author":[{"embeddable":true,"href":"https:\/\/newsestlyonnais.fr\/site\/wp-json\/wp\/v2\/users\/4"}],"replies":[{"embeddable":true,"href":"https:\/\/newsestlyonnais.fr\/site\/wp-json\/wp\/v2\/comments?post=23391"}],"version-history":[{"count":0,"href":"https:\/\/newsestlyonnais.fr\/site\/wp-json\/wp\/v2\/posts\/23391\/revisions"}],"wp:featuredmedia":[{"embeddable":true,"href":"https:\/\/newsestlyonnais.fr\/site\/wp-json\/wp\/v2\/media\/23394"}],"wp:attachment":[{"href":"https:\/\/newsestlyonnais.fr\/site\/wp-json\/wp\/v2\/media?parent=23391"}],"wp:term":[{"taxonomy":"category","embeddable":true,"href":"https:\/\/newsestlyonnais.fr\/site\/wp-json\/wp\/v2\/categories?post=23391"},{"taxonomy":"post_tag","embeddable":true,"href":"https:\/\/newsestlyonnais.fr\/site\/wp-json\/wp\/v2\/tags?post=23391"}],"curies":[{"name":"wp","href":"https:\/\/api.w.org\/{rel}","templated":true}]}}