{"id":23433,"date":"2017-03-27T15:56:24","date_gmt":"2017-03-27T14:56:24","guid":{"rendered":"http:\/\/newsestlyonnais.fr\/site\/?p=23433"},"modified":"2020-05-25T16:56:04","modified_gmt":"2020-05-25T15:56:04","slug":"villeurbanne-record-de-participation-au-12-aquathlon","status":"publish","type":"post","link":"https:\/\/newsestlyonnais.fr\/site\/2017\/03\/27\/villeurbanne-record-de-participation-au-12-aquathlon\/","title":{"rendered":"VILLEURBANNE | Record de participation au 12 \u00b0 Aquathlon"},"content":{"rendered":"<h4>L&rsquo;Asvel triathlon club organisateur de cet \u00e9v\u00e8nement disput\u00e9 dimanche sous le soleil au centre nautique Etienne Gagnaire avait rassembl\u00e9 une soixantaine de b\u00e9n\u00e9voles.<\/h4>\n<p>\u00a0\u00bb Cette \u00e9dition a \u00e9t\u00e9 un vrai succ\u00e8s car on esp\u00e9rait s&rsquo;en rapprocher et on a finalement pass\u00e9 la barre des 400 participants. L&rsquo; \u00e9preuve par \u00e9quipes propos\u00e9e pour la premi\u00e8re fois avec 20 formations au d\u00e9part donne beaucoup d&rsquo;espoir. Un des moments forts de la journ\u00e9e aura \u00e9t\u00e9 la d\u00e9monstration de natation synchronis\u00e9e et le d\u00e9fi avec 2 triathl\u00e8tes. Cette belle r\u00e9ussite \u00e9tant la r\u00e9compense de toutes ces semaines de pr\u00e9paration bas\u00e9es sur 100 % de b\u00e9n\u00e9volat\u00a0\u00bb c<strong>onfiait Nicolas Evrard, pr\u00e9sident de l&rsquo;Asvel triathlon<\/strong> \u00e0 l&rsquo;issue de la remise des prix.<\/p>\n<p>__________________________________________________________________________<\/p>\n<h4>Retrouvez les r\u00e9sultats complets des \u00e9preuves sur: <a href=\"http:\/\/www.asveltri.com\/index.php?id=276\" target=\"_blank\" rel=\"noopener noreferrer\">http:\/\/www.asveltri.com\/index.php?id=276<\/a><\/h4>\n<div id='gallery-1' class='gallery galleryid-23433 gallery-columns-3 gallery-size-thumbnail'><figure class='gallery-item'>\n\t\t\t<div class='gallery-icon landscape'>\n\t\t\t\t<a href='https:\/\/newsestlyonnais.fr\/site\/2017\/03\/27\/villeurbanne-record-de-participation-au-12-aquathlon\/newsestlyonnais-seb-court-tri\/'><img loading=\"lazy\" decoding=\"async\" width=\"150\" height=\"150\" src=\"https:\/\/newsestlyonnais.fr\/site\/wp-content\/uploads\/2017\/03\/NEWSESTLYONNAIS-SEB-COURT-tri-150x150.jpg\" class=\"attachment-thumbnail size-thumbnail\" alt=\"\" aria-describedby=\"gallery-1-23484\" \/><\/a>\n\t\t\t<\/div>\n\t\t\t\t<figcaption class='wp-caption-text gallery-caption' id='gallery-1-23484'>\n\t\t\t\tS\u00e9bastien Court (CRV Lyon) s&rsquo;est impos\u00e9 sur le S et sur le XS ! \n\t\t\t\t<\/figcaption><\/figure><figure class='gallery-item'>\n\t\t\t<div class='gallery-icon landscape'>\n\t\t\t\t<a href='https:\/\/newsestlyonnais.fr\/site\/2017\/03\/27\/villeurbanne-record-de-participation-au-12-aquathlon\/newsestlyonnais-jeunes-asvel-tri\/'><img loading=\"lazy\" decoding=\"async\" width=\"150\" height=\"150\" src=\"https:\/\/newsestlyonnais.fr\/site\/wp-content\/uploads\/2017\/03\/NEWSESTLYONNAIS-JEUNES-ASVEL-TRI-150x150.jpg\" class=\"attachment-thumbnail size-thumbnail\" alt=\"NEWSESTLYONNAIS - JEUNES ASVEL TRI\" aria-describedby=\"gallery-1-23486\" \/><\/a>\n\t\t\t<\/div>\n\t\t\t\t<figcaption class='wp-caption-text gallery-caption' id='gallery-1-23486'>\n\t\t\t\tEm\u00e9ric et Antonin , jeunes triathl\u00e8tes de l&rsquo;ASVEL ont particip\u00e9 \u00e0 cet aquathlon\n\t\t\t\t<\/figcaption><\/figure><figure class='gallery-item'>\n\t\t\t<div class='gallery-icon landscape'>\n\t\t\t\t<a href='https:\/\/newsestlyonnais.fr\/site\/2017\/03\/27\/villeurbanne-record-de-participation-au-12-aquathlon\/newsestlyonnais-podium-aquathlon-tri\/'><img loading=\"lazy\" decoding=\"async\" width=\"150\" height=\"150\" src=\"https:\/\/newsestlyonnais.fr\/site\/wp-content\/uploads\/2017\/03\/NEWSESTLYONNAIS-PODIUM-AQUATHLON-TRI--150x150.jpg\" class=\"attachment-thumbnail size-thumbnail\" alt=\"\" aria-describedby=\"gallery-1-23493\" \/><\/a>\n\t\t\t<\/div>\n\t\t\t\t<figcaption class='wp-caption-text gallery-caption' id='gallery-1-23493'>\n\t\t\t\tLes triathl\u00e8tes villeurbannais sont mont\u00e9s plusieurs fois sur le podium \n\t\t\t\t<\/figcaption><\/figure><figure class='gallery-item'>\n\t\t\t<div class='gallery-icon landscape'>\n\t\t\t\t<a href='https:\/\/newsestlyonnais.fr\/site\/2017\/03\/27\/villeurbanne-record-de-participation-au-12-aquathlon\/newsestlyonnais-defi-aquathlon\/'><img loading=\"lazy\" decoding=\"async\" width=\"150\" height=\"150\" src=\"https:\/\/newsestlyonnais.fr\/site\/wp-content\/uploads\/2017\/03\/NEWSESTLYONNAIS-DEFI-AQUATHLON-150x150.jpg\" class=\"attachment-thumbnail size-thumbnail\" alt=\"NEWSESTLYONNAIS - DEFI AQUATHLON\" aria-describedby=\"gallery-1-23488\" \/><\/a>\n\t\t\t<\/div>\n\t\t\t\t<figcaption class='wp-caption-text gallery-caption' id='gallery-1-23488'>\n\t\t\t\tUn d\u00e9fi a \u00e9t\u00e9 lanc\u00e9 sur une longueur de bassin entre les nageuses synchro de Lyon Vaise &amp; les triathl\u00e8tes de St Priest\n\t\t\t\t<\/figcaption><\/figure><figure class='gallery-item'>\n\t\t\t<div class='gallery-icon landscape'>\n\t\t\t\t<a href='https:\/\/newsestlyonnais.fr\/site\/2017\/03\/27\/villeurbanne-record-de-participation-au-12-aquathlon\/newsestlyonnais-demo-nat-synchro-2\/'><img loading=\"lazy\" decoding=\"async\" width=\"150\" height=\"150\" src=\"https:\/\/newsestlyonnais.fr\/site\/wp-content\/uploads\/2017\/03\/NEWSESTLYONNAIS-DEMO-NAT-SYNCHRO-1-150x150.jpg\" class=\"attachment-thumbnail size-thumbnail\" alt=\"\" \/><\/a>\n\t\t\t<\/div><\/figure><figure class='gallery-item'>\n\t\t\t<div class='gallery-icon landscape'>\n\t\t\t\t<a href='https:\/\/newsestlyonnais.fr\/site\/2017\/03\/27\/villeurbanne-record-de-participation-au-12-aquathlon\/newsestlyonnais-demo-nat-synchro\/'><img loading=\"lazy\" decoding=\"async\" width=\"150\" height=\"150\" src=\"https:\/\/newsestlyonnais.fr\/site\/wp-content\/uploads\/2017\/03\/NEWSESTLYONNAIS-DEMO-NAT-SYNCHRO-150x150.jpg\" class=\"attachment-thumbnail size-thumbnail\" alt=\"NEWSESTLYONNAIS DEMO NAT SYNCHRO\" aria-describedby=\"gallery-1-23490\" \/><\/a>\n\t\t\t<\/div>\n\t\t\t\t<figcaption class='wp-caption-text gallery-caption' id='gallery-1-23490'>\n\t\t\t\tLe show de natation synchronis\u00e9e effectu\u00e9 par des lyonnaises de Vaise a connu un beau succ\u00e8s\n\t\t\t\t<\/figcaption><\/figure>\n\t\t<\/div>\n\n<p>&nbsp;<\/p>\n","protected":false},"excerpt":{"rendered":"<p>L&rsquo;Asvel triathlon club organisateur de cet \u00e9v\u00e8nement disput\u00e9 dimanche sous le soleil au centre nautique Etienne Gagnaire avait rassembl\u00e9 une soixantaine de b\u00e9n\u00e9voles. \u00a0\u00bb Cette \u00e9dition a \u00e9t\u00e9 un vrai succ\u00e8s car on esp\u00e9rait s&rsquo;en rapprocher et on a finalement pass\u00e9 la barre des 400 participants. L&rsquo; \u00e9preuve par \u00e9quipes propos\u00e9e pour la premi\u00e8re fois [&hellip;]<\/p>\n","protected":false},"author":4,"featured_media":23436,"comment_status":"open","ping_status":"open","sticky":false,"template":"","format":"standard","meta":{"footnotes":""},"categories":[30,2988,2,2990,29],"tags":[],"class_list":["post-23433","post","type-post","status-publish","format-standard","has-post-thumbnail","hentry","category-a-la-une","category-natation-triathlon","category-sports","category-triathlon","category-villeurbanne"],"yoast_head":"<!-- This site is optimized with the Yoast SEO plugin v27.2 - https:\/\/yoast.com\/product\/yoast-seo-wordpress\/ -->\n<title>VILLEURBANNE | Record de participation au 12 \u00b0 Aquathlon<\/title>\n<meta name=\"description\" content=\"VILLEURBANNE | Record de participation au 12 \u00b0 Aquathlon\" \/>\n<meta name=\"robots\" content=\"index, follow, max-snippet:-1, max-image-preview:large, max-video-preview:-1\" \/>\n<link rel=\"canonical\" href=\"https:\/\/newsestlyonnais.fr\/site\/2017\/03\/27\/villeurbanne-record-de-participation-au-12-aquathlon\/\" \/>\n<meta property=\"og:locale\" content=\"fr_FR\" \/>\n<meta property=\"og:type\" content=\"article\" \/>\n<meta property=\"og:title\" content=\"VILLEURBANNE | Record de participation au 12 \u00b0 Aquathlon\" \/>\n<meta property=\"og:description\" content=\"VILLEURBANNE | Record de participation au 12 \u00b0 Aquathlon\" \/>\n<meta property=\"og:url\" content=\"https:\/\/newsestlyonnais.fr\/site\/2017\/03\/27\/villeurbanne-record-de-participation-au-12-aquathlon\/\" \/>\n<meta property=\"og:site_name\" content=\"News Est Lyonnais\" \/>\n<meta property=\"article:author\" content=\"https:\/\/www.facebook.com\/pascal.oberson.1?fref=ts\" \/>\n<meta property=\"article:published_time\" content=\"2017-03-27T14:56:24+00:00\" \/>\n<meta property=\"article:modified_time\" content=\"2020-05-25T15:56:04+00:00\" \/>\n<meta property=\"og:image\" content=\"https:\/\/i0.wp.com\/newsestlyonnais.fr\/site\/wp-content\/uploads\/2017\/03\/NEWSESTLYONNAIS-AQUATHLON-VILL-2017.jpg?fit=1000%2C750&ssl=1\" \/>\n\t<meta property=\"og:image:width\" content=\"1000\" \/>\n\t<meta property=\"og:image:height\" content=\"750\" \/>\n\t<meta property=\"og:image:type\" content=\"image\/jpeg\" \/>\n<meta name=\"author\" content=\"R\u00e9dac. NEWS\" \/>\n<meta name=\"twitter:card\" content=\"summary_large_image\" \/>\n<meta name=\"twitter:label1\" content=\"\u00c9crit par\" \/>\n\t<meta name=\"twitter:data1\" content=\"R\u00e9dac. NEWS\" \/>\n\t<meta name=\"twitter:label2\" content=\"Dur\u00e9e de lecture estim\u00e9e\" \/>\n\t<meta name=\"twitter:data2\" content=\"1 minute\" \/>\n<script type=\"application\/ld+json\" class=\"yoast-schema-graph\">{\"@context\":\"https:\/\/schema.org\",\"@graph\":[{\"@type\":\"Article\",\"@id\":\"https:\/\/newsestlyonnais.fr\/site\/2017\/03\/27\/villeurbanne-record-de-participation-au-12-aquathlon\/#article\",\"isPartOf\":{\"@id\":\"https:\/\/newsestlyonnais.fr\/site\/2017\/03\/27\/villeurbanne-record-de-participation-au-12-aquathlon\/\"},\"author\":{\"name\":\"R\u00e9dac. NEWS\",\"@id\":\"https:\/\/newsestlyonnais.fr\/site\/#\/schema\/person\/3230d5615f390bb808365d673001e887\"},\"headline\":\"VILLEURBANNE | Record de participation au 12 \u00b0 Aquathlon\",\"datePublished\":\"2017-03-27T14:56:24+00:00\",\"dateModified\":\"2020-05-25T15:56:04+00:00\",\"mainEntityOfPage\":{\"@id\":\"https:\/\/newsestlyonnais.fr\/site\/2017\/03\/27\/villeurbanne-record-de-participation-au-12-aquathlon\/\"},\"wordCount\":159,\"commentCount\":0,\"publisher\":{\"@id\":\"https:\/\/newsestlyonnais.fr\/site\/#organization\"},\"image\":{\"@id\":\"https:\/\/newsestlyonnais.fr\/site\/2017\/03\/27\/villeurbanne-record-de-participation-au-12-aquathlon\/#primaryimage\"},\"thumbnailUrl\":\"https:\/\/newsestlyonnais.fr\/site\/wp-content\/uploads\/2017\/03\/NEWSESTLYONNAIS-AQUATHLON-VILL-2017.jpg\",\"articleSection\":[\"\u00e0 la une\",\"Natation | Triathlon\",\"Sports\",\"Triathlon\",\"Villeurbanne\"],\"inLanguage\":\"fr-FR\",\"potentialAction\":[{\"@type\":\"CommentAction\",\"name\":\"Comment\",\"target\":[\"https:\/\/newsestlyonnais.fr\/site\/2017\/03\/27\/villeurbanne-record-de-participation-au-12-aquathlon\/#respond\"]}]},{\"@type\":\"WebPage\",\"@id\":\"https:\/\/newsestlyonnais.fr\/site\/2017\/03\/27\/villeurbanne-record-de-participation-au-12-aquathlon\/\",\"url\":\"https:\/\/newsestlyonnais.fr\/site\/2017\/03\/27\/villeurbanne-record-de-participation-au-12-aquathlon\/\",\"name\":\"VILLEURBANNE | Record de participation au 12 \u00b0 Aquathlon\",\"isPartOf\":{\"@id\":\"https:\/\/newsestlyonnais.fr\/site\/#website\"},\"primaryImageOfPage\":{\"@id\":\"https:\/\/newsestlyonnais.fr\/site\/2017\/03\/27\/villeurbanne-record-de-participation-au-12-aquathlon\/#primaryimage\"},\"image\":{\"@id\":\"https:\/\/newsestlyonnais.fr\/site\/2017\/03\/27\/villeurbanne-record-de-participation-au-12-aquathlon\/#primaryimage\"},\"thumbnailUrl\":\"https:\/\/newsestlyonnais.fr\/site\/wp-content\/uploads\/2017\/03\/NEWSESTLYONNAIS-AQUATHLON-VILL-2017.jpg\",\"datePublished\":\"2017-03-27T14:56:24+00:00\",\"dateModified\":\"2020-05-25T15:56:04+00:00\",\"description\":\"VILLEURBANNE | Record de participation au 12 \u00b0 Aquathlon\",\"breadcrumb\":{\"@id\":\"https:\/\/newsestlyonnais.fr\/site\/2017\/03\/27\/villeurbanne-record-de-participation-au-12-aquathlon\/#breadcrumb\"},\"inLanguage\":\"fr-FR\",\"potentialAction\":[{\"@type\":\"ReadAction\",\"target\":[\"https:\/\/newsestlyonnais.fr\/site\/2017\/03\/27\/villeurbanne-record-de-participation-au-12-aquathlon\/\"]}]},{\"@type\":\"ImageObject\",\"inLanguage\":\"fr-FR\",\"@id\":\"https:\/\/newsestlyonnais.fr\/site\/2017\/03\/27\/villeurbanne-record-de-participation-au-12-aquathlon\/#primaryimage\",\"url\":\"https:\/\/newsestlyonnais.fr\/site\/wp-content\/uploads\/2017\/03\/NEWSESTLYONNAIS-AQUATHLON-VILL-2017.jpg\",\"contentUrl\":\"https:\/\/newsestlyonnais.fr\/site\/wp-content\/uploads\/2017\/03\/NEWSESTLYONNAIS-AQUATHLON-VILL-2017.jpg\",\"width\":1000,\"height\":750,\"caption\":\"NEWSESTLYONNAIS - AQUATHLON VILL 2017\"},{\"@type\":\"BreadcrumbList\",\"@id\":\"https:\/\/newsestlyonnais.fr\/site\/2017\/03\/27\/villeurbanne-record-de-participation-au-12-aquathlon\/#breadcrumb\",\"itemListElement\":[{\"@type\":\"ListItem\",\"position\":1,\"name\":\"Accueil\",\"item\":\"https:\/\/newsestlyonnais.fr\/site\/\"},{\"@type\":\"ListItem\",\"position\":2,\"name\":\"VILLEURBANNE | Record de participation au 12 \u00b0 Aquathlon\"}]},{\"@type\":\"WebSite\",\"@id\":\"https:\/\/newsestlyonnais.fr\/site\/#website\",\"url\":\"https:\/\/newsestlyonnais.fr\/site\/\",\"name\":\"News Est Lyonnais\",\"description\":\"L&#039;actualit\u00e9 au plus pr\u00e8s\",\"publisher\":{\"@id\":\"https:\/\/newsestlyonnais.fr\/site\/#organization\"},\"potentialAction\":[{\"@type\":\"SearchAction\",\"target\":{\"@type\":\"EntryPoint\",\"urlTemplate\":\"https:\/\/newsestlyonnais.fr\/site\/?s={search_term_string}\"},\"query-input\":{\"@type\":\"PropertyValueSpecification\",\"valueRequired\":true,\"valueName\":\"search_term_string\"}}],\"inLanguage\":\"fr-FR\"},{\"@type\":\"Organization\",\"@id\":\"https:\/\/newsestlyonnais.fr\/site\/#organization\",\"name\":\"News EST LYONNAIS\",\"url\":\"https:\/\/newsestlyonnais.fr\/site\/\",\"logo\":{\"@type\":\"ImageObject\",\"inLanguage\":\"fr-FR\",\"@id\":\"https:\/\/newsestlyonnais.fr\/site\/#\/schema\/logo\/image\/\",\"url\":\"\",\"contentUrl\":\"\",\"caption\":\"News EST LYONNAIS\"},\"image\":{\"@id\":\"https:\/\/newsestlyonnais.fr\/site\/#\/schema\/logo\/image\/\"}},{\"@type\":\"Person\",\"@id\":\"https:\/\/newsestlyonnais.fr\/site\/#\/schema\/person\/3230d5615f390bb808365d673001e887\",\"name\":\"R\u00e9dac. NEWS\",\"sameAs\":[\"http:\/\/www.newsestlyonnais.fr\",\"https:\/\/www.facebook.com\/pascal.oberson.1?fref=ts\",\"https:\/\/fr.linkedin.com\/in\/pascal-oberson-b17045113\"],\"url\":\"https:\/\/newsestlyonnais.fr\/site\/author\/nel\/\"}]}<\/script>\n<!-- \/ Yoast SEO plugin. -->","yoast_head_json":{"title":"VILLEURBANNE | Record de participation au 12 \u00b0 Aquathlon","description":"VILLEURBANNE | Record de participation au 12 \u00b0 Aquathlon","robots":{"index":"index","follow":"follow","max-snippet":"max-snippet:-1","max-image-preview":"max-image-preview:large","max-video-preview":"max-video-preview:-1"},"canonical":"https:\/\/newsestlyonnais.fr\/site\/2017\/03\/27\/villeurbanne-record-de-participation-au-12-aquathlon\/","og_locale":"fr_FR","og_type":"article","og_title":"VILLEURBANNE | Record de participation au 12 \u00b0 Aquathlon","og_description":"VILLEURBANNE | Record de participation au 12 \u00b0 Aquathlon","og_url":"https:\/\/newsestlyonnais.fr\/site\/2017\/03\/27\/villeurbanne-record-de-participation-au-12-aquathlon\/","og_site_name":"News Est Lyonnais","article_author":"https:\/\/www.facebook.com\/pascal.oberson.1?fref=ts","article_published_time":"2017-03-27T14:56:24+00:00","article_modified_time":"2020-05-25T15:56:04+00:00","og_image":[{"width":1000,"height":750,"url":"https:\/\/i0.wp.com\/newsestlyonnais.fr\/site\/wp-content\/uploads\/2017\/03\/NEWSESTLYONNAIS-AQUATHLON-VILL-2017.jpg?fit=1000%2C750&ssl=1","type":"image\/jpeg"}],"author":"R\u00e9dac. NEWS","twitter_card":"summary_large_image","twitter_misc":{"\u00c9crit par":"R\u00e9dac. NEWS","Dur\u00e9e de lecture estim\u00e9e":"1 minute"},"schema":{"@context":"https:\/\/schema.org","@graph":[{"@type":"Article","@id":"https:\/\/newsestlyonnais.fr\/site\/2017\/03\/27\/villeurbanne-record-de-participation-au-12-aquathlon\/#article","isPartOf":{"@id":"https:\/\/newsestlyonnais.fr\/site\/2017\/03\/27\/villeurbanne-record-de-participation-au-12-aquathlon\/"},"author":{"name":"R\u00e9dac. NEWS","@id":"https:\/\/newsestlyonnais.fr\/site\/#\/schema\/person\/3230d5615f390bb808365d673001e887"},"headline":"VILLEURBANNE | Record de participation au 12 \u00b0 Aquathlon","datePublished":"2017-03-27T14:56:24+00:00","dateModified":"2020-05-25T15:56:04+00:00","mainEntityOfPage":{"@id":"https:\/\/newsestlyonnais.fr\/site\/2017\/03\/27\/villeurbanne-record-de-participation-au-12-aquathlon\/"},"wordCount":159,"commentCount":0,"publisher":{"@id":"https:\/\/newsestlyonnais.fr\/site\/#organization"},"image":{"@id":"https:\/\/newsestlyonnais.fr\/site\/2017\/03\/27\/villeurbanne-record-de-participation-au-12-aquathlon\/#primaryimage"},"thumbnailUrl":"https:\/\/newsestlyonnais.fr\/site\/wp-content\/uploads\/2017\/03\/NEWSESTLYONNAIS-AQUATHLON-VILL-2017.jpg","articleSection":["\u00e0 la une","Natation | Triathlon","Sports","Triathlon","Villeurbanne"],"inLanguage":"fr-FR","potentialAction":[{"@type":"CommentAction","name":"Comment","target":["https:\/\/newsestlyonnais.fr\/site\/2017\/03\/27\/villeurbanne-record-de-participation-au-12-aquathlon\/#respond"]}]},{"@type":"WebPage","@id":"https:\/\/newsestlyonnais.fr\/site\/2017\/03\/27\/villeurbanne-record-de-participation-au-12-aquathlon\/","url":"https:\/\/newsestlyonnais.fr\/site\/2017\/03\/27\/villeurbanne-record-de-participation-au-12-aquathlon\/","name":"VILLEURBANNE | Record de participation au 12 \u00b0 Aquathlon","isPartOf":{"@id":"https:\/\/newsestlyonnais.fr\/site\/#website"},"primaryImageOfPage":{"@id":"https:\/\/newsestlyonnais.fr\/site\/2017\/03\/27\/villeurbanne-record-de-participation-au-12-aquathlon\/#primaryimage"},"image":{"@id":"https:\/\/newsestlyonnais.fr\/site\/2017\/03\/27\/villeurbanne-record-de-participation-au-12-aquathlon\/#primaryimage"},"thumbnailUrl":"https:\/\/newsestlyonnais.fr\/site\/wp-content\/uploads\/2017\/03\/NEWSESTLYONNAIS-AQUATHLON-VILL-2017.jpg","datePublished":"2017-03-27T14:56:24+00:00","dateModified":"2020-05-25T15:56:04+00:00","description":"VILLEURBANNE | Record de participation au 12 \u00b0 Aquathlon","breadcrumb":{"@id":"https:\/\/newsestlyonnais.fr\/site\/2017\/03\/27\/villeurbanne-record-de-participation-au-12-aquathlon\/#breadcrumb"},"inLanguage":"fr-FR","potentialAction":[{"@type":"ReadAction","target":["https:\/\/newsestlyonnais.fr\/site\/2017\/03\/27\/villeurbanne-record-de-participation-au-12-aquathlon\/"]}]},{"@type":"ImageObject","inLanguage":"fr-FR","@id":"https:\/\/newsestlyonnais.fr\/site\/2017\/03\/27\/villeurbanne-record-de-participation-au-12-aquathlon\/#primaryimage","url":"https:\/\/newsestlyonnais.fr\/site\/wp-content\/uploads\/2017\/03\/NEWSESTLYONNAIS-AQUATHLON-VILL-2017.jpg","contentUrl":"https:\/\/newsestlyonnais.fr\/site\/wp-content\/uploads\/2017\/03\/NEWSESTLYONNAIS-AQUATHLON-VILL-2017.jpg","width":1000,"height":750,"caption":"NEWSESTLYONNAIS - AQUATHLON VILL 2017"},{"@type":"BreadcrumbList","@id":"https:\/\/newsestlyonnais.fr\/site\/2017\/03\/27\/villeurbanne-record-de-participation-au-12-aquathlon\/#breadcrumb","itemListElement":[{"@type":"ListItem","position":1,"name":"Accueil","item":"https:\/\/newsestlyonnais.fr\/site\/"},{"@type":"ListItem","position":2,"name":"VILLEURBANNE | Record de participation au 12 \u00b0 Aquathlon"}]},{"@type":"WebSite","@id":"https:\/\/newsestlyonnais.fr\/site\/#website","url":"https:\/\/newsestlyonnais.fr\/site\/","name":"News Est Lyonnais","description":"L&#039;actualit\u00e9 au plus pr\u00e8s","publisher":{"@id":"https:\/\/newsestlyonnais.fr\/site\/#organization"},"potentialAction":[{"@type":"SearchAction","target":{"@type":"EntryPoint","urlTemplate":"https:\/\/newsestlyonnais.fr\/site\/?s={search_term_string}"},"query-input":{"@type":"PropertyValueSpecification","valueRequired":true,"valueName":"search_term_string"}}],"inLanguage":"fr-FR"},{"@type":"Organization","@id":"https:\/\/newsestlyonnais.fr\/site\/#organization","name":"News EST LYONNAIS","url":"https:\/\/newsestlyonnais.fr\/site\/","logo":{"@type":"ImageObject","inLanguage":"fr-FR","@id":"https:\/\/newsestlyonnais.fr\/site\/#\/schema\/logo\/image\/","url":"","contentUrl":"","caption":"News EST LYONNAIS"},"image":{"@id":"https:\/\/newsestlyonnais.fr\/site\/#\/schema\/logo\/image\/"}},{"@type":"Person","@id":"https:\/\/newsestlyonnais.fr\/site\/#\/schema\/person\/3230d5615f390bb808365d673001e887","name":"R\u00e9dac. NEWS","sameAs":["http:\/\/www.newsestlyonnais.fr","https:\/\/www.facebook.com\/pascal.oberson.1?fref=ts","https:\/\/fr.linkedin.com\/in\/pascal-oberson-b17045113"],"url":"https:\/\/newsestlyonnais.fr\/site\/author\/nel\/"}]}},"_links":{"self":[{"href":"https:\/\/newsestlyonnais.fr\/site\/wp-json\/wp\/v2\/posts\/23433","targetHints":{"allow":["GET"]}}],"collection":[{"href":"https:\/\/newsestlyonnais.fr\/site\/wp-json\/wp\/v2\/posts"}],"about":[{"href":"https:\/\/newsestlyonnais.fr\/site\/wp-json\/wp\/v2\/types\/post"}],"author":[{"embeddable":true,"href":"https:\/\/newsestlyonnais.fr\/site\/wp-json\/wp\/v2\/users\/4"}],"replies":[{"embeddable":true,"href":"https:\/\/newsestlyonnais.fr\/site\/wp-json\/wp\/v2\/comments?post=23433"}],"version-history":[{"count":0,"href":"https:\/\/newsestlyonnais.fr\/site\/wp-json\/wp\/v2\/posts\/23433\/revisions"}],"wp:featuredmedia":[{"embeddable":true,"href":"https:\/\/newsestlyonnais.fr\/site\/wp-json\/wp\/v2\/media\/23436"}],"wp:attachment":[{"href":"https:\/\/newsestlyonnais.fr\/site\/wp-json\/wp\/v2\/media?parent=23433"}],"wp:term":[{"taxonomy":"category","embeddable":true,"href":"https:\/\/newsestlyonnais.fr\/site\/wp-json\/wp\/v2\/categories?post=23433"},{"taxonomy":"post_tag","embeddable":true,"href":"https:\/\/newsestlyonnais.fr\/site\/wp-json\/wp\/v2\/tags?post=23433"}],"curies":[{"name":"wp","href":"https:\/\/api.w.org\/{rel}","templated":true}]}}