{"id":23445,"date":"2017-03-27T08:02:08","date_gmt":"2017-03-27T07:02:08","guid":{"rendered":"http:\/\/newsestlyonnais.fr\/site\/?p=23445"},"modified":"2020-10-22T16:19:24","modified_gmt":"2020-10-22T15:19:24","slug":"genas-les-manifestations-du-mois-davril","status":"publish","type":"post","link":"https:\/\/newsestlyonnais.fr\/site\/2017\/03\/27\/genas-les-manifestations-du-mois-davril\/","title":{"rendered":"GENAS | Les manifestations du mois d&rsquo;avril"},"content":{"rendered":"<h4>Nombreuses sont les manifestations qui se d\u00e9rouleront durant le mois d&rsquo;avril sur la commune, \u00e0 savoir:<\/h4>\n<p><span style=\"text-decoration: underline;\"><em><strong>\u00c9v\u00e9nements municipaux:<\/strong> <\/em><\/span><\/p>\n<ul>\n<li><span style=\"text-decoration: underline;\">Samedi 1er avril \u00e0 11 h<\/span>: Conf\u00e9rence de Fabrice Calzettoni \u00ab BD et Cin\u00e9ma \u00bb dans le cadre l\u2019\u00e9v\u00e8nement \u00ab L\u2019Envers du d\u00e9cor \u00bb (M\u00e9diath\u00e8que \u2013 Petit auditorium)<\/li>\n<li><span style=\"text-decoration: underline;\">Samedi 1er avril \u00e0 15 h 30<\/span> : Portes ouvertes de la halle des sports (Complexe Sportif Marcel Gonzales)<\/li>\n<li><span style=\"text-decoration: underline;\">Samedi 1er avril \u00e0 16 h<\/span>: Spectacle jeune public \u00ab Dans mon Potager \u00bb (Neutrino)<\/li>\n<li><span style=\"text-decoration: underline;\">Du 1er au 30 avril<\/span> : Exposition Camille Jourdy dans le cadre l\u2019\u00e9v\u00e8nement \u00ab L\u2019Envers du d\u00e9cor \u00bb (M\u00e9diath\u00e8que)<\/li>\n<li><span style=\"text-decoration: underline;\">Mercredi 5 avril \u00e0 18 h<\/span> : Vernissage de l\u2019exposition, \u00e0 la m\u00e9diath\u00e8que, en pr\u00e9sence de l\u2019artiste, suivi de la projection du film Rosalie Blum de Julien Rappeneau (\u00e0 20 h au Neutrino)<\/li>\n<li><span style=\"text-decoration: underline;\">Dimanche 2 avril de 9 h \u00e0 16 h<\/span> : Parcours du coeur \u2013 Ville de Genas et Gymnastique Volontaire (Place de la R\u00e9publique)<\/li>\n<li><span style=\"text-decoration: underline;\">Dimanche 2 avril de 14 h \u00e0 16 h<\/span> : Th\u00e9 dansant \u2013 CCAS (Salle Jacques Anquetil)<\/li>\n<li><span style=\"text-decoration: underline;\">Vendredi 7 avril \u00e0 20 h 30<\/span> : Spectacle tout public \u00ab Dom Juan 2.0 \u00bb (Neutrino)<\/li>\n<li><span style=\"text-decoration: underline;\">Samedi 8 avril de 10 h \u00e0 12 h<\/span> : Matin\u00e9e jeu \u00ab La Fureur de Dracula \u00bb (Ludoth\u00e8que et Jardin des lecteurs &#8211; M\u00e9diath\u00e8que)<\/li>\n<li><span style=\"text-decoration: underline;\">Mercredi 12 avril de 16 h \u00e0 18 h<\/span> : Graine de tablette \u00ab Fabrique ton livre num\u00e9rique \u00bb dans le cadre l\u2019\u00e9v\u00e8nement \u00ab L\u2019Envers du d\u00e9cor \u00bb (M\u00e9diath\u00e8que \u2013 Petit auditorium)<\/li>\n<li><span style=\"text-decoration: underline;\">Vendredi 14 avril \u00e0 19 h 30<\/span> : Soir\u00e9e jeu autour de la BD dans le cadre l\u2019\u00e9v\u00e8nement \u00ab L\u2019Envers du d\u00e9cor \u00bb (M\u00e9diath\u00e8que &amp; Ludoth\u00e8que \u2013 M\u00e9diath\u00e8que)<\/li>\n<li><span style=\"text-decoration: underline;\">Dimanche 23 avril de 8 h \u00e0 19 h<\/span> : 1\u00b0 tour des \u00e9lections pr\u00e9sidentielles<\/li>\n<li><span style=\"text-decoration: underline;\">Lundi 24 avril \u00e0 18 h 30<\/span> : Conseil municipal (H\u00f4tel de ville)<\/li>\n<\/ul>\n<p><span style=\"text-decoration: underline;\"><strong>\u00c9v\u00e9nements associatifs et animations<\/strong><\/span>:<\/p>\n<ul>\n<li><span style=\"text-decoration: underline;\">Samedi 1\u00b0 avril \u00e0 19 h<\/span> : Soir\u00e9e dansante\u2013 ESGA Handball (Salle Jacques Anquetil)<\/li>\n<li><span style=\"text-decoration: underline;\">Dimanche 9 avril de 9 h \u00e0 18 h<\/span> : Vide grenier\u2013 L\u2019AGAF (Salle Marius Berliet)<\/li>\n<li><span style=\"text-decoration: underline;\">Dimanche 9 avril de 8 h 30 \u00e0 18 h<\/span> : Journ\u00e9e du Comit\u00e9 du Rh\u00f4ne de badminton \u2013 ESGA Badminton (Salle Jacques Anquetil)<\/li>\n<\/ul>\n<hr \/>\n<p>Retrouvez l\u00a0\u00bbACTU de la commune sur: <a href=\"http:\/\/genas.fr\" target=\"_blank\" rel=\"noopener noreferrer\">http:\/\/genas.fr<\/a><\/p>\n","protected":false},"excerpt":{"rendered":"<p>Nombreuses sont les manifestations qui se d\u00e9rouleront durant le mois d&rsquo;avril sur la commune, \u00e0 savoir: \u00c9v\u00e9nements municipaux: Samedi 1er avril \u00e0 11 h: Conf\u00e9rence de Fabrice Calzettoni \u00ab BD et Cin\u00e9ma \u00bb dans le cadre l\u2019\u00e9v\u00e8nement \u00ab L\u2019Envers du d\u00e9cor \u00bb (M\u00e9diath\u00e8que \u2013 Petit auditorium) Samedi 1er avril \u00e0 15 h 30 : Portes [&hellip;]<\/p>\n","protected":false},"author":4,"featured_media":8137,"comment_status":"open","ping_status":"open","sticky":false,"template":"","format":"standard","meta":{"footnotes":""},"categories":[30,3003,270,8,1598],"tags":[],"class_list":["post-23445","post","type-post","status-publish","format-standard","has-post-thumbnail","hentry","category-a-la-une","category-bibliotheque-mediatheque-mjc","category-cte-de-communes-c-c-e-l","category-communes","category-genas"],"yoast_head":"<!-- This site is optimized with the Yoast SEO plugin v27.2 - https:\/\/yoast.com\/product\/yoast-seo-wordpress\/ -->\n<title>GENAS | Les manifestations du mois d&#039;avril<\/title>\n<meta name=\"description\" content=\"GENAS | Les manifestations du mois d&#039;avril\" \/>\n<meta name=\"robots\" content=\"index, follow, max-snippet:-1, max-image-preview:large, max-video-preview:-1\" \/>\n<link rel=\"canonical\" href=\"https:\/\/newsestlyonnais.fr\/site\/2017\/03\/27\/genas-les-manifestations-du-mois-davril\/\" \/>\n<meta property=\"og:locale\" content=\"fr_FR\" \/>\n<meta property=\"og:type\" content=\"article\" \/>\n<meta property=\"og:title\" content=\"GENAS | Les manifestations du mois d&#039;avril\" \/>\n<meta property=\"og:description\" content=\"GENAS | Les manifestations du mois d&#039;avril\" \/>\n<meta property=\"og:url\" content=\"https:\/\/newsestlyonnais.fr\/site\/2017\/03\/27\/genas-les-manifestations-du-mois-davril\/\" \/>\n<meta property=\"og:site_name\" content=\"News Est Lyonnais\" \/>\n<meta property=\"article:author\" content=\"https:\/\/www.facebook.com\/pascal.oberson.1?fref=ts\" \/>\n<meta property=\"article:published_time\" content=\"2017-03-27T07:02:08+00:00\" \/>\n<meta property=\"article:modified_time\" content=\"2020-10-22T15:19:24+00:00\" \/>\n<meta property=\"og:image\" content=\"https:\/\/i0.wp.com\/newsestlyonnais.fr\/site\/wp-content\/uploads\/2016\/05\/NEWSESTLYONNAISPANNEAUGENAS-1.jpg?fit=1000%2C750&ssl=1\" \/>\n\t<meta property=\"og:image:width\" content=\"1000\" \/>\n\t<meta property=\"og:image:height\" content=\"750\" \/>\n\t<meta property=\"og:image:type\" content=\"image\/jpeg\" \/>\n<meta name=\"author\" content=\"R\u00e9dac. NEWS\" \/>\n<meta name=\"twitter:card\" content=\"summary_large_image\" \/>\n<meta name=\"twitter:label1\" content=\"\u00c9crit par\" \/>\n\t<meta name=\"twitter:data1\" content=\"R\u00e9dac. NEWS\" \/>\n\t<meta name=\"twitter:label2\" content=\"Dur\u00e9e de lecture estim\u00e9e\" \/>\n\t<meta name=\"twitter:data2\" content=\"2 minutes\" \/>\n<script type=\"application\/ld+json\" class=\"yoast-schema-graph\">{\"@context\":\"https:\/\/schema.org\",\"@graph\":[{\"@type\":\"Article\",\"@id\":\"https:\/\/newsestlyonnais.fr\/site\/2017\/03\/27\/genas-les-manifestations-du-mois-davril\/#article\",\"isPartOf\":{\"@id\":\"https:\/\/newsestlyonnais.fr\/site\/2017\/03\/27\/genas-les-manifestations-du-mois-davril\/\"},\"author\":{\"name\":\"R\u00e9dac. NEWS\",\"@id\":\"https:\/\/newsestlyonnais.fr\/site\/#\/schema\/person\/3230d5615f390bb808365d673001e887\"},\"headline\":\"GENAS | Les manifestations du mois d&rsquo;avril\",\"datePublished\":\"2017-03-27T07:02:08+00:00\",\"dateModified\":\"2020-10-22T15:19:24+00:00\",\"mainEntityOfPage\":{\"@id\":\"https:\/\/newsestlyonnais.fr\/site\/2017\/03\/27\/genas-les-manifestations-du-mois-davril\/\"},\"wordCount\":330,\"commentCount\":0,\"publisher\":{\"@id\":\"https:\/\/newsestlyonnais.fr\/site\/#organization\"},\"image\":{\"@id\":\"https:\/\/newsestlyonnais.fr\/site\/2017\/03\/27\/genas-les-manifestations-du-mois-davril\/#primaryimage\"},\"thumbnailUrl\":\"https:\/\/newsestlyonnais.fr\/site\/wp-content\/uploads\/2016\/05\/NEWSESTLYONNAISPANNEAUGENAS-1.jpg\",\"articleSection\":[\"\u00e0 la une\",\"Biblioth\u00e8que | M\u00e9diath\u00e8que | MJC\",\"CCEL | Communes\",\"Communes\",\"Genas\"],\"inLanguage\":\"fr-FR\",\"potentialAction\":[{\"@type\":\"CommentAction\",\"name\":\"Comment\",\"target\":[\"https:\/\/newsestlyonnais.fr\/site\/2017\/03\/27\/genas-les-manifestations-du-mois-davril\/#respond\"]}]},{\"@type\":\"WebPage\",\"@id\":\"https:\/\/newsestlyonnais.fr\/site\/2017\/03\/27\/genas-les-manifestations-du-mois-davril\/\",\"url\":\"https:\/\/newsestlyonnais.fr\/site\/2017\/03\/27\/genas-les-manifestations-du-mois-davril\/\",\"name\":\"GENAS | Les manifestations du mois d'avril\",\"isPartOf\":{\"@id\":\"https:\/\/newsestlyonnais.fr\/site\/#website\"},\"primaryImageOfPage\":{\"@id\":\"https:\/\/newsestlyonnais.fr\/site\/2017\/03\/27\/genas-les-manifestations-du-mois-davril\/#primaryimage\"},\"image\":{\"@id\":\"https:\/\/newsestlyonnais.fr\/site\/2017\/03\/27\/genas-les-manifestations-du-mois-davril\/#primaryimage\"},\"thumbnailUrl\":\"https:\/\/newsestlyonnais.fr\/site\/wp-content\/uploads\/2016\/05\/NEWSESTLYONNAISPANNEAUGENAS-1.jpg\",\"datePublished\":\"2017-03-27T07:02:08+00:00\",\"dateModified\":\"2020-10-22T15:19:24+00:00\",\"description\":\"GENAS | Les manifestations du mois d'avril\",\"breadcrumb\":{\"@id\":\"https:\/\/newsestlyonnais.fr\/site\/2017\/03\/27\/genas-les-manifestations-du-mois-davril\/#breadcrumb\"},\"inLanguage\":\"fr-FR\",\"potentialAction\":[{\"@type\":\"ReadAction\",\"target\":[\"https:\/\/newsestlyonnais.fr\/site\/2017\/03\/27\/genas-les-manifestations-du-mois-davril\/\"]}]},{\"@type\":\"ImageObject\",\"inLanguage\":\"fr-FR\",\"@id\":\"https:\/\/newsestlyonnais.fr\/site\/2017\/03\/27\/genas-les-manifestations-du-mois-davril\/#primaryimage\",\"url\":\"https:\/\/newsestlyonnais.fr\/site\/wp-content\/uploads\/2016\/05\/NEWSESTLYONNAISPANNEAUGENAS-1.jpg\",\"contentUrl\":\"https:\/\/newsestlyonnais.fr\/site\/wp-content\/uploads\/2016\/05\/NEWSESTLYONNAISPANNEAUGENAS-1.jpg\",\"width\":1000,\"height\":750,\"caption\":\"NEWSESTLYONNAISPANNEAUGENAS\"},{\"@type\":\"BreadcrumbList\",\"@id\":\"https:\/\/newsestlyonnais.fr\/site\/2017\/03\/27\/genas-les-manifestations-du-mois-davril\/#breadcrumb\",\"itemListElement\":[{\"@type\":\"ListItem\",\"position\":1,\"name\":\"Accueil\",\"item\":\"https:\/\/newsestlyonnais.fr\/site\/\"},{\"@type\":\"ListItem\",\"position\":2,\"name\":\"GENAS | Les manifestations du mois d&rsquo;avril\"}]},{\"@type\":\"WebSite\",\"@id\":\"https:\/\/newsestlyonnais.fr\/site\/#website\",\"url\":\"https:\/\/newsestlyonnais.fr\/site\/\",\"name\":\"News Est Lyonnais\",\"description\":\"L&#039;actualit\u00e9 au plus pr\u00e8s\",\"publisher\":{\"@id\":\"https:\/\/newsestlyonnais.fr\/site\/#organization\"},\"potentialAction\":[{\"@type\":\"SearchAction\",\"target\":{\"@type\":\"EntryPoint\",\"urlTemplate\":\"https:\/\/newsestlyonnais.fr\/site\/?s={search_term_string}\"},\"query-input\":{\"@type\":\"PropertyValueSpecification\",\"valueRequired\":true,\"valueName\":\"search_term_string\"}}],\"inLanguage\":\"fr-FR\"},{\"@type\":\"Organization\",\"@id\":\"https:\/\/newsestlyonnais.fr\/site\/#organization\",\"name\":\"News EST LYONNAIS\",\"url\":\"https:\/\/newsestlyonnais.fr\/site\/\",\"logo\":{\"@type\":\"ImageObject\",\"inLanguage\":\"fr-FR\",\"@id\":\"https:\/\/newsestlyonnais.fr\/site\/#\/schema\/logo\/image\/\",\"url\":\"\",\"contentUrl\":\"\",\"caption\":\"News EST LYONNAIS\"},\"image\":{\"@id\":\"https:\/\/newsestlyonnais.fr\/site\/#\/schema\/logo\/image\/\"}},{\"@type\":\"Person\",\"@id\":\"https:\/\/newsestlyonnais.fr\/site\/#\/schema\/person\/3230d5615f390bb808365d673001e887\",\"name\":\"R\u00e9dac. NEWS\",\"sameAs\":[\"http:\/\/www.newsestlyonnais.fr\",\"https:\/\/www.facebook.com\/pascal.oberson.1?fref=ts\",\"https:\/\/fr.linkedin.com\/in\/pascal-oberson-b17045113\"],\"url\":\"https:\/\/newsestlyonnais.fr\/site\/author\/nel\/\"}]}<\/script>\n<!-- \/ Yoast SEO plugin. -->","yoast_head_json":{"title":"GENAS | Les manifestations du mois d'avril","description":"GENAS | Les manifestations du mois d'avril","robots":{"index":"index","follow":"follow","max-snippet":"max-snippet:-1","max-image-preview":"max-image-preview:large","max-video-preview":"max-video-preview:-1"},"canonical":"https:\/\/newsestlyonnais.fr\/site\/2017\/03\/27\/genas-les-manifestations-du-mois-davril\/","og_locale":"fr_FR","og_type":"article","og_title":"GENAS | Les manifestations du mois d'avril","og_description":"GENAS | Les manifestations du mois d'avril","og_url":"https:\/\/newsestlyonnais.fr\/site\/2017\/03\/27\/genas-les-manifestations-du-mois-davril\/","og_site_name":"News Est Lyonnais","article_author":"https:\/\/www.facebook.com\/pascal.oberson.1?fref=ts","article_published_time":"2017-03-27T07:02:08+00:00","article_modified_time":"2020-10-22T15:19:24+00:00","og_image":[{"width":1000,"height":750,"url":"https:\/\/i0.wp.com\/newsestlyonnais.fr\/site\/wp-content\/uploads\/2016\/05\/NEWSESTLYONNAISPANNEAUGENAS-1.jpg?fit=1000%2C750&ssl=1","type":"image\/jpeg"}],"author":"R\u00e9dac. NEWS","twitter_card":"summary_large_image","twitter_misc":{"\u00c9crit par":"R\u00e9dac. NEWS","Dur\u00e9e de lecture estim\u00e9e":"2 minutes"},"schema":{"@context":"https:\/\/schema.org","@graph":[{"@type":"Article","@id":"https:\/\/newsestlyonnais.fr\/site\/2017\/03\/27\/genas-les-manifestations-du-mois-davril\/#article","isPartOf":{"@id":"https:\/\/newsestlyonnais.fr\/site\/2017\/03\/27\/genas-les-manifestations-du-mois-davril\/"},"author":{"name":"R\u00e9dac. NEWS","@id":"https:\/\/newsestlyonnais.fr\/site\/#\/schema\/person\/3230d5615f390bb808365d673001e887"},"headline":"GENAS | Les manifestations du mois d&rsquo;avril","datePublished":"2017-03-27T07:02:08+00:00","dateModified":"2020-10-22T15:19:24+00:00","mainEntityOfPage":{"@id":"https:\/\/newsestlyonnais.fr\/site\/2017\/03\/27\/genas-les-manifestations-du-mois-davril\/"},"wordCount":330,"commentCount":0,"publisher":{"@id":"https:\/\/newsestlyonnais.fr\/site\/#organization"},"image":{"@id":"https:\/\/newsestlyonnais.fr\/site\/2017\/03\/27\/genas-les-manifestations-du-mois-davril\/#primaryimage"},"thumbnailUrl":"https:\/\/newsestlyonnais.fr\/site\/wp-content\/uploads\/2016\/05\/NEWSESTLYONNAISPANNEAUGENAS-1.jpg","articleSection":["\u00e0 la une","Biblioth\u00e8que | M\u00e9diath\u00e8que | MJC","CCEL | Communes","Communes","Genas"],"inLanguage":"fr-FR","potentialAction":[{"@type":"CommentAction","name":"Comment","target":["https:\/\/newsestlyonnais.fr\/site\/2017\/03\/27\/genas-les-manifestations-du-mois-davril\/#respond"]}]},{"@type":"WebPage","@id":"https:\/\/newsestlyonnais.fr\/site\/2017\/03\/27\/genas-les-manifestations-du-mois-davril\/","url":"https:\/\/newsestlyonnais.fr\/site\/2017\/03\/27\/genas-les-manifestations-du-mois-davril\/","name":"GENAS | Les manifestations du mois d'avril","isPartOf":{"@id":"https:\/\/newsestlyonnais.fr\/site\/#website"},"primaryImageOfPage":{"@id":"https:\/\/newsestlyonnais.fr\/site\/2017\/03\/27\/genas-les-manifestations-du-mois-davril\/#primaryimage"},"image":{"@id":"https:\/\/newsestlyonnais.fr\/site\/2017\/03\/27\/genas-les-manifestations-du-mois-davril\/#primaryimage"},"thumbnailUrl":"https:\/\/newsestlyonnais.fr\/site\/wp-content\/uploads\/2016\/05\/NEWSESTLYONNAISPANNEAUGENAS-1.jpg","datePublished":"2017-03-27T07:02:08+00:00","dateModified":"2020-10-22T15:19:24+00:00","description":"GENAS | Les manifestations du mois d'avril","breadcrumb":{"@id":"https:\/\/newsestlyonnais.fr\/site\/2017\/03\/27\/genas-les-manifestations-du-mois-davril\/#breadcrumb"},"inLanguage":"fr-FR","potentialAction":[{"@type":"ReadAction","target":["https:\/\/newsestlyonnais.fr\/site\/2017\/03\/27\/genas-les-manifestations-du-mois-davril\/"]}]},{"@type":"ImageObject","inLanguage":"fr-FR","@id":"https:\/\/newsestlyonnais.fr\/site\/2017\/03\/27\/genas-les-manifestations-du-mois-davril\/#primaryimage","url":"https:\/\/newsestlyonnais.fr\/site\/wp-content\/uploads\/2016\/05\/NEWSESTLYONNAISPANNEAUGENAS-1.jpg","contentUrl":"https:\/\/newsestlyonnais.fr\/site\/wp-content\/uploads\/2016\/05\/NEWSESTLYONNAISPANNEAUGENAS-1.jpg","width":1000,"height":750,"caption":"NEWSESTLYONNAISPANNEAUGENAS"},{"@type":"BreadcrumbList","@id":"https:\/\/newsestlyonnais.fr\/site\/2017\/03\/27\/genas-les-manifestations-du-mois-davril\/#breadcrumb","itemListElement":[{"@type":"ListItem","position":1,"name":"Accueil","item":"https:\/\/newsestlyonnais.fr\/site\/"},{"@type":"ListItem","position":2,"name":"GENAS | Les manifestations du mois d&rsquo;avril"}]},{"@type":"WebSite","@id":"https:\/\/newsestlyonnais.fr\/site\/#website","url":"https:\/\/newsestlyonnais.fr\/site\/","name":"News Est Lyonnais","description":"L&#039;actualit\u00e9 au plus pr\u00e8s","publisher":{"@id":"https:\/\/newsestlyonnais.fr\/site\/#organization"},"potentialAction":[{"@type":"SearchAction","target":{"@type":"EntryPoint","urlTemplate":"https:\/\/newsestlyonnais.fr\/site\/?s={search_term_string}"},"query-input":{"@type":"PropertyValueSpecification","valueRequired":true,"valueName":"search_term_string"}}],"inLanguage":"fr-FR"},{"@type":"Organization","@id":"https:\/\/newsestlyonnais.fr\/site\/#organization","name":"News EST LYONNAIS","url":"https:\/\/newsestlyonnais.fr\/site\/","logo":{"@type":"ImageObject","inLanguage":"fr-FR","@id":"https:\/\/newsestlyonnais.fr\/site\/#\/schema\/logo\/image\/","url":"","contentUrl":"","caption":"News EST LYONNAIS"},"image":{"@id":"https:\/\/newsestlyonnais.fr\/site\/#\/schema\/logo\/image\/"}},{"@type":"Person","@id":"https:\/\/newsestlyonnais.fr\/site\/#\/schema\/person\/3230d5615f390bb808365d673001e887","name":"R\u00e9dac. NEWS","sameAs":["http:\/\/www.newsestlyonnais.fr","https:\/\/www.facebook.com\/pascal.oberson.1?fref=ts","https:\/\/fr.linkedin.com\/in\/pascal-oberson-b17045113"],"url":"https:\/\/newsestlyonnais.fr\/site\/author\/nel\/"}]}},"_links":{"self":[{"href":"https:\/\/newsestlyonnais.fr\/site\/wp-json\/wp\/v2\/posts\/23445","targetHints":{"allow":["GET"]}}],"collection":[{"href":"https:\/\/newsestlyonnais.fr\/site\/wp-json\/wp\/v2\/posts"}],"about":[{"href":"https:\/\/newsestlyonnais.fr\/site\/wp-json\/wp\/v2\/types\/post"}],"author":[{"embeddable":true,"href":"https:\/\/newsestlyonnais.fr\/site\/wp-json\/wp\/v2\/users\/4"}],"replies":[{"embeddable":true,"href":"https:\/\/newsestlyonnais.fr\/site\/wp-json\/wp\/v2\/comments?post=23445"}],"version-history":[{"count":0,"href":"https:\/\/newsestlyonnais.fr\/site\/wp-json\/wp\/v2\/posts\/23445\/revisions"}],"wp:featuredmedia":[{"embeddable":true,"href":"https:\/\/newsestlyonnais.fr\/site\/wp-json\/wp\/v2\/media\/8137"}],"wp:attachment":[{"href":"https:\/\/newsestlyonnais.fr\/site\/wp-json\/wp\/v2\/media?parent=23445"}],"wp:term":[{"taxonomy":"category","embeddable":true,"href":"https:\/\/newsestlyonnais.fr\/site\/wp-json\/wp\/v2\/categories?post=23445"},{"taxonomy":"post_tag","embeddable":true,"href":"https:\/\/newsestlyonnais.fr\/site\/wp-json\/wp\/v2\/tags?post=23445"}],"curies":[{"name":"wp","href":"https:\/\/api.w.org\/{rel}","templated":true}]}}