{"id":23460,"date":"2017-03-28T06:15:26","date_gmt":"2017-03-28T05:15:26","guid":{"rendered":"http:\/\/newsestlyonnais.fr\/site\/?p=23460"},"modified":"2020-11-16T19:33:20","modified_gmt":"2020-11-16T18:33:20","slug":"vaulx-en-velin-plus-de-110-jeunes-a-la-competition-regionale-dechecs","status":"publish","type":"post","link":"https:\/\/newsestlyonnais.fr\/site\/2017\/03\/28\/vaulx-en-velin-plus-de-110-jeunes-a-la-competition-regionale-dechecs\/","title":{"rendered":"VAULX-EN-VELIN | Plus de 110 jeunes \u00e0 la comp\u00e9tition r\u00e9gionale d&rsquo;\u00e9checs"},"content":{"rendered":"<h4>Le club d&rsquo;Avinkha Echecs, pr\u00e9sid\u00e9 par Vincent Colin-khuu a organis\u00e9 dimanche \u00e0 la Salle Victor Jara, une double comp\u00e9tition r\u00e9serv\u00e9e aux jeunes.<\/h4>\n<div>\n<p>En matin\u00e9e, pr\u00e9sence de 64 jeunes, issus de 16 clubs de la ligue Rh\u00f4ne-Alpes Auvergne qui ont disput\u00e9 un tour de Nationale 3. L&rsquo;\u00e9quipe qui sera promue en N2 Jeunes sera Corbas et la formation vaudaise (<strong>PHOTO A LA UNE<\/strong>) compos\u00e9e de Romain Tahay, Eloyan Edgar, Irina Ravalohery et Augustin Chafraix a termin\u00e9 \u00e0 une honorable 6\u00b0 place sur 16\u00a0<span id=\"fbPhotoSnowliftCaption\" class=\"fbPhotosPhotoCaption\"><span class=\"hasCaption\">avec 5,5 points sur 9<\/span><\/span>.<\/p>\n<\/div>\n<div>L&rsquo;apr\u00e8s-midi, le challenge Philippe Vignal en hommage \u00e0 un animateur du comit\u00e9 du Rh\u00f4ne disparu en d\u00e9but de saison a rassembl\u00e9 48 jeunes pour une comp\u00e9tition niveau N4.<\/div>\n<div><\/div>\n<p>&nbsp;<\/p>\n","protected":false},"excerpt":{"rendered":"<p>Le club d&rsquo;Avinkha Echecs, pr\u00e9sid\u00e9 par Vincent Colin-khuu a organis\u00e9 dimanche \u00e0 la Salle Victor Jara, une double comp\u00e9tition r\u00e9serv\u00e9e aux jeunes. En matin\u00e9e, pr\u00e9sence de 64 jeunes, issus de 16 clubs de la ligue Rh\u00f4ne-Alpes Auvergne qui ont disput\u00e9 un tour de Nationale 3. L&rsquo;\u00e9quipe qui sera promue en N2 Jeunes sera Corbas et [&hellip;]<\/p>\n","protected":false},"author":4,"featured_media":23522,"comment_status":"open","ping_status":"open","sticky":false,"template":"","format":"standard","meta":{"footnotes":""},"categories":[574,3000,166,171,28],"tags":[],"class_list":["post-23460","post","type-post","status-publish","format-standard","has-post-thumbnail","hentry","category-autres-sports","category-billard-echecs-escrime","category-divers-sports","category-enfance-jeunesse","category-vaulx-en-velin"],"yoast_head":"<!-- This site is optimized with the Yoast SEO plugin v27.2 - https:\/\/yoast.com\/product\/yoast-seo-wordpress\/ -->\n<title>VAULX EN VELIN: Plus de 110 JEUNES \u00e0 la comp\u00e9tition r\u00e9gionale d&#039;\u00e9checs<\/title>\n<meta name=\"description\" content=\"VAULX EN VELIN: Plus de 110 JEUNES \u00e0 la comp\u00e9tition r\u00e9gionale d&#039;\u00e9checs\" \/>\n<meta name=\"robots\" content=\"index, follow, max-snippet:-1, max-image-preview:large, max-video-preview:-1\" \/>\n<link rel=\"canonical\" href=\"https:\/\/newsestlyonnais.fr\/site\/2017\/03\/28\/vaulx-en-velin-plus-de-110-jeunes-a-la-competition-regionale-dechecs\/\" \/>\n<meta property=\"og:locale\" content=\"fr_FR\" \/>\n<meta property=\"og:type\" content=\"article\" \/>\n<meta property=\"og:title\" content=\"VAULX EN VELIN: Plus de 110 JEUNES \u00e0 la comp\u00e9tition r\u00e9gionale d&#039;\u00e9checs\" \/>\n<meta property=\"og:description\" content=\"VAULX EN VELIN: Plus de 110 JEUNES \u00e0 la comp\u00e9tition r\u00e9gionale d&#039;\u00e9checs\" \/>\n<meta property=\"og:url\" content=\"https:\/\/newsestlyonnais.fr\/site\/2017\/03\/28\/vaulx-en-velin-plus-de-110-jeunes-a-la-competition-regionale-dechecs\/\" \/>\n<meta property=\"og:site_name\" content=\"News Est Lyonnais\" \/>\n<meta property=\"article:author\" content=\"https:\/\/www.facebook.com\/pascal.oberson.1?fref=ts\" \/>\n<meta property=\"article:published_time\" content=\"2017-03-28T05:15:26+00:00\" \/>\n<meta property=\"article:modified_time\" content=\"2020-11-16T18:33:20+00:00\" \/>\n<meta property=\"og:image\" content=\"https:\/\/i0.wp.com\/newsestlyonnais.fr\/site\/wp-content\/uploads\/2017\/03\/NEWSESTLYONNAIS-COMPET-ECHECS.jpg?fit=1000%2C750&ssl=1\" \/>\n\t<meta property=\"og:image:width\" content=\"1000\" \/>\n\t<meta property=\"og:image:height\" content=\"750\" \/>\n\t<meta property=\"og:image:type\" content=\"image\/jpeg\" \/>\n<meta name=\"author\" content=\"R\u00e9dac. NEWS\" \/>\n<meta name=\"twitter:card\" content=\"summary_large_image\" \/>\n<meta name=\"twitter:label1\" content=\"\u00c9crit par\" \/>\n\t<meta name=\"twitter:data1\" content=\"R\u00e9dac. NEWS\" \/>\n\t<meta name=\"twitter:label2\" content=\"Dur\u00e9e de lecture estim\u00e9e\" \/>\n\t<meta name=\"twitter:data2\" content=\"1 minute\" \/>\n<script type=\"application\/ld+json\" class=\"yoast-schema-graph\">{\"@context\":\"https:\/\/schema.org\",\"@graph\":[{\"@type\":\"Article\",\"@id\":\"https:\/\/newsestlyonnais.fr\/site\/2017\/03\/28\/vaulx-en-velin-plus-de-110-jeunes-a-la-competition-regionale-dechecs\/#article\",\"isPartOf\":{\"@id\":\"https:\/\/newsestlyonnais.fr\/site\/2017\/03\/28\/vaulx-en-velin-plus-de-110-jeunes-a-la-competition-regionale-dechecs\/\"},\"author\":{\"name\":\"R\u00e9dac. NEWS\",\"@id\":\"https:\/\/newsestlyonnais.fr\/site\/#\/schema\/person\/3230d5615f390bb808365d673001e887\"},\"headline\":\"VAULX-EN-VELIN | Plus de 110 jeunes \u00e0 la comp\u00e9tition r\u00e9gionale d&rsquo;\u00e9checs\",\"datePublished\":\"2017-03-28T05:15:26+00:00\",\"dateModified\":\"2020-11-16T18:33:20+00:00\",\"mainEntityOfPage\":{\"@id\":\"https:\/\/newsestlyonnais.fr\/site\/2017\/03\/28\/vaulx-en-velin-plus-de-110-jeunes-a-la-competition-regionale-dechecs\/\"},\"wordCount\":131,\"commentCount\":0,\"publisher\":{\"@id\":\"https:\/\/newsestlyonnais.fr\/site\/#organization\"},\"image\":{\"@id\":\"https:\/\/newsestlyonnais.fr\/site\/2017\/03\/28\/vaulx-en-velin-plus-de-110-jeunes-a-la-competition-regionale-dechecs\/#primaryimage\"},\"thumbnailUrl\":\"https:\/\/newsestlyonnais.fr\/site\/wp-content\/uploads\/2017\/03\/NEWSESTLYONNAIS-COMPET-ECHECS.jpg\",\"articleSection\":[\"Autres sports\",\"Billard | Echecs | Escrime\",\"Divers Sports\",\"Enfance | Jeunesse\",\"Vaulx-en-Velin\"],\"inLanguage\":\"fr-FR\",\"potentialAction\":[{\"@type\":\"CommentAction\",\"name\":\"Comment\",\"target\":[\"https:\/\/newsestlyonnais.fr\/site\/2017\/03\/28\/vaulx-en-velin-plus-de-110-jeunes-a-la-competition-regionale-dechecs\/#respond\"]}]},{\"@type\":\"WebPage\",\"@id\":\"https:\/\/newsestlyonnais.fr\/site\/2017\/03\/28\/vaulx-en-velin-plus-de-110-jeunes-a-la-competition-regionale-dechecs\/\",\"url\":\"https:\/\/newsestlyonnais.fr\/site\/2017\/03\/28\/vaulx-en-velin-plus-de-110-jeunes-a-la-competition-regionale-dechecs\/\",\"name\":\"VAULX EN VELIN: Plus de 110 JEUNES \u00e0 la comp\u00e9tition r\u00e9gionale d'\u00e9checs\",\"isPartOf\":{\"@id\":\"https:\/\/newsestlyonnais.fr\/site\/#website\"},\"primaryImageOfPage\":{\"@id\":\"https:\/\/newsestlyonnais.fr\/site\/2017\/03\/28\/vaulx-en-velin-plus-de-110-jeunes-a-la-competition-regionale-dechecs\/#primaryimage\"},\"image\":{\"@id\":\"https:\/\/newsestlyonnais.fr\/site\/2017\/03\/28\/vaulx-en-velin-plus-de-110-jeunes-a-la-competition-regionale-dechecs\/#primaryimage\"},\"thumbnailUrl\":\"https:\/\/newsestlyonnais.fr\/site\/wp-content\/uploads\/2017\/03\/NEWSESTLYONNAIS-COMPET-ECHECS.jpg\",\"datePublished\":\"2017-03-28T05:15:26+00:00\",\"dateModified\":\"2020-11-16T18:33:20+00:00\",\"description\":\"VAULX EN VELIN: Plus de 110 JEUNES \u00e0 la comp\u00e9tition r\u00e9gionale d'\u00e9checs\",\"breadcrumb\":{\"@id\":\"https:\/\/newsestlyonnais.fr\/site\/2017\/03\/28\/vaulx-en-velin-plus-de-110-jeunes-a-la-competition-regionale-dechecs\/#breadcrumb\"},\"inLanguage\":\"fr-FR\",\"potentialAction\":[{\"@type\":\"ReadAction\",\"target\":[\"https:\/\/newsestlyonnais.fr\/site\/2017\/03\/28\/vaulx-en-velin-plus-de-110-jeunes-a-la-competition-regionale-dechecs\/\"]}]},{\"@type\":\"ImageObject\",\"inLanguage\":\"fr-FR\",\"@id\":\"https:\/\/newsestlyonnais.fr\/site\/2017\/03\/28\/vaulx-en-velin-plus-de-110-jeunes-a-la-competition-regionale-dechecs\/#primaryimage\",\"url\":\"https:\/\/newsestlyonnais.fr\/site\/wp-content\/uploads\/2017\/03\/NEWSESTLYONNAIS-COMPET-ECHECS.jpg\",\"contentUrl\":\"https:\/\/newsestlyonnais.fr\/site\/wp-content\/uploads\/2017\/03\/NEWSESTLYONNAIS-COMPET-ECHECS.jpg\",\"width\":1000,\"height\":750,\"caption\":\"NEWSESTLYONNAIS - COMPET ECHECS\"},{\"@type\":\"BreadcrumbList\",\"@id\":\"https:\/\/newsestlyonnais.fr\/site\/2017\/03\/28\/vaulx-en-velin-plus-de-110-jeunes-a-la-competition-regionale-dechecs\/#breadcrumb\",\"itemListElement\":[{\"@type\":\"ListItem\",\"position\":1,\"name\":\"Accueil\",\"item\":\"https:\/\/newsestlyonnais.fr\/site\/\"},{\"@type\":\"ListItem\",\"position\":2,\"name\":\"VAULX-EN-VELIN | Plus de 110 jeunes \u00e0 la comp\u00e9tition r\u00e9gionale d&rsquo;\u00e9checs\"}]},{\"@type\":\"WebSite\",\"@id\":\"https:\/\/newsestlyonnais.fr\/site\/#website\",\"url\":\"https:\/\/newsestlyonnais.fr\/site\/\",\"name\":\"News Est Lyonnais\",\"description\":\"L&#039;actualit\u00e9 au plus pr\u00e8s\",\"publisher\":{\"@id\":\"https:\/\/newsestlyonnais.fr\/site\/#organization\"},\"potentialAction\":[{\"@type\":\"SearchAction\",\"target\":{\"@type\":\"EntryPoint\",\"urlTemplate\":\"https:\/\/newsestlyonnais.fr\/site\/?s={search_term_string}\"},\"query-input\":{\"@type\":\"PropertyValueSpecification\",\"valueRequired\":true,\"valueName\":\"search_term_string\"}}],\"inLanguage\":\"fr-FR\"},{\"@type\":\"Organization\",\"@id\":\"https:\/\/newsestlyonnais.fr\/site\/#organization\",\"name\":\"News EST LYONNAIS\",\"url\":\"https:\/\/newsestlyonnais.fr\/site\/\",\"logo\":{\"@type\":\"ImageObject\",\"inLanguage\":\"fr-FR\",\"@id\":\"https:\/\/newsestlyonnais.fr\/site\/#\/schema\/logo\/image\/\",\"url\":\"\",\"contentUrl\":\"\",\"caption\":\"News EST LYONNAIS\"},\"image\":{\"@id\":\"https:\/\/newsestlyonnais.fr\/site\/#\/schema\/logo\/image\/\"}},{\"@type\":\"Person\",\"@id\":\"https:\/\/newsestlyonnais.fr\/site\/#\/schema\/person\/3230d5615f390bb808365d673001e887\",\"name\":\"R\u00e9dac. NEWS\",\"sameAs\":[\"http:\/\/www.newsestlyonnais.fr\",\"https:\/\/www.facebook.com\/pascal.oberson.1?fref=ts\",\"https:\/\/fr.linkedin.com\/in\/pascal-oberson-b17045113\"],\"url\":\"https:\/\/newsestlyonnais.fr\/site\/author\/nel\/\"}]}<\/script>\n<!-- \/ Yoast SEO plugin. -->","yoast_head_json":{"title":"VAULX EN VELIN: Plus de 110 JEUNES \u00e0 la comp\u00e9tition r\u00e9gionale d'\u00e9checs","description":"VAULX EN VELIN: Plus de 110 JEUNES \u00e0 la comp\u00e9tition r\u00e9gionale d'\u00e9checs","robots":{"index":"index","follow":"follow","max-snippet":"max-snippet:-1","max-image-preview":"max-image-preview:large","max-video-preview":"max-video-preview:-1"},"canonical":"https:\/\/newsestlyonnais.fr\/site\/2017\/03\/28\/vaulx-en-velin-plus-de-110-jeunes-a-la-competition-regionale-dechecs\/","og_locale":"fr_FR","og_type":"article","og_title":"VAULX EN VELIN: Plus de 110 JEUNES \u00e0 la comp\u00e9tition r\u00e9gionale d'\u00e9checs","og_description":"VAULX EN VELIN: Plus de 110 JEUNES \u00e0 la comp\u00e9tition r\u00e9gionale d'\u00e9checs","og_url":"https:\/\/newsestlyonnais.fr\/site\/2017\/03\/28\/vaulx-en-velin-plus-de-110-jeunes-a-la-competition-regionale-dechecs\/","og_site_name":"News Est Lyonnais","article_author":"https:\/\/www.facebook.com\/pascal.oberson.1?fref=ts","article_published_time":"2017-03-28T05:15:26+00:00","article_modified_time":"2020-11-16T18:33:20+00:00","og_image":[{"width":1000,"height":750,"url":"https:\/\/i0.wp.com\/newsestlyonnais.fr\/site\/wp-content\/uploads\/2017\/03\/NEWSESTLYONNAIS-COMPET-ECHECS.jpg?fit=1000%2C750&ssl=1","type":"image\/jpeg"}],"author":"R\u00e9dac. NEWS","twitter_card":"summary_large_image","twitter_misc":{"\u00c9crit par":"R\u00e9dac. NEWS","Dur\u00e9e de lecture estim\u00e9e":"1 minute"},"schema":{"@context":"https:\/\/schema.org","@graph":[{"@type":"Article","@id":"https:\/\/newsestlyonnais.fr\/site\/2017\/03\/28\/vaulx-en-velin-plus-de-110-jeunes-a-la-competition-regionale-dechecs\/#article","isPartOf":{"@id":"https:\/\/newsestlyonnais.fr\/site\/2017\/03\/28\/vaulx-en-velin-plus-de-110-jeunes-a-la-competition-regionale-dechecs\/"},"author":{"name":"R\u00e9dac. NEWS","@id":"https:\/\/newsestlyonnais.fr\/site\/#\/schema\/person\/3230d5615f390bb808365d673001e887"},"headline":"VAULX-EN-VELIN | Plus de 110 jeunes \u00e0 la comp\u00e9tition r\u00e9gionale d&rsquo;\u00e9checs","datePublished":"2017-03-28T05:15:26+00:00","dateModified":"2020-11-16T18:33:20+00:00","mainEntityOfPage":{"@id":"https:\/\/newsestlyonnais.fr\/site\/2017\/03\/28\/vaulx-en-velin-plus-de-110-jeunes-a-la-competition-regionale-dechecs\/"},"wordCount":131,"commentCount":0,"publisher":{"@id":"https:\/\/newsestlyonnais.fr\/site\/#organization"},"image":{"@id":"https:\/\/newsestlyonnais.fr\/site\/2017\/03\/28\/vaulx-en-velin-plus-de-110-jeunes-a-la-competition-regionale-dechecs\/#primaryimage"},"thumbnailUrl":"https:\/\/newsestlyonnais.fr\/site\/wp-content\/uploads\/2017\/03\/NEWSESTLYONNAIS-COMPET-ECHECS.jpg","articleSection":["Autres sports","Billard | Echecs | Escrime","Divers Sports","Enfance | Jeunesse","Vaulx-en-Velin"],"inLanguage":"fr-FR","potentialAction":[{"@type":"CommentAction","name":"Comment","target":["https:\/\/newsestlyonnais.fr\/site\/2017\/03\/28\/vaulx-en-velin-plus-de-110-jeunes-a-la-competition-regionale-dechecs\/#respond"]}]},{"@type":"WebPage","@id":"https:\/\/newsestlyonnais.fr\/site\/2017\/03\/28\/vaulx-en-velin-plus-de-110-jeunes-a-la-competition-regionale-dechecs\/","url":"https:\/\/newsestlyonnais.fr\/site\/2017\/03\/28\/vaulx-en-velin-plus-de-110-jeunes-a-la-competition-regionale-dechecs\/","name":"VAULX EN VELIN: Plus de 110 JEUNES \u00e0 la comp\u00e9tition r\u00e9gionale d'\u00e9checs","isPartOf":{"@id":"https:\/\/newsestlyonnais.fr\/site\/#website"},"primaryImageOfPage":{"@id":"https:\/\/newsestlyonnais.fr\/site\/2017\/03\/28\/vaulx-en-velin-plus-de-110-jeunes-a-la-competition-regionale-dechecs\/#primaryimage"},"image":{"@id":"https:\/\/newsestlyonnais.fr\/site\/2017\/03\/28\/vaulx-en-velin-plus-de-110-jeunes-a-la-competition-regionale-dechecs\/#primaryimage"},"thumbnailUrl":"https:\/\/newsestlyonnais.fr\/site\/wp-content\/uploads\/2017\/03\/NEWSESTLYONNAIS-COMPET-ECHECS.jpg","datePublished":"2017-03-28T05:15:26+00:00","dateModified":"2020-11-16T18:33:20+00:00","description":"VAULX EN VELIN: Plus de 110 JEUNES \u00e0 la comp\u00e9tition r\u00e9gionale d'\u00e9checs","breadcrumb":{"@id":"https:\/\/newsestlyonnais.fr\/site\/2017\/03\/28\/vaulx-en-velin-plus-de-110-jeunes-a-la-competition-regionale-dechecs\/#breadcrumb"},"inLanguage":"fr-FR","potentialAction":[{"@type":"ReadAction","target":["https:\/\/newsestlyonnais.fr\/site\/2017\/03\/28\/vaulx-en-velin-plus-de-110-jeunes-a-la-competition-regionale-dechecs\/"]}]},{"@type":"ImageObject","inLanguage":"fr-FR","@id":"https:\/\/newsestlyonnais.fr\/site\/2017\/03\/28\/vaulx-en-velin-plus-de-110-jeunes-a-la-competition-regionale-dechecs\/#primaryimage","url":"https:\/\/newsestlyonnais.fr\/site\/wp-content\/uploads\/2017\/03\/NEWSESTLYONNAIS-COMPET-ECHECS.jpg","contentUrl":"https:\/\/newsestlyonnais.fr\/site\/wp-content\/uploads\/2017\/03\/NEWSESTLYONNAIS-COMPET-ECHECS.jpg","width":1000,"height":750,"caption":"NEWSESTLYONNAIS - COMPET ECHECS"},{"@type":"BreadcrumbList","@id":"https:\/\/newsestlyonnais.fr\/site\/2017\/03\/28\/vaulx-en-velin-plus-de-110-jeunes-a-la-competition-regionale-dechecs\/#breadcrumb","itemListElement":[{"@type":"ListItem","position":1,"name":"Accueil","item":"https:\/\/newsestlyonnais.fr\/site\/"},{"@type":"ListItem","position":2,"name":"VAULX-EN-VELIN | Plus de 110 jeunes \u00e0 la comp\u00e9tition r\u00e9gionale d&rsquo;\u00e9checs"}]},{"@type":"WebSite","@id":"https:\/\/newsestlyonnais.fr\/site\/#website","url":"https:\/\/newsestlyonnais.fr\/site\/","name":"News Est Lyonnais","description":"L&#039;actualit\u00e9 au plus pr\u00e8s","publisher":{"@id":"https:\/\/newsestlyonnais.fr\/site\/#organization"},"potentialAction":[{"@type":"SearchAction","target":{"@type":"EntryPoint","urlTemplate":"https:\/\/newsestlyonnais.fr\/site\/?s={search_term_string}"},"query-input":{"@type":"PropertyValueSpecification","valueRequired":true,"valueName":"search_term_string"}}],"inLanguage":"fr-FR"},{"@type":"Organization","@id":"https:\/\/newsestlyonnais.fr\/site\/#organization","name":"News EST LYONNAIS","url":"https:\/\/newsestlyonnais.fr\/site\/","logo":{"@type":"ImageObject","inLanguage":"fr-FR","@id":"https:\/\/newsestlyonnais.fr\/site\/#\/schema\/logo\/image\/","url":"","contentUrl":"","caption":"News EST LYONNAIS"},"image":{"@id":"https:\/\/newsestlyonnais.fr\/site\/#\/schema\/logo\/image\/"}},{"@type":"Person","@id":"https:\/\/newsestlyonnais.fr\/site\/#\/schema\/person\/3230d5615f390bb808365d673001e887","name":"R\u00e9dac. NEWS","sameAs":["http:\/\/www.newsestlyonnais.fr","https:\/\/www.facebook.com\/pascal.oberson.1?fref=ts","https:\/\/fr.linkedin.com\/in\/pascal-oberson-b17045113"],"url":"https:\/\/newsestlyonnais.fr\/site\/author\/nel\/"}]}},"_links":{"self":[{"href":"https:\/\/newsestlyonnais.fr\/site\/wp-json\/wp\/v2\/posts\/23460","targetHints":{"allow":["GET"]}}],"collection":[{"href":"https:\/\/newsestlyonnais.fr\/site\/wp-json\/wp\/v2\/posts"}],"about":[{"href":"https:\/\/newsestlyonnais.fr\/site\/wp-json\/wp\/v2\/types\/post"}],"author":[{"embeddable":true,"href":"https:\/\/newsestlyonnais.fr\/site\/wp-json\/wp\/v2\/users\/4"}],"replies":[{"embeddable":true,"href":"https:\/\/newsestlyonnais.fr\/site\/wp-json\/wp\/v2\/comments?post=23460"}],"version-history":[{"count":0,"href":"https:\/\/newsestlyonnais.fr\/site\/wp-json\/wp\/v2\/posts\/23460\/revisions"}],"wp:featuredmedia":[{"embeddable":true,"href":"https:\/\/newsestlyonnais.fr\/site\/wp-json\/wp\/v2\/media\/23522"}],"wp:attachment":[{"href":"https:\/\/newsestlyonnais.fr\/site\/wp-json\/wp\/v2\/media?parent=23460"}],"wp:term":[{"taxonomy":"category","embeddable":true,"href":"https:\/\/newsestlyonnais.fr\/site\/wp-json\/wp\/v2\/categories?post=23460"},{"taxonomy":"post_tag","embeddable":true,"href":"https:\/\/newsestlyonnais.fr\/site\/wp-json\/wp\/v2\/tags?post=23460"}],"curies":[{"name":"wp","href":"https:\/\/api.w.org\/{rel}","templated":true}]}}