{"id":23463,"date":"2017-03-27T15:08:01","date_gmt":"2017-03-27T14:08:01","guid":{"rendered":"http:\/\/newsestlyonnais.fr\/site\/?p=23463"},"modified":"2020-11-17T11:46:07","modified_gmt":"2020-11-17T10:46:07","slug":"genas-portes-ouvertes-de-la-halle-des-sports-renovee","status":"publish","type":"post","link":"https:\/\/newsestlyonnais.fr\/site\/2017\/03\/27\/genas-portes-ouvertes-de-la-halle-des-sports-renovee\/","title":{"rendered":"GENAS | Portes ouvertes de la Halle des Sports r\u00e9nov\u00e9e"},"content":{"rendered":"<h4>Cinq mois apr\u00e8s le complexe tennistique d&rsquo;Azieu, c&rsquo;est un nouvel \u00e9quipement sportif qui va \u00eatre inaugur\u00e9 sur la commune.<\/h4>\n<p><strong>La nouvelle Halle des Sports, totalement r\u00e9nov\u00e9e ouvrira ses portes samedi 1\u00b0 avril d\u00e8s 15 heures 30.<\/strong><\/p>\n<p>Au c\u0153ur du complexe sportif Marcel Gonzales, la Halle a fait peau neuve et offre d\u00e9sormais des conditions de jeu et d\u2019entra\u00eenement optimales aux associations sportives, mais aussi aux \u00e9l\u00e8ves et aux jeunes genassiens (ateliers r\u00e9cr\u00e9atifs ou \u2019accueil jeunesse).<\/p>\n<p>Apr\u00e8s une trentaine d\u2019ann\u00e9es d\u2019utilisation, le b\u00e2timent n\u2019\u00e9tait plus adapt\u00e9 aux pratiques sportives de comp\u00e9tition<br \/>\ncomme de loisirs. La r\u00e9novation devait donc optimiser le complexe tout en int\u00e9grant les composantes d\u2019une ville<br \/>\ndurable. Ainsi, le choix pour ce chantier s\u2019est orient\u00e9 vers une r\u00e9habilitation extension pour r\u00e9duire les d\u00e9chets de<br \/>\nd\u00e9molition et \u00e9conomiser du foncier, ma\u00eetriser les co\u00fbts et limiter la dur\u00e9e d\u2019indisponibilit\u00e9 de l\u2019\u00e9quipement.<\/p>\n<p>Le chantier s\u2019est d\u00e9roul\u00e9 en plusieurs phases. Il a d\u00e9but\u00e9 par la salle de tennis de table et le dojo. L\u2019ancien<br \/>\nappartement du gardien a laiss\u00e9 place aux vestiaires, sanitaires et bureaux.<br \/>\nD\u00e8s lors, les salle du dojo et du tennis de table ont pu \u00eatre agrandies. Enfin un escalier de secours ext\u00e9rieur a \u00e9t\u00e9 b\u00e2ti<br \/>\net les parties communes r\u00e9nov\u00e9es.<br \/>\nPuis pour la 2\u00b0 phase, les travaux se sont attaqu\u00e9s \u00e0 la salle omnisports. Pour celle-ci, une extension a \u00e9t\u00e9 cr\u00e9\u00e9e dans<br \/>\nlaquelle, les vestiaires ont \u00e9t\u00e9 install\u00e9s. Dans la salle, l\u2019espace a \u00e9t\u00e9 optimis\u00e9. En effet, sous les gradins en bois, qui<br \/>\noffrent d\u00e9sormais une bonne visibilit\u00e9, des rangements et espaces de convivialit\u00e9 ont \u00e9t\u00e9 am\u00e9nag\u00e9s.<\/p>\n<p>Par la suite, les fa\u00e7ades seront reprises ainsi que les abords de la halle. Cette r\u00e9novation a \u00e9t\u00e9 r\u00e9alis\u00e9e avec une r\u00e9elle<br \/>\nattention sur le d\u00e9veloppement durable. En effet, des mat\u00e9riaux durables ont \u00e9t\u00e9 utilis\u00e9s; le choix de la r\u00e9habilitation<br \/>\na engendr\u00e9 une r\u00e9duction des d\u00e9chets; le syst\u00e8me d\u2019ouverture par badges et l\u2019\u00e9clairage par d\u00e9tection garantit une<br \/>\n\u00e9conomie d\u2019\u00e9nergie et d\u2019entretien.<\/p>\n<p><strong>Programme de ce samedi apr\u00e8s-midi :<\/strong><\/p>\n<ul>\n<li>\u00e0 15 heures 30: Accueil &amp; R\u00e9ouverture officielle avec la visite de la nouvelle Halle, du dojo, de la salle de tennis de table.<\/li>\n<li>\u00e0 16 heures 40: Match de handball des enfants<\/li>\n<li>\u00e0 17 heures: Spectacle gratuit et go\u00fbter<\/li>\n<li>Match officiel de handball: seniors:Genas\/L\u2019Arbresle<\/li>\n<\/ul>\n<p><strong>PHOTOS A LA UNE<\/strong> <strong>&amp; CI-DESSOUS<\/strong> : la nouvelle fa\u00e7ade de la Halle en cours de finitions<\/p>\n<p><img loading=\"lazy\" decoding=\"async\" class=\"alignleft size-full wp-image-23481\" src=\"https:\/\/newsestlyonnais.fr\/site\/medias\/2017\/03\/NEWSESTLYONNAIS-facede-halle-sports.jpg\" alt=\"NEWSESTLYONNAIS - facade halle sports\" width=\"1000\" height=\"750\" srcset=\"https:\/\/newsestlyonnais.fr\/site\/wp-content\/uploads\/2017\/03\/NEWSESTLYONNAIS-facede-halle-sports.jpg 1000w, https:\/\/newsestlyonnais.fr\/site\/wp-content\/uploads\/2017\/03\/NEWSESTLYONNAIS-facede-halle-sports-400x300.jpg 400w, https:\/\/newsestlyonnais.fr\/site\/wp-content\/uploads\/2017\/03\/NEWSESTLYONNAIS-facede-halle-sports-768x576.jpg 768w, https:\/\/newsestlyonnais.fr\/site\/wp-content\/uploads\/2017\/03\/NEWSESTLYONNAIS-facede-halle-sports-600x450.jpg 600w, https:\/\/newsestlyonnais.fr\/site\/wp-content\/uploads\/2017\/03\/NEWSESTLYONNAIS-facede-halle-sports-100x75.jpg 100w\" sizes=\"auto, (max-width: 1000px) 100vw, 1000px\" \/><\/p>\n","protected":false},"excerpt":{"rendered":"<p>Cinq mois apr\u00e8s le complexe tennistique d&rsquo;Azieu, c&rsquo;est un nouvel \u00e9quipement sportif qui va \u00eatre inaugur\u00e9 sur la commune. La nouvelle Halle des Sports, totalement r\u00e9nov\u00e9e ouvrira ses portes samedi 1\u00b0 avril d\u00e8s 15 heures 30. Au c\u0153ur du complexe sportif Marcel Gonzales, la Halle a fait peau neuve et offre d\u00e9sormais des conditions de [&hellip;]<\/p>\n","protected":false},"author":4,"featured_media":23467,"comment_status":"open","ping_status":"open","sticky":false,"template":"","format":"standard","meta":{"footnotes":""},"categories":[270,1598,172],"tags":[],"class_list":["post-23463","post","type-post","status-publish","format-standard","has-post-thumbnail","hentry","category-cte-de-communes-c-c-e-l","category-genas","category-travaux-amenagements"],"yoast_head":"<!-- This site is optimized with the Yoast SEO plugin v27.2 - https:\/\/yoast.com\/product\/yoast-seo-wordpress\/ -->\n<title>GENAS : Portes ouvertes samedi de la Halle des Sports totalement r\u00e9nov\u00e9e<\/title>\n<meta name=\"description\" content=\"GENAS : Portes ouvertes samedi de la Halle des Sports totalement r\u00e9nov\u00e9e\" \/>\n<meta name=\"robots\" content=\"index, follow, max-snippet:-1, max-image-preview:large, max-video-preview:-1\" \/>\n<link rel=\"canonical\" href=\"https:\/\/newsestlyonnais.fr\/site\/2017\/03\/27\/genas-portes-ouvertes-de-la-halle-des-sports-renovee\/\" \/>\n<meta property=\"og:locale\" content=\"fr_FR\" \/>\n<meta property=\"og:type\" content=\"article\" \/>\n<meta property=\"og:title\" content=\"GENAS : Portes ouvertes samedi de la Halle des Sports totalement r\u00e9nov\u00e9e\" \/>\n<meta property=\"og:description\" content=\"GENAS : Portes ouvertes samedi de la Halle des Sports totalement r\u00e9nov\u00e9e\" \/>\n<meta property=\"og:url\" content=\"https:\/\/newsestlyonnais.fr\/site\/2017\/03\/27\/genas-portes-ouvertes-de-la-halle-des-sports-renovee\/\" \/>\n<meta property=\"og:site_name\" content=\"News Est Lyonnais\" \/>\n<meta property=\"article:author\" content=\"https:\/\/www.facebook.com\/pascal.oberson.1?fref=ts\" \/>\n<meta property=\"article:published_time\" content=\"2017-03-27T14:08:01+00:00\" \/>\n<meta property=\"article:modified_time\" content=\"2020-11-17T10:46:07+00:00\" \/>\n<meta property=\"og:image\" content=\"https:\/\/i1.wp.com\/newsestlyonnais.fr\/site\/wp-content\/uploads\/2017\/03\/NEWSESTLYONNAIS-GENAS-HALLE-SPORTS.jpg?fit=1000%2C750&ssl=1\" \/>\n\t<meta property=\"og:image:width\" content=\"1000\" \/>\n\t<meta property=\"og:image:height\" content=\"750\" \/>\n\t<meta property=\"og:image:type\" content=\"image\/jpeg\" \/>\n<meta name=\"author\" content=\"R\u00e9dac. NEWS\" \/>\n<meta name=\"twitter:card\" content=\"summary_large_image\" \/>\n<meta name=\"twitter:label1\" content=\"\u00c9crit par\" \/>\n\t<meta name=\"twitter:data1\" content=\"R\u00e9dac. NEWS\" \/>\n\t<meta name=\"twitter:label2\" content=\"Dur\u00e9e de lecture estim\u00e9e\" \/>\n\t<meta name=\"twitter:data2\" content=\"2 minutes\" \/>\n<script type=\"application\/ld+json\" class=\"yoast-schema-graph\">{\"@context\":\"https:\/\/schema.org\",\"@graph\":[{\"@type\":\"Article\",\"@id\":\"https:\/\/newsestlyonnais.fr\/site\/2017\/03\/27\/genas-portes-ouvertes-de-la-halle-des-sports-renovee\/#article\",\"isPartOf\":{\"@id\":\"https:\/\/newsestlyonnais.fr\/site\/2017\/03\/27\/genas-portes-ouvertes-de-la-halle-des-sports-renovee\/\"},\"author\":{\"name\":\"R\u00e9dac. NEWS\",\"@id\":\"https:\/\/newsestlyonnais.fr\/site\/#\/schema\/person\/3230d5615f390bb808365d673001e887\"},\"headline\":\"GENAS | Portes ouvertes de la Halle des Sports r\u00e9nov\u00e9e\",\"datePublished\":\"2017-03-27T14:08:01+00:00\",\"dateModified\":\"2020-11-17T10:46:07+00:00\",\"mainEntityOfPage\":{\"@id\":\"https:\/\/newsestlyonnais.fr\/site\/2017\/03\/27\/genas-portes-ouvertes-de-la-halle-des-sports-renovee\/\"},\"wordCount\":456,\"commentCount\":0,\"publisher\":{\"@id\":\"https:\/\/newsestlyonnais.fr\/site\/#organization\"},\"image\":{\"@id\":\"https:\/\/newsestlyonnais.fr\/site\/2017\/03\/27\/genas-portes-ouvertes-de-la-halle-des-sports-renovee\/#primaryimage\"},\"thumbnailUrl\":\"https:\/\/newsestlyonnais.fr\/site\/wp-content\/uploads\/2017\/03\/NEWSESTLYONNAIS-GENAS-HALLE-SPORTS.jpg\",\"articleSection\":[\"CCEL | Communes\",\"Genas\",\"Travaux | Am\u00e9nagements\"],\"inLanguage\":\"fr-FR\",\"potentialAction\":[{\"@type\":\"CommentAction\",\"name\":\"Comment\",\"target\":[\"https:\/\/newsestlyonnais.fr\/site\/2017\/03\/27\/genas-portes-ouvertes-de-la-halle-des-sports-renovee\/#respond\"]}]},{\"@type\":\"WebPage\",\"@id\":\"https:\/\/newsestlyonnais.fr\/site\/2017\/03\/27\/genas-portes-ouvertes-de-la-halle-des-sports-renovee\/\",\"url\":\"https:\/\/newsestlyonnais.fr\/site\/2017\/03\/27\/genas-portes-ouvertes-de-la-halle-des-sports-renovee\/\",\"name\":\"GENAS : Portes ouvertes samedi de la Halle des Sports totalement r\u00e9nov\u00e9e\",\"isPartOf\":{\"@id\":\"https:\/\/newsestlyonnais.fr\/site\/#website\"},\"primaryImageOfPage\":{\"@id\":\"https:\/\/newsestlyonnais.fr\/site\/2017\/03\/27\/genas-portes-ouvertes-de-la-halle-des-sports-renovee\/#primaryimage\"},\"image\":{\"@id\":\"https:\/\/newsestlyonnais.fr\/site\/2017\/03\/27\/genas-portes-ouvertes-de-la-halle-des-sports-renovee\/#primaryimage\"},\"thumbnailUrl\":\"https:\/\/newsestlyonnais.fr\/site\/wp-content\/uploads\/2017\/03\/NEWSESTLYONNAIS-GENAS-HALLE-SPORTS.jpg\",\"datePublished\":\"2017-03-27T14:08:01+00:00\",\"dateModified\":\"2020-11-17T10:46:07+00:00\",\"description\":\"GENAS : Portes ouvertes samedi de la Halle des Sports totalement r\u00e9nov\u00e9e\",\"breadcrumb\":{\"@id\":\"https:\/\/newsestlyonnais.fr\/site\/2017\/03\/27\/genas-portes-ouvertes-de-la-halle-des-sports-renovee\/#breadcrumb\"},\"inLanguage\":\"fr-FR\",\"potentialAction\":[{\"@type\":\"ReadAction\",\"target\":[\"https:\/\/newsestlyonnais.fr\/site\/2017\/03\/27\/genas-portes-ouvertes-de-la-halle-des-sports-renovee\/\"]}]},{\"@type\":\"ImageObject\",\"inLanguage\":\"fr-FR\",\"@id\":\"https:\/\/newsestlyonnais.fr\/site\/2017\/03\/27\/genas-portes-ouvertes-de-la-halle-des-sports-renovee\/#primaryimage\",\"url\":\"https:\/\/newsestlyonnais.fr\/site\/wp-content\/uploads\/2017\/03\/NEWSESTLYONNAIS-GENAS-HALLE-SPORTS.jpg\",\"contentUrl\":\"https:\/\/newsestlyonnais.fr\/site\/wp-content\/uploads\/2017\/03\/NEWSESTLYONNAIS-GENAS-HALLE-SPORTS.jpg\",\"width\":1000,\"height\":750,\"caption\":\"NEWSESTLYONNAIS GENAS HALLE SPORTS\"},{\"@type\":\"BreadcrumbList\",\"@id\":\"https:\/\/newsestlyonnais.fr\/site\/2017\/03\/27\/genas-portes-ouvertes-de-la-halle-des-sports-renovee\/#breadcrumb\",\"itemListElement\":[{\"@type\":\"ListItem\",\"position\":1,\"name\":\"Accueil\",\"item\":\"https:\/\/newsestlyonnais.fr\/site\/\"},{\"@type\":\"ListItem\",\"position\":2,\"name\":\"GENAS | Portes ouvertes de la Halle des Sports r\u00e9nov\u00e9e\"}]},{\"@type\":\"WebSite\",\"@id\":\"https:\/\/newsestlyonnais.fr\/site\/#website\",\"url\":\"https:\/\/newsestlyonnais.fr\/site\/\",\"name\":\"News Est Lyonnais\",\"description\":\"L&#039;actualit\u00e9 au plus pr\u00e8s\",\"publisher\":{\"@id\":\"https:\/\/newsestlyonnais.fr\/site\/#organization\"},\"potentialAction\":[{\"@type\":\"SearchAction\",\"target\":{\"@type\":\"EntryPoint\",\"urlTemplate\":\"https:\/\/newsestlyonnais.fr\/site\/?s={search_term_string}\"},\"query-input\":{\"@type\":\"PropertyValueSpecification\",\"valueRequired\":true,\"valueName\":\"search_term_string\"}}],\"inLanguage\":\"fr-FR\"},{\"@type\":\"Organization\",\"@id\":\"https:\/\/newsestlyonnais.fr\/site\/#organization\",\"name\":\"News EST LYONNAIS\",\"url\":\"https:\/\/newsestlyonnais.fr\/site\/\",\"logo\":{\"@type\":\"ImageObject\",\"inLanguage\":\"fr-FR\",\"@id\":\"https:\/\/newsestlyonnais.fr\/site\/#\/schema\/logo\/image\/\",\"url\":\"\",\"contentUrl\":\"\",\"caption\":\"News EST LYONNAIS\"},\"image\":{\"@id\":\"https:\/\/newsestlyonnais.fr\/site\/#\/schema\/logo\/image\/\"}},{\"@type\":\"Person\",\"@id\":\"https:\/\/newsestlyonnais.fr\/site\/#\/schema\/person\/3230d5615f390bb808365d673001e887\",\"name\":\"R\u00e9dac. NEWS\",\"sameAs\":[\"http:\/\/www.newsestlyonnais.fr\",\"https:\/\/www.facebook.com\/pascal.oberson.1?fref=ts\",\"https:\/\/fr.linkedin.com\/in\/pascal-oberson-b17045113\"],\"url\":\"https:\/\/newsestlyonnais.fr\/site\/author\/nel\/\"}]}<\/script>\n<!-- \/ Yoast SEO plugin. -->","yoast_head_json":{"title":"GENAS : Portes ouvertes samedi de la Halle des Sports totalement r\u00e9nov\u00e9e","description":"GENAS : Portes ouvertes samedi de la Halle des Sports totalement r\u00e9nov\u00e9e","robots":{"index":"index","follow":"follow","max-snippet":"max-snippet:-1","max-image-preview":"max-image-preview:large","max-video-preview":"max-video-preview:-1"},"canonical":"https:\/\/newsestlyonnais.fr\/site\/2017\/03\/27\/genas-portes-ouvertes-de-la-halle-des-sports-renovee\/","og_locale":"fr_FR","og_type":"article","og_title":"GENAS : Portes ouvertes samedi de la Halle des Sports totalement r\u00e9nov\u00e9e","og_description":"GENAS : Portes ouvertes samedi de la Halle des Sports totalement r\u00e9nov\u00e9e","og_url":"https:\/\/newsestlyonnais.fr\/site\/2017\/03\/27\/genas-portes-ouvertes-de-la-halle-des-sports-renovee\/","og_site_name":"News Est Lyonnais","article_author":"https:\/\/www.facebook.com\/pascal.oberson.1?fref=ts","article_published_time":"2017-03-27T14:08:01+00:00","article_modified_time":"2020-11-17T10:46:07+00:00","og_image":[{"width":1000,"height":750,"url":"https:\/\/i1.wp.com\/newsestlyonnais.fr\/site\/wp-content\/uploads\/2017\/03\/NEWSESTLYONNAIS-GENAS-HALLE-SPORTS.jpg?fit=1000%2C750&ssl=1","type":"image\/jpeg"}],"author":"R\u00e9dac. NEWS","twitter_card":"summary_large_image","twitter_misc":{"\u00c9crit par":"R\u00e9dac. NEWS","Dur\u00e9e de lecture estim\u00e9e":"2 minutes"},"schema":{"@context":"https:\/\/schema.org","@graph":[{"@type":"Article","@id":"https:\/\/newsestlyonnais.fr\/site\/2017\/03\/27\/genas-portes-ouvertes-de-la-halle-des-sports-renovee\/#article","isPartOf":{"@id":"https:\/\/newsestlyonnais.fr\/site\/2017\/03\/27\/genas-portes-ouvertes-de-la-halle-des-sports-renovee\/"},"author":{"name":"R\u00e9dac. NEWS","@id":"https:\/\/newsestlyonnais.fr\/site\/#\/schema\/person\/3230d5615f390bb808365d673001e887"},"headline":"GENAS | Portes ouvertes de la Halle des Sports r\u00e9nov\u00e9e","datePublished":"2017-03-27T14:08:01+00:00","dateModified":"2020-11-17T10:46:07+00:00","mainEntityOfPage":{"@id":"https:\/\/newsestlyonnais.fr\/site\/2017\/03\/27\/genas-portes-ouvertes-de-la-halle-des-sports-renovee\/"},"wordCount":456,"commentCount":0,"publisher":{"@id":"https:\/\/newsestlyonnais.fr\/site\/#organization"},"image":{"@id":"https:\/\/newsestlyonnais.fr\/site\/2017\/03\/27\/genas-portes-ouvertes-de-la-halle-des-sports-renovee\/#primaryimage"},"thumbnailUrl":"https:\/\/newsestlyonnais.fr\/site\/wp-content\/uploads\/2017\/03\/NEWSESTLYONNAIS-GENAS-HALLE-SPORTS.jpg","articleSection":["CCEL | Communes","Genas","Travaux | Am\u00e9nagements"],"inLanguage":"fr-FR","potentialAction":[{"@type":"CommentAction","name":"Comment","target":["https:\/\/newsestlyonnais.fr\/site\/2017\/03\/27\/genas-portes-ouvertes-de-la-halle-des-sports-renovee\/#respond"]}]},{"@type":"WebPage","@id":"https:\/\/newsestlyonnais.fr\/site\/2017\/03\/27\/genas-portes-ouvertes-de-la-halle-des-sports-renovee\/","url":"https:\/\/newsestlyonnais.fr\/site\/2017\/03\/27\/genas-portes-ouvertes-de-la-halle-des-sports-renovee\/","name":"GENAS : Portes ouvertes samedi de la Halle des Sports totalement r\u00e9nov\u00e9e","isPartOf":{"@id":"https:\/\/newsestlyonnais.fr\/site\/#website"},"primaryImageOfPage":{"@id":"https:\/\/newsestlyonnais.fr\/site\/2017\/03\/27\/genas-portes-ouvertes-de-la-halle-des-sports-renovee\/#primaryimage"},"image":{"@id":"https:\/\/newsestlyonnais.fr\/site\/2017\/03\/27\/genas-portes-ouvertes-de-la-halle-des-sports-renovee\/#primaryimage"},"thumbnailUrl":"https:\/\/newsestlyonnais.fr\/site\/wp-content\/uploads\/2017\/03\/NEWSESTLYONNAIS-GENAS-HALLE-SPORTS.jpg","datePublished":"2017-03-27T14:08:01+00:00","dateModified":"2020-11-17T10:46:07+00:00","description":"GENAS : Portes ouvertes samedi de la Halle des Sports totalement r\u00e9nov\u00e9e","breadcrumb":{"@id":"https:\/\/newsestlyonnais.fr\/site\/2017\/03\/27\/genas-portes-ouvertes-de-la-halle-des-sports-renovee\/#breadcrumb"},"inLanguage":"fr-FR","potentialAction":[{"@type":"ReadAction","target":["https:\/\/newsestlyonnais.fr\/site\/2017\/03\/27\/genas-portes-ouvertes-de-la-halle-des-sports-renovee\/"]}]},{"@type":"ImageObject","inLanguage":"fr-FR","@id":"https:\/\/newsestlyonnais.fr\/site\/2017\/03\/27\/genas-portes-ouvertes-de-la-halle-des-sports-renovee\/#primaryimage","url":"https:\/\/newsestlyonnais.fr\/site\/wp-content\/uploads\/2017\/03\/NEWSESTLYONNAIS-GENAS-HALLE-SPORTS.jpg","contentUrl":"https:\/\/newsestlyonnais.fr\/site\/wp-content\/uploads\/2017\/03\/NEWSESTLYONNAIS-GENAS-HALLE-SPORTS.jpg","width":1000,"height":750,"caption":"NEWSESTLYONNAIS GENAS HALLE SPORTS"},{"@type":"BreadcrumbList","@id":"https:\/\/newsestlyonnais.fr\/site\/2017\/03\/27\/genas-portes-ouvertes-de-la-halle-des-sports-renovee\/#breadcrumb","itemListElement":[{"@type":"ListItem","position":1,"name":"Accueil","item":"https:\/\/newsestlyonnais.fr\/site\/"},{"@type":"ListItem","position":2,"name":"GENAS | Portes ouvertes de la Halle des Sports r\u00e9nov\u00e9e"}]},{"@type":"WebSite","@id":"https:\/\/newsestlyonnais.fr\/site\/#website","url":"https:\/\/newsestlyonnais.fr\/site\/","name":"News Est Lyonnais","description":"L&#039;actualit\u00e9 au plus pr\u00e8s","publisher":{"@id":"https:\/\/newsestlyonnais.fr\/site\/#organization"},"potentialAction":[{"@type":"SearchAction","target":{"@type":"EntryPoint","urlTemplate":"https:\/\/newsestlyonnais.fr\/site\/?s={search_term_string}"},"query-input":{"@type":"PropertyValueSpecification","valueRequired":true,"valueName":"search_term_string"}}],"inLanguage":"fr-FR"},{"@type":"Organization","@id":"https:\/\/newsestlyonnais.fr\/site\/#organization","name":"News EST LYONNAIS","url":"https:\/\/newsestlyonnais.fr\/site\/","logo":{"@type":"ImageObject","inLanguage":"fr-FR","@id":"https:\/\/newsestlyonnais.fr\/site\/#\/schema\/logo\/image\/","url":"","contentUrl":"","caption":"News EST LYONNAIS"},"image":{"@id":"https:\/\/newsestlyonnais.fr\/site\/#\/schema\/logo\/image\/"}},{"@type":"Person","@id":"https:\/\/newsestlyonnais.fr\/site\/#\/schema\/person\/3230d5615f390bb808365d673001e887","name":"R\u00e9dac. NEWS","sameAs":["http:\/\/www.newsestlyonnais.fr","https:\/\/www.facebook.com\/pascal.oberson.1?fref=ts","https:\/\/fr.linkedin.com\/in\/pascal-oberson-b17045113"],"url":"https:\/\/newsestlyonnais.fr\/site\/author\/nel\/"}]}},"_links":{"self":[{"href":"https:\/\/newsestlyonnais.fr\/site\/wp-json\/wp\/v2\/posts\/23463","targetHints":{"allow":["GET"]}}],"collection":[{"href":"https:\/\/newsestlyonnais.fr\/site\/wp-json\/wp\/v2\/posts"}],"about":[{"href":"https:\/\/newsestlyonnais.fr\/site\/wp-json\/wp\/v2\/types\/post"}],"author":[{"embeddable":true,"href":"https:\/\/newsestlyonnais.fr\/site\/wp-json\/wp\/v2\/users\/4"}],"replies":[{"embeddable":true,"href":"https:\/\/newsestlyonnais.fr\/site\/wp-json\/wp\/v2\/comments?post=23463"}],"version-history":[{"count":0,"href":"https:\/\/newsestlyonnais.fr\/site\/wp-json\/wp\/v2\/posts\/23463\/revisions"}],"wp:featuredmedia":[{"embeddable":true,"href":"https:\/\/newsestlyonnais.fr\/site\/wp-json\/wp\/v2\/media\/23467"}],"wp:attachment":[{"href":"https:\/\/newsestlyonnais.fr\/site\/wp-json\/wp\/v2\/media?parent=23463"}],"wp:term":[{"taxonomy":"category","embeddable":true,"href":"https:\/\/newsestlyonnais.fr\/site\/wp-json\/wp\/v2\/categories?post=23463"},{"taxonomy":"post_tag","embeddable":true,"href":"https:\/\/newsestlyonnais.fr\/site\/wp-json\/wp\/v2\/tags?post=23463"}],"curies":[{"name":"wp","href":"https:\/\/api.w.org\/{rel}","templated":true}]}}