{"id":23504,"date":"2017-03-27T16:17:43","date_gmt":"2017-03-27T15:17:43","guid":{"rendered":"http:\/\/newsestlyonnais.fr\/site\/?p=23504"},"modified":"2020-10-24T14:54:00","modified_gmt":"2020-10-24T13:54:00","slug":"bron-disparition-du-pilote-moto-adrien-protat-declaration-du-maire-jm-longueval","status":"publish","type":"post","link":"https:\/\/newsestlyonnais.fr\/site\/2017\/03\/27\/bron-disparition-du-pilote-moto-adrien-protat-declaration-du-maire-jm-longueval\/","title":{"rendered":"BRON | Disparition du pilote moto Adrien Protat > d\u00e9claration du maire JM Longueval"},"content":{"rendered":"<h4>\u00ab C\u2019est avec une grande tristesse et une profonde \u00e9motion que nous avons appris la disparition du pilote de moto Adrien Protat, qui a trouv\u00e9 la mort hier sur le circuit Bugatti du Mans, lors du championnat de France Superbike.<\/h4>\n<p>Adrien Protat \u00e9tait un jeune homme de 27 ans, un jeune champion de l\u2019\u00e9quipe FP Racing, d\u00e9j\u00e0 reconnu et prometteur, s\u2019illustrant d\u00e9j\u00e0 en 2010 sur les circuits fran\u00e7ais, r\u00e9alisant de belles performances. Il a ainsi particip\u00e9 \u00e0 des \u00e9preuves<br \/>\nde renom, \u00e0 Nogaro, notamment, sur le r\u00e9put\u00e9 difficile circuit Paul-Armagnac ou, encore, \u00e0 Carole, dans le nord de la France. Adrien \u00e9tait le fils de Fr\u00e9d\u00e9ric Protat, quatre fois champion de France de moto.<\/p>\n<p>En ce jour, je pense \u00e0 sa famille, ses parents et ses grands-parents, tr\u00e8s impliqu\u00e9s dans la vie brondillante. Au nom du Conseil municipal et de tous les Brondillants, je pr\u00e9sente mes condol\u00e9ances \u00e0 sa famille, \u00e0 ses proches et \u00e0 ses<br \/>\namis. C\u2019est toute notre ville qui est touch\u00e9e par cette disparition.<\/p>\n<p><strong>En sa m\u00e9moire et en solidarit\u00e9 avec sa famille, une minute de silence sera respect\u00e9e ce soir lors du Conseil municipal de Bron. \u00bb<\/strong><\/p>\n","protected":false},"excerpt":{"rendered":"<p>\u00ab C\u2019est avec une grande tristesse et une profonde \u00e9motion que nous avons appris la disparition du pilote de moto Adrien Protat, qui a trouv\u00e9 la mort hier sur le circuit Bugatti du Mans, lors du championnat de France Superbike. Adrien Protat \u00e9tait un jeune homme de 27 ans, un jeune champion de l\u2019\u00e9quipe FP [&hellip;]<\/p>\n","protected":false},"author":4,"featured_media":14003,"comment_status":"open","ping_status":"open","sticky":false,"template":"","format":"standard","meta":{"footnotes":""},"categories":[3009,19,2],"tags":[],"class_list":["post-23504","post","type-post","status-publish","format-standard","has-post-thumbnail","hentry","category-autos-motos","category-bron","category-sports"],"yoast_head":"<!-- This site is optimized with the Yoast SEO plugin v27.2 - https:\/\/yoast.com\/product\/yoast-seo-wordpress\/ -->\n<title>BRON: D\u00e9claration du maire JM Longueval suite \u00e0 la disparition du pilote de moto Adrien Protat<\/title>\n<meta name=\"description\" content=\"BRON: D\u00e9claration du maire JM Longueval suite \u00e0 la disparition du pilote de moto Adrien Protat\" \/>\n<meta name=\"robots\" content=\"index, follow, max-snippet:-1, max-image-preview:large, max-video-preview:-1\" \/>\n<link rel=\"canonical\" href=\"https:\/\/newsestlyonnais.fr\/site\/2017\/03\/27\/bron-disparition-du-pilote-moto-adrien-protat-declaration-du-maire-jm-longueval\/\" \/>\n<meta property=\"og:locale\" content=\"fr_FR\" \/>\n<meta property=\"og:type\" content=\"article\" \/>\n<meta property=\"og:title\" content=\"BRON: D\u00e9claration du maire JM Longueval suite \u00e0 la disparition du pilote de moto Adrien Protat\" \/>\n<meta property=\"og:description\" content=\"BRON: D\u00e9claration du maire JM Longueval suite \u00e0 la disparition du pilote de moto Adrien Protat\" \/>\n<meta property=\"og:url\" content=\"https:\/\/newsestlyonnais.fr\/site\/2017\/03\/27\/bron-disparition-du-pilote-moto-adrien-protat-declaration-du-maire-jm-longueval\/\" \/>\n<meta property=\"og:site_name\" content=\"News Est Lyonnais\" \/>\n<meta property=\"article:author\" content=\"https:\/\/www.facebook.com\/pascal.oberson.1?fref=ts\" \/>\n<meta property=\"article:published_time\" content=\"2017-03-27T15:17:43+00:00\" \/>\n<meta property=\"article:modified_time\" content=\"2020-10-24T13:54:00+00:00\" \/>\n<meta property=\"og:image\" content=\"https:\/\/i0.wp.com\/newsestlyonnais.fr\/site\/wp-content\/uploads\/2016\/10\/NEWSESTLYONNAIS-BIS-PANNEAUBRON.jpg?fit=1000%2C750&ssl=1\" \/>\n\t<meta property=\"og:image:width\" content=\"1000\" \/>\n\t<meta property=\"og:image:height\" content=\"750\" \/>\n\t<meta property=\"og:image:type\" content=\"image\/jpeg\" \/>\n<meta name=\"author\" content=\"R\u00e9dac. NEWS\" \/>\n<meta name=\"twitter:card\" content=\"summary_large_image\" \/>\n<meta name=\"twitter:label1\" content=\"\u00c9crit par\" \/>\n\t<meta name=\"twitter:data1\" content=\"R\u00e9dac. NEWS\" \/>\n\t<meta name=\"twitter:label2\" content=\"Dur\u00e9e de lecture estim\u00e9e\" \/>\n\t<meta name=\"twitter:data2\" content=\"1 minute\" \/>\n<script type=\"application\/ld+json\" class=\"yoast-schema-graph\">{\"@context\":\"https:\/\/schema.org\",\"@graph\":[{\"@type\":\"Article\",\"@id\":\"https:\/\/newsestlyonnais.fr\/site\/2017\/03\/27\/bron-disparition-du-pilote-moto-adrien-protat-declaration-du-maire-jm-longueval\/#article\",\"isPartOf\":{\"@id\":\"https:\/\/newsestlyonnais.fr\/site\/2017\/03\/27\/bron-disparition-du-pilote-moto-adrien-protat-declaration-du-maire-jm-longueval\/\"},\"author\":{\"name\":\"R\u00e9dac. NEWS\",\"@id\":\"https:\/\/newsestlyonnais.fr\/site\/#\/schema\/person\/3230d5615f390bb808365d673001e887\"},\"headline\":\"BRON | Disparition du pilote moto Adrien Protat > d\u00e9claration du maire JM Longueval\",\"datePublished\":\"2017-03-27T15:17:43+00:00\",\"dateModified\":\"2020-10-24T13:54:00+00:00\",\"mainEntityOfPage\":{\"@id\":\"https:\/\/newsestlyonnais.fr\/site\/2017\/03\/27\/bron-disparition-du-pilote-moto-adrien-protat-declaration-du-maire-jm-longueval\/\"},\"wordCount\":211,\"commentCount\":0,\"publisher\":{\"@id\":\"https:\/\/newsestlyonnais.fr\/site\/#organization\"},\"image\":{\"@id\":\"https:\/\/newsestlyonnais.fr\/site\/2017\/03\/27\/bron-disparition-du-pilote-moto-adrien-protat-declaration-du-maire-jm-longueval\/#primaryimage\"},\"thumbnailUrl\":\"https:\/\/newsestlyonnais.fr\/site\/wp-content\/uploads\/2016\/10\/NEWSESTLYONNAIS-BIS-PANNEAUBRON.jpg\",\"articleSection\":[\"Autos | Motos\",\"Bron\",\"Sports\"],\"inLanguage\":\"fr-FR\",\"potentialAction\":[{\"@type\":\"CommentAction\",\"name\":\"Comment\",\"target\":[\"https:\/\/newsestlyonnais.fr\/site\/2017\/03\/27\/bron-disparition-du-pilote-moto-adrien-protat-declaration-du-maire-jm-longueval\/#respond\"]}]},{\"@type\":\"WebPage\",\"@id\":\"https:\/\/newsestlyonnais.fr\/site\/2017\/03\/27\/bron-disparition-du-pilote-moto-adrien-protat-declaration-du-maire-jm-longueval\/\",\"url\":\"https:\/\/newsestlyonnais.fr\/site\/2017\/03\/27\/bron-disparition-du-pilote-moto-adrien-protat-declaration-du-maire-jm-longueval\/\",\"name\":\"BRON: D\u00e9claration du maire JM Longueval suite \u00e0 la disparition du pilote de moto Adrien Protat\",\"isPartOf\":{\"@id\":\"https:\/\/newsestlyonnais.fr\/site\/#website\"},\"primaryImageOfPage\":{\"@id\":\"https:\/\/newsestlyonnais.fr\/site\/2017\/03\/27\/bron-disparition-du-pilote-moto-adrien-protat-declaration-du-maire-jm-longueval\/#primaryimage\"},\"image\":{\"@id\":\"https:\/\/newsestlyonnais.fr\/site\/2017\/03\/27\/bron-disparition-du-pilote-moto-adrien-protat-declaration-du-maire-jm-longueval\/#primaryimage\"},\"thumbnailUrl\":\"https:\/\/newsestlyonnais.fr\/site\/wp-content\/uploads\/2016\/10\/NEWSESTLYONNAIS-BIS-PANNEAUBRON.jpg\",\"datePublished\":\"2017-03-27T15:17:43+00:00\",\"dateModified\":\"2020-10-24T13:54:00+00:00\",\"description\":\"BRON: D\u00e9claration du maire JM Longueval suite \u00e0 la disparition du pilote de moto Adrien Protat\",\"breadcrumb\":{\"@id\":\"https:\/\/newsestlyonnais.fr\/site\/2017\/03\/27\/bron-disparition-du-pilote-moto-adrien-protat-declaration-du-maire-jm-longueval\/#breadcrumb\"},\"inLanguage\":\"fr-FR\",\"potentialAction\":[{\"@type\":\"ReadAction\",\"target\":[\"https:\/\/newsestlyonnais.fr\/site\/2017\/03\/27\/bron-disparition-du-pilote-moto-adrien-protat-declaration-du-maire-jm-longueval\/\"]}]},{\"@type\":\"ImageObject\",\"inLanguage\":\"fr-FR\",\"@id\":\"https:\/\/newsestlyonnais.fr\/site\/2017\/03\/27\/bron-disparition-du-pilote-moto-adrien-protat-declaration-du-maire-jm-longueval\/#primaryimage\",\"url\":\"https:\/\/newsestlyonnais.fr\/site\/wp-content\/uploads\/2016\/10\/NEWSESTLYONNAIS-BIS-PANNEAUBRON.jpg\",\"contentUrl\":\"https:\/\/newsestlyonnais.fr\/site\/wp-content\/uploads\/2016\/10\/NEWSESTLYONNAIS-BIS-PANNEAUBRON.jpg\",\"width\":1000,\"height\":750,\"caption\":\"newsestlyonnais-bis-panneau bron\"},{\"@type\":\"BreadcrumbList\",\"@id\":\"https:\/\/newsestlyonnais.fr\/site\/2017\/03\/27\/bron-disparition-du-pilote-moto-adrien-protat-declaration-du-maire-jm-longueval\/#breadcrumb\",\"itemListElement\":[{\"@type\":\"ListItem\",\"position\":1,\"name\":\"Accueil\",\"item\":\"https:\/\/newsestlyonnais.fr\/site\/\"},{\"@type\":\"ListItem\",\"position\":2,\"name\":\"BRON | Disparition du pilote moto Adrien Protat > d\u00e9claration du maire JM Longueval\"}]},{\"@type\":\"WebSite\",\"@id\":\"https:\/\/newsestlyonnais.fr\/site\/#website\",\"url\":\"https:\/\/newsestlyonnais.fr\/site\/\",\"name\":\"News Est Lyonnais\",\"description\":\"L&#039;actualit\u00e9 au plus pr\u00e8s\",\"publisher\":{\"@id\":\"https:\/\/newsestlyonnais.fr\/site\/#organization\"},\"potentialAction\":[{\"@type\":\"SearchAction\",\"target\":{\"@type\":\"EntryPoint\",\"urlTemplate\":\"https:\/\/newsestlyonnais.fr\/site\/?s={search_term_string}\"},\"query-input\":{\"@type\":\"PropertyValueSpecification\",\"valueRequired\":true,\"valueName\":\"search_term_string\"}}],\"inLanguage\":\"fr-FR\"},{\"@type\":\"Organization\",\"@id\":\"https:\/\/newsestlyonnais.fr\/site\/#organization\",\"name\":\"News EST LYONNAIS\",\"url\":\"https:\/\/newsestlyonnais.fr\/site\/\",\"logo\":{\"@type\":\"ImageObject\",\"inLanguage\":\"fr-FR\",\"@id\":\"https:\/\/newsestlyonnais.fr\/site\/#\/schema\/logo\/image\/\",\"url\":\"\",\"contentUrl\":\"\",\"caption\":\"News EST LYONNAIS\"},\"image\":{\"@id\":\"https:\/\/newsestlyonnais.fr\/site\/#\/schema\/logo\/image\/\"}},{\"@type\":\"Person\",\"@id\":\"https:\/\/newsestlyonnais.fr\/site\/#\/schema\/person\/3230d5615f390bb808365d673001e887\",\"name\":\"R\u00e9dac. NEWS\",\"sameAs\":[\"http:\/\/www.newsestlyonnais.fr\",\"https:\/\/www.facebook.com\/pascal.oberson.1?fref=ts\",\"https:\/\/fr.linkedin.com\/in\/pascal-oberson-b17045113\"],\"url\":\"https:\/\/newsestlyonnais.fr\/site\/author\/nel\/\"}]}<\/script>\n<!-- \/ Yoast SEO plugin. -->","yoast_head_json":{"title":"BRON: D\u00e9claration du maire JM Longueval suite \u00e0 la disparition du pilote de moto Adrien Protat","description":"BRON: D\u00e9claration du maire JM Longueval suite \u00e0 la disparition du pilote de moto Adrien Protat","robots":{"index":"index","follow":"follow","max-snippet":"max-snippet:-1","max-image-preview":"max-image-preview:large","max-video-preview":"max-video-preview:-1"},"canonical":"https:\/\/newsestlyonnais.fr\/site\/2017\/03\/27\/bron-disparition-du-pilote-moto-adrien-protat-declaration-du-maire-jm-longueval\/","og_locale":"fr_FR","og_type":"article","og_title":"BRON: D\u00e9claration du maire JM Longueval suite \u00e0 la disparition du pilote de moto Adrien Protat","og_description":"BRON: D\u00e9claration du maire JM Longueval suite \u00e0 la disparition du pilote de moto Adrien Protat","og_url":"https:\/\/newsestlyonnais.fr\/site\/2017\/03\/27\/bron-disparition-du-pilote-moto-adrien-protat-declaration-du-maire-jm-longueval\/","og_site_name":"News Est Lyonnais","article_author":"https:\/\/www.facebook.com\/pascal.oberson.1?fref=ts","article_published_time":"2017-03-27T15:17:43+00:00","article_modified_time":"2020-10-24T13:54:00+00:00","og_image":[{"width":1000,"height":750,"url":"https:\/\/i0.wp.com\/newsestlyonnais.fr\/site\/wp-content\/uploads\/2016\/10\/NEWSESTLYONNAIS-BIS-PANNEAUBRON.jpg?fit=1000%2C750&ssl=1","type":"image\/jpeg"}],"author":"R\u00e9dac. NEWS","twitter_card":"summary_large_image","twitter_misc":{"\u00c9crit par":"R\u00e9dac. NEWS","Dur\u00e9e de lecture estim\u00e9e":"1 minute"},"schema":{"@context":"https:\/\/schema.org","@graph":[{"@type":"Article","@id":"https:\/\/newsestlyonnais.fr\/site\/2017\/03\/27\/bron-disparition-du-pilote-moto-adrien-protat-declaration-du-maire-jm-longueval\/#article","isPartOf":{"@id":"https:\/\/newsestlyonnais.fr\/site\/2017\/03\/27\/bron-disparition-du-pilote-moto-adrien-protat-declaration-du-maire-jm-longueval\/"},"author":{"name":"R\u00e9dac. NEWS","@id":"https:\/\/newsestlyonnais.fr\/site\/#\/schema\/person\/3230d5615f390bb808365d673001e887"},"headline":"BRON | Disparition du pilote moto Adrien Protat > d\u00e9claration du maire JM Longueval","datePublished":"2017-03-27T15:17:43+00:00","dateModified":"2020-10-24T13:54:00+00:00","mainEntityOfPage":{"@id":"https:\/\/newsestlyonnais.fr\/site\/2017\/03\/27\/bron-disparition-du-pilote-moto-adrien-protat-declaration-du-maire-jm-longueval\/"},"wordCount":211,"commentCount":0,"publisher":{"@id":"https:\/\/newsestlyonnais.fr\/site\/#organization"},"image":{"@id":"https:\/\/newsestlyonnais.fr\/site\/2017\/03\/27\/bron-disparition-du-pilote-moto-adrien-protat-declaration-du-maire-jm-longueval\/#primaryimage"},"thumbnailUrl":"https:\/\/newsestlyonnais.fr\/site\/wp-content\/uploads\/2016\/10\/NEWSESTLYONNAIS-BIS-PANNEAUBRON.jpg","articleSection":["Autos | Motos","Bron","Sports"],"inLanguage":"fr-FR","potentialAction":[{"@type":"CommentAction","name":"Comment","target":["https:\/\/newsestlyonnais.fr\/site\/2017\/03\/27\/bron-disparition-du-pilote-moto-adrien-protat-declaration-du-maire-jm-longueval\/#respond"]}]},{"@type":"WebPage","@id":"https:\/\/newsestlyonnais.fr\/site\/2017\/03\/27\/bron-disparition-du-pilote-moto-adrien-protat-declaration-du-maire-jm-longueval\/","url":"https:\/\/newsestlyonnais.fr\/site\/2017\/03\/27\/bron-disparition-du-pilote-moto-adrien-protat-declaration-du-maire-jm-longueval\/","name":"BRON: D\u00e9claration du maire JM Longueval suite \u00e0 la disparition du pilote de moto Adrien Protat","isPartOf":{"@id":"https:\/\/newsestlyonnais.fr\/site\/#website"},"primaryImageOfPage":{"@id":"https:\/\/newsestlyonnais.fr\/site\/2017\/03\/27\/bron-disparition-du-pilote-moto-adrien-protat-declaration-du-maire-jm-longueval\/#primaryimage"},"image":{"@id":"https:\/\/newsestlyonnais.fr\/site\/2017\/03\/27\/bron-disparition-du-pilote-moto-adrien-protat-declaration-du-maire-jm-longueval\/#primaryimage"},"thumbnailUrl":"https:\/\/newsestlyonnais.fr\/site\/wp-content\/uploads\/2016\/10\/NEWSESTLYONNAIS-BIS-PANNEAUBRON.jpg","datePublished":"2017-03-27T15:17:43+00:00","dateModified":"2020-10-24T13:54:00+00:00","description":"BRON: D\u00e9claration du maire JM Longueval suite \u00e0 la disparition du pilote de moto Adrien Protat","breadcrumb":{"@id":"https:\/\/newsestlyonnais.fr\/site\/2017\/03\/27\/bron-disparition-du-pilote-moto-adrien-protat-declaration-du-maire-jm-longueval\/#breadcrumb"},"inLanguage":"fr-FR","potentialAction":[{"@type":"ReadAction","target":["https:\/\/newsestlyonnais.fr\/site\/2017\/03\/27\/bron-disparition-du-pilote-moto-adrien-protat-declaration-du-maire-jm-longueval\/"]}]},{"@type":"ImageObject","inLanguage":"fr-FR","@id":"https:\/\/newsestlyonnais.fr\/site\/2017\/03\/27\/bron-disparition-du-pilote-moto-adrien-protat-declaration-du-maire-jm-longueval\/#primaryimage","url":"https:\/\/newsestlyonnais.fr\/site\/wp-content\/uploads\/2016\/10\/NEWSESTLYONNAIS-BIS-PANNEAUBRON.jpg","contentUrl":"https:\/\/newsestlyonnais.fr\/site\/wp-content\/uploads\/2016\/10\/NEWSESTLYONNAIS-BIS-PANNEAUBRON.jpg","width":1000,"height":750,"caption":"newsestlyonnais-bis-panneau bron"},{"@type":"BreadcrumbList","@id":"https:\/\/newsestlyonnais.fr\/site\/2017\/03\/27\/bron-disparition-du-pilote-moto-adrien-protat-declaration-du-maire-jm-longueval\/#breadcrumb","itemListElement":[{"@type":"ListItem","position":1,"name":"Accueil","item":"https:\/\/newsestlyonnais.fr\/site\/"},{"@type":"ListItem","position":2,"name":"BRON | Disparition du pilote moto Adrien Protat > d\u00e9claration du maire JM Longueval"}]},{"@type":"WebSite","@id":"https:\/\/newsestlyonnais.fr\/site\/#website","url":"https:\/\/newsestlyonnais.fr\/site\/","name":"News Est Lyonnais","description":"L&#039;actualit\u00e9 au plus pr\u00e8s","publisher":{"@id":"https:\/\/newsestlyonnais.fr\/site\/#organization"},"potentialAction":[{"@type":"SearchAction","target":{"@type":"EntryPoint","urlTemplate":"https:\/\/newsestlyonnais.fr\/site\/?s={search_term_string}"},"query-input":{"@type":"PropertyValueSpecification","valueRequired":true,"valueName":"search_term_string"}}],"inLanguage":"fr-FR"},{"@type":"Organization","@id":"https:\/\/newsestlyonnais.fr\/site\/#organization","name":"News EST LYONNAIS","url":"https:\/\/newsestlyonnais.fr\/site\/","logo":{"@type":"ImageObject","inLanguage":"fr-FR","@id":"https:\/\/newsestlyonnais.fr\/site\/#\/schema\/logo\/image\/","url":"","contentUrl":"","caption":"News EST LYONNAIS"},"image":{"@id":"https:\/\/newsestlyonnais.fr\/site\/#\/schema\/logo\/image\/"}},{"@type":"Person","@id":"https:\/\/newsestlyonnais.fr\/site\/#\/schema\/person\/3230d5615f390bb808365d673001e887","name":"R\u00e9dac. NEWS","sameAs":["http:\/\/www.newsestlyonnais.fr","https:\/\/www.facebook.com\/pascal.oberson.1?fref=ts","https:\/\/fr.linkedin.com\/in\/pascal-oberson-b17045113"],"url":"https:\/\/newsestlyonnais.fr\/site\/author\/nel\/"}]}},"_links":{"self":[{"href":"https:\/\/newsestlyonnais.fr\/site\/wp-json\/wp\/v2\/posts\/23504","targetHints":{"allow":["GET"]}}],"collection":[{"href":"https:\/\/newsestlyonnais.fr\/site\/wp-json\/wp\/v2\/posts"}],"about":[{"href":"https:\/\/newsestlyonnais.fr\/site\/wp-json\/wp\/v2\/types\/post"}],"author":[{"embeddable":true,"href":"https:\/\/newsestlyonnais.fr\/site\/wp-json\/wp\/v2\/users\/4"}],"replies":[{"embeddable":true,"href":"https:\/\/newsestlyonnais.fr\/site\/wp-json\/wp\/v2\/comments?post=23504"}],"version-history":[{"count":0,"href":"https:\/\/newsestlyonnais.fr\/site\/wp-json\/wp\/v2\/posts\/23504\/revisions"}],"wp:featuredmedia":[{"embeddable":true,"href":"https:\/\/newsestlyonnais.fr\/site\/wp-json\/wp\/v2\/media\/14003"}],"wp:attachment":[{"href":"https:\/\/newsestlyonnais.fr\/site\/wp-json\/wp\/v2\/media?parent=23504"}],"wp:term":[{"taxonomy":"category","embeddable":true,"href":"https:\/\/newsestlyonnais.fr\/site\/wp-json\/wp\/v2\/categories?post=23504"},{"taxonomy":"post_tag","embeddable":true,"href":"https:\/\/newsestlyonnais.fr\/site\/wp-json\/wp\/v2\/tags?post=23504"}],"curies":[{"name":"wp","href":"https:\/\/api.w.org\/{rel}","templated":true}]}}