{"id":23600,"date":"2017-03-29T13:04:30","date_gmt":"2017-03-29T12:04:30","guid":{"rendered":"http:\/\/newsestlyonnais.fr\/site\/?p=23600"},"modified":"2020-11-17T11:45:25","modified_gmt":"2020-11-17T10:45:25","slug":"vaulx-velin-lodyssee-vers-lemploi","status":"publish","type":"post","link":"https:\/\/newsestlyonnais.fr\/site\/2017\/03\/29\/vaulx-velin-lodyssee-vers-lemploi\/","title":{"rendered":"VAULX-EN-VELIN | \u00ab L\u2019Odyss\u00e9e vers l\u2019emploi \u00bb"},"content":{"rendered":"<p class=\"ox-3dde817274-MsoNormal\"><span class=\"content\"><b>Le CREPI* Lyon-Rh\u00f4ne en partenariat avec l&rsquo;ASUL Vaulx-en-Velin Handball, organise la 8\u00b0 \u00e9dition de l'\u00a0\u00bbODYSS\u00c9E DES CREPI\u00a0\u00bb, un \u00e9v\u00e8nement m\u00ealant sport et emploi pour recruter de fa\u00e7on innovante.<\/b><\/span><\/p>\n<p class=\"ox-3dde817274-MsoNormal\">Un \u00e9v\u00e9nement \u00ab\u00a0sport et emploi\u00a0\u00bb original ou \u00ab\u00a0comment le sport peut accompagner l\u2019insertion professionnelle\u00a0des jeunes demandeurs d\u2019emploi \u00bb.<\/p>\n<p class=\"ox-3dde817274-MsoNormal\"><span style=\"text-decoration: underline\"><em>NOTA : Lors de l&rsquo;\u00e9dition 2016, 40 % des participants ont pu trouver une solution professionnelle.<\/em><\/span><\/p>\n<p class=\"ox-3dde817274-MsoNormal\">\u00a0<b>\u00ab\u00a0L\u2019Odyss\u00e9e vers l\u2019emploi<\/b>\u00a0\u00bb, \u00a0<b>jeudi 30 mars de 14 h \u00e0 19 h au palais des sports\u00a0Jean Capi\u00e9vic.<\/b><\/p>\n<p class=\"ox-3dde817274-MsoNormal\"><b>Le p<\/b><strong>rogramme<\/strong>:<\/p>\n<ul>\n<li style=\"list-style-type: none\">\n<ul>\n<li class=\"ox-3dde817274-MsoListParagraph\"><strong>14 heures<\/strong>: C\u00e9r\u00e9monie d\u2019ouverture<\/li>\n<\/ul>\n<\/li>\n<\/ul>\n<ul>\n<li style=\"list-style-type: none\">\n<ul>\n<li class=\"ox-3dde817274-MsoListParagraph\"><strong>14 h 15\/15 h 45<\/strong>: Activit\u00e9s multisports (Hand, Boxe, Halt\u00e9ro) entre les demandeurs d\u2019emploi et les chefs d\u2019entreprises afin de \u00ab\u00a0casser les barri\u00e8res\u00a0\u00bb.<\/li>\n<\/ul>\n<\/li>\n<\/ul>\n<ul>\n<li style=\"list-style-type: none\">\n<ul>\n<li class=\"ox-3dde817274-MsoListParagraph\"><strong>16 h\/18 h<\/strong> : Entretiens d\u2019embauche, conseils<\/li>\n<\/ul>\n<\/li>\n<\/ul>\n<ul>\n<li class=\"ox-3dde817274-MsoListParagraph\"><strong>18 h\/19 h<\/strong>: Cocktail<\/li>\n<\/ul>\n<p><em><strong>CREPI (Clubs R\u00e9gionaux d&rsquo;Entreprises Partenaires de l&rsquo;Insertion). <a href=\"http:\/\/www.crepi.org\/fr\/nos-actions13.html\" target=\"_blank\" rel=\"noopener noreferrer\">http:\/\/www.crepi.org\/fr\/nos-actions13.html<\/a><br \/>\n<\/strong><\/em><\/p>\n","protected":false},"excerpt":{"rendered":"<p>Le CREPI* Lyon-Rh\u00f4ne en partenariat avec l&rsquo;ASUL Vaulx-en-Velin Handball, organise la 8\u00b0 \u00e9dition de l&rsquo;\u00a0\u00bbODYSS\u00c9E DES CREPI\u00a0\u00bb, un \u00e9v\u00e8nement m\u00ealant sport et emploi pour recruter de fa\u00e7on innovante. Un \u00e9v\u00e9nement \u00ab\u00a0sport et emploi\u00a0\u00bb original ou \u00ab\u00a0comment le sport peut accompagner l\u2019insertion professionnelle\u00a0des jeunes demandeurs d\u2019emploi \u00bb. NOTA : Lors de l&rsquo;\u00e9dition 2016, 40 % des [&hellip;]<\/p>\n","protected":false},"author":4,"featured_media":23611,"comment_status":"open","ping_status":"open","sticky":false,"template":"","format":"standard","meta":{"footnotes":""},"categories":[2975,10,1358,28],"tags":[],"class_list":["post-23600","post","type-post","status-publish","format-standard","has-post-thumbnail","hentry","category-basket-hand-volley-sports","category-emplois","category-hand","category-vaulx-en-velin"],"yoast_head":"<!-- This site is optimized with the Yoast SEO plugin v27.2 - https:\/\/yoast.com\/product\/yoast-seo-wordpress\/ -->\n<title>VAULX-EN-VELIN | \u00ab L\u2019Odyss\u00e9e vers l\u2019emploi \u00bb - News Est Lyonnais<\/title>\n<meta name=\"description\" content=\"\u00ab L\u2019Odyss\u00e9e vers l\u2019emploi \u00bb. Le CREPI* Lyon-Rh\u00f4ne en partenariat avec l&#039;ASUL Vaulx-en-Velin Handball, organise la 8\u00b0 \u00e9dition de l&#039;&quot;ODYSS\u00c9E DES CREPI&quot;,\" \/>\n<meta name=\"robots\" content=\"index, follow, max-snippet:-1, max-image-preview:large, max-video-preview:-1\" \/>\n<link rel=\"canonical\" href=\"https:\/\/newsestlyonnais.fr\/site\/2017\/03\/29\/vaulx-velin-lodyssee-vers-lemploi\/\" \/>\n<meta property=\"og:locale\" content=\"fr_FR\" \/>\n<meta property=\"og:type\" content=\"article\" \/>\n<meta property=\"og:title\" content=\"VAULX-EN-VELIN | \u00ab L\u2019Odyss\u00e9e vers l\u2019emploi \u00bb - News Est Lyonnais\" \/>\n<meta property=\"og:description\" content=\"\u00ab L\u2019Odyss\u00e9e vers l\u2019emploi \u00bb. Le CREPI* Lyon-Rh\u00f4ne en partenariat avec l&#039;ASUL Vaulx-en-Velin Handball, organise la 8\u00b0 \u00e9dition de l&#039;&quot;ODYSS\u00c9E DES CREPI&quot;,\" \/>\n<meta property=\"og:url\" content=\"https:\/\/newsestlyonnais.fr\/site\/2017\/03\/29\/vaulx-velin-lodyssee-vers-lemploi\/\" \/>\n<meta property=\"og:site_name\" content=\"News Est Lyonnais\" \/>\n<meta property=\"article:author\" content=\"https:\/\/www.facebook.com\/pascal.oberson.1?fref=ts\" \/>\n<meta property=\"article:published_time\" content=\"2017-03-29T12:04:30+00:00\" \/>\n<meta property=\"article:modified_time\" content=\"2020-11-17T10:45:25+00:00\" \/>\n<meta property=\"og:image\" content=\"https:\/\/i2.wp.com\/newsestlyonnais.fr\/site\/wp-content\/uploads\/2017\/03\/NEWSESTLYONNAIS-ANNONCE-ODYSSEE.jpg?fit=1000%2C750&ssl=1\" \/>\n\t<meta property=\"og:image:width\" content=\"1000\" \/>\n\t<meta property=\"og:image:height\" content=\"750\" \/>\n\t<meta property=\"og:image:type\" content=\"image\/jpeg\" \/>\n<meta name=\"author\" content=\"R\u00e9dac. NEWS\" \/>\n<meta name=\"twitter:card\" content=\"summary_large_image\" \/>\n<meta name=\"twitter:label1\" content=\"\u00c9crit par\" \/>\n\t<meta name=\"twitter:data1\" content=\"R\u00e9dac. NEWS\" \/>\n\t<meta name=\"twitter:label2\" content=\"Dur\u00e9e de lecture estim\u00e9e\" \/>\n\t<meta name=\"twitter:data2\" content=\"1 minute\" \/>\n<script type=\"application\/ld+json\" class=\"yoast-schema-graph\">{\"@context\":\"https:\/\/schema.org\",\"@graph\":[{\"@type\":\"Article\",\"@id\":\"https:\/\/newsestlyonnais.fr\/site\/2017\/03\/29\/vaulx-velin-lodyssee-vers-lemploi\/#article\",\"isPartOf\":{\"@id\":\"https:\/\/newsestlyonnais.fr\/site\/2017\/03\/29\/vaulx-velin-lodyssee-vers-lemploi\/\"},\"author\":{\"name\":\"R\u00e9dac. NEWS\",\"@id\":\"https:\/\/newsestlyonnais.fr\/site\/#\/schema\/person\/3230d5615f390bb808365d673001e887\"},\"headline\":\"VAULX-EN-VELIN | \u00ab L\u2019Odyss\u00e9e vers l\u2019emploi \u00bb\",\"datePublished\":\"2017-03-29T12:04:30+00:00\",\"dateModified\":\"2020-11-17T10:45:25+00:00\",\"mainEntityOfPage\":{\"@id\":\"https:\/\/newsestlyonnais.fr\/site\/2017\/03\/29\/vaulx-velin-lodyssee-vers-lemploi\/\"},\"wordCount\":153,\"commentCount\":0,\"publisher\":{\"@id\":\"https:\/\/newsestlyonnais.fr\/site\/#organization\"},\"image\":{\"@id\":\"https:\/\/newsestlyonnais.fr\/site\/2017\/03\/29\/vaulx-velin-lodyssee-vers-lemploi\/#primaryimage\"},\"thumbnailUrl\":\"https:\/\/newsestlyonnais.fr\/site\/wp-content\/uploads\/2017\/03\/NEWSESTLYONNAIS-ANNONCE-ODYSSEE.jpg\",\"articleSection\":[\"Basket | Hand | Volley\",\"Emplois\",\"Hand\",\"Vaulx-en-Velin\"],\"inLanguage\":\"fr-FR\",\"potentialAction\":[{\"@type\":\"CommentAction\",\"name\":\"Comment\",\"target\":[\"https:\/\/newsestlyonnais.fr\/site\/2017\/03\/29\/vaulx-velin-lodyssee-vers-lemploi\/#respond\"]}]},{\"@type\":\"WebPage\",\"@id\":\"https:\/\/newsestlyonnais.fr\/site\/2017\/03\/29\/vaulx-velin-lodyssee-vers-lemploi\/\",\"url\":\"https:\/\/newsestlyonnais.fr\/site\/2017\/03\/29\/vaulx-velin-lodyssee-vers-lemploi\/\",\"name\":\"VAULX-EN-VELIN | \u00ab L\u2019Odyss\u00e9e vers l\u2019emploi \u00bb - News Est Lyonnais\",\"isPartOf\":{\"@id\":\"https:\/\/newsestlyonnais.fr\/site\/#website\"},\"primaryImageOfPage\":{\"@id\":\"https:\/\/newsestlyonnais.fr\/site\/2017\/03\/29\/vaulx-velin-lodyssee-vers-lemploi\/#primaryimage\"},\"image\":{\"@id\":\"https:\/\/newsestlyonnais.fr\/site\/2017\/03\/29\/vaulx-velin-lodyssee-vers-lemploi\/#primaryimage\"},\"thumbnailUrl\":\"https:\/\/newsestlyonnais.fr\/site\/wp-content\/uploads\/2017\/03\/NEWSESTLYONNAIS-ANNONCE-ODYSSEE.jpg\",\"datePublished\":\"2017-03-29T12:04:30+00:00\",\"dateModified\":\"2020-11-17T10:45:25+00:00\",\"description\":\"\u00ab L\u2019Odyss\u00e9e vers l\u2019emploi \u00bb. Le CREPI* Lyon-Rh\u00f4ne en partenariat avec l'ASUL Vaulx-en-Velin Handball, organise la 8\u00b0 \u00e9dition de l'\\\"ODYSS\u00c9E DES CREPI\\\",\",\"breadcrumb\":{\"@id\":\"https:\/\/newsestlyonnais.fr\/site\/2017\/03\/29\/vaulx-velin-lodyssee-vers-lemploi\/#breadcrumb\"},\"inLanguage\":\"fr-FR\",\"potentialAction\":[{\"@type\":\"ReadAction\",\"target\":[\"https:\/\/newsestlyonnais.fr\/site\/2017\/03\/29\/vaulx-velin-lodyssee-vers-lemploi\/\"]}]},{\"@type\":\"ImageObject\",\"inLanguage\":\"fr-FR\",\"@id\":\"https:\/\/newsestlyonnais.fr\/site\/2017\/03\/29\/vaulx-velin-lodyssee-vers-lemploi\/#primaryimage\",\"url\":\"https:\/\/newsestlyonnais.fr\/site\/wp-content\/uploads\/2017\/03\/NEWSESTLYONNAIS-ANNONCE-ODYSSEE.jpg\",\"contentUrl\":\"https:\/\/newsestlyonnais.fr\/site\/wp-content\/uploads\/2017\/03\/NEWSESTLYONNAIS-ANNONCE-ODYSSEE.jpg\",\"width\":1000,\"height\":750,\"caption\":\"NEWSESTLYONNAIS ANNONCE ODYSSEE\"},{\"@type\":\"BreadcrumbList\",\"@id\":\"https:\/\/newsestlyonnais.fr\/site\/2017\/03\/29\/vaulx-velin-lodyssee-vers-lemploi\/#breadcrumb\",\"itemListElement\":[{\"@type\":\"ListItem\",\"position\":1,\"name\":\"Accueil\",\"item\":\"https:\/\/newsestlyonnais.fr\/site\/\"},{\"@type\":\"ListItem\",\"position\":2,\"name\":\"VAULX-EN-VELIN | \u00ab L\u2019Odyss\u00e9e vers l\u2019emploi \u00bb\"}]},{\"@type\":\"WebSite\",\"@id\":\"https:\/\/newsestlyonnais.fr\/site\/#website\",\"url\":\"https:\/\/newsestlyonnais.fr\/site\/\",\"name\":\"News Est Lyonnais\",\"description\":\"L&#039;actualit\u00e9 au plus pr\u00e8s\",\"publisher\":{\"@id\":\"https:\/\/newsestlyonnais.fr\/site\/#organization\"},\"potentialAction\":[{\"@type\":\"SearchAction\",\"target\":{\"@type\":\"EntryPoint\",\"urlTemplate\":\"https:\/\/newsestlyonnais.fr\/site\/?s={search_term_string}\"},\"query-input\":{\"@type\":\"PropertyValueSpecification\",\"valueRequired\":true,\"valueName\":\"search_term_string\"}}],\"inLanguage\":\"fr-FR\"},{\"@type\":\"Organization\",\"@id\":\"https:\/\/newsestlyonnais.fr\/site\/#organization\",\"name\":\"News EST LYONNAIS\",\"url\":\"https:\/\/newsestlyonnais.fr\/site\/\",\"logo\":{\"@type\":\"ImageObject\",\"inLanguage\":\"fr-FR\",\"@id\":\"https:\/\/newsestlyonnais.fr\/site\/#\/schema\/logo\/image\/\",\"url\":\"\",\"contentUrl\":\"\",\"caption\":\"News EST LYONNAIS\"},\"image\":{\"@id\":\"https:\/\/newsestlyonnais.fr\/site\/#\/schema\/logo\/image\/\"}},{\"@type\":\"Person\",\"@id\":\"https:\/\/newsestlyonnais.fr\/site\/#\/schema\/person\/3230d5615f390bb808365d673001e887\",\"name\":\"R\u00e9dac. NEWS\",\"sameAs\":[\"http:\/\/www.newsestlyonnais.fr\",\"https:\/\/www.facebook.com\/pascal.oberson.1?fref=ts\",\"https:\/\/fr.linkedin.com\/in\/pascal-oberson-b17045113\"],\"url\":\"https:\/\/newsestlyonnais.fr\/site\/author\/nel\/\"}]}<\/script>\n<!-- \/ Yoast SEO plugin. -->","yoast_head_json":{"title":"VAULX-EN-VELIN | \u00ab L\u2019Odyss\u00e9e vers l\u2019emploi \u00bb - News Est Lyonnais","description":"\u00ab L\u2019Odyss\u00e9e vers l\u2019emploi \u00bb. Le CREPI* Lyon-Rh\u00f4ne en partenariat avec l'ASUL Vaulx-en-Velin Handball, organise la 8\u00b0 \u00e9dition de l'\"ODYSS\u00c9E DES CREPI\",","robots":{"index":"index","follow":"follow","max-snippet":"max-snippet:-1","max-image-preview":"max-image-preview:large","max-video-preview":"max-video-preview:-1"},"canonical":"https:\/\/newsestlyonnais.fr\/site\/2017\/03\/29\/vaulx-velin-lodyssee-vers-lemploi\/","og_locale":"fr_FR","og_type":"article","og_title":"VAULX-EN-VELIN | \u00ab L\u2019Odyss\u00e9e vers l\u2019emploi \u00bb - News Est Lyonnais","og_description":"\u00ab L\u2019Odyss\u00e9e vers l\u2019emploi \u00bb. Le CREPI* Lyon-Rh\u00f4ne en partenariat avec l'ASUL Vaulx-en-Velin Handball, organise la 8\u00b0 \u00e9dition de l'\"ODYSS\u00c9E DES CREPI\",","og_url":"https:\/\/newsestlyonnais.fr\/site\/2017\/03\/29\/vaulx-velin-lodyssee-vers-lemploi\/","og_site_name":"News Est Lyonnais","article_author":"https:\/\/www.facebook.com\/pascal.oberson.1?fref=ts","article_published_time":"2017-03-29T12:04:30+00:00","article_modified_time":"2020-11-17T10:45:25+00:00","og_image":[{"width":1000,"height":750,"url":"https:\/\/i2.wp.com\/newsestlyonnais.fr\/site\/wp-content\/uploads\/2017\/03\/NEWSESTLYONNAIS-ANNONCE-ODYSSEE.jpg?fit=1000%2C750&ssl=1","type":"image\/jpeg"}],"author":"R\u00e9dac. NEWS","twitter_card":"summary_large_image","twitter_misc":{"\u00c9crit par":"R\u00e9dac. NEWS","Dur\u00e9e de lecture estim\u00e9e":"1 minute"},"schema":{"@context":"https:\/\/schema.org","@graph":[{"@type":"Article","@id":"https:\/\/newsestlyonnais.fr\/site\/2017\/03\/29\/vaulx-velin-lodyssee-vers-lemploi\/#article","isPartOf":{"@id":"https:\/\/newsestlyonnais.fr\/site\/2017\/03\/29\/vaulx-velin-lodyssee-vers-lemploi\/"},"author":{"name":"R\u00e9dac. NEWS","@id":"https:\/\/newsestlyonnais.fr\/site\/#\/schema\/person\/3230d5615f390bb808365d673001e887"},"headline":"VAULX-EN-VELIN | \u00ab L\u2019Odyss\u00e9e vers l\u2019emploi \u00bb","datePublished":"2017-03-29T12:04:30+00:00","dateModified":"2020-11-17T10:45:25+00:00","mainEntityOfPage":{"@id":"https:\/\/newsestlyonnais.fr\/site\/2017\/03\/29\/vaulx-velin-lodyssee-vers-lemploi\/"},"wordCount":153,"commentCount":0,"publisher":{"@id":"https:\/\/newsestlyonnais.fr\/site\/#organization"},"image":{"@id":"https:\/\/newsestlyonnais.fr\/site\/2017\/03\/29\/vaulx-velin-lodyssee-vers-lemploi\/#primaryimage"},"thumbnailUrl":"https:\/\/newsestlyonnais.fr\/site\/wp-content\/uploads\/2017\/03\/NEWSESTLYONNAIS-ANNONCE-ODYSSEE.jpg","articleSection":["Basket | Hand | Volley","Emplois","Hand","Vaulx-en-Velin"],"inLanguage":"fr-FR","potentialAction":[{"@type":"CommentAction","name":"Comment","target":["https:\/\/newsestlyonnais.fr\/site\/2017\/03\/29\/vaulx-velin-lodyssee-vers-lemploi\/#respond"]}]},{"@type":"WebPage","@id":"https:\/\/newsestlyonnais.fr\/site\/2017\/03\/29\/vaulx-velin-lodyssee-vers-lemploi\/","url":"https:\/\/newsestlyonnais.fr\/site\/2017\/03\/29\/vaulx-velin-lodyssee-vers-lemploi\/","name":"VAULX-EN-VELIN | \u00ab L\u2019Odyss\u00e9e vers l\u2019emploi \u00bb - News Est Lyonnais","isPartOf":{"@id":"https:\/\/newsestlyonnais.fr\/site\/#website"},"primaryImageOfPage":{"@id":"https:\/\/newsestlyonnais.fr\/site\/2017\/03\/29\/vaulx-velin-lodyssee-vers-lemploi\/#primaryimage"},"image":{"@id":"https:\/\/newsestlyonnais.fr\/site\/2017\/03\/29\/vaulx-velin-lodyssee-vers-lemploi\/#primaryimage"},"thumbnailUrl":"https:\/\/newsestlyonnais.fr\/site\/wp-content\/uploads\/2017\/03\/NEWSESTLYONNAIS-ANNONCE-ODYSSEE.jpg","datePublished":"2017-03-29T12:04:30+00:00","dateModified":"2020-11-17T10:45:25+00:00","description":"\u00ab L\u2019Odyss\u00e9e vers l\u2019emploi \u00bb. Le CREPI* Lyon-Rh\u00f4ne en partenariat avec l'ASUL Vaulx-en-Velin Handball, organise la 8\u00b0 \u00e9dition de l'\"ODYSS\u00c9E DES CREPI\",","breadcrumb":{"@id":"https:\/\/newsestlyonnais.fr\/site\/2017\/03\/29\/vaulx-velin-lodyssee-vers-lemploi\/#breadcrumb"},"inLanguage":"fr-FR","potentialAction":[{"@type":"ReadAction","target":["https:\/\/newsestlyonnais.fr\/site\/2017\/03\/29\/vaulx-velin-lodyssee-vers-lemploi\/"]}]},{"@type":"ImageObject","inLanguage":"fr-FR","@id":"https:\/\/newsestlyonnais.fr\/site\/2017\/03\/29\/vaulx-velin-lodyssee-vers-lemploi\/#primaryimage","url":"https:\/\/newsestlyonnais.fr\/site\/wp-content\/uploads\/2017\/03\/NEWSESTLYONNAIS-ANNONCE-ODYSSEE.jpg","contentUrl":"https:\/\/newsestlyonnais.fr\/site\/wp-content\/uploads\/2017\/03\/NEWSESTLYONNAIS-ANNONCE-ODYSSEE.jpg","width":1000,"height":750,"caption":"NEWSESTLYONNAIS ANNONCE ODYSSEE"},{"@type":"BreadcrumbList","@id":"https:\/\/newsestlyonnais.fr\/site\/2017\/03\/29\/vaulx-velin-lodyssee-vers-lemploi\/#breadcrumb","itemListElement":[{"@type":"ListItem","position":1,"name":"Accueil","item":"https:\/\/newsestlyonnais.fr\/site\/"},{"@type":"ListItem","position":2,"name":"VAULX-EN-VELIN | \u00ab L\u2019Odyss\u00e9e vers l\u2019emploi \u00bb"}]},{"@type":"WebSite","@id":"https:\/\/newsestlyonnais.fr\/site\/#website","url":"https:\/\/newsestlyonnais.fr\/site\/","name":"News Est Lyonnais","description":"L&#039;actualit\u00e9 au plus pr\u00e8s","publisher":{"@id":"https:\/\/newsestlyonnais.fr\/site\/#organization"},"potentialAction":[{"@type":"SearchAction","target":{"@type":"EntryPoint","urlTemplate":"https:\/\/newsestlyonnais.fr\/site\/?s={search_term_string}"},"query-input":{"@type":"PropertyValueSpecification","valueRequired":true,"valueName":"search_term_string"}}],"inLanguage":"fr-FR"},{"@type":"Organization","@id":"https:\/\/newsestlyonnais.fr\/site\/#organization","name":"News EST LYONNAIS","url":"https:\/\/newsestlyonnais.fr\/site\/","logo":{"@type":"ImageObject","inLanguage":"fr-FR","@id":"https:\/\/newsestlyonnais.fr\/site\/#\/schema\/logo\/image\/","url":"","contentUrl":"","caption":"News EST LYONNAIS"},"image":{"@id":"https:\/\/newsestlyonnais.fr\/site\/#\/schema\/logo\/image\/"}},{"@type":"Person","@id":"https:\/\/newsestlyonnais.fr\/site\/#\/schema\/person\/3230d5615f390bb808365d673001e887","name":"R\u00e9dac. NEWS","sameAs":["http:\/\/www.newsestlyonnais.fr","https:\/\/www.facebook.com\/pascal.oberson.1?fref=ts","https:\/\/fr.linkedin.com\/in\/pascal-oberson-b17045113"],"url":"https:\/\/newsestlyonnais.fr\/site\/author\/nel\/"}]}},"_links":{"self":[{"href":"https:\/\/newsestlyonnais.fr\/site\/wp-json\/wp\/v2\/posts\/23600","targetHints":{"allow":["GET"]}}],"collection":[{"href":"https:\/\/newsestlyonnais.fr\/site\/wp-json\/wp\/v2\/posts"}],"about":[{"href":"https:\/\/newsestlyonnais.fr\/site\/wp-json\/wp\/v2\/types\/post"}],"author":[{"embeddable":true,"href":"https:\/\/newsestlyonnais.fr\/site\/wp-json\/wp\/v2\/users\/4"}],"replies":[{"embeddable":true,"href":"https:\/\/newsestlyonnais.fr\/site\/wp-json\/wp\/v2\/comments?post=23600"}],"version-history":[{"count":0,"href":"https:\/\/newsestlyonnais.fr\/site\/wp-json\/wp\/v2\/posts\/23600\/revisions"}],"wp:featuredmedia":[{"embeddable":true,"href":"https:\/\/newsestlyonnais.fr\/site\/wp-json\/wp\/v2\/media\/23611"}],"wp:attachment":[{"href":"https:\/\/newsestlyonnais.fr\/site\/wp-json\/wp\/v2\/media?parent=23600"}],"wp:term":[{"taxonomy":"category","embeddable":true,"href":"https:\/\/newsestlyonnais.fr\/site\/wp-json\/wp\/v2\/categories?post=23600"},{"taxonomy":"post_tag","embeddable":true,"href":"https:\/\/newsestlyonnais.fr\/site\/wp-json\/wp\/v2\/tags?post=23600"}],"curies":[{"name":"wp","href":"https:\/\/api.w.org\/{rel}","templated":true}]}}