{"id":23678,"date":"2017-03-30T13:04:02","date_gmt":"2017-03-30T12:04:02","guid":{"rendered":"http:\/\/newsestlyonnais.fr\/site\/?p=23678"},"modified":"2020-11-03T20:34:28","modified_gmt":"2020-11-03T19:34:28","slug":"villeurbanne-le-vha-accueille-dijon-pour-se-reprendre","status":"publish","type":"post","link":"https:\/\/newsestlyonnais.fr\/site\/2017\/03\/30\/villeurbanne-le-vha-accueille-dijon-pour-se-reprendre\/","title":{"rendered":"VILLEURBANNE | Le VHA accueille Dijon pour se reprendre"},"content":{"rendered":"<h4>Le Villeurbanne Handball Association (VHA) n\u2019avait pas commis un faux pas depuis la reprise en f\u00e9vrier, allant de victoires en victoires, aussi bien sur son terrain qu\u2019en d\u00e9placement.<\/h4>\n<p>Mais dimanche dernier, l\u2019\u00e9quipe d\u2019Avignon a cass\u00e9 la fabuleuse ascension des Black Gones en s\u2019imposant 33\/29, face au leader. Un \u00e9lectro choc pour les joueurs d\u2019Yvan Bonnefond qui devront renouer avec la victoire d\u00e8s samedi lors de la r\u00e9ception du Dijon Bourgogne HandBall (DBHB)<\/p>\n<p>Toujours en t\u00eate de la poule B de Nationale 2, le Villeurbanne Handball n\u2019a pas su prendre ses responsabilit\u00e9s et faire la diff\u00e9rence en terre sudiste. Une d\u00e9faite qui servira de le\u00e7on pour le groupe Villeurbannais, qui dans son malheur, n\u2019aura pas eu de grand impact sur le classement. Les erreurs d\u2019Istres et de Caluire ont apport\u00e9 un nouveau concurrent direct, puisque Chalon se voit acc\u00e9der \u00e0 la 2\u00b0 place. <strong>Villeurbanne conserve un avantage de six points, mais ne doit pas flancher pour conserver son rang.<\/strong><br \/>\nDijon est actuellement sur la 10\u00b0 marche avec vingt-neuf points. Une saison compliqu\u00e9e pour l\u2019\u00e9quipe r\u00e9serve du DBHB qui peine \u00e0 se d\u00e9gager du bas de tableau. Avec seulement six victoires, un nul et neuf d\u00e9faites, les Dijonnais ont connu un nouvel \u00e9chec \u00e0 Marsannay le week-end dernier. Lors du match aller les hommes de Vincent Liot s\u2019\u00e9taient inclin\u00e9s d\u2019un but \u00e0 domicile (29-30) face au VHA, une revanche \u00e0 prendre samedi soir aux Gratte-Ciel ?<\/p>\n<p><strong>Il ne reste plus que deux matchs \u00e0 domicile sur les six derni\u00e8res journ\u00e9es de championnat \u00e0 jouer, ce sont donc des points pr\u00e9cieux \u00e0 prendre.<\/strong><\/p>\n<ul>\n<li><em><strong>Samedi 1\u00b0 Avril \u00e0 20 h 30: Salle Gratte-Ciel, 98 rue Francis de Pr\u00e9ssens\u00e9<\/strong><\/em><br \/>\n<em> <strong> Acc\u00e8s : M\u00e9tro A \u2013 Arr\u00eat R\u00e9publique Villeurbanne \/ Parking gratuit.<\/strong><\/em><\/li>\n<\/ul>\n","protected":false},"excerpt":{"rendered":"<p>Le Villeurbanne Handball Association (VHA) n\u2019avait pas commis un faux pas depuis la reprise en f\u00e9vrier, allant de victoires en victoires, aussi bien sur son terrain qu\u2019en d\u00e9placement. Mais dimanche dernier, l\u2019\u00e9quipe d\u2019Avignon a cass\u00e9 la fabuleuse ascension des Black Gones en s\u2019imposant 33\/29, face au leader. Un \u00e9lectro choc pour les joueurs d\u2019Yvan Bonnefond [&hellip;]<\/p>\n","protected":false},"author":4,"featured_media":13213,"comment_status":"open","ping_status":"open","sticky":false,"template":"","format":"standard","meta":{"footnotes":""},"categories":[2975,1358,29],"tags":[],"class_list":["post-23678","post","type-post","status-publish","format-standard","has-post-thumbnail","hentry","category-basket-hand-volley-sports","category-hand","category-villeurbanne"],"yoast_head":"<!-- This site is optimized with the Yoast SEO plugin v27.2 - https:\/\/yoast.com\/product\/yoast-seo-wordpress\/ -->\n<title>VILLEURBANNE : Le VHA accueuille Dijon samedi soir pour se reprendre<\/title>\n<meta name=\"description\" content=\"VILLEURBANNE : Le VHA accueuille Dijon samedi soir pour se reprendre\" \/>\n<meta name=\"robots\" content=\"index, follow, max-snippet:-1, max-image-preview:large, max-video-preview:-1\" \/>\n<link rel=\"canonical\" href=\"https:\/\/newsestlyonnais.fr\/site\/2017\/03\/30\/villeurbanne-le-vha-accueille-dijon-pour-se-reprendre\/\" \/>\n<meta property=\"og:locale\" content=\"fr_FR\" \/>\n<meta property=\"og:type\" content=\"article\" \/>\n<meta property=\"og:title\" content=\"VILLEURBANNE : Le VHA accueuille Dijon samedi soir pour se reprendre\" \/>\n<meta property=\"og:description\" content=\"VILLEURBANNE : Le VHA accueuille Dijon samedi soir pour se reprendre\" \/>\n<meta property=\"og:url\" content=\"https:\/\/newsestlyonnais.fr\/site\/2017\/03\/30\/villeurbanne-le-vha-accueille-dijon-pour-se-reprendre\/\" \/>\n<meta property=\"og:site_name\" content=\"News Est Lyonnais\" \/>\n<meta property=\"article:author\" content=\"https:\/\/www.facebook.com\/pascal.oberson.1?fref=ts\" \/>\n<meta property=\"article:published_time\" content=\"2017-03-30T12:04:02+00:00\" \/>\n<meta property=\"article:modified_time\" content=\"2020-11-03T19:34:28+00:00\" \/>\n<meta property=\"og:image\" content=\"https:\/\/i0.wp.com\/newsestlyonnais.fr\/site\/wp-content\/uploads\/2016\/09\/NEWSESTLYONNAIS-Logo-VHA_2015-2016.jpg?fit=1000%2C750&ssl=1\" \/>\n\t<meta property=\"og:image:width\" content=\"1000\" \/>\n\t<meta property=\"og:image:height\" content=\"750\" \/>\n\t<meta property=\"og:image:type\" content=\"image\/jpeg\" \/>\n<meta name=\"author\" content=\"R\u00e9dac. NEWS\" \/>\n<meta name=\"twitter:card\" content=\"summary_large_image\" \/>\n<meta name=\"twitter:label1\" content=\"\u00c9crit par\" \/>\n\t<meta name=\"twitter:data1\" content=\"R\u00e9dac. NEWS\" \/>\n\t<meta name=\"twitter:label2\" content=\"Dur\u00e9e de lecture estim\u00e9e\" \/>\n\t<meta name=\"twitter:data2\" content=\"1 minute\" \/>\n<script type=\"application\/ld+json\" class=\"yoast-schema-graph\">{\"@context\":\"https:\/\/schema.org\",\"@graph\":[{\"@type\":\"Article\",\"@id\":\"https:\/\/newsestlyonnais.fr\/site\/2017\/03\/30\/villeurbanne-le-vha-accueille-dijon-pour-se-reprendre\/#article\",\"isPartOf\":{\"@id\":\"https:\/\/newsestlyonnais.fr\/site\/2017\/03\/30\/villeurbanne-le-vha-accueille-dijon-pour-se-reprendre\/\"},\"author\":{\"name\":\"R\u00e9dac. NEWS\",\"@id\":\"https:\/\/newsestlyonnais.fr\/site\/#\/schema\/person\/3230d5615f390bb808365d673001e887\"},\"headline\":\"VILLEURBANNE | Le VHA accueille Dijon pour se reprendre\",\"datePublished\":\"2017-03-30T12:04:02+00:00\",\"dateModified\":\"2020-11-03T19:34:28+00:00\",\"mainEntityOfPage\":{\"@id\":\"https:\/\/newsestlyonnais.fr\/site\/2017\/03\/30\/villeurbanne-le-vha-accueille-dijon-pour-se-reprendre\/\"},\"wordCount\":307,\"commentCount\":0,\"publisher\":{\"@id\":\"https:\/\/newsestlyonnais.fr\/site\/#organization\"},\"image\":{\"@id\":\"https:\/\/newsestlyonnais.fr\/site\/2017\/03\/30\/villeurbanne-le-vha-accueille-dijon-pour-se-reprendre\/#primaryimage\"},\"thumbnailUrl\":\"https:\/\/newsestlyonnais.fr\/site\/wp-content\/uploads\/2016\/09\/NEWSESTLYONNAIS-Logo-VHA_2015-2016.jpg\",\"articleSection\":[\"Basket | Hand | Volley\",\"Hand\",\"Villeurbanne\"],\"inLanguage\":\"fr-FR\",\"potentialAction\":[{\"@type\":\"CommentAction\",\"name\":\"Comment\",\"target\":[\"https:\/\/newsestlyonnais.fr\/site\/2017\/03\/30\/villeurbanne-le-vha-accueille-dijon-pour-se-reprendre\/#respond\"]}]},{\"@type\":\"WebPage\",\"@id\":\"https:\/\/newsestlyonnais.fr\/site\/2017\/03\/30\/villeurbanne-le-vha-accueille-dijon-pour-se-reprendre\/\",\"url\":\"https:\/\/newsestlyonnais.fr\/site\/2017\/03\/30\/villeurbanne-le-vha-accueille-dijon-pour-se-reprendre\/\",\"name\":\"VILLEURBANNE : Le VHA accueuille Dijon samedi soir pour se reprendre\",\"isPartOf\":{\"@id\":\"https:\/\/newsestlyonnais.fr\/site\/#website\"},\"primaryImageOfPage\":{\"@id\":\"https:\/\/newsestlyonnais.fr\/site\/2017\/03\/30\/villeurbanne-le-vha-accueille-dijon-pour-se-reprendre\/#primaryimage\"},\"image\":{\"@id\":\"https:\/\/newsestlyonnais.fr\/site\/2017\/03\/30\/villeurbanne-le-vha-accueille-dijon-pour-se-reprendre\/#primaryimage\"},\"thumbnailUrl\":\"https:\/\/newsestlyonnais.fr\/site\/wp-content\/uploads\/2016\/09\/NEWSESTLYONNAIS-Logo-VHA_2015-2016.jpg\",\"datePublished\":\"2017-03-30T12:04:02+00:00\",\"dateModified\":\"2020-11-03T19:34:28+00:00\",\"description\":\"VILLEURBANNE : Le VHA accueuille Dijon samedi soir pour se reprendre\",\"breadcrumb\":{\"@id\":\"https:\/\/newsestlyonnais.fr\/site\/2017\/03\/30\/villeurbanne-le-vha-accueille-dijon-pour-se-reprendre\/#breadcrumb\"},\"inLanguage\":\"fr-FR\",\"potentialAction\":[{\"@type\":\"ReadAction\",\"target\":[\"https:\/\/newsestlyonnais.fr\/site\/2017\/03\/30\/villeurbanne-le-vha-accueille-dijon-pour-se-reprendre\/\"]}]},{\"@type\":\"ImageObject\",\"inLanguage\":\"fr-FR\",\"@id\":\"https:\/\/newsestlyonnais.fr\/site\/2017\/03\/30\/villeurbanne-le-vha-accueille-dijon-pour-se-reprendre\/#primaryimage\",\"url\":\"https:\/\/newsestlyonnais.fr\/site\/wp-content\/uploads\/2016\/09\/NEWSESTLYONNAIS-Logo-VHA_2015-2016.jpg\",\"contentUrl\":\"https:\/\/newsestlyonnais.fr\/site\/wp-content\/uploads\/2016\/09\/NEWSESTLYONNAIS-Logo-VHA_2015-2016.jpg\",\"width\":1000,\"height\":750,\"caption\":\"newsestlyonnais-logo-vha_2015-2016\"},{\"@type\":\"BreadcrumbList\",\"@id\":\"https:\/\/newsestlyonnais.fr\/site\/2017\/03\/30\/villeurbanne-le-vha-accueille-dijon-pour-se-reprendre\/#breadcrumb\",\"itemListElement\":[{\"@type\":\"ListItem\",\"position\":1,\"name\":\"Accueil\",\"item\":\"https:\/\/newsestlyonnais.fr\/site\/\"},{\"@type\":\"ListItem\",\"position\":2,\"name\":\"VILLEURBANNE | Le VHA accueille Dijon pour se reprendre\"}]},{\"@type\":\"WebSite\",\"@id\":\"https:\/\/newsestlyonnais.fr\/site\/#website\",\"url\":\"https:\/\/newsestlyonnais.fr\/site\/\",\"name\":\"News Est Lyonnais\",\"description\":\"L&#039;actualit\u00e9 au plus pr\u00e8s\",\"publisher\":{\"@id\":\"https:\/\/newsestlyonnais.fr\/site\/#organization\"},\"potentialAction\":[{\"@type\":\"SearchAction\",\"target\":{\"@type\":\"EntryPoint\",\"urlTemplate\":\"https:\/\/newsestlyonnais.fr\/site\/?s={search_term_string}\"},\"query-input\":{\"@type\":\"PropertyValueSpecification\",\"valueRequired\":true,\"valueName\":\"search_term_string\"}}],\"inLanguage\":\"fr-FR\"},{\"@type\":\"Organization\",\"@id\":\"https:\/\/newsestlyonnais.fr\/site\/#organization\",\"name\":\"News EST LYONNAIS\",\"url\":\"https:\/\/newsestlyonnais.fr\/site\/\",\"logo\":{\"@type\":\"ImageObject\",\"inLanguage\":\"fr-FR\",\"@id\":\"https:\/\/newsestlyonnais.fr\/site\/#\/schema\/logo\/image\/\",\"url\":\"\",\"contentUrl\":\"\",\"caption\":\"News EST LYONNAIS\"},\"image\":{\"@id\":\"https:\/\/newsestlyonnais.fr\/site\/#\/schema\/logo\/image\/\"}},{\"@type\":\"Person\",\"@id\":\"https:\/\/newsestlyonnais.fr\/site\/#\/schema\/person\/3230d5615f390bb808365d673001e887\",\"name\":\"R\u00e9dac. NEWS\",\"sameAs\":[\"http:\/\/www.newsestlyonnais.fr\",\"https:\/\/www.facebook.com\/pascal.oberson.1?fref=ts\",\"https:\/\/fr.linkedin.com\/in\/pascal-oberson-b17045113\"],\"url\":\"https:\/\/newsestlyonnais.fr\/site\/author\/nel\/\"}]}<\/script>\n<!-- \/ Yoast SEO plugin. -->","yoast_head_json":{"title":"VILLEURBANNE : Le VHA accueuille Dijon samedi soir pour se reprendre","description":"VILLEURBANNE : Le VHA accueuille Dijon samedi soir pour se reprendre","robots":{"index":"index","follow":"follow","max-snippet":"max-snippet:-1","max-image-preview":"max-image-preview:large","max-video-preview":"max-video-preview:-1"},"canonical":"https:\/\/newsestlyonnais.fr\/site\/2017\/03\/30\/villeurbanne-le-vha-accueille-dijon-pour-se-reprendre\/","og_locale":"fr_FR","og_type":"article","og_title":"VILLEURBANNE : Le VHA accueuille Dijon samedi soir pour se reprendre","og_description":"VILLEURBANNE : Le VHA accueuille Dijon samedi soir pour se reprendre","og_url":"https:\/\/newsestlyonnais.fr\/site\/2017\/03\/30\/villeurbanne-le-vha-accueille-dijon-pour-se-reprendre\/","og_site_name":"News Est Lyonnais","article_author":"https:\/\/www.facebook.com\/pascal.oberson.1?fref=ts","article_published_time":"2017-03-30T12:04:02+00:00","article_modified_time":"2020-11-03T19:34:28+00:00","og_image":[{"width":1000,"height":750,"url":"https:\/\/i0.wp.com\/newsestlyonnais.fr\/site\/wp-content\/uploads\/2016\/09\/NEWSESTLYONNAIS-Logo-VHA_2015-2016.jpg?fit=1000%2C750&ssl=1","type":"image\/jpeg"}],"author":"R\u00e9dac. NEWS","twitter_card":"summary_large_image","twitter_misc":{"\u00c9crit par":"R\u00e9dac. NEWS","Dur\u00e9e de lecture estim\u00e9e":"1 minute"},"schema":{"@context":"https:\/\/schema.org","@graph":[{"@type":"Article","@id":"https:\/\/newsestlyonnais.fr\/site\/2017\/03\/30\/villeurbanne-le-vha-accueille-dijon-pour-se-reprendre\/#article","isPartOf":{"@id":"https:\/\/newsestlyonnais.fr\/site\/2017\/03\/30\/villeurbanne-le-vha-accueille-dijon-pour-se-reprendre\/"},"author":{"name":"R\u00e9dac. NEWS","@id":"https:\/\/newsestlyonnais.fr\/site\/#\/schema\/person\/3230d5615f390bb808365d673001e887"},"headline":"VILLEURBANNE | Le VHA accueille Dijon pour se reprendre","datePublished":"2017-03-30T12:04:02+00:00","dateModified":"2020-11-03T19:34:28+00:00","mainEntityOfPage":{"@id":"https:\/\/newsestlyonnais.fr\/site\/2017\/03\/30\/villeurbanne-le-vha-accueille-dijon-pour-se-reprendre\/"},"wordCount":307,"commentCount":0,"publisher":{"@id":"https:\/\/newsestlyonnais.fr\/site\/#organization"},"image":{"@id":"https:\/\/newsestlyonnais.fr\/site\/2017\/03\/30\/villeurbanne-le-vha-accueille-dijon-pour-se-reprendre\/#primaryimage"},"thumbnailUrl":"https:\/\/newsestlyonnais.fr\/site\/wp-content\/uploads\/2016\/09\/NEWSESTLYONNAIS-Logo-VHA_2015-2016.jpg","articleSection":["Basket | Hand | Volley","Hand","Villeurbanne"],"inLanguage":"fr-FR","potentialAction":[{"@type":"CommentAction","name":"Comment","target":["https:\/\/newsestlyonnais.fr\/site\/2017\/03\/30\/villeurbanne-le-vha-accueille-dijon-pour-se-reprendre\/#respond"]}]},{"@type":"WebPage","@id":"https:\/\/newsestlyonnais.fr\/site\/2017\/03\/30\/villeurbanne-le-vha-accueille-dijon-pour-se-reprendre\/","url":"https:\/\/newsestlyonnais.fr\/site\/2017\/03\/30\/villeurbanne-le-vha-accueille-dijon-pour-se-reprendre\/","name":"VILLEURBANNE : Le VHA accueuille Dijon samedi soir pour se reprendre","isPartOf":{"@id":"https:\/\/newsestlyonnais.fr\/site\/#website"},"primaryImageOfPage":{"@id":"https:\/\/newsestlyonnais.fr\/site\/2017\/03\/30\/villeurbanne-le-vha-accueille-dijon-pour-se-reprendre\/#primaryimage"},"image":{"@id":"https:\/\/newsestlyonnais.fr\/site\/2017\/03\/30\/villeurbanne-le-vha-accueille-dijon-pour-se-reprendre\/#primaryimage"},"thumbnailUrl":"https:\/\/newsestlyonnais.fr\/site\/wp-content\/uploads\/2016\/09\/NEWSESTLYONNAIS-Logo-VHA_2015-2016.jpg","datePublished":"2017-03-30T12:04:02+00:00","dateModified":"2020-11-03T19:34:28+00:00","description":"VILLEURBANNE : Le VHA accueuille Dijon samedi soir pour se reprendre","breadcrumb":{"@id":"https:\/\/newsestlyonnais.fr\/site\/2017\/03\/30\/villeurbanne-le-vha-accueille-dijon-pour-se-reprendre\/#breadcrumb"},"inLanguage":"fr-FR","potentialAction":[{"@type":"ReadAction","target":["https:\/\/newsestlyonnais.fr\/site\/2017\/03\/30\/villeurbanne-le-vha-accueille-dijon-pour-se-reprendre\/"]}]},{"@type":"ImageObject","inLanguage":"fr-FR","@id":"https:\/\/newsestlyonnais.fr\/site\/2017\/03\/30\/villeurbanne-le-vha-accueille-dijon-pour-se-reprendre\/#primaryimage","url":"https:\/\/newsestlyonnais.fr\/site\/wp-content\/uploads\/2016\/09\/NEWSESTLYONNAIS-Logo-VHA_2015-2016.jpg","contentUrl":"https:\/\/newsestlyonnais.fr\/site\/wp-content\/uploads\/2016\/09\/NEWSESTLYONNAIS-Logo-VHA_2015-2016.jpg","width":1000,"height":750,"caption":"newsestlyonnais-logo-vha_2015-2016"},{"@type":"BreadcrumbList","@id":"https:\/\/newsestlyonnais.fr\/site\/2017\/03\/30\/villeurbanne-le-vha-accueille-dijon-pour-se-reprendre\/#breadcrumb","itemListElement":[{"@type":"ListItem","position":1,"name":"Accueil","item":"https:\/\/newsestlyonnais.fr\/site\/"},{"@type":"ListItem","position":2,"name":"VILLEURBANNE | Le VHA accueille Dijon pour se reprendre"}]},{"@type":"WebSite","@id":"https:\/\/newsestlyonnais.fr\/site\/#website","url":"https:\/\/newsestlyonnais.fr\/site\/","name":"News Est Lyonnais","description":"L&#039;actualit\u00e9 au plus pr\u00e8s","publisher":{"@id":"https:\/\/newsestlyonnais.fr\/site\/#organization"},"potentialAction":[{"@type":"SearchAction","target":{"@type":"EntryPoint","urlTemplate":"https:\/\/newsestlyonnais.fr\/site\/?s={search_term_string}"},"query-input":{"@type":"PropertyValueSpecification","valueRequired":true,"valueName":"search_term_string"}}],"inLanguage":"fr-FR"},{"@type":"Organization","@id":"https:\/\/newsestlyonnais.fr\/site\/#organization","name":"News EST LYONNAIS","url":"https:\/\/newsestlyonnais.fr\/site\/","logo":{"@type":"ImageObject","inLanguage":"fr-FR","@id":"https:\/\/newsestlyonnais.fr\/site\/#\/schema\/logo\/image\/","url":"","contentUrl":"","caption":"News EST LYONNAIS"},"image":{"@id":"https:\/\/newsestlyonnais.fr\/site\/#\/schema\/logo\/image\/"}},{"@type":"Person","@id":"https:\/\/newsestlyonnais.fr\/site\/#\/schema\/person\/3230d5615f390bb808365d673001e887","name":"R\u00e9dac. NEWS","sameAs":["http:\/\/www.newsestlyonnais.fr","https:\/\/www.facebook.com\/pascal.oberson.1?fref=ts","https:\/\/fr.linkedin.com\/in\/pascal-oberson-b17045113"],"url":"https:\/\/newsestlyonnais.fr\/site\/author\/nel\/"}]}},"_links":{"self":[{"href":"https:\/\/newsestlyonnais.fr\/site\/wp-json\/wp\/v2\/posts\/23678","targetHints":{"allow":["GET"]}}],"collection":[{"href":"https:\/\/newsestlyonnais.fr\/site\/wp-json\/wp\/v2\/posts"}],"about":[{"href":"https:\/\/newsestlyonnais.fr\/site\/wp-json\/wp\/v2\/types\/post"}],"author":[{"embeddable":true,"href":"https:\/\/newsestlyonnais.fr\/site\/wp-json\/wp\/v2\/users\/4"}],"replies":[{"embeddable":true,"href":"https:\/\/newsestlyonnais.fr\/site\/wp-json\/wp\/v2\/comments?post=23678"}],"version-history":[{"count":0,"href":"https:\/\/newsestlyonnais.fr\/site\/wp-json\/wp\/v2\/posts\/23678\/revisions"}],"wp:featuredmedia":[{"embeddable":true,"href":"https:\/\/newsestlyonnais.fr\/site\/wp-json\/wp\/v2\/media\/13213"}],"wp:attachment":[{"href":"https:\/\/newsestlyonnais.fr\/site\/wp-json\/wp\/v2\/media?parent=23678"}],"wp:term":[{"taxonomy":"category","embeddable":true,"href":"https:\/\/newsestlyonnais.fr\/site\/wp-json\/wp\/v2\/categories?post=23678"},{"taxonomy":"post_tag","embeddable":true,"href":"https:\/\/newsestlyonnais.fr\/site\/wp-json\/wp\/v2\/tags?post=23678"}],"curies":[{"name":"wp","href":"https:\/\/api.w.org\/{rel}","templated":true}]}}