{"id":23764,"date":"2017-04-01T07:58:23","date_gmt":"2017-04-01T06:58:23","guid":{"rendered":"http:\/\/newsestlyonnais.fr\/site\/?p=23764"},"modified":"2020-11-12T20:41:03","modified_gmt":"2020-11-12T19:41:03","slug":"decines-l-ufolep-rhone-metropole-de-lyon-en-assemblee-generale","status":"publish","type":"post","link":"https:\/\/newsestlyonnais.fr\/site\/2017\/04\/01\/decines-l-ufolep-rhone-metropole-de-lyon-en-assemblee-generale\/","title":{"rendered":"DECINES | L&rsquo; UFOLEP Rh\u00f4ne M\u00e9tropole de Lyon en assembl\u00e9e g\u00e9n\u00e9rale"},"content":{"rendered":"<p class=\"ox-04a7164a81-MsoNormal\">Les traditionnels rapports ont \u00e9t\u00e9 dress\u00e9s lors de cette AG de l&rsquo;UFOLEP 69, pr\u00e9sid\u00e9e par Danielle Roux et qui regroupe 178 associations pour 17.800 licenci\u00e9s.<\/p>\n<p>_____________________________________________________________________________<\/p>\n<p class=\"ox-04a7164a81-MsoNormal\">Une assembl\u00e9e suivie de la remise de r\u00e9compenses aux b\u00e9n\u00e9voles dirigeants (1 en or &amp; 8 en bronze) et tous issus d\u2019association du d\u00e9partement, ceci en remerciement de leur investissement dans leur association ou pour le comit\u00e9.<\/p>\n<ul>\n<li class=\"ox-2cbd29a2f5-MsoNormal\">\n<p class=\"ox-2cbd29a2f5-MsoNormal\"><strong>1 M\u00e9daille d\u2019Or<\/strong> : Fran\u00e7ois SANCHEZ (PL Oullins)<\/p>\n<\/li>\n<li class=\"ox-2cbd29a2f5-MsoNormal\"><strong>8 M\u00e9dailles de Bronze<\/strong> : Nicole ASTIER (ES D\u00e9cines), Jeannine AUBIN (PL Villette Paul Bert), Lucienne BERENGER (AL Brignais), Denise BOYET (AL Grigny), Nicole CELLIER (ASL Gratte-Ciel), Gis\u00e8le GUILLET ( Villette Paul Bert), Odette VILLEGAS (AL\u00a0 D\u00e9cines) &amp; Claudette VINCENT (Club Twirling Vernaison).<\/li>\n<\/ul>\n<figure id=\"attachment_23770\" aria-describedby=\"caption-attachment-23770\" style=\"width: 1000px\" class=\"wp-caption alignleft\"><img loading=\"lazy\" decoding=\"async\" class=\"size-full wp-image-23770\" src=\"https:\/\/newsestlyonnais.fr\/site\/medias\/2017\/04\/NEWSESTLYONNAIS-AG-UFOLEP-REC.jpg\" alt=\"\" width=\"1000\" height=\"750\" srcset=\"https:\/\/newsestlyonnais.fr\/site\/wp-content\/uploads\/2017\/04\/NEWSESTLYONNAIS-AG-UFOLEP-REC.jpg 1000w, https:\/\/newsestlyonnais.fr\/site\/wp-content\/uploads\/2017\/04\/NEWSESTLYONNAIS-AG-UFOLEP-REC-400x300.jpg 400w, https:\/\/newsestlyonnais.fr\/site\/wp-content\/uploads\/2017\/04\/NEWSESTLYONNAIS-AG-UFOLEP-REC-768x576.jpg 768w, https:\/\/newsestlyonnais.fr\/site\/wp-content\/uploads\/2017\/04\/NEWSESTLYONNAIS-AG-UFOLEP-REC-600x450.jpg 600w, https:\/\/newsestlyonnais.fr\/site\/wp-content\/uploads\/2017\/04\/NEWSESTLYONNAIS-AG-UFOLEP-REC-100x75.jpg 100w\" sizes=\"auto, (max-width: 1000px) 100vw, 1000px\" \/><figcaption id=\"caption-attachment-23770\" class=\"wp-caption-text\">Danielle Roux (pr\u00e9sidente Ufolep 69, \u00e0 gauche) et les 9 m\u00e9daill\u00e9es du soir<\/figcaption><\/figure>\n<h4 class=\"ox-2cbd29a2f5-MsoNormal\">Retrouvez l&rsquo;ACTU de l&rsquo;UFOLEP sur:\u00a0<a href=\"http:\/\/www.ufolep-69.com\" target=\"_blank\" rel=\"noopener noreferrer\">http:\/\/www.ufolep-69.com<\/a><\/h4>\n<p>&nbsp;<\/p>\n","protected":false},"excerpt":{"rendered":"<p>Une r\u00e9union annuelle qui s&rsquo;est tenue \u00e0 la Salle des F\u00eates devant une forte affluence avec 54 associations pr\u00e9sentes ou repr\u00e9sent\u00e9es.<\/p>\n","protected":false},"author":4,"featured_media":23769,"comment_status":"open","ping_status":"open","sticky":false,"template":"","format":"standard","meta":{"footnotes":""},"categories":[574,21,166,3016],"tags":[],"class_list":["post-23764","post","type-post","status-publish","format-standard","has-post-thumbnail","hentry","category-autres-sports","category-decines-charpieu","category-divers-sports","category-institutions-trophees-jo"],"yoast_head":"<!-- This site is optimized with the Yoast SEO plugin v27.2 - https:\/\/yoast.com\/product\/yoast-seo-wordpress\/ -->\n<title>DECINES | L&#039; UFOLEP Rh\u00f4ne M\u00e9tropole de Lyon en assembl\u00e9e g\u00e9n\u00e9rale<\/title>\n<meta name=\"description\" content=\"DECINES | L&#039; UFOLEP Rh\u00f4ne M\u00e9tropole de Lyon en assembl\u00e9e g\u00e9n\u00e9rale\" \/>\n<meta name=\"robots\" content=\"index, follow, max-snippet:-1, max-image-preview:large, max-video-preview:-1\" \/>\n<link rel=\"canonical\" href=\"https:\/\/newsestlyonnais.fr\/site\/2017\/04\/01\/decines-l-ufolep-rhone-metropole-de-lyon-en-assemblee-generale\/\" \/>\n<meta property=\"og:locale\" content=\"fr_FR\" \/>\n<meta property=\"og:type\" content=\"article\" \/>\n<meta property=\"og:title\" content=\"DECINES | L&#039; UFOLEP Rh\u00f4ne M\u00e9tropole de Lyon en assembl\u00e9e g\u00e9n\u00e9rale\" \/>\n<meta property=\"og:description\" content=\"DECINES | L&#039; UFOLEP Rh\u00f4ne M\u00e9tropole de Lyon en assembl\u00e9e g\u00e9n\u00e9rale\" \/>\n<meta property=\"og:url\" content=\"https:\/\/newsestlyonnais.fr\/site\/2017\/04\/01\/decines-l-ufolep-rhone-metropole-de-lyon-en-assemblee-generale\/\" \/>\n<meta property=\"og:site_name\" content=\"News Est Lyonnais\" \/>\n<meta property=\"article:author\" content=\"https:\/\/www.facebook.com\/pascal.oberson.1?fref=ts\" \/>\n<meta property=\"article:published_time\" content=\"2017-04-01T06:58:23+00:00\" \/>\n<meta property=\"article:modified_time\" content=\"2020-11-12T19:41:03+00:00\" \/>\n<meta property=\"og:image\" content=\"https:\/\/i1.wp.com\/newsestlyonnais.fr\/site\/wp-content\/uploads\/2017\/04\/NEWSESTLYONNAIS-AG-UFOLEP.jpg?fit=1000%2C750&ssl=1\" \/>\n\t<meta property=\"og:image:width\" content=\"1000\" \/>\n\t<meta property=\"og:image:height\" content=\"750\" \/>\n\t<meta property=\"og:image:type\" content=\"image\/jpeg\" \/>\n<meta name=\"author\" content=\"R\u00e9dac. NEWS\" \/>\n<meta name=\"twitter:card\" content=\"summary_large_image\" \/>\n<meta name=\"twitter:label1\" content=\"\u00c9crit par\" \/>\n\t<meta name=\"twitter:data1\" content=\"R\u00e9dac. NEWS\" \/>\n\t<meta name=\"twitter:label2\" content=\"Dur\u00e9e de lecture estim\u00e9e\" \/>\n\t<meta name=\"twitter:data2\" content=\"1 minute\" \/>\n<script type=\"application\/ld+json\" class=\"yoast-schema-graph\">{\"@context\":\"https:\/\/schema.org\",\"@graph\":[{\"@type\":\"Article\",\"@id\":\"https:\/\/newsestlyonnais.fr\/site\/2017\/04\/01\/decines-l-ufolep-rhone-metropole-de-lyon-en-assemblee-generale\/#article\",\"isPartOf\":{\"@id\":\"https:\/\/newsestlyonnais.fr\/site\/2017\/04\/01\/decines-l-ufolep-rhone-metropole-de-lyon-en-assemblee-generale\/\"},\"author\":{\"name\":\"R\u00e9dac. NEWS\",\"@id\":\"https:\/\/newsestlyonnais.fr\/site\/#\/schema\/person\/3230d5615f390bb808365d673001e887\"},\"headline\":\"DECINES | L&rsquo; UFOLEP Rh\u00f4ne M\u00e9tropole de Lyon en assembl\u00e9e g\u00e9n\u00e9rale\",\"datePublished\":\"2017-04-01T06:58:23+00:00\",\"dateModified\":\"2020-11-12T19:41:03+00:00\",\"mainEntityOfPage\":{\"@id\":\"https:\/\/newsestlyonnais.fr\/site\/2017\/04\/01\/decines-l-ufolep-rhone-metropole-de-lyon-en-assemblee-generale\/\"},\"wordCount\":168,\"commentCount\":0,\"publisher\":{\"@id\":\"https:\/\/newsestlyonnais.fr\/site\/#organization\"},\"image\":{\"@id\":\"https:\/\/newsestlyonnais.fr\/site\/2017\/04\/01\/decines-l-ufolep-rhone-metropole-de-lyon-en-assemblee-generale\/#primaryimage\"},\"thumbnailUrl\":\"https:\/\/newsestlyonnais.fr\/site\/wp-content\/uploads\/2017\/04\/NEWSESTLYONNAIS-AG-UFOLEP.jpg\",\"articleSection\":[\"Autres sports\",\"D\u00e9cines-Charpieu\",\"Divers Sports\",\"Institutions | Troph\u00e9es | J.O.\"],\"inLanguage\":\"fr-FR\",\"potentialAction\":[{\"@type\":\"CommentAction\",\"name\":\"Comment\",\"target\":[\"https:\/\/newsestlyonnais.fr\/site\/2017\/04\/01\/decines-l-ufolep-rhone-metropole-de-lyon-en-assemblee-generale\/#respond\"]}]},{\"@type\":\"WebPage\",\"@id\":\"https:\/\/newsestlyonnais.fr\/site\/2017\/04\/01\/decines-l-ufolep-rhone-metropole-de-lyon-en-assemblee-generale\/\",\"url\":\"https:\/\/newsestlyonnais.fr\/site\/2017\/04\/01\/decines-l-ufolep-rhone-metropole-de-lyon-en-assemblee-generale\/\",\"name\":\"DECINES | L' UFOLEP Rh\u00f4ne M\u00e9tropole de Lyon en assembl\u00e9e g\u00e9n\u00e9rale\",\"isPartOf\":{\"@id\":\"https:\/\/newsestlyonnais.fr\/site\/#website\"},\"primaryImageOfPage\":{\"@id\":\"https:\/\/newsestlyonnais.fr\/site\/2017\/04\/01\/decines-l-ufolep-rhone-metropole-de-lyon-en-assemblee-generale\/#primaryimage\"},\"image\":{\"@id\":\"https:\/\/newsestlyonnais.fr\/site\/2017\/04\/01\/decines-l-ufolep-rhone-metropole-de-lyon-en-assemblee-generale\/#primaryimage\"},\"thumbnailUrl\":\"https:\/\/newsestlyonnais.fr\/site\/wp-content\/uploads\/2017\/04\/NEWSESTLYONNAIS-AG-UFOLEP.jpg\",\"datePublished\":\"2017-04-01T06:58:23+00:00\",\"dateModified\":\"2020-11-12T19:41:03+00:00\",\"description\":\"DECINES | L' UFOLEP Rh\u00f4ne M\u00e9tropole de Lyon en assembl\u00e9e g\u00e9n\u00e9rale\",\"breadcrumb\":{\"@id\":\"https:\/\/newsestlyonnais.fr\/site\/2017\/04\/01\/decines-l-ufolep-rhone-metropole-de-lyon-en-assemblee-generale\/#breadcrumb\"},\"inLanguage\":\"fr-FR\",\"potentialAction\":[{\"@type\":\"ReadAction\",\"target\":[\"https:\/\/newsestlyonnais.fr\/site\/2017\/04\/01\/decines-l-ufolep-rhone-metropole-de-lyon-en-assemblee-generale\/\"]}]},{\"@type\":\"ImageObject\",\"inLanguage\":\"fr-FR\",\"@id\":\"https:\/\/newsestlyonnais.fr\/site\/2017\/04\/01\/decines-l-ufolep-rhone-metropole-de-lyon-en-assemblee-generale\/#primaryimage\",\"url\":\"https:\/\/newsestlyonnais.fr\/site\/wp-content\/uploads\/2017\/04\/NEWSESTLYONNAIS-AG-UFOLEP.jpg\",\"contentUrl\":\"https:\/\/newsestlyonnais.fr\/site\/wp-content\/uploads\/2017\/04\/NEWSESTLYONNAIS-AG-UFOLEP.jpg\",\"width\":1000,\"height\":750,\"caption\":\"NEWSESTLYONNAIS - AG UFOLEP\"},{\"@type\":\"BreadcrumbList\",\"@id\":\"https:\/\/newsestlyonnais.fr\/site\/2017\/04\/01\/decines-l-ufolep-rhone-metropole-de-lyon-en-assemblee-generale\/#breadcrumb\",\"itemListElement\":[{\"@type\":\"ListItem\",\"position\":1,\"name\":\"Accueil\",\"item\":\"https:\/\/newsestlyonnais.fr\/site\/\"},{\"@type\":\"ListItem\",\"position\":2,\"name\":\"DECINES | L&rsquo; UFOLEP Rh\u00f4ne M\u00e9tropole de Lyon en assembl\u00e9e g\u00e9n\u00e9rale\"}]},{\"@type\":\"WebSite\",\"@id\":\"https:\/\/newsestlyonnais.fr\/site\/#website\",\"url\":\"https:\/\/newsestlyonnais.fr\/site\/\",\"name\":\"News Est Lyonnais\",\"description\":\"L&#039;actualit\u00e9 au plus pr\u00e8s\",\"publisher\":{\"@id\":\"https:\/\/newsestlyonnais.fr\/site\/#organization\"},\"potentialAction\":[{\"@type\":\"SearchAction\",\"target\":{\"@type\":\"EntryPoint\",\"urlTemplate\":\"https:\/\/newsestlyonnais.fr\/site\/?s={search_term_string}\"},\"query-input\":{\"@type\":\"PropertyValueSpecification\",\"valueRequired\":true,\"valueName\":\"search_term_string\"}}],\"inLanguage\":\"fr-FR\"},{\"@type\":\"Organization\",\"@id\":\"https:\/\/newsestlyonnais.fr\/site\/#organization\",\"name\":\"News EST LYONNAIS\",\"url\":\"https:\/\/newsestlyonnais.fr\/site\/\",\"logo\":{\"@type\":\"ImageObject\",\"inLanguage\":\"fr-FR\",\"@id\":\"https:\/\/newsestlyonnais.fr\/site\/#\/schema\/logo\/image\/\",\"url\":\"\",\"contentUrl\":\"\",\"caption\":\"News EST LYONNAIS\"},\"image\":{\"@id\":\"https:\/\/newsestlyonnais.fr\/site\/#\/schema\/logo\/image\/\"}},{\"@type\":\"Person\",\"@id\":\"https:\/\/newsestlyonnais.fr\/site\/#\/schema\/person\/3230d5615f390bb808365d673001e887\",\"name\":\"R\u00e9dac. NEWS\",\"sameAs\":[\"http:\/\/www.newsestlyonnais.fr\",\"https:\/\/www.facebook.com\/pascal.oberson.1?fref=ts\",\"https:\/\/fr.linkedin.com\/in\/pascal-oberson-b17045113\"],\"url\":\"https:\/\/newsestlyonnais.fr\/site\/author\/nel\/\"}]}<\/script>\n<!-- \/ Yoast SEO plugin. -->","yoast_head_json":{"title":"DECINES | L' UFOLEP Rh\u00f4ne M\u00e9tropole de Lyon en assembl\u00e9e g\u00e9n\u00e9rale","description":"DECINES | L' UFOLEP Rh\u00f4ne M\u00e9tropole de Lyon en assembl\u00e9e g\u00e9n\u00e9rale","robots":{"index":"index","follow":"follow","max-snippet":"max-snippet:-1","max-image-preview":"max-image-preview:large","max-video-preview":"max-video-preview:-1"},"canonical":"https:\/\/newsestlyonnais.fr\/site\/2017\/04\/01\/decines-l-ufolep-rhone-metropole-de-lyon-en-assemblee-generale\/","og_locale":"fr_FR","og_type":"article","og_title":"DECINES | L' UFOLEP Rh\u00f4ne M\u00e9tropole de Lyon en assembl\u00e9e g\u00e9n\u00e9rale","og_description":"DECINES | L' UFOLEP Rh\u00f4ne M\u00e9tropole de Lyon en assembl\u00e9e g\u00e9n\u00e9rale","og_url":"https:\/\/newsestlyonnais.fr\/site\/2017\/04\/01\/decines-l-ufolep-rhone-metropole-de-lyon-en-assemblee-generale\/","og_site_name":"News Est Lyonnais","article_author":"https:\/\/www.facebook.com\/pascal.oberson.1?fref=ts","article_published_time":"2017-04-01T06:58:23+00:00","article_modified_time":"2020-11-12T19:41:03+00:00","og_image":[{"width":1000,"height":750,"url":"https:\/\/i1.wp.com\/newsestlyonnais.fr\/site\/wp-content\/uploads\/2017\/04\/NEWSESTLYONNAIS-AG-UFOLEP.jpg?fit=1000%2C750&ssl=1","type":"image\/jpeg"}],"author":"R\u00e9dac. NEWS","twitter_card":"summary_large_image","twitter_misc":{"\u00c9crit par":"R\u00e9dac. NEWS","Dur\u00e9e de lecture estim\u00e9e":"1 minute"},"schema":{"@context":"https:\/\/schema.org","@graph":[{"@type":"Article","@id":"https:\/\/newsestlyonnais.fr\/site\/2017\/04\/01\/decines-l-ufolep-rhone-metropole-de-lyon-en-assemblee-generale\/#article","isPartOf":{"@id":"https:\/\/newsestlyonnais.fr\/site\/2017\/04\/01\/decines-l-ufolep-rhone-metropole-de-lyon-en-assemblee-generale\/"},"author":{"name":"R\u00e9dac. NEWS","@id":"https:\/\/newsestlyonnais.fr\/site\/#\/schema\/person\/3230d5615f390bb808365d673001e887"},"headline":"DECINES | L&rsquo; UFOLEP Rh\u00f4ne M\u00e9tropole de Lyon en assembl\u00e9e g\u00e9n\u00e9rale","datePublished":"2017-04-01T06:58:23+00:00","dateModified":"2020-11-12T19:41:03+00:00","mainEntityOfPage":{"@id":"https:\/\/newsestlyonnais.fr\/site\/2017\/04\/01\/decines-l-ufolep-rhone-metropole-de-lyon-en-assemblee-generale\/"},"wordCount":168,"commentCount":0,"publisher":{"@id":"https:\/\/newsestlyonnais.fr\/site\/#organization"},"image":{"@id":"https:\/\/newsestlyonnais.fr\/site\/2017\/04\/01\/decines-l-ufolep-rhone-metropole-de-lyon-en-assemblee-generale\/#primaryimage"},"thumbnailUrl":"https:\/\/newsestlyonnais.fr\/site\/wp-content\/uploads\/2017\/04\/NEWSESTLYONNAIS-AG-UFOLEP.jpg","articleSection":["Autres sports","D\u00e9cines-Charpieu","Divers Sports","Institutions | Troph\u00e9es | J.O."],"inLanguage":"fr-FR","potentialAction":[{"@type":"CommentAction","name":"Comment","target":["https:\/\/newsestlyonnais.fr\/site\/2017\/04\/01\/decines-l-ufolep-rhone-metropole-de-lyon-en-assemblee-generale\/#respond"]}]},{"@type":"WebPage","@id":"https:\/\/newsestlyonnais.fr\/site\/2017\/04\/01\/decines-l-ufolep-rhone-metropole-de-lyon-en-assemblee-generale\/","url":"https:\/\/newsestlyonnais.fr\/site\/2017\/04\/01\/decines-l-ufolep-rhone-metropole-de-lyon-en-assemblee-generale\/","name":"DECINES | L' UFOLEP Rh\u00f4ne M\u00e9tropole de Lyon en assembl\u00e9e g\u00e9n\u00e9rale","isPartOf":{"@id":"https:\/\/newsestlyonnais.fr\/site\/#website"},"primaryImageOfPage":{"@id":"https:\/\/newsestlyonnais.fr\/site\/2017\/04\/01\/decines-l-ufolep-rhone-metropole-de-lyon-en-assemblee-generale\/#primaryimage"},"image":{"@id":"https:\/\/newsestlyonnais.fr\/site\/2017\/04\/01\/decines-l-ufolep-rhone-metropole-de-lyon-en-assemblee-generale\/#primaryimage"},"thumbnailUrl":"https:\/\/newsestlyonnais.fr\/site\/wp-content\/uploads\/2017\/04\/NEWSESTLYONNAIS-AG-UFOLEP.jpg","datePublished":"2017-04-01T06:58:23+00:00","dateModified":"2020-11-12T19:41:03+00:00","description":"DECINES | L' UFOLEP Rh\u00f4ne M\u00e9tropole de Lyon en assembl\u00e9e g\u00e9n\u00e9rale","breadcrumb":{"@id":"https:\/\/newsestlyonnais.fr\/site\/2017\/04\/01\/decines-l-ufolep-rhone-metropole-de-lyon-en-assemblee-generale\/#breadcrumb"},"inLanguage":"fr-FR","potentialAction":[{"@type":"ReadAction","target":["https:\/\/newsestlyonnais.fr\/site\/2017\/04\/01\/decines-l-ufolep-rhone-metropole-de-lyon-en-assemblee-generale\/"]}]},{"@type":"ImageObject","inLanguage":"fr-FR","@id":"https:\/\/newsestlyonnais.fr\/site\/2017\/04\/01\/decines-l-ufolep-rhone-metropole-de-lyon-en-assemblee-generale\/#primaryimage","url":"https:\/\/newsestlyonnais.fr\/site\/wp-content\/uploads\/2017\/04\/NEWSESTLYONNAIS-AG-UFOLEP.jpg","contentUrl":"https:\/\/newsestlyonnais.fr\/site\/wp-content\/uploads\/2017\/04\/NEWSESTLYONNAIS-AG-UFOLEP.jpg","width":1000,"height":750,"caption":"NEWSESTLYONNAIS - AG UFOLEP"},{"@type":"BreadcrumbList","@id":"https:\/\/newsestlyonnais.fr\/site\/2017\/04\/01\/decines-l-ufolep-rhone-metropole-de-lyon-en-assemblee-generale\/#breadcrumb","itemListElement":[{"@type":"ListItem","position":1,"name":"Accueil","item":"https:\/\/newsestlyonnais.fr\/site\/"},{"@type":"ListItem","position":2,"name":"DECINES | L&rsquo; UFOLEP Rh\u00f4ne M\u00e9tropole de Lyon en assembl\u00e9e g\u00e9n\u00e9rale"}]},{"@type":"WebSite","@id":"https:\/\/newsestlyonnais.fr\/site\/#website","url":"https:\/\/newsestlyonnais.fr\/site\/","name":"News Est Lyonnais","description":"L&#039;actualit\u00e9 au plus pr\u00e8s","publisher":{"@id":"https:\/\/newsestlyonnais.fr\/site\/#organization"},"potentialAction":[{"@type":"SearchAction","target":{"@type":"EntryPoint","urlTemplate":"https:\/\/newsestlyonnais.fr\/site\/?s={search_term_string}"},"query-input":{"@type":"PropertyValueSpecification","valueRequired":true,"valueName":"search_term_string"}}],"inLanguage":"fr-FR"},{"@type":"Organization","@id":"https:\/\/newsestlyonnais.fr\/site\/#organization","name":"News EST LYONNAIS","url":"https:\/\/newsestlyonnais.fr\/site\/","logo":{"@type":"ImageObject","inLanguage":"fr-FR","@id":"https:\/\/newsestlyonnais.fr\/site\/#\/schema\/logo\/image\/","url":"","contentUrl":"","caption":"News EST LYONNAIS"},"image":{"@id":"https:\/\/newsestlyonnais.fr\/site\/#\/schema\/logo\/image\/"}},{"@type":"Person","@id":"https:\/\/newsestlyonnais.fr\/site\/#\/schema\/person\/3230d5615f390bb808365d673001e887","name":"R\u00e9dac. NEWS","sameAs":["http:\/\/www.newsestlyonnais.fr","https:\/\/www.facebook.com\/pascal.oberson.1?fref=ts","https:\/\/fr.linkedin.com\/in\/pascal-oberson-b17045113"],"url":"https:\/\/newsestlyonnais.fr\/site\/author\/nel\/"}]}},"_links":{"self":[{"href":"https:\/\/newsestlyonnais.fr\/site\/wp-json\/wp\/v2\/posts\/23764","targetHints":{"allow":["GET"]}}],"collection":[{"href":"https:\/\/newsestlyonnais.fr\/site\/wp-json\/wp\/v2\/posts"}],"about":[{"href":"https:\/\/newsestlyonnais.fr\/site\/wp-json\/wp\/v2\/types\/post"}],"author":[{"embeddable":true,"href":"https:\/\/newsestlyonnais.fr\/site\/wp-json\/wp\/v2\/users\/4"}],"replies":[{"embeddable":true,"href":"https:\/\/newsestlyonnais.fr\/site\/wp-json\/wp\/v2\/comments?post=23764"}],"version-history":[{"count":0,"href":"https:\/\/newsestlyonnais.fr\/site\/wp-json\/wp\/v2\/posts\/23764\/revisions"}],"wp:featuredmedia":[{"embeddable":true,"href":"https:\/\/newsestlyonnais.fr\/site\/wp-json\/wp\/v2\/media\/23769"}],"wp:attachment":[{"href":"https:\/\/newsestlyonnais.fr\/site\/wp-json\/wp\/v2\/media?parent=23764"}],"wp:term":[{"taxonomy":"category","embeddable":true,"href":"https:\/\/newsestlyonnais.fr\/site\/wp-json\/wp\/v2\/categories?post=23764"},{"taxonomy":"post_tag","embeddable":true,"href":"https:\/\/newsestlyonnais.fr\/site\/wp-json\/wp\/v2\/tags?post=23764"}],"curies":[{"name":"wp","href":"https:\/\/api.w.org\/{rel}","templated":true}]}}