{"id":23790,"date":"2017-04-01T19:48:47","date_gmt":"2017-04-01T18:48:47","guid":{"rendered":"http:\/\/newsestlyonnais.fr\/site\/?p=23790"},"modified":"2020-11-16T19:30:40","modified_gmt":"2020-11-16T18:30:40","slug":"genas-retour-en-images-sur-linauguration-de-la-halle-des-sports","status":"publish","type":"post","link":"https:\/\/newsestlyonnais.fr\/site\/2017\/04\/01\/genas-retour-en-images-sur-linauguration-de-la-halle-des-sports\/","title":{"rendered":"GENAS | Retour en images &gt; inauguration de la Halle des Sports"},"content":{"rendered":"<h4>Ce samedi \u00e9tait synonyme d&rsquo;inauguration pour la toute nouvelle Halle des Sports baptis\u00e9e Halle Jacques Vabre\u00a0\u00bb du nom du tout premier pr\u00e9sident de l&rsquo;ES Genas Azieu Hand.<\/h4>\n<p>Une c\u00e9r\u00e9monie officielle d\u00e9roul\u00e9e l&rsquo;apr\u00e8s-midi, en pr\u00e9sence de la veuve de Jacques Vabre suivie d&rsquo;une visite guid\u00e9e pour la population locale par le maire Daniel Val\u00e9ro.<img loading=\"lazy\" decoding=\"async\" class=\"alignleft size-full wp-image-23793\" src=\"https:\/\/newsestlyonnais.fr\/site\/medias\/2017\/04\/NEWSESTLYONNAIS-INAUG-HALLE-J-VABRE.jpg\" alt=\"NEWSESTLYONNAIS - INAUG HALLE J VABRE\" width=\"1000\" height=\"750\" srcset=\"https:\/\/newsestlyonnais.fr\/site\/wp-content\/uploads\/2017\/04\/NEWSESTLYONNAIS-INAUG-HALLE-J-VABRE.jpg 1000w, https:\/\/newsestlyonnais.fr\/site\/wp-content\/uploads\/2017\/04\/NEWSESTLYONNAIS-INAUG-HALLE-J-VABRE-400x300.jpg 400w, https:\/\/newsestlyonnais.fr\/site\/wp-content\/uploads\/2017\/04\/NEWSESTLYONNAIS-INAUG-HALLE-J-VABRE-768x576.jpg 768w, https:\/\/newsestlyonnais.fr\/site\/wp-content\/uploads\/2017\/04\/NEWSESTLYONNAIS-INAUG-HALLE-J-VABRE-600x450.jpg 600w, https:\/\/newsestlyonnais.fr\/site\/wp-content\/uploads\/2017\/04\/NEWSESTLYONNAIS-INAUG-HALLE-J-VABRE-100x75.jpg 100w\" sizes=\"auto, (max-width: 1000px) 100vw, 1000px\" \/><\/p>\n<p>&nbsp;<\/p>\n<p>&nbsp;<\/p>\n<figure id=\"attachment_23799\" aria-describedby=\"caption-attachment-23799\" style=\"width: 1000px\" class=\"wp-caption alignleft\"><img loading=\"lazy\" decoding=\"async\" class=\"wp-image-23799 size-full\" src=\"https:\/\/newsestlyonnais.fr\/site\/medias\/2017\/04\/NEWSESTLYONNAIS-DISCOURS-INAUG.jpg\" alt=\"NEWSESTLYONNAIS - DISCOURS INAUG\" width=\"1000\" height=\"750\" srcset=\"https:\/\/newsestlyonnais.fr\/site\/wp-content\/uploads\/2017\/04\/NEWSESTLYONNAIS-DISCOURS-INAUG.jpg 1000w, https:\/\/newsestlyonnais.fr\/site\/wp-content\/uploads\/2017\/04\/NEWSESTLYONNAIS-DISCOURS-INAUG-400x300.jpg 400w, https:\/\/newsestlyonnais.fr\/site\/wp-content\/uploads\/2017\/04\/NEWSESTLYONNAIS-DISCOURS-INAUG-768x576.jpg 768w, https:\/\/newsestlyonnais.fr\/site\/wp-content\/uploads\/2017\/04\/NEWSESTLYONNAIS-DISCOURS-INAUG-600x450.jpg 600w, https:\/\/newsestlyonnais.fr\/site\/wp-content\/uploads\/2017\/04\/NEWSESTLYONNAIS-DISCOURS-INAUG-100x75.jpg 100w\" sizes=\"auto, (max-width: 1000px) 100vw, 1000px\" \/><figcaption id=\"caption-attachment-23799\" class=\"wp-caption-text\">Le discours inaugural tenu par Erick Lejal (pr\u00e9sident de l&rsquo;ESGA hand) puis Christine Callamard (adjointe aux sports &amp; associations)<\/figcaption><\/figure>\n<p><em><strong>Les locaux composant cette nouvelle structure ont \u00e9galement pu \u00eatre d\u00e9couverts au grand jour<br \/>\n<\/strong><\/em><\/p>\n<figure id=\"attachment_23796\" aria-describedby=\"caption-attachment-23796\" style=\"width: 1000px\" class=\"wp-caption alignleft\"><img loading=\"lazy\" decoding=\"async\" class=\"wp-image-23796 size-full\" src=\"https:\/\/newsestlyonnais.fr\/site\/medias\/2017\/04\/NEWSESTLYONNAIS-DOJO-.jpg\" alt=\"\" width=\"1000\" height=\"750\" srcset=\"https:\/\/newsestlyonnais.fr\/site\/wp-content\/uploads\/2017\/04\/NEWSESTLYONNAIS-DOJO-.jpg 1000w, https:\/\/newsestlyonnais.fr\/site\/wp-content\/uploads\/2017\/04\/NEWSESTLYONNAIS-DOJO--400x300.jpg 400w, https:\/\/newsestlyonnais.fr\/site\/wp-content\/uploads\/2017\/04\/NEWSESTLYONNAIS-DOJO--768x576.jpg 768w, https:\/\/newsestlyonnais.fr\/site\/wp-content\/uploads\/2017\/04\/NEWSESTLYONNAIS-DOJO--600x450.jpg 600w, https:\/\/newsestlyonnais.fr\/site\/wp-content\/uploads\/2017\/04\/NEWSESTLYONNAIS-DOJO--100x75.jpg 100w\" sizes=\"auto, (max-width: 1000px) 100vw, 1000px\" \/><figcaption id=\"caption-attachment-23796\" class=\"wp-caption-text\">Le nouveau Dojo qui accueillera les clubs de judo et de karat\u00e9<\/figcaption><\/figure>\n<figure id=\"attachment_23797\" aria-describedby=\"caption-attachment-23797\" style=\"width: 1000px\" class=\"wp-caption alignleft\"><img loading=\"lazy\" decoding=\"async\" class=\"size-full wp-image-23797\" src=\"https:\/\/newsestlyonnais.fr\/site\/medias\/2017\/04\/NEWSESTLYONNAIS-TENNIS-TABLE.jpg\" alt=\"\" width=\"1000\" height=\"750\" srcset=\"https:\/\/newsestlyonnais.fr\/site\/wp-content\/uploads\/2017\/04\/NEWSESTLYONNAIS-TENNIS-TABLE.jpg 1000w, https:\/\/newsestlyonnais.fr\/site\/wp-content\/uploads\/2017\/04\/NEWSESTLYONNAIS-TENNIS-TABLE-400x300.jpg 400w, https:\/\/newsestlyonnais.fr\/site\/wp-content\/uploads\/2017\/04\/NEWSESTLYONNAIS-TENNIS-TABLE-768x576.jpg 768w, https:\/\/newsestlyonnais.fr\/site\/wp-content\/uploads\/2017\/04\/NEWSESTLYONNAIS-TENNIS-TABLE-600x450.jpg 600w, https:\/\/newsestlyonnais.fr\/site\/wp-content\/uploads\/2017\/04\/NEWSESTLYONNAIS-TENNIS-TABLE-100x75.jpg 100w\" sizes=\"auto, (max-width: 1000px) 100vw, 1000px\" \/><figcaption id=\"caption-attachment-23797\" class=\"wp-caption-text\">Une nouvelle salle de tennis de table relook\u00e9e<\/figcaption><\/figure>\n<p>&nbsp;<\/p>\n<p><em><strong>PHOTO A LA UNE : Le ruban officiellement coup\u00e9<\/strong> <\/em><\/p>\n<p>&nbsp;<\/p>\n","protected":false},"excerpt":{"rendered":"<p>Samedi \u00e9tait synonyme d&rsquo;inauguration pour la toute nouvelle Halle des Sports baptis\u00e9e Jacques Vabre du nom du tout premier pr\u00e9sident de l&rsquo;ESGA Hand<\/p>\n","protected":false},"author":4,"featured_media":23792,"comment_status":"open","ping_status":"open","sticky":false,"template":"","format":"standard","meta":{"footnotes":""},"categories":[270,1598,172],"tags":[],"class_list":["post-23790","post","type-post","status-publish","format-standard","has-post-thumbnail","hentry","category-cte-de-communes-c-c-e-l","category-genas","category-travaux-amenagements"],"yoast_head":"<!-- This site is optimized with the Yoast SEO plugin v27.2 - https:\/\/yoast.com\/product\/yoast-seo-wordpress\/ -->\n<title>GENAS : Retour en images sur l&#039;inauguration de la Halle des Sports<\/title>\n<meta name=\"description\" content=\"GENAS : Retour en images sur l&#039;inauguration de la Halle des Sports\" \/>\n<meta name=\"robots\" content=\"index, follow, max-snippet:-1, max-image-preview:large, max-video-preview:-1\" \/>\n<link rel=\"canonical\" href=\"https:\/\/newsestlyonnais.fr\/site\/2017\/04\/01\/genas-retour-en-images-sur-linauguration-de-la-halle-des-sports\/\" \/>\n<meta property=\"og:locale\" content=\"fr_FR\" \/>\n<meta property=\"og:type\" content=\"article\" \/>\n<meta property=\"og:title\" content=\"GENAS : Retour en images sur l&#039;inauguration de la Halle des Sports\" \/>\n<meta property=\"og:description\" content=\"GENAS : Retour en images sur l&#039;inauguration de la Halle des Sports\" \/>\n<meta property=\"og:url\" content=\"https:\/\/newsestlyonnais.fr\/site\/2017\/04\/01\/genas-retour-en-images-sur-linauguration-de-la-halle-des-sports\/\" \/>\n<meta property=\"og:site_name\" content=\"News Est Lyonnais\" \/>\n<meta property=\"article:author\" content=\"https:\/\/www.facebook.com\/pascal.oberson.1?fref=ts\" \/>\n<meta property=\"article:published_time\" content=\"2017-04-01T18:48:47+00:00\" \/>\n<meta property=\"article:modified_time\" content=\"2020-11-16T18:30:40+00:00\" \/>\n<meta property=\"og:image\" content=\"https:\/\/i2.wp.com\/newsestlyonnais.fr\/site\/wp-content\/uploads\/2017\/04\/NEWSESTLYONNAIS-INAU-HALLE-SPORTS.jpg?fit=1000%2C750&ssl=1\" \/>\n\t<meta property=\"og:image:width\" content=\"1000\" \/>\n\t<meta property=\"og:image:height\" content=\"750\" \/>\n\t<meta property=\"og:image:type\" content=\"image\/jpeg\" \/>\n<meta name=\"author\" content=\"R\u00e9dac. NEWS\" \/>\n<meta name=\"twitter:card\" content=\"summary_large_image\" \/>\n<meta name=\"twitter:label1\" content=\"\u00c9crit par\" \/>\n\t<meta name=\"twitter:data1\" content=\"R\u00e9dac. NEWS\" \/>\n\t<meta name=\"twitter:label2\" content=\"Dur\u00e9e de lecture estim\u00e9e\" \/>\n\t<meta name=\"twitter:data2\" content=\"1 minute\" \/>\n<script type=\"application\/ld+json\" class=\"yoast-schema-graph\">{\"@context\":\"https:\/\/schema.org\",\"@graph\":[{\"@type\":\"Article\",\"@id\":\"https:\/\/newsestlyonnais.fr\/site\/2017\/04\/01\/genas-retour-en-images-sur-linauguration-de-la-halle-des-sports\/#article\",\"isPartOf\":{\"@id\":\"https:\/\/newsestlyonnais.fr\/site\/2017\/04\/01\/genas-retour-en-images-sur-linauguration-de-la-halle-des-sports\/\"},\"author\":{\"name\":\"R\u00e9dac. NEWS\",\"@id\":\"https:\/\/newsestlyonnais.fr\/site\/#\/schema\/person\/3230d5615f390bb808365d673001e887\"},\"headline\":\"GENAS | Retour en images &gt; inauguration de la Halle des Sports\",\"datePublished\":\"2017-04-01T18:48:47+00:00\",\"dateModified\":\"2020-11-16T18:30:40+00:00\",\"mainEntityOfPage\":{\"@id\":\"https:\/\/newsestlyonnais.fr\/site\/2017\/04\/01\/genas-retour-en-images-sur-linauguration-de-la-halle-des-sports\/\"},\"wordCount\":168,\"commentCount\":0,\"publisher\":{\"@id\":\"https:\/\/newsestlyonnais.fr\/site\/#organization\"},\"image\":{\"@id\":\"https:\/\/newsestlyonnais.fr\/site\/2017\/04\/01\/genas-retour-en-images-sur-linauguration-de-la-halle-des-sports\/#primaryimage\"},\"thumbnailUrl\":\"https:\/\/newsestlyonnais.fr\/site\/wp-content\/uploads\/2017\/04\/NEWSESTLYONNAIS-INAU-HALLE-SPORTS.jpg\",\"articleSection\":[\"CCEL | Communes\",\"Genas\",\"Travaux | Am\u00e9nagements\"],\"inLanguage\":\"fr-FR\",\"potentialAction\":[{\"@type\":\"CommentAction\",\"name\":\"Comment\",\"target\":[\"https:\/\/newsestlyonnais.fr\/site\/2017\/04\/01\/genas-retour-en-images-sur-linauguration-de-la-halle-des-sports\/#respond\"]}]},{\"@type\":\"WebPage\",\"@id\":\"https:\/\/newsestlyonnais.fr\/site\/2017\/04\/01\/genas-retour-en-images-sur-linauguration-de-la-halle-des-sports\/\",\"url\":\"https:\/\/newsestlyonnais.fr\/site\/2017\/04\/01\/genas-retour-en-images-sur-linauguration-de-la-halle-des-sports\/\",\"name\":\"GENAS : Retour en images sur l'inauguration de la Halle des Sports\",\"isPartOf\":{\"@id\":\"https:\/\/newsestlyonnais.fr\/site\/#website\"},\"primaryImageOfPage\":{\"@id\":\"https:\/\/newsestlyonnais.fr\/site\/2017\/04\/01\/genas-retour-en-images-sur-linauguration-de-la-halle-des-sports\/#primaryimage\"},\"image\":{\"@id\":\"https:\/\/newsestlyonnais.fr\/site\/2017\/04\/01\/genas-retour-en-images-sur-linauguration-de-la-halle-des-sports\/#primaryimage\"},\"thumbnailUrl\":\"https:\/\/newsestlyonnais.fr\/site\/wp-content\/uploads\/2017\/04\/NEWSESTLYONNAIS-INAU-HALLE-SPORTS.jpg\",\"datePublished\":\"2017-04-01T18:48:47+00:00\",\"dateModified\":\"2020-11-16T18:30:40+00:00\",\"description\":\"GENAS : Retour en images sur l'inauguration de la Halle des Sports\",\"breadcrumb\":{\"@id\":\"https:\/\/newsestlyonnais.fr\/site\/2017\/04\/01\/genas-retour-en-images-sur-linauguration-de-la-halle-des-sports\/#breadcrumb\"},\"inLanguage\":\"fr-FR\",\"potentialAction\":[{\"@type\":\"ReadAction\",\"target\":[\"https:\/\/newsestlyonnais.fr\/site\/2017\/04\/01\/genas-retour-en-images-sur-linauguration-de-la-halle-des-sports\/\"]}]},{\"@type\":\"ImageObject\",\"inLanguage\":\"fr-FR\",\"@id\":\"https:\/\/newsestlyonnais.fr\/site\/2017\/04\/01\/genas-retour-en-images-sur-linauguration-de-la-halle-des-sports\/#primaryimage\",\"url\":\"https:\/\/newsestlyonnais.fr\/site\/wp-content\/uploads\/2017\/04\/NEWSESTLYONNAIS-INAU-HALLE-SPORTS.jpg\",\"contentUrl\":\"https:\/\/newsestlyonnais.fr\/site\/wp-content\/uploads\/2017\/04\/NEWSESTLYONNAIS-INAU-HALLE-SPORTS.jpg\",\"width\":1000,\"height\":750,\"caption\":\"NEWSESTLYONNAIS - INAU HALLE SPORTS\"},{\"@type\":\"BreadcrumbList\",\"@id\":\"https:\/\/newsestlyonnais.fr\/site\/2017\/04\/01\/genas-retour-en-images-sur-linauguration-de-la-halle-des-sports\/#breadcrumb\",\"itemListElement\":[{\"@type\":\"ListItem\",\"position\":1,\"name\":\"Accueil\",\"item\":\"https:\/\/newsestlyonnais.fr\/site\/\"},{\"@type\":\"ListItem\",\"position\":2,\"name\":\"GENAS | Retour en images &gt; inauguration de la Halle des Sports\"}]},{\"@type\":\"WebSite\",\"@id\":\"https:\/\/newsestlyonnais.fr\/site\/#website\",\"url\":\"https:\/\/newsestlyonnais.fr\/site\/\",\"name\":\"News Est Lyonnais\",\"description\":\"L&#039;actualit\u00e9 au plus pr\u00e8s\",\"publisher\":{\"@id\":\"https:\/\/newsestlyonnais.fr\/site\/#organization\"},\"potentialAction\":[{\"@type\":\"SearchAction\",\"target\":{\"@type\":\"EntryPoint\",\"urlTemplate\":\"https:\/\/newsestlyonnais.fr\/site\/?s={search_term_string}\"},\"query-input\":{\"@type\":\"PropertyValueSpecification\",\"valueRequired\":true,\"valueName\":\"search_term_string\"}}],\"inLanguage\":\"fr-FR\"},{\"@type\":\"Organization\",\"@id\":\"https:\/\/newsestlyonnais.fr\/site\/#organization\",\"name\":\"News EST LYONNAIS\",\"url\":\"https:\/\/newsestlyonnais.fr\/site\/\",\"logo\":{\"@type\":\"ImageObject\",\"inLanguage\":\"fr-FR\",\"@id\":\"https:\/\/newsestlyonnais.fr\/site\/#\/schema\/logo\/image\/\",\"url\":\"\",\"contentUrl\":\"\",\"caption\":\"News EST LYONNAIS\"},\"image\":{\"@id\":\"https:\/\/newsestlyonnais.fr\/site\/#\/schema\/logo\/image\/\"}},{\"@type\":\"Person\",\"@id\":\"https:\/\/newsestlyonnais.fr\/site\/#\/schema\/person\/3230d5615f390bb808365d673001e887\",\"name\":\"R\u00e9dac. NEWS\",\"sameAs\":[\"http:\/\/www.newsestlyonnais.fr\",\"https:\/\/www.facebook.com\/pascal.oberson.1?fref=ts\",\"https:\/\/fr.linkedin.com\/in\/pascal-oberson-b17045113\"],\"url\":\"https:\/\/newsestlyonnais.fr\/site\/author\/nel\/\"}]}<\/script>\n<!-- \/ Yoast SEO plugin. -->","yoast_head_json":{"title":"GENAS : Retour en images sur l'inauguration de la Halle des Sports","description":"GENAS : Retour en images sur l'inauguration de la Halle des Sports","robots":{"index":"index","follow":"follow","max-snippet":"max-snippet:-1","max-image-preview":"max-image-preview:large","max-video-preview":"max-video-preview:-1"},"canonical":"https:\/\/newsestlyonnais.fr\/site\/2017\/04\/01\/genas-retour-en-images-sur-linauguration-de-la-halle-des-sports\/","og_locale":"fr_FR","og_type":"article","og_title":"GENAS : Retour en images sur l'inauguration de la Halle des Sports","og_description":"GENAS : Retour en images sur l'inauguration de la Halle des Sports","og_url":"https:\/\/newsestlyonnais.fr\/site\/2017\/04\/01\/genas-retour-en-images-sur-linauguration-de-la-halle-des-sports\/","og_site_name":"News Est Lyonnais","article_author":"https:\/\/www.facebook.com\/pascal.oberson.1?fref=ts","article_published_time":"2017-04-01T18:48:47+00:00","article_modified_time":"2020-11-16T18:30:40+00:00","og_image":[{"width":1000,"height":750,"url":"https:\/\/i2.wp.com\/newsestlyonnais.fr\/site\/wp-content\/uploads\/2017\/04\/NEWSESTLYONNAIS-INAU-HALLE-SPORTS.jpg?fit=1000%2C750&ssl=1","type":"image\/jpeg"}],"author":"R\u00e9dac. NEWS","twitter_card":"summary_large_image","twitter_misc":{"\u00c9crit par":"R\u00e9dac. NEWS","Dur\u00e9e de lecture estim\u00e9e":"1 minute"},"schema":{"@context":"https:\/\/schema.org","@graph":[{"@type":"Article","@id":"https:\/\/newsestlyonnais.fr\/site\/2017\/04\/01\/genas-retour-en-images-sur-linauguration-de-la-halle-des-sports\/#article","isPartOf":{"@id":"https:\/\/newsestlyonnais.fr\/site\/2017\/04\/01\/genas-retour-en-images-sur-linauguration-de-la-halle-des-sports\/"},"author":{"name":"R\u00e9dac. NEWS","@id":"https:\/\/newsestlyonnais.fr\/site\/#\/schema\/person\/3230d5615f390bb808365d673001e887"},"headline":"GENAS | Retour en images &gt; inauguration de la Halle des Sports","datePublished":"2017-04-01T18:48:47+00:00","dateModified":"2020-11-16T18:30:40+00:00","mainEntityOfPage":{"@id":"https:\/\/newsestlyonnais.fr\/site\/2017\/04\/01\/genas-retour-en-images-sur-linauguration-de-la-halle-des-sports\/"},"wordCount":168,"commentCount":0,"publisher":{"@id":"https:\/\/newsestlyonnais.fr\/site\/#organization"},"image":{"@id":"https:\/\/newsestlyonnais.fr\/site\/2017\/04\/01\/genas-retour-en-images-sur-linauguration-de-la-halle-des-sports\/#primaryimage"},"thumbnailUrl":"https:\/\/newsestlyonnais.fr\/site\/wp-content\/uploads\/2017\/04\/NEWSESTLYONNAIS-INAU-HALLE-SPORTS.jpg","articleSection":["CCEL | Communes","Genas","Travaux | Am\u00e9nagements"],"inLanguage":"fr-FR","potentialAction":[{"@type":"CommentAction","name":"Comment","target":["https:\/\/newsestlyonnais.fr\/site\/2017\/04\/01\/genas-retour-en-images-sur-linauguration-de-la-halle-des-sports\/#respond"]}]},{"@type":"WebPage","@id":"https:\/\/newsestlyonnais.fr\/site\/2017\/04\/01\/genas-retour-en-images-sur-linauguration-de-la-halle-des-sports\/","url":"https:\/\/newsestlyonnais.fr\/site\/2017\/04\/01\/genas-retour-en-images-sur-linauguration-de-la-halle-des-sports\/","name":"GENAS : Retour en images sur l'inauguration de la Halle des Sports","isPartOf":{"@id":"https:\/\/newsestlyonnais.fr\/site\/#website"},"primaryImageOfPage":{"@id":"https:\/\/newsestlyonnais.fr\/site\/2017\/04\/01\/genas-retour-en-images-sur-linauguration-de-la-halle-des-sports\/#primaryimage"},"image":{"@id":"https:\/\/newsestlyonnais.fr\/site\/2017\/04\/01\/genas-retour-en-images-sur-linauguration-de-la-halle-des-sports\/#primaryimage"},"thumbnailUrl":"https:\/\/newsestlyonnais.fr\/site\/wp-content\/uploads\/2017\/04\/NEWSESTLYONNAIS-INAU-HALLE-SPORTS.jpg","datePublished":"2017-04-01T18:48:47+00:00","dateModified":"2020-11-16T18:30:40+00:00","description":"GENAS : Retour en images sur l'inauguration de la Halle des Sports","breadcrumb":{"@id":"https:\/\/newsestlyonnais.fr\/site\/2017\/04\/01\/genas-retour-en-images-sur-linauguration-de-la-halle-des-sports\/#breadcrumb"},"inLanguage":"fr-FR","potentialAction":[{"@type":"ReadAction","target":["https:\/\/newsestlyonnais.fr\/site\/2017\/04\/01\/genas-retour-en-images-sur-linauguration-de-la-halle-des-sports\/"]}]},{"@type":"ImageObject","inLanguage":"fr-FR","@id":"https:\/\/newsestlyonnais.fr\/site\/2017\/04\/01\/genas-retour-en-images-sur-linauguration-de-la-halle-des-sports\/#primaryimage","url":"https:\/\/newsestlyonnais.fr\/site\/wp-content\/uploads\/2017\/04\/NEWSESTLYONNAIS-INAU-HALLE-SPORTS.jpg","contentUrl":"https:\/\/newsestlyonnais.fr\/site\/wp-content\/uploads\/2017\/04\/NEWSESTLYONNAIS-INAU-HALLE-SPORTS.jpg","width":1000,"height":750,"caption":"NEWSESTLYONNAIS - INAU HALLE SPORTS"},{"@type":"BreadcrumbList","@id":"https:\/\/newsestlyonnais.fr\/site\/2017\/04\/01\/genas-retour-en-images-sur-linauguration-de-la-halle-des-sports\/#breadcrumb","itemListElement":[{"@type":"ListItem","position":1,"name":"Accueil","item":"https:\/\/newsestlyonnais.fr\/site\/"},{"@type":"ListItem","position":2,"name":"GENAS | Retour en images &gt; inauguration de la Halle des Sports"}]},{"@type":"WebSite","@id":"https:\/\/newsestlyonnais.fr\/site\/#website","url":"https:\/\/newsestlyonnais.fr\/site\/","name":"News Est Lyonnais","description":"L&#039;actualit\u00e9 au plus pr\u00e8s","publisher":{"@id":"https:\/\/newsestlyonnais.fr\/site\/#organization"},"potentialAction":[{"@type":"SearchAction","target":{"@type":"EntryPoint","urlTemplate":"https:\/\/newsestlyonnais.fr\/site\/?s={search_term_string}"},"query-input":{"@type":"PropertyValueSpecification","valueRequired":true,"valueName":"search_term_string"}}],"inLanguage":"fr-FR"},{"@type":"Organization","@id":"https:\/\/newsestlyonnais.fr\/site\/#organization","name":"News EST LYONNAIS","url":"https:\/\/newsestlyonnais.fr\/site\/","logo":{"@type":"ImageObject","inLanguage":"fr-FR","@id":"https:\/\/newsestlyonnais.fr\/site\/#\/schema\/logo\/image\/","url":"","contentUrl":"","caption":"News EST LYONNAIS"},"image":{"@id":"https:\/\/newsestlyonnais.fr\/site\/#\/schema\/logo\/image\/"}},{"@type":"Person","@id":"https:\/\/newsestlyonnais.fr\/site\/#\/schema\/person\/3230d5615f390bb808365d673001e887","name":"R\u00e9dac. NEWS","sameAs":["http:\/\/www.newsestlyonnais.fr","https:\/\/www.facebook.com\/pascal.oberson.1?fref=ts","https:\/\/fr.linkedin.com\/in\/pascal-oberson-b17045113"],"url":"https:\/\/newsestlyonnais.fr\/site\/author\/nel\/"}]}},"_links":{"self":[{"href":"https:\/\/newsestlyonnais.fr\/site\/wp-json\/wp\/v2\/posts\/23790","targetHints":{"allow":["GET"]}}],"collection":[{"href":"https:\/\/newsestlyonnais.fr\/site\/wp-json\/wp\/v2\/posts"}],"about":[{"href":"https:\/\/newsestlyonnais.fr\/site\/wp-json\/wp\/v2\/types\/post"}],"author":[{"embeddable":true,"href":"https:\/\/newsestlyonnais.fr\/site\/wp-json\/wp\/v2\/users\/4"}],"replies":[{"embeddable":true,"href":"https:\/\/newsestlyonnais.fr\/site\/wp-json\/wp\/v2\/comments?post=23790"}],"version-history":[{"count":0,"href":"https:\/\/newsestlyonnais.fr\/site\/wp-json\/wp\/v2\/posts\/23790\/revisions"}],"wp:featuredmedia":[{"embeddable":true,"href":"https:\/\/newsestlyonnais.fr\/site\/wp-json\/wp\/v2\/media\/23792"}],"wp:attachment":[{"href":"https:\/\/newsestlyonnais.fr\/site\/wp-json\/wp\/v2\/media?parent=23790"}],"wp:term":[{"taxonomy":"category","embeddable":true,"href":"https:\/\/newsestlyonnais.fr\/site\/wp-json\/wp\/v2\/categories?post=23790"},{"taxonomy":"post_tag","embeddable":true,"href":"https:\/\/newsestlyonnais.fr\/site\/wp-json\/wp\/v2\/tags?post=23790"}],"curies":[{"name":"wp","href":"https:\/\/api.w.org\/{rel}","templated":true}]}}