{"id":23804,"date":"2017-04-02T07:09:25","date_gmt":"2017-04-02T06:09:25","guid":{"rendered":"http:\/\/newsestlyonnais.fr\/site\/?p=23804"},"modified":"2020-11-03T16:14:05","modified_gmt":"2020-11-03T15:14:05","slug":"vaulx-velin-seniors-vaulx-basket-club-simposent-clar","status":"publish","type":"post","link":"https:\/\/newsestlyonnais.fr\/site\/2017\/04\/02\/vaulx-velin-seniors-vaulx-basket-club-simposent-clar\/","title":{"rendered":"VAULX-EN-VELIN | Les seniors 1 du Vaulx Basket s&rsquo;imposent au finish au CLAR"},"content":{"rendered":"<h4 class=\"moz-forward-container\">Court d\u00e9placement samedi soir pour les seniors 1 du V.B.C. qui se rendaient au gymnase Bellecombe \u00e0 Lyon 6\u00b0 pour affronter le CLAR.<\/h4>\n<div class=\"moz-forward-container\">Avec un enjeu fort, puisque le CLAR \u00e9tait class\u00e9 juste derri\u00e8re le VBC, les deux \u00e9quipes jouant pour \u00e9viter la rel\u00e9gation.<\/div>\n<div class=\"moz-forward-container\"><\/div>\n<div class=\"moz-forward-container\">L&rsquo;ambiance \u00e9tait donc survolt\u00e9e samedi soir o\u00f9 les vaudais \u00e9taient venus en force et les supporters du CLAR bien pr\u00e9sents, malgr\u00e9 une salle non pr\u00e9vue pour autant de public. Mais qu&rsquo;importe, personne ne voulait manquer ce match !.<br \/>\nAu <strong>1\u00b0 quart temps<\/strong>, le VBC prend l&rsquo;avantage, avec un score de <strong>17 \u00e0 8<\/strong>. Au <strong>2\u00b0 quart temps<\/strong>, l&rsquo;ambiance se crispe et les fautes s&rsquo;accumulent. Le score se resserre aussi avec un <strong>38 \u00e0 33.<\/strong><br \/>\nAu <strong>3\u00b0 quart temps<\/strong>, le CLAR, bien recadr\u00e9 remonte avec une vitesse en une minute, recollant au score. Ce n&rsquo;est que gr\u00e2ce \u00e0 deux beaux paniers du VBC dans les 15 derni\u00e8res secondes qui remet 4 points au CLAR avec un score de <strong>48 \u00e0 52.<\/strong><br \/>\nAu <strong>4\u00b0 quart temps<\/strong>, le climat est toujours tendu, avec un cumul d&rsquo;agressivit\u00e9 et fautes. A la 4 &lsquo; de la fin, deux fautes coup sur coup, entrainent, apr\u00e8s jugement d&rsquo;un arbitre, puis correction de l&rsquo;autre arbitre. Apr\u00e8s conciliabule des deux arbitres, il est d\u00e9cid\u00e9 une double p\u00e9nalit\u00e9 de 1 point pour 1 joueur vaudais, de 2 points pour un autre joueur vaudais et remise pour le VBC. Les deux joueurs marquent leurs 3 points, amenant le score \u00e0 65- 58 pour les vaudais. Une r\u00e9clamation est pos\u00e9e par le CLAR. Le joueur qui a tir\u00e9 ne serait pas le bon ! Deux points sont retir\u00e9s, ramenant le score \u00e0 63-58. C&rsquo;est au tour du VBC de poser une r\u00e9clamation.<br \/>\nOn en est alors \u00e0 20 fautes c\u00f4t\u00e9 CLAR et 15 pour le VBC !<br \/>\nCet incident a d\u00e9stabilis\u00e9 tout le monde et chauff\u00e9 la salle ! Tout peut alors basculer.<br \/>\nMais les vaudais ne se sont pas d\u00e9mont\u00e9s et ont enchain\u00e9 les paniers rentrant, cl\u00f4turant le match par une victoire <strong>71 \u00e0 62.<\/strong><\/div>\n<div class=\"moz-forward-container\">NOTA : le VBC est actuellement 9\u00b0 de la poule K de N3 , \u00e0 l&rsquo;issue de la 20\u00b0 journ\u00e9e \u00e0 un point de l&rsquo;US Lentigny et 2 de JS Marzy.<\/div>\n<h4 class=\"moz-forward-container\">Il reste encore 2 matchs \u00e0 domicile pour le VBC (contre la Chorale de Roanne le 8 avril et le CS Ozon le samedi 15),\u00a0 cette victoire ne devrait pas manquer de leur donner s\u00e9r\u00e9nit\u00e9 et confiance !<\/h4>\n<ul>\n<li>Classement complet de la poule \u00e0 retrouver sur: <a href=\"http:\/\/resultats.ffbb.com\/championnat\/b5e6211e3762.html?r=200000002733922&amp;d=200000002782199&amp;p=20\" target=\"_blank\" rel=\"noopener noreferrer\">http:\/\/resultats.ffbb.com\/championnat\/b5e6211e3762.html?r=200000002733922&amp;d=200000002782199&amp;p=20<\/a><\/li>\n<\/ul>\n","protected":false},"excerpt":{"rendered":"<p>Court d\u00e9placement samedi soir pour les seniors 1 du V.B.C. qui se rendaient au gymnase Bellecombe \u00e0 Lyon 6\u00b0 pour affronter le CLAR. Avec un enjeu fort, puisque le CLAR \u00e9tait class\u00e9 juste derri\u00e8re le VBC, les deux \u00e9quipes jouant pour \u00e9viter la rel\u00e9gation. L&rsquo;ambiance \u00e9tait donc survolt\u00e9e samedi soir o\u00f9 les vaudais \u00e9taient venus [&hellip;]<\/p>\n","protected":false},"author":4,"featured_media":23809,"comment_status":"open","ping_status":"open","sticky":false,"template":"","format":"standard","meta":{"footnotes":""},"categories":[1357,2975,28],"tags":[],"class_list":["post-23804","post","type-post","status-publish","format-standard","has-post-thumbnail","hentry","category-basket","category-basket-hand-volley-sports","category-vaulx-en-velin"],"yoast_head":"<!-- This site is optimized with the Yoast SEO plugin v27.2 - https:\/\/yoast.com\/product\/yoast-seo-wordpress\/ -->\n<title>VAULX EN VELIN : Les seniors du Vaulx Basket Club s&#039;imposent au CLAR<\/title>\n<meta name=\"description\" content=\"VAULX EN VELIN : Les seniors du Vaulx Basket Club s&#039;imposent au CLAR\" \/>\n<meta name=\"robots\" content=\"index, follow, max-snippet:-1, max-image-preview:large, max-video-preview:-1\" \/>\n<link rel=\"canonical\" href=\"https:\/\/newsestlyonnais.fr\/site\/2017\/04\/02\/vaulx-velin-seniors-vaulx-basket-club-simposent-clar\/\" \/>\n<meta property=\"og:locale\" content=\"fr_FR\" \/>\n<meta property=\"og:type\" content=\"article\" \/>\n<meta property=\"og:title\" content=\"VAULX EN VELIN : Les seniors du Vaulx Basket Club s&#039;imposent au CLAR\" \/>\n<meta property=\"og:description\" content=\"VAULX EN VELIN : Les seniors du Vaulx Basket Club s&#039;imposent au CLAR\" \/>\n<meta property=\"og:url\" content=\"https:\/\/newsestlyonnais.fr\/site\/2017\/04\/02\/vaulx-velin-seniors-vaulx-basket-club-simposent-clar\/\" \/>\n<meta property=\"og:site_name\" content=\"News Est Lyonnais\" \/>\n<meta property=\"article:author\" content=\"https:\/\/www.facebook.com\/pascal.oberson.1?fref=ts\" \/>\n<meta property=\"article:published_time\" content=\"2017-04-02T06:09:25+00:00\" \/>\n<meta property=\"article:modified_time\" content=\"2020-11-03T15:14:05+00:00\" \/>\n<meta property=\"og:image\" content=\"https:\/\/i2.wp.com\/newsestlyonnais.fr\/site\/wp-content\/uploads\/2017\/04\/NEWSESTLYONNAIS-VBC-CLAR.jpg?fit=1000%2C750&ssl=1\" \/>\n\t<meta property=\"og:image:width\" content=\"1000\" \/>\n\t<meta property=\"og:image:height\" content=\"750\" \/>\n\t<meta property=\"og:image:type\" content=\"image\/jpeg\" \/>\n<meta name=\"author\" content=\"R\u00e9dac. NEWS\" \/>\n<meta name=\"twitter:card\" content=\"summary_large_image\" \/>\n<meta name=\"twitter:label1\" content=\"\u00c9crit par\" \/>\n\t<meta name=\"twitter:data1\" content=\"R\u00e9dac. NEWS\" \/>\n\t<meta name=\"twitter:label2\" content=\"Dur\u00e9e de lecture estim\u00e9e\" \/>\n\t<meta name=\"twitter:data2\" content=\"2 minutes\" \/>\n<script type=\"application\/ld+json\" class=\"yoast-schema-graph\">{\"@context\":\"https:\/\/schema.org\",\"@graph\":[{\"@type\":\"Article\",\"@id\":\"https:\/\/newsestlyonnais.fr\/site\/2017\/04\/02\/vaulx-velin-seniors-vaulx-basket-club-simposent-clar\/#article\",\"isPartOf\":{\"@id\":\"https:\/\/newsestlyonnais.fr\/site\/2017\/04\/02\/vaulx-velin-seniors-vaulx-basket-club-simposent-clar\/\"},\"author\":{\"name\":\"R\u00e9dac. NEWS\",\"@id\":\"https:\/\/newsestlyonnais.fr\/site\/#\/schema\/person\/3230d5615f390bb808365d673001e887\"},\"headline\":\"VAULX-EN-VELIN | Les seniors 1 du Vaulx Basket s&rsquo;imposent au finish au CLAR\",\"datePublished\":\"2017-04-02T06:09:25+00:00\",\"dateModified\":\"2020-11-03T15:14:05+00:00\",\"mainEntityOfPage\":{\"@id\":\"https:\/\/newsestlyonnais.fr\/site\/2017\/04\/02\/vaulx-velin-seniors-vaulx-basket-club-simposent-clar\/\"},\"wordCount\":428,\"commentCount\":0,\"publisher\":{\"@id\":\"https:\/\/newsestlyonnais.fr\/site\/#organization\"},\"image\":{\"@id\":\"https:\/\/newsestlyonnais.fr\/site\/2017\/04\/02\/vaulx-velin-seniors-vaulx-basket-club-simposent-clar\/#primaryimage\"},\"thumbnailUrl\":\"https:\/\/newsestlyonnais.fr\/site\/wp-content\/uploads\/2017\/04\/NEWSESTLYONNAIS-VBC-CLAR.jpg\",\"articleSection\":[\"Basket\",\"Basket | Hand | Volley\",\"Vaulx-en-Velin\"],\"inLanguage\":\"fr-FR\",\"potentialAction\":[{\"@type\":\"CommentAction\",\"name\":\"Comment\",\"target\":[\"https:\/\/newsestlyonnais.fr\/site\/2017\/04\/02\/vaulx-velin-seniors-vaulx-basket-club-simposent-clar\/#respond\"]}]},{\"@type\":\"WebPage\",\"@id\":\"https:\/\/newsestlyonnais.fr\/site\/2017\/04\/02\/vaulx-velin-seniors-vaulx-basket-club-simposent-clar\/\",\"url\":\"https:\/\/newsestlyonnais.fr\/site\/2017\/04\/02\/vaulx-velin-seniors-vaulx-basket-club-simposent-clar\/\",\"name\":\"VAULX EN VELIN : Les seniors du Vaulx Basket Club s'imposent au CLAR\",\"isPartOf\":{\"@id\":\"https:\/\/newsestlyonnais.fr\/site\/#website\"},\"primaryImageOfPage\":{\"@id\":\"https:\/\/newsestlyonnais.fr\/site\/2017\/04\/02\/vaulx-velin-seniors-vaulx-basket-club-simposent-clar\/#primaryimage\"},\"image\":{\"@id\":\"https:\/\/newsestlyonnais.fr\/site\/2017\/04\/02\/vaulx-velin-seniors-vaulx-basket-club-simposent-clar\/#primaryimage\"},\"thumbnailUrl\":\"https:\/\/newsestlyonnais.fr\/site\/wp-content\/uploads\/2017\/04\/NEWSESTLYONNAIS-VBC-CLAR.jpg\",\"datePublished\":\"2017-04-02T06:09:25+00:00\",\"dateModified\":\"2020-11-03T15:14:05+00:00\",\"description\":\"VAULX EN VELIN : Les seniors du Vaulx Basket Club s'imposent au CLAR\",\"breadcrumb\":{\"@id\":\"https:\/\/newsestlyonnais.fr\/site\/2017\/04\/02\/vaulx-velin-seniors-vaulx-basket-club-simposent-clar\/#breadcrumb\"},\"inLanguage\":\"fr-FR\",\"potentialAction\":[{\"@type\":\"ReadAction\",\"target\":[\"https:\/\/newsestlyonnais.fr\/site\/2017\/04\/02\/vaulx-velin-seniors-vaulx-basket-club-simposent-clar\/\"]}]},{\"@type\":\"ImageObject\",\"inLanguage\":\"fr-FR\",\"@id\":\"https:\/\/newsestlyonnais.fr\/site\/2017\/04\/02\/vaulx-velin-seniors-vaulx-basket-club-simposent-clar\/#primaryimage\",\"url\":\"https:\/\/newsestlyonnais.fr\/site\/wp-content\/uploads\/2017\/04\/NEWSESTLYONNAIS-VBC-CLAR.jpg\",\"contentUrl\":\"https:\/\/newsestlyonnais.fr\/site\/wp-content\/uploads\/2017\/04\/NEWSESTLYONNAIS-VBC-CLAR.jpg\",\"width\":1000,\"height\":750,\"caption\":\"NEWSESTLYONNAIS VBC CLAR\"},{\"@type\":\"BreadcrumbList\",\"@id\":\"https:\/\/newsestlyonnais.fr\/site\/2017\/04\/02\/vaulx-velin-seniors-vaulx-basket-club-simposent-clar\/#breadcrumb\",\"itemListElement\":[{\"@type\":\"ListItem\",\"position\":1,\"name\":\"Accueil\",\"item\":\"https:\/\/newsestlyonnais.fr\/site\/\"},{\"@type\":\"ListItem\",\"position\":2,\"name\":\"VAULX-EN-VELIN | Les seniors 1 du Vaulx Basket s&rsquo;imposent au finish au CLAR\"}]},{\"@type\":\"WebSite\",\"@id\":\"https:\/\/newsestlyonnais.fr\/site\/#website\",\"url\":\"https:\/\/newsestlyonnais.fr\/site\/\",\"name\":\"News Est Lyonnais\",\"description\":\"L&#039;actualit\u00e9 au plus pr\u00e8s\",\"publisher\":{\"@id\":\"https:\/\/newsestlyonnais.fr\/site\/#organization\"},\"potentialAction\":[{\"@type\":\"SearchAction\",\"target\":{\"@type\":\"EntryPoint\",\"urlTemplate\":\"https:\/\/newsestlyonnais.fr\/site\/?s={search_term_string}\"},\"query-input\":{\"@type\":\"PropertyValueSpecification\",\"valueRequired\":true,\"valueName\":\"search_term_string\"}}],\"inLanguage\":\"fr-FR\"},{\"@type\":\"Organization\",\"@id\":\"https:\/\/newsestlyonnais.fr\/site\/#organization\",\"name\":\"News EST LYONNAIS\",\"url\":\"https:\/\/newsestlyonnais.fr\/site\/\",\"logo\":{\"@type\":\"ImageObject\",\"inLanguage\":\"fr-FR\",\"@id\":\"https:\/\/newsestlyonnais.fr\/site\/#\/schema\/logo\/image\/\",\"url\":\"\",\"contentUrl\":\"\",\"caption\":\"News EST LYONNAIS\"},\"image\":{\"@id\":\"https:\/\/newsestlyonnais.fr\/site\/#\/schema\/logo\/image\/\"}},{\"@type\":\"Person\",\"@id\":\"https:\/\/newsestlyonnais.fr\/site\/#\/schema\/person\/3230d5615f390bb808365d673001e887\",\"name\":\"R\u00e9dac. NEWS\",\"sameAs\":[\"http:\/\/www.newsestlyonnais.fr\",\"https:\/\/www.facebook.com\/pascal.oberson.1?fref=ts\",\"https:\/\/fr.linkedin.com\/in\/pascal-oberson-b17045113\"],\"url\":\"https:\/\/newsestlyonnais.fr\/site\/author\/nel\/\"}]}<\/script>\n<!-- \/ Yoast SEO plugin. -->","yoast_head_json":{"title":"VAULX EN VELIN : Les seniors du Vaulx Basket Club s'imposent au CLAR","description":"VAULX EN VELIN : Les seniors du Vaulx Basket Club s'imposent au CLAR","robots":{"index":"index","follow":"follow","max-snippet":"max-snippet:-1","max-image-preview":"max-image-preview:large","max-video-preview":"max-video-preview:-1"},"canonical":"https:\/\/newsestlyonnais.fr\/site\/2017\/04\/02\/vaulx-velin-seniors-vaulx-basket-club-simposent-clar\/","og_locale":"fr_FR","og_type":"article","og_title":"VAULX EN VELIN : Les seniors du Vaulx Basket Club s'imposent au CLAR","og_description":"VAULX EN VELIN : Les seniors du Vaulx Basket Club s'imposent au CLAR","og_url":"https:\/\/newsestlyonnais.fr\/site\/2017\/04\/02\/vaulx-velin-seniors-vaulx-basket-club-simposent-clar\/","og_site_name":"News Est Lyonnais","article_author":"https:\/\/www.facebook.com\/pascal.oberson.1?fref=ts","article_published_time":"2017-04-02T06:09:25+00:00","article_modified_time":"2020-11-03T15:14:05+00:00","og_image":[{"width":1000,"height":750,"url":"https:\/\/i2.wp.com\/newsestlyonnais.fr\/site\/wp-content\/uploads\/2017\/04\/NEWSESTLYONNAIS-VBC-CLAR.jpg?fit=1000%2C750&ssl=1","type":"image\/jpeg"}],"author":"R\u00e9dac. NEWS","twitter_card":"summary_large_image","twitter_misc":{"\u00c9crit par":"R\u00e9dac. NEWS","Dur\u00e9e de lecture estim\u00e9e":"2 minutes"},"schema":{"@context":"https:\/\/schema.org","@graph":[{"@type":"Article","@id":"https:\/\/newsestlyonnais.fr\/site\/2017\/04\/02\/vaulx-velin-seniors-vaulx-basket-club-simposent-clar\/#article","isPartOf":{"@id":"https:\/\/newsestlyonnais.fr\/site\/2017\/04\/02\/vaulx-velin-seniors-vaulx-basket-club-simposent-clar\/"},"author":{"name":"R\u00e9dac. NEWS","@id":"https:\/\/newsestlyonnais.fr\/site\/#\/schema\/person\/3230d5615f390bb808365d673001e887"},"headline":"VAULX-EN-VELIN | Les seniors 1 du Vaulx Basket s&rsquo;imposent au finish au CLAR","datePublished":"2017-04-02T06:09:25+00:00","dateModified":"2020-11-03T15:14:05+00:00","mainEntityOfPage":{"@id":"https:\/\/newsestlyonnais.fr\/site\/2017\/04\/02\/vaulx-velin-seniors-vaulx-basket-club-simposent-clar\/"},"wordCount":428,"commentCount":0,"publisher":{"@id":"https:\/\/newsestlyonnais.fr\/site\/#organization"},"image":{"@id":"https:\/\/newsestlyonnais.fr\/site\/2017\/04\/02\/vaulx-velin-seniors-vaulx-basket-club-simposent-clar\/#primaryimage"},"thumbnailUrl":"https:\/\/newsestlyonnais.fr\/site\/wp-content\/uploads\/2017\/04\/NEWSESTLYONNAIS-VBC-CLAR.jpg","articleSection":["Basket","Basket | Hand | Volley","Vaulx-en-Velin"],"inLanguage":"fr-FR","potentialAction":[{"@type":"CommentAction","name":"Comment","target":["https:\/\/newsestlyonnais.fr\/site\/2017\/04\/02\/vaulx-velin-seniors-vaulx-basket-club-simposent-clar\/#respond"]}]},{"@type":"WebPage","@id":"https:\/\/newsestlyonnais.fr\/site\/2017\/04\/02\/vaulx-velin-seniors-vaulx-basket-club-simposent-clar\/","url":"https:\/\/newsestlyonnais.fr\/site\/2017\/04\/02\/vaulx-velin-seniors-vaulx-basket-club-simposent-clar\/","name":"VAULX EN VELIN : Les seniors du Vaulx Basket Club s'imposent au CLAR","isPartOf":{"@id":"https:\/\/newsestlyonnais.fr\/site\/#website"},"primaryImageOfPage":{"@id":"https:\/\/newsestlyonnais.fr\/site\/2017\/04\/02\/vaulx-velin-seniors-vaulx-basket-club-simposent-clar\/#primaryimage"},"image":{"@id":"https:\/\/newsestlyonnais.fr\/site\/2017\/04\/02\/vaulx-velin-seniors-vaulx-basket-club-simposent-clar\/#primaryimage"},"thumbnailUrl":"https:\/\/newsestlyonnais.fr\/site\/wp-content\/uploads\/2017\/04\/NEWSESTLYONNAIS-VBC-CLAR.jpg","datePublished":"2017-04-02T06:09:25+00:00","dateModified":"2020-11-03T15:14:05+00:00","description":"VAULX EN VELIN : Les seniors du Vaulx Basket Club s'imposent au CLAR","breadcrumb":{"@id":"https:\/\/newsestlyonnais.fr\/site\/2017\/04\/02\/vaulx-velin-seniors-vaulx-basket-club-simposent-clar\/#breadcrumb"},"inLanguage":"fr-FR","potentialAction":[{"@type":"ReadAction","target":["https:\/\/newsestlyonnais.fr\/site\/2017\/04\/02\/vaulx-velin-seniors-vaulx-basket-club-simposent-clar\/"]}]},{"@type":"ImageObject","inLanguage":"fr-FR","@id":"https:\/\/newsestlyonnais.fr\/site\/2017\/04\/02\/vaulx-velin-seniors-vaulx-basket-club-simposent-clar\/#primaryimage","url":"https:\/\/newsestlyonnais.fr\/site\/wp-content\/uploads\/2017\/04\/NEWSESTLYONNAIS-VBC-CLAR.jpg","contentUrl":"https:\/\/newsestlyonnais.fr\/site\/wp-content\/uploads\/2017\/04\/NEWSESTLYONNAIS-VBC-CLAR.jpg","width":1000,"height":750,"caption":"NEWSESTLYONNAIS VBC CLAR"},{"@type":"BreadcrumbList","@id":"https:\/\/newsestlyonnais.fr\/site\/2017\/04\/02\/vaulx-velin-seniors-vaulx-basket-club-simposent-clar\/#breadcrumb","itemListElement":[{"@type":"ListItem","position":1,"name":"Accueil","item":"https:\/\/newsestlyonnais.fr\/site\/"},{"@type":"ListItem","position":2,"name":"VAULX-EN-VELIN | Les seniors 1 du Vaulx Basket s&rsquo;imposent au finish au CLAR"}]},{"@type":"WebSite","@id":"https:\/\/newsestlyonnais.fr\/site\/#website","url":"https:\/\/newsestlyonnais.fr\/site\/","name":"News Est Lyonnais","description":"L&#039;actualit\u00e9 au plus pr\u00e8s","publisher":{"@id":"https:\/\/newsestlyonnais.fr\/site\/#organization"},"potentialAction":[{"@type":"SearchAction","target":{"@type":"EntryPoint","urlTemplate":"https:\/\/newsestlyonnais.fr\/site\/?s={search_term_string}"},"query-input":{"@type":"PropertyValueSpecification","valueRequired":true,"valueName":"search_term_string"}}],"inLanguage":"fr-FR"},{"@type":"Organization","@id":"https:\/\/newsestlyonnais.fr\/site\/#organization","name":"News EST LYONNAIS","url":"https:\/\/newsestlyonnais.fr\/site\/","logo":{"@type":"ImageObject","inLanguage":"fr-FR","@id":"https:\/\/newsestlyonnais.fr\/site\/#\/schema\/logo\/image\/","url":"","contentUrl":"","caption":"News EST LYONNAIS"},"image":{"@id":"https:\/\/newsestlyonnais.fr\/site\/#\/schema\/logo\/image\/"}},{"@type":"Person","@id":"https:\/\/newsestlyonnais.fr\/site\/#\/schema\/person\/3230d5615f390bb808365d673001e887","name":"R\u00e9dac. NEWS","sameAs":["http:\/\/www.newsestlyonnais.fr","https:\/\/www.facebook.com\/pascal.oberson.1?fref=ts","https:\/\/fr.linkedin.com\/in\/pascal-oberson-b17045113"],"url":"https:\/\/newsestlyonnais.fr\/site\/author\/nel\/"}]}},"_links":{"self":[{"href":"https:\/\/newsestlyonnais.fr\/site\/wp-json\/wp\/v2\/posts\/23804","targetHints":{"allow":["GET"]}}],"collection":[{"href":"https:\/\/newsestlyonnais.fr\/site\/wp-json\/wp\/v2\/posts"}],"about":[{"href":"https:\/\/newsestlyonnais.fr\/site\/wp-json\/wp\/v2\/types\/post"}],"author":[{"embeddable":true,"href":"https:\/\/newsestlyonnais.fr\/site\/wp-json\/wp\/v2\/users\/4"}],"replies":[{"embeddable":true,"href":"https:\/\/newsestlyonnais.fr\/site\/wp-json\/wp\/v2\/comments?post=23804"}],"version-history":[{"count":0,"href":"https:\/\/newsestlyonnais.fr\/site\/wp-json\/wp\/v2\/posts\/23804\/revisions"}],"wp:featuredmedia":[{"embeddable":true,"href":"https:\/\/newsestlyonnais.fr\/site\/wp-json\/wp\/v2\/media\/23809"}],"wp:attachment":[{"href":"https:\/\/newsestlyonnais.fr\/site\/wp-json\/wp\/v2\/media?parent=23804"}],"wp:term":[{"taxonomy":"category","embeddable":true,"href":"https:\/\/newsestlyonnais.fr\/site\/wp-json\/wp\/v2\/categories?post=23804"},{"taxonomy":"post_tag","embeddable":true,"href":"https:\/\/newsestlyonnais.fr\/site\/wp-json\/wp\/v2\/tags?post=23804"}],"curies":[{"name":"wp","href":"https:\/\/api.w.org\/{rel}","templated":true}]}}