{"id":23971,"date":"2017-04-05T06:41:05","date_gmt":"2017-04-05T05:41:05","guid":{"rendered":"http:\/\/newsestlyonnais.fr\/site\/?p=23971"},"modified":"2020-11-05T18:44:57","modified_gmt":"2020-11-05T17:44:57","slug":"chassieu-gym-un-titre-et-un-podium-aux-championnats-de-la-zone-sud-est","status":"publish","type":"post","link":"https:\/\/newsestlyonnais.fr\/site\/2017\/04\/05\/chassieu-gym-un-titre-et-un-podium-aux-championnats-de-la-zone-sud-est\/","title":{"rendered":"CHASSIEU GYM | Un titre et un podium aux championnats de la zone Sud Est"},"content":{"rendered":"<h4>Treize gymnastes de Chassieu Gym ont concouru le premier week-end d&rsquo;avril \u00e0 Avignon \u00e0 l&rsquo;occasion des demi-finales des championnats de France de Gymnastique.<\/h4>\n<p>Bilan positif puisque L\u00e9o BETTINELLI est devenu champion de Zone Sud-Est et Baptiste FOURETS vice-champion.<\/p>\n<ul>\n<li><strong>En nationaux<\/strong>: , Mat\u00e9o (12 ans) se classe 4\u00b0 avec un tr\u00e8s joli score, Mathias (14 ans) 6\u00b0 mais avec de grosses erreurs. Enzo et Louis (en 15 ans) se classent respectivement 8\u00b0 et 10\u00b0. Andran (18 ans) prend la 4\u00b0 place tandis que R\u00e9mi (chez les 19-21 ans) fr\u00f4le la correctionnelle au saut de cheval et prend la 5\u00b0 place. Enfin Tom (+ 22 ans) se classe 17 \u00b0. Tous ces gymnastes participeront \u00e0 la finale gr\u00e2ce \u00e0 leur bon score.<\/li>\n<\/ul>\n<ul>\n<li><strong>En troph\u00e9es f\u00e9d\u00e9raux<\/strong>, pas de qualification au point mais seulement les podiums. Jessim en 10\/11 ans se classe 10\u00b0 &amp; Hugo (12\/13 ans) 9\u00b0. L\u00e9o (en 14\/15 ans) gagne mais malheureusement Enzo se classe seulement 5\u00b0. Enfin en 16\/17 ans, Baptiste termine deuxi\u00e8me et Martin 4\u00b0 .<\/li>\n<\/ul>\n<h4>Suite des comp\u00e9titions les 15 et 16 avril prochains o\u00f9 5 \u00e9quipes de Chassieu Gym essayeront de se qualifier pour les finales nationales.<\/h4>\n<ul>\n<li>\n<h4>Retrouvez l&rsquo;ACTU du club sur: <a href=\"http:\/\/www.chassieugym.fr\" target=\"_blank\" rel=\"noopener noreferrer\">http:\/\/www.chassieugym.fr<\/a><\/h4>\n<\/li>\n<\/ul>\n","protected":false},"excerpt":{"rendered":"<p>Treize gymnastes de Chassieu Gym ont concouru le premier week-end d&rsquo;avril \u00e0 Avignon \u00e0 l&rsquo;occasion des demi-finales des championnats de France de Gymnastique. Bilan positif puisque L\u00e9o BETTINELLI est devenu champion de Zone Sud-Est et Baptiste FOURETS vice-champion. En nationaux: , Mat\u00e9o (12 ans) se classe 4\u00b0 avec un tr\u00e8s joli score, Mathias (14 ans) [&hellip;]<\/p>\n","protected":false},"author":4,"featured_media":23975,"comment_status":"open","ping_status":"open","sticky":false,"template":"","format":"standard","meta":{"footnotes":""},"categories":[1283,166,1319],"tags":[],"class_list":["post-23971","post","type-post","status-publish","format-standard","has-post-thumbnail","hentry","category-chassieu-communes-diverses","category-divers-sports","category-gymnastique-grs-gv"],"yoast_head":"<!-- This site is optimized with the Yoast SEO plugin v27.2 - https:\/\/yoast.com\/product\/yoast-seo-wordpress\/ -->\n<title>CHASSIEU GYM: Un titre et un podium aux championnats de la zone Sud Est<\/title>\n<meta name=\"description\" content=\"CHASSIEU GYM: Un titre et un podium aux championnats de la zone Sud Est\" \/>\n<meta name=\"robots\" content=\"index, follow, max-snippet:-1, max-image-preview:large, max-video-preview:-1\" \/>\n<link rel=\"canonical\" href=\"https:\/\/newsestlyonnais.fr\/site\/2017\/04\/05\/chassieu-gym-un-titre-et-un-podium-aux-championnats-de-la-zone-sud-est\/\" \/>\n<meta property=\"og:locale\" content=\"fr_FR\" \/>\n<meta property=\"og:type\" content=\"article\" \/>\n<meta property=\"og:title\" content=\"CHASSIEU GYM: Un titre et un podium aux championnats de la zone Sud Est\" \/>\n<meta property=\"og:description\" content=\"CHASSIEU GYM: Un titre et un podium aux championnats de la zone Sud Est\" \/>\n<meta property=\"og:url\" content=\"https:\/\/newsestlyonnais.fr\/site\/2017\/04\/05\/chassieu-gym-un-titre-et-un-podium-aux-championnats-de-la-zone-sud-est\/\" \/>\n<meta property=\"og:site_name\" content=\"News Est Lyonnais\" \/>\n<meta property=\"article:author\" content=\"https:\/\/www.facebook.com\/pascal.oberson.1?fref=ts\" \/>\n<meta property=\"article:published_time\" content=\"2017-04-05T05:41:05+00:00\" \/>\n<meta property=\"article:modified_time\" content=\"2020-11-05T17:44:57+00:00\" \/>\n<meta property=\"og:image\" content=\"https:\/\/i2.wp.com\/newsestlyonnais.fr\/site\/wp-content\/uploads\/2017\/04\/NEWSESTLYONNAIS-CHASSIEU-GYM-ZONE-.jpg?fit=1000%2C750&ssl=1\" \/>\n\t<meta property=\"og:image:width\" content=\"1000\" \/>\n\t<meta property=\"og:image:height\" content=\"750\" \/>\n\t<meta property=\"og:image:type\" content=\"image\/jpeg\" \/>\n<meta name=\"author\" content=\"R\u00e9dac. NEWS\" \/>\n<meta name=\"twitter:card\" content=\"summary_large_image\" \/>\n<meta name=\"twitter:label1\" content=\"\u00c9crit par\" \/>\n\t<meta name=\"twitter:data1\" content=\"R\u00e9dac. NEWS\" \/>\n\t<meta name=\"twitter:label2\" content=\"Dur\u00e9e de lecture estim\u00e9e\" \/>\n\t<meta name=\"twitter:data2\" content=\"1 minute\" \/>\n<script type=\"application\/ld+json\" class=\"yoast-schema-graph\">{\"@context\":\"https:\/\/schema.org\",\"@graph\":[{\"@type\":\"Article\",\"@id\":\"https:\/\/newsestlyonnais.fr\/site\/2017\/04\/05\/chassieu-gym-un-titre-et-un-podium-aux-championnats-de-la-zone-sud-est\/#article\",\"isPartOf\":{\"@id\":\"https:\/\/newsestlyonnais.fr\/site\/2017\/04\/05\/chassieu-gym-un-titre-et-un-podium-aux-championnats-de-la-zone-sud-est\/\"},\"author\":{\"name\":\"R\u00e9dac. NEWS\",\"@id\":\"https:\/\/newsestlyonnais.fr\/site\/#\/schema\/person\/3230d5615f390bb808365d673001e887\"},\"headline\":\"CHASSIEU GYM | Un titre et un podium aux championnats de la zone Sud Est\",\"datePublished\":\"2017-04-05T05:41:05+00:00\",\"dateModified\":\"2020-11-05T17:44:57+00:00\",\"mainEntityOfPage\":{\"@id\":\"https:\/\/newsestlyonnais.fr\/site\/2017\/04\/05\/chassieu-gym-un-titre-et-un-podium-aux-championnats-de-la-zone-sud-est\/\"},\"wordCount\":197,\"commentCount\":0,\"publisher\":{\"@id\":\"https:\/\/newsestlyonnais.fr\/site\/#organization\"},\"image\":{\"@id\":\"https:\/\/newsestlyonnais.fr\/site\/2017\/04\/05\/chassieu-gym-un-titre-et-un-podium-aux-championnats-de-la-zone-sud-est\/#primaryimage\"},\"thumbnailUrl\":\"https:\/\/newsestlyonnais.fr\/site\/wp-content\/uploads\/2017\/04\/NEWSESTLYONNAIS-CHASSIEU-GYM-ZONE-.jpg\",\"articleSection\":[\"Chassieu | Communes diverses\",\"Divers Sports\",\"Gymnastique | Grs | Gv\"],\"inLanguage\":\"fr-FR\",\"potentialAction\":[{\"@type\":\"CommentAction\",\"name\":\"Comment\",\"target\":[\"https:\/\/newsestlyonnais.fr\/site\/2017\/04\/05\/chassieu-gym-un-titre-et-un-podium-aux-championnats-de-la-zone-sud-est\/#respond\"]}]},{\"@type\":\"WebPage\",\"@id\":\"https:\/\/newsestlyonnais.fr\/site\/2017\/04\/05\/chassieu-gym-un-titre-et-un-podium-aux-championnats-de-la-zone-sud-est\/\",\"url\":\"https:\/\/newsestlyonnais.fr\/site\/2017\/04\/05\/chassieu-gym-un-titre-et-un-podium-aux-championnats-de-la-zone-sud-est\/\",\"name\":\"CHASSIEU GYM: Un titre et un podium aux championnats de la zone Sud Est\",\"isPartOf\":{\"@id\":\"https:\/\/newsestlyonnais.fr\/site\/#website\"},\"primaryImageOfPage\":{\"@id\":\"https:\/\/newsestlyonnais.fr\/site\/2017\/04\/05\/chassieu-gym-un-titre-et-un-podium-aux-championnats-de-la-zone-sud-est\/#primaryimage\"},\"image\":{\"@id\":\"https:\/\/newsestlyonnais.fr\/site\/2017\/04\/05\/chassieu-gym-un-titre-et-un-podium-aux-championnats-de-la-zone-sud-est\/#primaryimage\"},\"thumbnailUrl\":\"https:\/\/newsestlyonnais.fr\/site\/wp-content\/uploads\/2017\/04\/NEWSESTLYONNAIS-CHASSIEU-GYM-ZONE-.jpg\",\"datePublished\":\"2017-04-05T05:41:05+00:00\",\"dateModified\":\"2020-11-05T17:44:57+00:00\",\"description\":\"CHASSIEU GYM: Un titre et un podium aux championnats de la zone Sud Est\",\"breadcrumb\":{\"@id\":\"https:\/\/newsestlyonnais.fr\/site\/2017\/04\/05\/chassieu-gym-un-titre-et-un-podium-aux-championnats-de-la-zone-sud-est\/#breadcrumb\"},\"inLanguage\":\"fr-FR\",\"potentialAction\":[{\"@type\":\"ReadAction\",\"target\":[\"https:\/\/newsestlyonnais.fr\/site\/2017\/04\/05\/chassieu-gym-un-titre-et-un-podium-aux-championnats-de-la-zone-sud-est\/\"]}]},{\"@type\":\"ImageObject\",\"inLanguage\":\"fr-FR\",\"@id\":\"https:\/\/newsestlyonnais.fr\/site\/2017\/04\/05\/chassieu-gym-un-titre-et-un-podium-aux-championnats-de-la-zone-sud-est\/#primaryimage\",\"url\":\"https:\/\/newsestlyonnais.fr\/site\/wp-content\/uploads\/2017\/04\/NEWSESTLYONNAIS-CHASSIEU-GYM-ZONE-.jpg\",\"contentUrl\":\"https:\/\/newsestlyonnais.fr\/site\/wp-content\/uploads\/2017\/04\/NEWSESTLYONNAIS-CHASSIEU-GYM-ZONE-.jpg\",\"width\":1000,\"height\":750,\"caption\":\"NEWSESTLYONNAIS CHASSIEU GYM ZONE\"},{\"@type\":\"BreadcrumbList\",\"@id\":\"https:\/\/newsestlyonnais.fr\/site\/2017\/04\/05\/chassieu-gym-un-titre-et-un-podium-aux-championnats-de-la-zone-sud-est\/#breadcrumb\",\"itemListElement\":[{\"@type\":\"ListItem\",\"position\":1,\"name\":\"Accueil\",\"item\":\"https:\/\/newsestlyonnais.fr\/site\/\"},{\"@type\":\"ListItem\",\"position\":2,\"name\":\"CHASSIEU GYM | Un titre et un podium aux championnats de la zone Sud Est\"}]},{\"@type\":\"WebSite\",\"@id\":\"https:\/\/newsestlyonnais.fr\/site\/#website\",\"url\":\"https:\/\/newsestlyonnais.fr\/site\/\",\"name\":\"News Est Lyonnais\",\"description\":\"L&#039;actualit\u00e9 au plus pr\u00e8s\",\"publisher\":{\"@id\":\"https:\/\/newsestlyonnais.fr\/site\/#organization\"},\"potentialAction\":[{\"@type\":\"SearchAction\",\"target\":{\"@type\":\"EntryPoint\",\"urlTemplate\":\"https:\/\/newsestlyonnais.fr\/site\/?s={search_term_string}\"},\"query-input\":{\"@type\":\"PropertyValueSpecification\",\"valueRequired\":true,\"valueName\":\"search_term_string\"}}],\"inLanguage\":\"fr-FR\"},{\"@type\":\"Organization\",\"@id\":\"https:\/\/newsestlyonnais.fr\/site\/#organization\",\"name\":\"News EST LYONNAIS\",\"url\":\"https:\/\/newsestlyonnais.fr\/site\/\",\"logo\":{\"@type\":\"ImageObject\",\"inLanguage\":\"fr-FR\",\"@id\":\"https:\/\/newsestlyonnais.fr\/site\/#\/schema\/logo\/image\/\",\"url\":\"\",\"contentUrl\":\"\",\"caption\":\"News EST LYONNAIS\"},\"image\":{\"@id\":\"https:\/\/newsestlyonnais.fr\/site\/#\/schema\/logo\/image\/\"}},{\"@type\":\"Person\",\"@id\":\"https:\/\/newsestlyonnais.fr\/site\/#\/schema\/person\/3230d5615f390bb808365d673001e887\",\"name\":\"R\u00e9dac. NEWS\",\"sameAs\":[\"http:\/\/www.newsestlyonnais.fr\",\"https:\/\/www.facebook.com\/pascal.oberson.1?fref=ts\",\"https:\/\/fr.linkedin.com\/in\/pascal-oberson-b17045113\"],\"url\":\"https:\/\/newsestlyonnais.fr\/site\/author\/nel\/\"}]}<\/script>\n<!-- \/ Yoast SEO plugin. -->","yoast_head_json":{"title":"CHASSIEU GYM: Un titre et un podium aux championnats de la zone Sud Est","description":"CHASSIEU GYM: Un titre et un podium aux championnats de la zone Sud Est","robots":{"index":"index","follow":"follow","max-snippet":"max-snippet:-1","max-image-preview":"max-image-preview:large","max-video-preview":"max-video-preview:-1"},"canonical":"https:\/\/newsestlyonnais.fr\/site\/2017\/04\/05\/chassieu-gym-un-titre-et-un-podium-aux-championnats-de-la-zone-sud-est\/","og_locale":"fr_FR","og_type":"article","og_title":"CHASSIEU GYM: Un titre et un podium aux championnats de la zone Sud Est","og_description":"CHASSIEU GYM: Un titre et un podium aux championnats de la zone Sud Est","og_url":"https:\/\/newsestlyonnais.fr\/site\/2017\/04\/05\/chassieu-gym-un-titre-et-un-podium-aux-championnats-de-la-zone-sud-est\/","og_site_name":"News Est Lyonnais","article_author":"https:\/\/www.facebook.com\/pascal.oberson.1?fref=ts","article_published_time":"2017-04-05T05:41:05+00:00","article_modified_time":"2020-11-05T17:44:57+00:00","og_image":[{"width":1000,"height":750,"url":"https:\/\/i2.wp.com\/newsestlyonnais.fr\/site\/wp-content\/uploads\/2017\/04\/NEWSESTLYONNAIS-CHASSIEU-GYM-ZONE-.jpg?fit=1000%2C750&ssl=1","type":"image\/jpeg"}],"author":"R\u00e9dac. NEWS","twitter_card":"summary_large_image","twitter_misc":{"\u00c9crit par":"R\u00e9dac. NEWS","Dur\u00e9e de lecture estim\u00e9e":"1 minute"},"schema":{"@context":"https:\/\/schema.org","@graph":[{"@type":"Article","@id":"https:\/\/newsestlyonnais.fr\/site\/2017\/04\/05\/chassieu-gym-un-titre-et-un-podium-aux-championnats-de-la-zone-sud-est\/#article","isPartOf":{"@id":"https:\/\/newsestlyonnais.fr\/site\/2017\/04\/05\/chassieu-gym-un-titre-et-un-podium-aux-championnats-de-la-zone-sud-est\/"},"author":{"name":"R\u00e9dac. NEWS","@id":"https:\/\/newsestlyonnais.fr\/site\/#\/schema\/person\/3230d5615f390bb808365d673001e887"},"headline":"CHASSIEU GYM | Un titre et un podium aux championnats de la zone Sud Est","datePublished":"2017-04-05T05:41:05+00:00","dateModified":"2020-11-05T17:44:57+00:00","mainEntityOfPage":{"@id":"https:\/\/newsestlyonnais.fr\/site\/2017\/04\/05\/chassieu-gym-un-titre-et-un-podium-aux-championnats-de-la-zone-sud-est\/"},"wordCount":197,"commentCount":0,"publisher":{"@id":"https:\/\/newsestlyonnais.fr\/site\/#organization"},"image":{"@id":"https:\/\/newsestlyonnais.fr\/site\/2017\/04\/05\/chassieu-gym-un-titre-et-un-podium-aux-championnats-de-la-zone-sud-est\/#primaryimage"},"thumbnailUrl":"https:\/\/newsestlyonnais.fr\/site\/wp-content\/uploads\/2017\/04\/NEWSESTLYONNAIS-CHASSIEU-GYM-ZONE-.jpg","articleSection":["Chassieu | Communes diverses","Divers Sports","Gymnastique | Grs | Gv"],"inLanguage":"fr-FR","potentialAction":[{"@type":"CommentAction","name":"Comment","target":["https:\/\/newsestlyonnais.fr\/site\/2017\/04\/05\/chassieu-gym-un-titre-et-un-podium-aux-championnats-de-la-zone-sud-est\/#respond"]}]},{"@type":"WebPage","@id":"https:\/\/newsestlyonnais.fr\/site\/2017\/04\/05\/chassieu-gym-un-titre-et-un-podium-aux-championnats-de-la-zone-sud-est\/","url":"https:\/\/newsestlyonnais.fr\/site\/2017\/04\/05\/chassieu-gym-un-titre-et-un-podium-aux-championnats-de-la-zone-sud-est\/","name":"CHASSIEU GYM: Un titre et un podium aux championnats de la zone Sud Est","isPartOf":{"@id":"https:\/\/newsestlyonnais.fr\/site\/#website"},"primaryImageOfPage":{"@id":"https:\/\/newsestlyonnais.fr\/site\/2017\/04\/05\/chassieu-gym-un-titre-et-un-podium-aux-championnats-de-la-zone-sud-est\/#primaryimage"},"image":{"@id":"https:\/\/newsestlyonnais.fr\/site\/2017\/04\/05\/chassieu-gym-un-titre-et-un-podium-aux-championnats-de-la-zone-sud-est\/#primaryimage"},"thumbnailUrl":"https:\/\/newsestlyonnais.fr\/site\/wp-content\/uploads\/2017\/04\/NEWSESTLYONNAIS-CHASSIEU-GYM-ZONE-.jpg","datePublished":"2017-04-05T05:41:05+00:00","dateModified":"2020-11-05T17:44:57+00:00","description":"CHASSIEU GYM: Un titre et un podium aux championnats de la zone Sud Est","breadcrumb":{"@id":"https:\/\/newsestlyonnais.fr\/site\/2017\/04\/05\/chassieu-gym-un-titre-et-un-podium-aux-championnats-de-la-zone-sud-est\/#breadcrumb"},"inLanguage":"fr-FR","potentialAction":[{"@type":"ReadAction","target":["https:\/\/newsestlyonnais.fr\/site\/2017\/04\/05\/chassieu-gym-un-titre-et-un-podium-aux-championnats-de-la-zone-sud-est\/"]}]},{"@type":"ImageObject","inLanguage":"fr-FR","@id":"https:\/\/newsestlyonnais.fr\/site\/2017\/04\/05\/chassieu-gym-un-titre-et-un-podium-aux-championnats-de-la-zone-sud-est\/#primaryimage","url":"https:\/\/newsestlyonnais.fr\/site\/wp-content\/uploads\/2017\/04\/NEWSESTLYONNAIS-CHASSIEU-GYM-ZONE-.jpg","contentUrl":"https:\/\/newsestlyonnais.fr\/site\/wp-content\/uploads\/2017\/04\/NEWSESTLYONNAIS-CHASSIEU-GYM-ZONE-.jpg","width":1000,"height":750,"caption":"NEWSESTLYONNAIS CHASSIEU GYM ZONE"},{"@type":"BreadcrumbList","@id":"https:\/\/newsestlyonnais.fr\/site\/2017\/04\/05\/chassieu-gym-un-titre-et-un-podium-aux-championnats-de-la-zone-sud-est\/#breadcrumb","itemListElement":[{"@type":"ListItem","position":1,"name":"Accueil","item":"https:\/\/newsestlyonnais.fr\/site\/"},{"@type":"ListItem","position":2,"name":"CHASSIEU GYM | Un titre et un podium aux championnats de la zone Sud Est"}]},{"@type":"WebSite","@id":"https:\/\/newsestlyonnais.fr\/site\/#website","url":"https:\/\/newsestlyonnais.fr\/site\/","name":"News Est Lyonnais","description":"L&#039;actualit\u00e9 au plus pr\u00e8s","publisher":{"@id":"https:\/\/newsestlyonnais.fr\/site\/#organization"},"potentialAction":[{"@type":"SearchAction","target":{"@type":"EntryPoint","urlTemplate":"https:\/\/newsestlyonnais.fr\/site\/?s={search_term_string}"},"query-input":{"@type":"PropertyValueSpecification","valueRequired":true,"valueName":"search_term_string"}}],"inLanguage":"fr-FR"},{"@type":"Organization","@id":"https:\/\/newsestlyonnais.fr\/site\/#organization","name":"News EST LYONNAIS","url":"https:\/\/newsestlyonnais.fr\/site\/","logo":{"@type":"ImageObject","inLanguage":"fr-FR","@id":"https:\/\/newsestlyonnais.fr\/site\/#\/schema\/logo\/image\/","url":"","contentUrl":"","caption":"News EST LYONNAIS"},"image":{"@id":"https:\/\/newsestlyonnais.fr\/site\/#\/schema\/logo\/image\/"}},{"@type":"Person","@id":"https:\/\/newsestlyonnais.fr\/site\/#\/schema\/person\/3230d5615f390bb808365d673001e887","name":"R\u00e9dac. NEWS","sameAs":["http:\/\/www.newsestlyonnais.fr","https:\/\/www.facebook.com\/pascal.oberson.1?fref=ts","https:\/\/fr.linkedin.com\/in\/pascal-oberson-b17045113"],"url":"https:\/\/newsestlyonnais.fr\/site\/author\/nel\/"}]}},"_links":{"self":[{"href":"https:\/\/newsestlyonnais.fr\/site\/wp-json\/wp\/v2\/posts\/23971","targetHints":{"allow":["GET"]}}],"collection":[{"href":"https:\/\/newsestlyonnais.fr\/site\/wp-json\/wp\/v2\/posts"}],"about":[{"href":"https:\/\/newsestlyonnais.fr\/site\/wp-json\/wp\/v2\/types\/post"}],"author":[{"embeddable":true,"href":"https:\/\/newsestlyonnais.fr\/site\/wp-json\/wp\/v2\/users\/4"}],"replies":[{"embeddable":true,"href":"https:\/\/newsestlyonnais.fr\/site\/wp-json\/wp\/v2\/comments?post=23971"}],"version-history":[{"count":0,"href":"https:\/\/newsestlyonnais.fr\/site\/wp-json\/wp\/v2\/posts\/23971\/revisions"}],"wp:featuredmedia":[{"embeddable":true,"href":"https:\/\/newsestlyonnais.fr\/site\/wp-json\/wp\/v2\/media\/23975"}],"wp:attachment":[{"href":"https:\/\/newsestlyonnais.fr\/site\/wp-json\/wp\/v2\/media?parent=23971"}],"wp:term":[{"taxonomy":"category","embeddable":true,"href":"https:\/\/newsestlyonnais.fr\/site\/wp-json\/wp\/v2\/categories?post=23971"},{"taxonomy":"post_tag","embeddable":true,"href":"https:\/\/newsestlyonnais.fr\/site\/wp-json\/wp\/v2\/tags?post=23971"}],"curies":[{"name":"wp","href":"https:\/\/api.w.org\/{rel}","templated":true}]}}