{"id":24012,"date":"2017-04-05T19:33:38","date_gmt":"2017-04-05T18:33:38","guid":{"rendered":"http:\/\/newsestlyonnais.fr\/site\/?p=24012"},"modified":"2020-11-17T15:30:17","modified_gmt":"2020-11-17T14:30:17","slug":"decines-nouvelle-edition-du-decijogg-ce-dimanche","status":"publish","type":"post","link":"https:\/\/newsestlyonnais.fr\/site\/2017\/04\/05\/decines-nouvelle-edition-du-decijogg-ce-dimanche\/","title":{"rendered":"DECINES | Nouvelle \u00e9dition du DECIJOGG ce dimanche !"},"content":{"rendered":"<h4>La traditionnelle course p\u00e9destre du \u00ab\u00a0DECIJOGG\u00a0\u00bb change de look et adopte cette ann\u00e9e un format plus printanier\u00a0!<\/h4>\n<p>L\u2019\u00e9v\u00e8nement devient \u00e9galement une manifestation SOLIDAIRE avec la \u00ab\u00a05 de C\u0153ur\u00a0\u00bb, course ouverte \u00e0 tous dont le montant des inscriptions sera int\u00e9gralement revers\u00e9 \u00e0 la Ligue contre le Cancer !<\/p>\n<p>Un parcours FESTIF et non chronom\u00e9tr\u00e9 de <strong>5 km<\/strong> dans la ville de D\u00e9cines (2 \u20ac seulement la participation) : <strong>D\u00e9part \u00e0 10 h 45<\/strong> <em>(certificat m\u00e9dical non obligatoire).<\/em><\/p>\n<p>Et pour les plus entra\u00een\u00e9s, il est encore possible de s&rsquo;inscrire sur le <strong>10 ou 20 km<\/strong> autour de l\u2019anneau bleu et faire un don libre <em>(facultatif)<\/em> au moment de son inscription. Une course NATURE dans un cadre agr\u00e9able, le tout agr\u00e9ment\u00e9 d\u2019une bonne dose de CONVIVIALITE\u00a0avec un <strong>d\u00e9part commun \u00e0 10 h.<\/strong><\/p>\n<p>Pas question non plus d\u2019oublier les plus jeunes avec des courses d\u00e9di\u00e9es aux enfants <em>(n\u00e9s entre 2009 et 2011 ou entre 2006 et 2008)<\/em> \u00e0 partir de 10 h 05. Un \u00e9v\u00e9nement FAMILIAL avec un village anim\u00e9 \u00e0 ne surtout pas manquer\u00a0!<\/p>\n<p><em><strong>D\u00e9parts et arriv\u00e9es<\/strong> place Roger Salengro \u00e0 D\u00e9cines.<\/em><\/p>\n<p><em><strong>Retrait des dossards<\/strong>: samedi 8 avril de 14 h \u00e0 17 h dans le hall du Toboggan, ou dimanche \u00e0 la Salle des F\u00eates, jusqu\u2019\u00e0 9 h 30 pour les 10 et 20km et 10 h 15 pour la \u00ab\u00a05 de C\u0153ur\u00a0\u00bb.<\/em><\/p>\n<ul>\n<li>Informations, parcours et inscriptions sur <a href=\"http:\/\/www.decijogg.com\" target=\"_blank\" rel=\"noopener noreferrer\">http:\/\/www.decijogg.com<\/a><\/li>\n<\/ul>\n<p><img loading=\"lazy\" decoding=\"async\" class=\"alignleft size-full wp-image-24019\" src=\"https:\/\/newsestlyonnais.fr\/site\/medias\/2017\/04\/P1080580.jpg\" alt=\"NEWSESTLYONNAIS -DECI JOGG\" width=\"2048\" height=\"1536\" srcset=\"https:\/\/newsestlyonnais.fr\/site\/wp-content\/uploads\/2017\/04\/P1080580.jpg 2048w, https:\/\/newsestlyonnais.fr\/site\/wp-content\/uploads\/2017\/04\/P1080580-400x300.jpg 400w, https:\/\/newsestlyonnais.fr\/site\/wp-content\/uploads\/2017\/04\/P1080580-768x576.jpg 768w, https:\/\/newsestlyonnais.fr\/site\/wp-content\/uploads\/2017\/04\/P1080580-1000x750.jpg 1000w, https:\/\/newsestlyonnais.fr\/site\/wp-content\/uploads\/2017\/04\/P1080580-600x450.jpg 600w, https:\/\/newsestlyonnais.fr\/site\/wp-content\/uploads\/2017\/04\/P1080580-100x75.jpg 100w\" sizes=\"auto, (max-width: 2048px) 100vw, 2048px\" \/><\/p>\n","protected":false},"excerpt":{"rendered":"<p>La traditionnelle course p\u00e9destre du \u00ab\u00a0DECIJOGG\u00a0\u00bb change de look et adopte cette ann\u00e9e un format plus printanier\u00a0! L\u2019\u00e9v\u00e8nement devient \u00e9galement une manifestation SOLIDAIRE avec la \u00ab\u00a05 de C\u0153ur\u00a0\u00bb, course ouverte \u00e0 tous dont le montant des inscriptions sera int\u00e9gralement revers\u00e9 \u00e0 la Ligue contre le Cancer ! Un parcours FESTIF et non chronom\u00e9tr\u00e9 de 5 [&hellip;]<\/p>\n","protected":false},"author":4,"featured_media":24015,"comment_status":"open","ping_status":"open","sticky":false,"template":"","format":"standard","meta":{"footnotes":""},"categories":[2968,21,18],"tags":[],"class_list":["post-24012","post","type-post","status-publish","format-standard","has-post-thumbnail","hentry","category-athle-course-pied-marche","category-decines-charpieu","category-sante-bien-etre-solidarite"],"yoast_head":"<!-- This site is optimized with the Yoast SEO plugin v27.2 - https:\/\/yoast.com\/product\/yoast-seo-wordpress\/ -->\n<title>Nouvelle \u00e9dition du DECIJOGG ce dimanche !<\/title>\n<meta name=\"description\" content=\"Nouvelle \u00e9dition du DECIJOGG ce dimanche !\" \/>\n<meta name=\"robots\" content=\"index, follow, max-snippet:-1, max-image-preview:large, max-video-preview:-1\" \/>\n<link rel=\"canonical\" href=\"https:\/\/newsestlyonnais.fr\/site\/2017\/04\/05\/decines-nouvelle-edition-du-decijogg-ce-dimanche\/\" \/>\n<meta property=\"og:locale\" content=\"fr_FR\" \/>\n<meta property=\"og:type\" content=\"article\" \/>\n<meta property=\"og:title\" content=\"Nouvelle \u00e9dition du DECIJOGG ce dimanche !\" \/>\n<meta property=\"og:description\" content=\"Nouvelle \u00e9dition du DECIJOGG ce dimanche !\" \/>\n<meta property=\"og:url\" content=\"https:\/\/newsestlyonnais.fr\/site\/2017\/04\/05\/decines-nouvelle-edition-du-decijogg-ce-dimanche\/\" \/>\n<meta property=\"og:site_name\" content=\"News Est Lyonnais\" \/>\n<meta property=\"article:author\" content=\"https:\/\/www.facebook.com\/pascal.oberson.1?fref=ts\" \/>\n<meta property=\"article:published_time\" content=\"2017-04-05T18:33:38+00:00\" \/>\n<meta property=\"article:modified_time\" content=\"2020-11-17T14:30:17+00:00\" \/>\n<meta property=\"og:image\" content=\"https:\/\/i1.wp.com\/newsestlyonnais.fr\/site\/wp-content\/uploads\/2017\/04\/NEWSESTLYONNAIS-DECI-JOGG-2017.png?fit=1000%2C750&ssl=1\" \/>\n\t<meta property=\"og:image:width\" content=\"1000\" \/>\n\t<meta property=\"og:image:height\" content=\"750\" \/>\n\t<meta property=\"og:image:type\" content=\"image\/png\" \/>\n<meta name=\"author\" content=\"R\u00e9dac. NEWS\" \/>\n<meta name=\"twitter:card\" content=\"summary_large_image\" \/>\n<meta name=\"twitter:label1\" content=\"\u00c9crit par\" \/>\n\t<meta name=\"twitter:data1\" content=\"R\u00e9dac. NEWS\" \/>\n\t<meta name=\"twitter:label2\" content=\"Dur\u00e9e de lecture estim\u00e9e\" \/>\n\t<meta name=\"twitter:data2\" content=\"1 minute\" \/>\n<script type=\"application\/ld+json\" class=\"yoast-schema-graph\">{\"@context\":\"https:\/\/schema.org\",\"@graph\":[{\"@type\":\"Article\",\"@id\":\"https:\/\/newsestlyonnais.fr\/site\/2017\/04\/05\/decines-nouvelle-edition-du-decijogg-ce-dimanche\/#article\",\"isPartOf\":{\"@id\":\"https:\/\/newsestlyonnais.fr\/site\/2017\/04\/05\/decines-nouvelle-edition-du-decijogg-ce-dimanche\/\"},\"author\":{\"name\":\"R\u00e9dac. NEWS\",\"@id\":\"https:\/\/newsestlyonnais.fr\/site\/#\/schema\/person\/3230d5615f390bb808365d673001e887\"},\"headline\":\"DECINES | Nouvelle \u00e9dition du DECIJOGG ce dimanche !\",\"datePublished\":\"2017-04-05T18:33:38+00:00\",\"dateModified\":\"2020-11-17T14:30:17+00:00\",\"mainEntityOfPage\":{\"@id\":\"https:\/\/newsestlyonnais.fr\/site\/2017\/04\/05\/decines-nouvelle-edition-du-decijogg-ce-dimanche\/\"},\"wordCount\":231,\"commentCount\":0,\"publisher\":{\"@id\":\"https:\/\/newsestlyonnais.fr\/site\/#organization\"},\"image\":{\"@id\":\"https:\/\/newsestlyonnais.fr\/site\/2017\/04\/05\/decines-nouvelle-edition-du-decijogg-ce-dimanche\/#primaryimage\"},\"thumbnailUrl\":\"https:\/\/newsestlyonnais.fr\/site\/wp-content\/uploads\/2017\/04\/NEWSESTLYONNAIS-DECI-JOGG-2017.png\",\"articleSection\":[\"Athl\u00e9 | Course pied | Marche\",\"D\u00e9cines-Charpieu\",\"Sant\u00e9 | Bien Etre | Solidarit\u00e9\"],\"inLanguage\":\"fr-FR\",\"potentialAction\":[{\"@type\":\"CommentAction\",\"name\":\"Comment\",\"target\":[\"https:\/\/newsestlyonnais.fr\/site\/2017\/04\/05\/decines-nouvelle-edition-du-decijogg-ce-dimanche\/#respond\"]}]},{\"@type\":\"WebPage\",\"@id\":\"https:\/\/newsestlyonnais.fr\/site\/2017\/04\/05\/decines-nouvelle-edition-du-decijogg-ce-dimanche\/\",\"url\":\"https:\/\/newsestlyonnais.fr\/site\/2017\/04\/05\/decines-nouvelle-edition-du-decijogg-ce-dimanche\/\",\"name\":\"Nouvelle \u00e9dition du DECIJOGG ce dimanche !\",\"isPartOf\":{\"@id\":\"https:\/\/newsestlyonnais.fr\/site\/#website\"},\"primaryImageOfPage\":{\"@id\":\"https:\/\/newsestlyonnais.fr\/site\/2017\/04\/05\/decines-nouvelle-edition-du-decijogg-ce-dimanche\/#primaryimage\"},\"image\":{\"@id\":\"https:\/\/newsestlyonnais.fr\/site\/2017\/04\/05\/decines-nouvelle-edition-du-decijogg-ce-dimanche\/#primaryimage\"},\"thumbnailUrl\":\"https:\/\/newsestlyonnais.fr\/site\/wp-content\/uploads\/2017\/04\/NEWSESTLYONNAIS-DECI-JOGG-2017.png\",\"datePublished\":\"2017-04-05T18:33:38+00:00\",\"dateModified\":\"2020-11-17T14:30:17+00:00\",\"description\":\"Nouvelle \u00e9dition du DECIJOGG ce dimanche !\",\"breadcrumb\":{\"@id\":\"https:\/\/newsestlyonnais.fr\/site\/2017\/04\/05\/decines-nouvelle-edition-du-decijogg-ce-dimanche\/#breadcrumb\"},\"inLanguage\":\"fr-FR\",\"potentialAction\":[{\"@type\":\"ReadAction\",\"target\":[\"https:\/\/newsestlyonnais.fr\/site\/2017\/04\/05\/decines-nouvelle-edition-du-decijogg-ce-dimanche\/\"]}]},{\"@type\":\"ImageObject\",\"inLanguage\":\"fr-FR\",\"@id\":\"https:\/\/newsestlyonnais.fr\/site\/2017\/04\/05\/decines-nouvelle-edition-du-decijogg-ce-dimanche\/#primaryimage\",\"url\":\"https:\/\/newsestlyonnais.fr\/site\/wp-content\/uploads\/2017\/04\/NEWSESTLYONNAIS-DECI-JOGG-2017.png\",\"contentUrl\":\"https:\/\/newsestlyonnais.fr\/site\/wp-content\/uploads\/2017\/04\/NEWSESTLYONNAIS-DECI-JOGG-2017.png\",\"width\":1000,\"height\":750,\"caption\":\"NEWSESTLYONNAIS - DECI JOGG 2017\"},{\"@type\":\"BreadcrumbList\",\"@id\":\"https:\/\/newsestlyonnais.fr\/site\/2017\/04\/05\/decines-nouvelle-edition-du-decijogg-ce-dimanche\/#breadcrumb\",\"itemListElement\":[{\"@type\":\"ListItem\",\"position\":1,\"name\":\"Accueil\",\"item\":\"https:\/\/newsestlyonnais.fr\/site\/\"},{\"@type\":\"ListItem\",\"position\":2,\"name\":\"DECINES | Nouvelle \u00e9dition du DECIJOGG ce dimanche !\"}]},{\"@type\":\"WebSite\",\"@id\":\"https:\/\/newsestlyonnais.fr\/site\/#website\",\"url\":\"https:\/\/newsestlyonnais.fr\/site\/\",\"name\":\"News Est Lyonnais\",\"description\":\"L&#039;actualit\u00e9 au plus pr\u00e8s\",\"publisher\":{\"@id\":\"https:\/\/newsestlyonnais.fr\/site\/#organization\"},\"potentialAction\":[{\"@type\":\"SearchAction\",\"target\":{\"@type\":\"EntryPoint\",\"urlTemplate\":\"https:\/\/newsestlyonnais.fr\/site\/?s={search_term_string}\"},\"query-input\":{\"@type\":\"PropertyValueSpecification\",\"valueRequired\":true,\"valueName\":\"search_term_string\"}}],\"inLanguage\":\"fr-FR\"},{\"@type\":\"Organization\",\"@id\":\"https:\/\/newsestlyonnais.fr\/site\/#organization\",\"name\":\"News EST LYONNAIS\",\"url\":\"https:\/\/newsestlyonnais.fr\/site\/\",\"logo\":{\"@type\":\"ImageObject\",\"inLanguage\":\"fr-FR\",\"@id\":\"https:\/\/newsestlyonnais.fr\/site\/#\/schema\/logo\/image\/\",\"url\":\"\",\"contentUrl\":\"\",\"caption\":\"News EST LYONNAIS\"},\"image\":{\"@id\":\"https:\/\/newsestlyonnais.fr\/site\/#\/schema\/logo\/image\/\"}},{\"@type\":\"Person\",\"@id\":\"https:\/\/newsestlyonnais.fr\/site\/#\/schema\/person\/3230d5615f390bb808365d673001e887\",\"name\":\"R\u00e9dac. NEWS\",\"sameAs\":[\"http:\/\/www.newsestlyonnais.fr\",\"https:\/\/www.facebook.com\/pascal.oberson.1?fref=ts\",\"https:\/\/fr.linkedin.com\/in\/pascal-oberson-b17045113\"],\"url\":\"https:\/\/newsestlyonnais.fr\/site\/author\/nel\/\"}]}<\/script>\n<!-- \/ Yoast SEO plugin. -->","yoast_head_json":{"title":"Nouvelle \u00e9dition du DECIJOGG ce dimanche !","description":"Nouvelle \u00e9dition du DECIJOGG ce dimanche !","robots":{"index":"index","follow":"follow","max-snippet":"max-snippet:-1","max-image-preview":"max-image-preview:large","max-video-preview":"max-video-preview:-1"},"canonical":"https:\/\/newsestlyonnais.fr\/site\/2017\/04\/05\/decines-nouvelle-edition-du-decijogg-ce-dimanche\/","og_locale":"fr_FR","og_type":"article","og_title":"Nouvelle \u00e9dition du DECIJOGG ce dimanche !","og_description":"Nouvelle \u00e9dition du DECIJOGG ce dimanche !","og_url":"https:\/\/newsestlyonnais.fr\/site\/2017\/04\/05\/decines-nouvelle-edition-du-decijogg-ce-dimanche\/","og_site_name":"News Est Lyonnais","article_author":"https:\/\/www.facebook.com\/pascal.oberson.1?fref=ts","article_published_time":"2017-04-05T18:33:38+00:00","article_modified_time":"2020-11-17T14:30:17+00:00","og_image":[{"width":1000,"height":750,"url":"https:\/\/i1.wp.com\/newsestlyonnais.fr\/site\/wp-content\/uploads\/2017\/04\/NEWSESTLYONNAIS-DECI-JOGG-2017.png?fit=1000%2C750&ssl=1","type":"image\/png"}],"author":"R\u00e9dac. NEWS","twitter_card":"summary_large_image","twitter_misc":{"\u00c9crit par":"R\u00e9dac. NEWS","Dur\u00e9e de lecture estim\u00e9e":"1 minute"},"schema":{"@context":"https:\/\/schema.org","@graph":[{"@type":"Article","@id":"https:\/\/newsestlyonnais.fr\/site\/2017\/04\/05\/decines-nouvelle-edition-du-decijogg-ce-dimanche\/#article","isPartOf":{"@id":"https:\/\/newsestlyonnais.fr\/site\/2017\/04\/05\/decines-nouvelle-edition-du-decijogg-ce-dimanche\/"},"author":{"name":"R\u00e9dac. NEWS","@id":"https:\/\/newsestlyonnais.fr\/site\/#\/schema\/person\/3230d5615f390bb808365d673001e887"},"headline":"DECINES | Nouvelle \u00e9dition du DECIJOGG ce dimanche !","datePublished":"2017-04-05T18:33:38+00:00","dateModified":"2020-11-17T14:30:17+00:00","mainEntityOfPage":{"@id":"https:\/\/newsestlyonnais.fr\/site\/2017\/04\/05\/decines-nouvelle-edition-du-decijogg-ce-dimanche\/"},"wordCount":231,"commentCount":0,"publisher":{"@id":"https:\/\/newsestlyonnais.fr\/site\/#organization"},"image":{"@id":"https:\/\/newsestlyonnais.fr\/site\/2017\/04\/05\/decines-nouvelle-edition-du-decijogg-ce-dimanche\/#primaryimage"},"thumbnailUrl":"https:\/\/newsestlyonnais.fr\/site\/wp-content\/uploads\/2017\/04\/NEWSESTLYONNAIS-DECI-JOGG-2017.png","articleSection":["Athl\u00e9 | Course pied | Marche","D\u00e9cines-Charpieu","Sant\u00e9 | Bien Etre | Solidarit\u00e9"],"inLanguage":"fr-FR","potentialAction":[{"@type":"CommentAction","name":"Comment","target":["https:\/\/newsestlyonnais.fr\/site\/2017\/04\/05\/decines-nouvelle-edition-du-decijogg-ce-dimanche\/#respond"]}]},{"@type":"WebPage","@id":"https:\/\/newsestlyonnais.fr\/site\/2017\/04\/05\/decines-nouvelle-edition-du-decijogg-ce-dimanche\/","url":"https:\/\/newsestlyonnais.fr\/site\/2017\/04\/05\/decines-nouvelle-edition-du-decijogg-ce-dimanche\/","name":"Nouvelle \u00e9dition du DECIJOGG ce dimanche !","isPartOf":{"@id":"https:\/\/newsestlyonnais.fr\/site\/#website"},"primaryImageOfPage":{"@id":"https:\/\/newsestlyonnais.fr\/site\/2017\/04\/05\/decines-nouvelle-edition-du-decijogg-ce-dimanche\/#primaryimage"},"image":{"@id":"https:\/\/newsestlyonnais.fr\/site\/2017\/04\/05\/decines-nouvelle-edition-du-decijogg-ce-dimanche\/#primaryimage"},"thumbnailUrl":"https:\/\/newsestlyonnais.fr\/site\/wp-content\/uploads\/2017\/04\/NEWSESTLYONNAIS-DECI-JOGG-2017.png","datePublished":"2017-04-05T18:33:38+00:00","dateModified":"2020-11-17T14:30:17+00:00","description":"Nouvelle \u00e9dition du DECIJOGG ce dimanche !","breadcrumb":{"@id":"https:\/\/newsestlyonnais.fr\/site\/2017\/04\/05\/decines-nouvelle-edition-du-decijogg-ce-dimanche\/#breadcrumb"},"inLanguage":"fr-FR","potentialAction":[{"@type":"ReadAction","target":["https:\/\/newsestlyonnais.fr\/site\/2017\/04\/05\/decines-nouvelle-edition-du-decijogg-ce-dimanche\/"]}]},{"@type":"ImageObject","inLanguage":"fr-FR","@id":"https:\/\/newsestlyonnais.fr\/site\/2017\/04\/05\/decines-nouvelle-edition-du-decijogg-ce-dimanche\/#primaryimage","url":"https:\/\/newsestlyonnais.fr\/site\/wp-content\/uploads\/2017\/04\/NEWSESTLYONNAIS-DECI-JOGG-2017.png","contentUrl":"https:\/\/newsestlyonnais.fr\/site\/wp-content\/uploads\/2017\/04\/NEWSESTLYONNAIS-DECI-JOGG-2017.png","width":1000,"height":750,"caption":"NEWSESTLYONNAIS - DECI JOGG 2017"},{"@type":"BreadcrumbList","@id":"https:\/\/newsestlyonnais.fr\/site\/2017\/04\/05\/decines-nouvelle-edition-du-decijogg-ce-dimanche\/#breadcrumb","itemListElement":[{"@type":"ListItem","position":1,"name":"Accueil","item":"https:\/\/newsestlyonnais.fr\/site\/"},{"@type":"ListItem","position":2,"name":"DECINES | Nouvelle \u00e9dition du DECIJOGG ce dimanche !"}]},{"@type":"WebSite","@id":"https:\/\/newsestlyonnais.fr\/site\/#website","url":"https:\/\/newsestlyonnais.fr\/site\/","name":"News Est Lyonnais","description":"L&#039;actualit\u00e9 au plus pr\u00e8s","publisher":{"@id":"https:\/\/newsestlyonnais.fr\/site\/#organization"},"potentialAction":[{"@type":"SearchAction","target":{"@type":"EntryPoint","urlTemplate":"https:\/\/newsestlyonnais.fr\/site\/?s={search_term_string}"},"query-input":{"@type":"PropertyValueSpecification","valueRequired":true,"valueName":"search_term_string"}}],"inLanguage":"fr-FR"},{"@type":"Organization","@id":"https:\/\/newsestlyonnais.fr\/site\/#organization","name":"News EST LYONNAIS","url":"https:\/\/newsestlyonnais.fr\/site\/","logo":{"@type":"ImageObject","inLanguage":"fr-FR","@id":"https:\/\/newsestlyonnais.fr\/site\/#\/schema\/logo\/image\/","url":"","contentUrl":"","caption":"News EST LYONNAIS"},"image":{"@id":"https:\/\/newsestlyonnais.fr\/site\/#\/schema\/logo\/image\/"}},{"@type":"Person","@id":"https:\/\/newsestlyonnais.fr\/site\/#\/schema\/person\/3230d5615f390bb808365d673001e887","name":"R\u00e9dac. NEWS","sameAs":["http:\/\/www.newsestlyonnais.fr","https:\/\/www.facebook.com\/pascal.oberson.1?fref=ts","https:\/\/fr.linkedin.com\/in\/pascal-oberson-b17045113"],"url":"https:\/\/newsestlyonnais.fr\/site\/author\/nel\/"}]}},"_links":{"self":[{"href":"https:\/\/newsestlyonnais.fr\/site\/wp-json\/wp\/v2\/posts\/24012","targetHints":{"allow":["GET"]}}],"collection":[{"href":"https:\/\/newsestlyonnais.fr\/site\/wp-json\/wp\/v2\/posts"}],"about":[{"href":"https:\/\/newsestlyonnais.fr\/site\/wp-json\/wp\/v2\/types\/post"}],"author":[{"embeddable":true,"href":"https:\/\/newsestlyonnais.fr\/site\/wp-json\/wp\/v2\/users\/4"}],"replies":[{"embeddable":true,"href":"https:\/\/newsestlyonnais.fr\/site\/wp-json\/wp\/v2\/comments?post=24012"}],"version-history":[{"count":0,"href":"https:\/\/newsestlyonnais.fr\/site\/wp-json\/wp\/v2\/posts\/24012\/revisions"}],"wp:featuredmedia":[{"embeddable":true,"href":"https:\/\/newsestlyonnais.fr\/site\/wp-json\/wp\/v2\/media\/24015"}],"wp:attachment":[{"href":"https:\/\/newsestlyonnais.fr\/site\/wp-json\/wp\/v2\/media?parent=24012"}],"wp:term":[{"taxonomy":"category","embeddable":true,"href":"https:\/\/newsestlyonnais.fr\/site\/wp-json\/wp\/v2\/categories?post=24012"},{"taxonomy":"post_tag","embeddable":true,"href":"https:\/\/newsestlyonnais.fr\/site\/wp-json\/wp\/v2\/tags?post=24012"}],"curies":[{"name":"wp","href":"https:\/\/api.w.org\/{rel}","templated":true}]}}