{"id":24070,"date":"2017-04-06T12:38:06","date_gmt":"2017-04-06T11:38:06","guid":{"rendered":"http:\/\/newsestlyonnais.fr\/site\/?p=24070"},"modified":"2020-11-08T20:47:11","modified_gmt":"2020-11-08T19:47:11","slug":"genas-458-kilos-de-vetements-collectes-6-dressing-coeur","status":"publish","type":"post","link":"https:\/\/newsestlyonnais.fr\/site\/2017\/04\/06\/genas-458-kilos-de-vetements-collectes-6-dressing-coeur\/","title":{"rendered":"GENAS | 458 kilos de v\u00eatements collect\u00e9s au 6\u00b0 Dressing du Coeur"},"content":{"rendered":"<h4>Durant une semaine, la population genassienne a eu l&rsquo;occasion de faire le tri dans ses armoires et de d\u00e9poser ses v\u00eatements propres et en bon \u00e9tat \u00e0 la boutique \u00ab\u00a010 la Boutique\u00a0\u00bb.<\/h4>\n<p>Ce jeudi matin, c&rsquo;\u00e9tait l&rsquo;heure de la r\u00e9cup\u00e9ration et du comptage de la collecte pour cette \u00e9dition.<\/p>\n<p><img loading=\"lazy\" decoding=\"async\" class=\"alignleft size-full wp-image-23750\" src=\"https:\/\/newsestlyonnais.fr\/site\/medias\/2017\/03\/NEWSESTLYONNAIS-MICRO.png\" alt=\"NEWSESTLYONNAIS MICRO\" width=\"250\" height=\"150\" \/><\/p>\n<p>\u00ab\u00a0La collecte est sup\u00e9rieure \u00e0 celle de 2016, puisque nous avons pu r\u00e9colter 94 sacs (des v\u00eatements et quelques paires de chaussures) pour un poids total de 458 kilos. Ces v\u00eatements qui vont ainsi connaitre une seconde vie ont \u00e9t\u00e9 remis \u00e0 la Croix Rouge Fran\u00e7aise\u00a0\u00bb confiait <strong>Marie Laure Daviet<\/strong>, g\u00e9rante de la boutique, \u00e0 l&rsquo;issue du ramassage et qui va \u00e9galement pour sa part distribuer 2 cartons de v\u00eatements neufs. Pour <strong>Bernard Roux<\/strong>, responsable communication de l&rsquo;unit\u00e9 de Villeurbanne de la Croix Rouge, pr\u00e9sent ce matin avec ses coll\u00e8gues Marcel Presse et Edouard Balassanyan: \u00ab\u00a0Ces v\u00eatements seront tri\u00e9s \u00e0 r\u00e9ception et sont destin\u00e9s \u00e0 notre Vesti-boutique en faveur des personnes en difficult\u00e9\u00a0\u00bb.<\/p>\n<p>&nbsp;<\/p>\n<p>&nbsp;<\/p>\n","protected":false},"excerpt":{"rendered":"<p>Durant une semaine, la population genassienne a eu l&rsquo;occasion de faire le tri dans ses armoires et de d\u00e9poser ses v\u00eatements propres et en bon \u00e9tat \u00e0 la boutique \u00ab\u00a010 la Boutique\u00a0\u00bb. Ce jeudi matin, c&rsquo;\u00e9tait l&rsquo;heure de la r\u00e9cup\u00e9ration et du comptage de la collecte pour cette \u00e9dition. \u00ab\u00a0La collecte est sup\u00e9rieure \u00e0 celle [&hellip;]<\/p>\n","protected":false},"author":4,"featured_media":24072,"comment_status":"open","ping_status":"open","sticky":false,"template":"","format":"standard","meta":{"footnotes":""},"categories":[2970,270,1598,18],"tags":[],"class_list":["post-24070","post","type-post","status-publish","format-standard","has-post-thumbnail","hentry","category-artisans-commerces-economie","category-cte-de-communes-c-c-e-l","category-genas","category-sante-bien-etre-solidarite"],"yoast_head":"<!-- This site is optimized with the Yoast SEO plugin v27.2 - https:\/\/yoast.com\/product\/yoast-seo-wordpress\/ -->\n<title>GENAS : 458 kilos de v\u00eatements collect\u00e9s au 6\u00b0 Dressing du coeur<\/title>\n<meta name=\"description\" content=\"GENAS : 458 kilos de v\u00eatements collect\u00e9s au 6\u00b0 Dressing du coeur\" \/>\n<meta name=\"robots\" content=\"index, follow, max-snippet:-1, max-image-preview:large, max-video-preview:-1\" \/>\n<link rel=\"canonical\" href=\"https:\/\/newsestlyonnais.fr\/site\/2017\/04\/06\/genas-458-kilos-de-vetements-collectes-6-dressing-coeur\/\" \/>\n<meta property=\"og:locale\" content=\"fr_FR\" \/>\n<meta property=\"og:type\" content=\"article\" \/>\n<meta property=\"og:title\" content=\"GENAS : 458 kilos de v\u00eatements collect\u00e9s au 6\u00b0 Dressing du coeur\" \/>\n<meta property=\"og:description\" content=\"GENAS : 458 kilos de v\u00eatements collect\u00e9s au 6\u00b0 Dressing du coeur\" \/>\n<meta property=\"og:url\" content=\"https:\/\/newsestlyonnais.fr\/site\/2017\/04\/06\/genas-458-kilos-de-vetements-collectes-6-dressing-coeur\/\" \/>\n<meta property=\"og:site_name\" content=\"News Est Lyonnais\" \/>\n<meta property=\"article:author\" content=\"https:\/\/www.facebook.com\/pascal.oberson.1?fref=ts\" \/>\n<meta property=\"article:published_time\" content=\"2017-04-06T11:38:06+00:00\" \/>\n<meta property=\"article:modified_time\" content=\"2020-11-08T19:47:11+00:00\" \/>\n<meta property=\"og:image\" content=\"https:\/\/i0.wp.com\/newsestlyonnais.fr\/site\/wp-content\/uploads\/2017\/04\/NEWSESTLYONNAIS-DRESSING-COEUR-10-LA-BOUTIQUE-.jpg?fit=1000%2C750&ssl=1\" \/>\n\t<meta property=\"og:image:width\" content=\"1000\" \/>\n\t<meta property=\"og:image:height\" content=\"750\" \/>\n\t<meta property=\"og:image:type\" content=\"image\/jpeg\" \/>\n<meta name=\"author\" content=\"R\u00e9dac. NEWS\" \/>\n<meta name=\"twitter:card\" content=\"summary_large_image\" \/>\n<meta name=\"twitter:label1\" content=\"\u00c9crit par\" \/>\n\t<meta name=\"twitter:data1\" content=\"R\u00e9dac. NEWS\" \/>\n\t<meta name=\"twitter:label2\" content=\"Dur\u00e9e de lecture estim\u00e9e\" \/>\n\t<meta name=\"twitter:data2\" content=\"1 minute\" \/>\n<script type=\"application\/ld+json\" class=\"yoast-schema-graph\">{\"@context\":\"https:\/\/schema.org\",\"@graph\":[{\"@type\":\"Article\",\"@id\":\"https:\/\/newsestlyonnais.fr\/site\/2017\/04\/06\/genas-458-kilos-de-vetements-collectes-6-dressing-coeur\/#article\",\"isPartOf\":{\"@id\":\"https:\/\/newsestlyonnais.fr\/site\/2017\/04\/06\/genas-458-kilos-de-vetements-collectes-6-dressing-coeur\/\"},\"author\":{\"name\":\"R\u00e9dac. NEWS\",\"@id\":\"https:\/\/newsestlyonnais.fr\/site\/#\/schema\/person\/3230d5615f390bb808365d673001e887\"},\"headline\":\"GENAS | 458 kilos de v\u00eatements collect\u00e9s au 6\u00b0 Dressing du Coeur\",\"datePublished\":\"2017-04-06T11:38:06+00:00\",\"dateModified\":\"2020-11-08T19:47:11+00:00\",\"mainEntityOfPage\":{\"@id\":\"https:\/\/newsestlyonnais.fr\/site\/2017\/04\/06\/genas-458-kilos-de-vetements-collectes-6-dressing-coeur\/\"},\"wordCount\":186,\"commentCount\":0,\"publisher\":{\"@id\":\"https:\/\/newsestlyonnais.fr\/site\/#organization\"},\"image\":{\"@id\":\"https:\/\/newsestlyonnais.fr\/site\/2017\/04\/06\/genas-458-kilos-de-vetements-collectes-6-dressing-coeur\/#primaryimage\"},\"thumbnailUrl\":\"https:\/\/newsestlyonnais.fr\/site\/wp-content\/uploads\/2017\/04\/NEWSESTLYONNAIS-DRESSING-COEUR-10-LA-BOUTIQUE-.jpg\",\"articleSection\":[\"Artisans | Commerces\",\"CCEL | Communes\",\"Genas\",\"Sant\u00e9 | Bien Etre | Solidarit\u00e9\"],\"inLanguage\":\"fr-FR\",\"potentialAction\":[{\"@type\":\"CommentAction\",\"name\":\"Comment\",\"target\":[\"https:\/\/newsestlyonnais.fr\/site\/2017\/04\/06\/genas-458-kilos-de-vetements-collectes-6-dressing-coeur\/#respond\"]}]},{\"@type\":\"WebPage\",\"@id\":\"https:\/\/newsestlyonnais.fr\/site\/2017\/04\/06\/genas-458-kilos-de-vetements-collectes-6-dressing-coeur\/\",\"url\":\"https:\/\/newsestlyonnais.fr\/site\/2017\/04\/06\/genas-458-kilos-de-vetements-collectes-6-dressing-coeur\/\",\"name\":\"GENAS : 458 kilos de v\u00eatements collect\u00e9s au 6\u00b0 Dressing du coeur\",\"isPartOf\":{\"@id\":\"https:\/\/newsestlyonnais.fr\/site\/#website\"},\"primaryImageOfPage\":{\"@id\":\"https:\/\/newsestlyonnais.fr\/site\/2017\/04\/06\/genas-458-kilos-de-vetements-collectes-6-dressing-coeur\/#primaryimage\"},\"image\":{\"@id\":\"https:\/\/newsestlyonnais.fr\/site\/2017\/04\/06\/genas-458-kilos-de-vetements-collectes-6-dressing-coeur\/#primaryimage\"},\"thumbnailUrl\":\"https:\/\/newsestlyonnais.fr\/site\/wp-content\/uploads\/2017\/04\/NEWSESTLYONNAIS-DRESSING-COEUR-10-LA-BOUTIQUE-.jpg\",\"datePublished\":\"2017-04-06T11:38:06+00:00\",\"dateModified\":\"2020-11-08T19:47:11+00:00\",\"description\":\"GENAS : 458 kilos de v\u00eatements collect\u00e9s au 6\u00b0 Dressing du coeur\",\"breadcrumb\":{\"@id\":\"https:\/\/newsestlyonnais.fr\/site\/2017\/04\/06\/genas-458-kilos-de-vetements-collectes-6-dressing-coeur\/#breadcrumb\"},\"inLanguage\":\"fr-FR\",\"potentialAction\":[{\"@type\":\"ReadAction\",\"target\":[\"https:\/\/newsestlyonnais.fr\/site\/2017\/04\/06\/genas-458-kilos-de-vetements-collectes-6-dressing-coeur\/\"]}]},{\"@type\":\"ImageObject\",\"inLanguage\":\"fr-FR\",\"@id\":\"https:\/\/newsestlyonnais.fr\/site\/2017\/04\/06\/genas-458-kilos-de-vetements-collectes-6-dressing-coeur\/#primaryimage\",\"url\":\"https:\/\/newsestlyonnais.fr\/site\/wp-content\/uploads\/2017\/04\/NEWSESTLYONNAIS-DRESSING-COEUR-10-LA-BOUTIQUE-.jpg\",\"contentUrl\":\"https:\/\/newsestlyonnais.fr\/site\/wp-content\/uploads\/2017\/04\/NEWSESTLYONNAIS-DRESSING-COEUR-10-LA-BOUTIQUE-.jpg\",\"width\":1000,\"height\":750,\"caption\":\"NEWSESTLYONNAIS - DRESSING COEUR 10 LA BOUTIQUE\"},{\"@type\":\"BreadcrumbList\",\"@id\":\"https:\/\/newsestlyonnais.fr\/site\/2017\/04\/06\/genas-458-kilos-de-vetements-collectes-6-dressing-coeur\/#breadcrumb\",\"itemListElement\":[{\"@type\":\"ListItem\",\"position\":1,\"name\":\"Accueil\",\"item\":\"https:\/\/newsestlyonnais.fr\/site\/\"},{\"@type\":\"ListItem\",\"position\":2,\"name\":\"GENAS | 458 kilos de v\u00eatements collect\u00e9s au 6\u00b0 Dressing du Coeur\"}]},{\"@type\":\"WebSite\",\"@id\":\"https:\/\/newsestlyonnais.fr\/site\/#website\",\"url\":\"https:\/\/newsestlyonnais.fr\/site\/\",\"name\":\"News Est Lyonnais\",\"description\":\"L&#039;actualit\u00e9 au plus pr\u00e8s\",\"publisher\":{\"@id\":\"https:\/\/newsestlyonnais.fr\/site\/#organization\"},\"potentialAction\":[{\"@type\":\"SearchAction\",\"target\":{\"@type\":\"EntryPoint\",\"urlTemplate\":\"https:\/\/newsestlyonnais.fr\/site\/?s={search_term_string}\"},\"query-input\":{\"@type\":\"PropertyValueSpecification\",\"valueRequired\":true,\"valueName\":\"search_term_string\"}}],\"inLanguage\":\"fr-FR\"},{\"@type\":\"Organization\",\"@id\":\"https:\/\/newsestlyonnais.fr\/site\/#organization\",\"name\":\"News EST LYONNAIS\",\"url\":\"https:\/\/newsestlyonnais.fr\/site\/\",\"logo\":{\"@type\":\"ImageObject\",\"inLanguage\":\"fr-FR\",\"@id\":\"https:\/\/newsestlyonnais.fr\/site\/#\/schema\/logo\/image\/\",\"url\":\"\",\"contentUrl\":\"\",\"caption\":\"News EST LYONNAIS\"},\"image\":{\"@id\":\"https:\/\/newsestlyonnais.fr\/site\/#\/schema\/logo\/image\/\"}},{\"@type\":\"Person\",\"@id\":\"https:\/\/newsestlyonnais.fr\/site\/#\/schema\/person\/3230d5615f390bb808365d673001e887\",\"name\":\"R\u00e9dac. NEWS\",\"sameAs\":[\"http:\/\/www.newsestlyonnais.fr\",\"https:\/\/www.facebook.com\/pascal.oberson.1?fref=ts\",\"https:\/\/fr.linkedin.com\/in\/pascal-oberson-b17045113\"],\"url\":\"https:\/\/newsestlyonnais.fr\/site\/author\/nel\/\"}]}<\/script>\n<!-- \/ Yoast SEO plugin. -->","yoast_head_json":{"title":"GENAS : 458 kilos de v\u00eatements collect\u00e9s au 6\u00b0 Dressing du coeur","description":"GENAS : 458 kilos de v\u00eatements collect\u00e9s au 6\u00b0 Dressing du coeur","robots":{"index":"index","follow":"follow","max-snippet":"max-snippet:-1","max-image-preview":"max-image-preview:large","max-video-preview":"max-video-preview:-1"},"canonical":"https:\/\/newsestlyonnais.fr\/site\/2017\/04\/06\/genas-458-kilos-de-vetements-collectes-6-dressing-coeur\/","og_locale":"fr_FR","og_type":"article","og_title":"GENAS : 458 kilos de v\u00eatements collect\u00e9s au 6\u00b0 Dressing du coeur","og_description":"GENAS : 458 kilos de v\u00eatements collect\u00e9s au 6\u00b0 Dressing du coeur","og_url":"https:\/\/newsestlyonnais.fr\/site\/2017\/04\/06\/genas-458-kilos-de-vetements-collectes-6-dressing-coeur\/","og_site_name":"News Est Lyonnais","article_author":"https:\/\/www.facebook.com\/pascal.oberson.1?fref=ts","article_published_time":"2017-04-06T11:38:06+00:00","article_modified_time":"2020-11-08T19:47:11+00:00","og_image":[{"width":1000,"height":750,"url":"https:\/\/i0.wp.com\/newsestlyonnais.fr\/site\/wp-content\/uploads\/2017\/04\/NEWSESTLYONNAIS-DRESSING-COEUR-10-LA-BOUTIQUE-.jpg?fit=1000%2C750&ssl=1","type":"image\/jpeg"}],"author":"R\u00e9dac. NEWS","twitter_card":"summary_large_image","twitter_misc":{"\u00c9crit par":"R\u00e9dac. NEWS","Dur\u00e9e de lecture estim\u00e9e":"1 minute"},"schema":{"@context":"https:\/\/schema.org","@graph":[{"@type":"Article","@id":"https:\/\/newsestlyonnais.fr\/site\/2017\/04\/06\/genas-458-kilos-de-vetements-collectes-6-dressing-coeur\/#article","isPartOf":{"@id":"https:\/\/newsestlyonnais.fr\/site\/2017\/04\/06\/genas-458-kilos-de-vetements-collectes-6-dressing-coeur\/"},"author":{"name":"R\u00e9dac. NEWS","@id":"https:\/\/newsestlyonnais.fr\/site\/#\/schema\/person\/3230d5615f390bb808365d673001e887"},"headline":"GENAS | 458 kilos de v\u00eatements collect\u00e9s au 6\u00b0 Dressing du Coeur","datePublished":"2017-04-06T11:38:06+00:00","dateModified":"2020-11-08T19:47:11+00:00","mainEntityOfPage":{"@id":"https:\/\/newsestlyonnais.fr\/site\/2017\/04\/06\/genas-458-kilos-de-vetements-collectes-6-dressing-coeur\/"},"wordCount":186,"commentCount":0,"publisher":{"@id":"https:\/\/newsestlyonnais.fr\/site\/#organization"},"image":{"@id":"https:\/\/newsestlyonnais.fr\/site\/2017\/04\/06\/genas-458-kilos-de-vetements-collectes-6-dressing-coeur\/#primaryimage"},"thumbnailUrl":"https:\/\/newsestlyonnais.fr\/site\/wp-content\/uploads\/2017\/04\/NEWSESTLYONNAIS-DRESSING-COEUR-10-LA-BOUTIQUE-.jpg","articleSection":["Artisans | Commerces","CCEL | Communes","Genas","Sant\u00e9 | Bien Etre | Solidarit\u00e9"],"inLanguage":"fr-FR","potentialAction":[{"@type":"CommentAction","name":"Comment","target":["https:\/\/newsestlyonnais.fr\/site\/2017\/04\/06\/genas-458-kilos-de-vetements-collectes-6-dressing-coeur\/#respond"]}]},{"@type":"WebPage","@id":"https:\/\/newsestlyonnais.fr\/site\/2017\/04\/06\/genas-458-kilos-de-vetements-collectes-6-dressing-coeur\/","url":"https:\/\/newsestlyonnais.fr\/site\/2017\/04\/06\/genas-458-kilos-de-vetements-collectes-6-dressing-coeur\/","name":"GENAS : 458 kilos de v\u00eatements collect\u00e9s au 6\u00b0 Dressing du coeur","isPartOf":{"@id":"https:\/\/newsestlyonnais.fr\/site\/#website"},"primaryImageOfPage":{"@id":"https:\/\/newsestlyonnais.fr\/site\/2017\/04\/06\/genas-458-kilos-de-vetements-collectes-6-dressing-coeur\/#primaryimage"},"image":{"@id":"https:\/\/newsestlyonnais.fr\/site\/2017\/04\/06\/genas-458-kilos-de-vetements-collectes-6-dressing-coeur\/#primaryimage"},"thumbnailUrl":"https:\/\/newsestlyonnais.fr\/site\/wp-content\/uploads\/2017\/04\/NEWSESTLYONNAIS-DRESSING-COEUR-10-LA-BOUTIQUE-.jpg","datePublished":"2017-04-06T11:38:06+00:00","dateModified":"2020-11-08T19:47:11+00:00","description":"GENAS : 458 kilos de v\u00eatements collect\u00e9s au 6\u00b0 Dressing du coeur","breadcrumb":{"@id":"https:\/\/newsestlyonnais.fr\/site\/2017\/04\/06\/genas-458-kilos-de-vetements-collectes-6-dressing-coeur\/#breadcrumb"},"inLanguage":"fr-FR","potentialAction":[{"@type":"ReadAction","target":["https:\/\/newsestlyonnais.fr\/site\/2017\/04\/06\/genas-458-kilos-de-vetements-collectes-6-dressing-coeur\/"]}]},{"@type":"ImageObject","inLanguage":"fr-FR","@id":"https:\/\/newsestlyonnais.fr\/site\/2017\/04\/06\/genas-458-kilos-de-vetements-collectes-6-dressing-coeur\/#primaryimage","url":"https:\/\/newsestlyonnais.fr\/site\/wp-content\/uploads\/2017\/04\/NEWSESTLYONNAIS-DRESSING-COEUR-10-LA-BOUTIQUE-.jpg","contentUrl":"https:\/\/newsestlyonnais.fr\/site\/wp-content\/uploads\/2017\/04\/NEWSESTLYONNAIS-DRESSING-COEUR-10-LA-BOUTIQUE-.jpg","width":1000,"height":750,"caption":"NEWSESTLYONNAIS - DRESSING COEUR 10 LA BOUTIQUE"},{"@type":"BreadcrumbList","@id":"https:\/\/newsestlyonnais.fr\/site\/2017\/04\/06\/genas-458-kilos-de-vetements-collectes-6-dressing-coeur\/#breadcrumb","itemListElement":[{"@type":"ListItem","position":1,"name":"Accueil","item":"https:\/\/newsestlyonnais.fr\/site\/"},{"@type":"ListItem","position":2,"name":"GENAS | 458 kilos de v\u00eatements collect\u00e9s au 6\u00b0 Dressing du Coeur"}]},{"@type":"WebSite","@id":"https:\/\/newsestlyonnais.fr\/site\/#website","url":"https:\/\/newsestlyonnais.fr\/site\/","name":"News Est Lyonnais","description":"L&#039;actualit\u00e9 au plus pr\u00e8s","publisher":{"@id":"https:\/\/newsestlyonnais.fr\/site\/#organization"},"potentialAction":[{"@type":"SearchAction","target":{"@type":"EntryPoint","urlTemplate":"https:\/\/newsestlyonnais.fr\/site\/?s={search_term_string}"},"query-input":{"@type":"PropertyValueSpecification","valueRequired":true,"valueName":"search_term_string"}}],"inLanguage":"fr-FR"},{"@type":"Organization","@id":"https:\/\/newsestlyonnais.fr\/site\/#organization","name":"News EST LYONNAIS","url":"https:\/\/newsestlyonnais.fr\/site\/","logo":{"@type":"ImageObject","inLanguage":"fr-FR","@id":"https:\/\/newsestlyonnais.fr\/site\/#\/schema\/logo\/image\/","url":"","contentUrl":"","caption":"News EST LYONNAIS"},"image":{"@id":"https:\/\/newsestlyonnais.fr\/site\/#\/schema\/logo\/image\/"}},{"@type":"Person","@id":"https:\/\/newsestlyonnais.fr\/site\/#\/schema\/person\/3230d5615f390bb808365d673001e887","name":"R\u00e9dac. NEWS","sameAs":["http:\/\/www.newsestlyonnais.fr","https:\/\/www.facebook.com\/pascal.oberson.1?fref=ts","https:\/\/fr.linkedin.com\/in\/pascal-oberson-b17045113"],"url":"https:\/\/newsestlyonnais.fr\/site\/author\/nel\/"}]}},"_links":{"self":[{"href":"https:\/\/newsestlyonnais.fr\/site\/wp-json\/wp\/v2\/posts\/24070","targetHints":{"allow":["GET"]}}],"collection":[{"href":"https:\/\/newsestlyonnais.fr\/site\/wp-json\/wp\/v2\/posts"}],"about":[{"href":"https:\/\/newsestlyonnais.fr\/site\/wp-json\/wp\/v2\/types\/post"}],"author":[{"embeddable":true,"href":"https:\/\/newsestlyonnais.fr\/site\/wp-json\/wp\/v2\/users\/4"}],"replies":[{"embeddable":true,"href":"https:\/\/newsestlyonnais.fr\/site\/wp-json\/wp\/v2\/comments?post=24070"}],"version-history":[{"count":0,"href":"https:\/\/newsestlyonnais.fr\/site\/wp-json\/wp\/v2\/posts\/24070\/revisions"}],"wp:featuredmedia":[{"embeddable":true,"href":"https:\/\/newsestlyonnais.fr\/site\/wp-json\/wp\/v2\/media\/24072"}],"wp:attachment":[{"href":"https:\/\/newsestlyonnais.fr\/site\/wp-json\/wp\/v2\/media?parent=24070"}],"wp:term":[{"taxonomy":"category","embeddable":true,"href":"https:\/\/newsestlyonnais.fr\/site\/wp-json\/wp\/v2\/categories?post=24070"},{"taxonomy":"post_tag","embeddable":true,"href":"https:\/\/newsestlyonnais.fr\/site\/wp-json\/wp\/v2\/tags?post=24070"}],"curies":[{"name":"wp","href":"https:\/\/api.w.org\/{rel}","templated":true}]}}