{"id":24285,"date":"2017-04-11T05:12:14","date_gmt":"2017-04-11T04:12:14","guid":{"rendered":"http:\/\/newsestlyonnais.fr\/site\/?p=24285"},"modified":"2020-10-30T19:44:37","modified_gmt":"2020-10-30T18:44:37","slug":"lyon-8-les-coureurs-du-lyon-sprint-evolution-brillent-en-cadets-et-elite","status":"publish","type":"post","link":"https:\/\/newsestlyonnais.fr\/site\/2017\/04\/11\/lyon-8-les-coureurs-du-lyon-sprint-evolution-brillent-en-cadets-et-elite\/","title":{"rendered":"LYON 8 | Les coureurs du \u00ab\u00a0Lyon Sprint Evolution\u00a0\u00bb brillent en cadets et \u00e9lite"},"content":{"rendered":"<h4>Au club de Lyon Sprint Evolution, les nouveaux maillots r\u00e9alis\u00e9s suite au partenariat sign\u00e9 avec Hyundai Central Motor, ont \u00e9t\u00e9 port\u00e9s pour la premi\u00e8re fois ce week-end par les cadets qui les ont \u00e9trenn\u00e9s par de tr\u00e8s belles victoires :<\/h4>\n<ul>\n<li><strong>Nicolas Verne et Mathis Ducruet<\/strong>, (<span style=\"text-decoration: underline\">PHOTO A LA UNE<\/span>) sur la piste de Lyon, ont remport\u00e9 l\u2019\u00e9preuve dite \u00ab am\u00e9ricaine \u00bb (course \u00e0 2 coureurs en relais) au nez et \u00e0 la barbe de juniors ou seniors aguerris.<\/li>\n<li><strong>Nicolas Verne<\/strong> doublant, de fort belle mani\u00e8re le lendemain, en gagnant le sprint de l\u2019\u00e9chapp\u00e9e \u00e0 Chazey\/Ain.<\/li>\n<\/ul>\n<p>\u00ab\u00a0Une bonne dynamique est enclench\u00e9e (nous avions 3 deuxi\u00e8mes places jusqu\u2019\u00e0 pr\u00e9sent) et nous esp\u00e9rons que le pouvoir de ce nouveau maillot nous accompagnera quelques temps encore\u00a0\u00bb confiait un dirigeant du club lyonnais.<img loading=\"lazy\" decoding=\"async\" class=\"alignleft size-full wp-image-24297\" src=\"https:\/\/newsestlyonnais.fr\/site\/medias\/2017\/04\/NEWSESTLYONNAIS-LSE-ROULAND-1-1.jpg\" alt=\"NEWSESTLYONNAIS - LSE ROULAND\" width=\"1000\" height=\"750\" srcset=\"https:\/\/newsestlyonnais.fr\/site\/wp-content\/uploads\/2017\/04\/NEWSESTLYONNAIS-LSE-ROULAND-1-1.jpg 1000w, https:\/\/newsestlyonnais.fr\/site\/wp-content\/uploads\/2017\/04\/NEWSESTLYONNAIS-LSE-ROULAND-1-1-400x300.jpg 400w, https:\/\/newsestlyonnais.fr\/site\/wp-content\/uploads\/2017\/04\/NEWSESTLYONNAIS-LSE-ROULAND-1-1-768x576.jpg 768w, https:\/\/newsestlyonnais.fr\/site\/wp-content\/uploads\/2017\/04\/NEWSESTLYONNAIS-LSE-ROULAND-1-1-600x450.jpg 600w, https:\/\/newsestlyonnais.fr\/site\/wp-content\/uploads\/2017\/04\/NEWSESTLYONNAIS-LSE-ROULAND-1-1-100x75.jpg 100w\" sizes=\"auto, (max-width: 1000px) 100vw, 1000px\" \/><\/p>\n<ul>\n<li>D&rsquo;autre part, le coureur Elite, <strong>Hugo Rouland<\/strong> a \u00e9galement montr\u00e9 ce beau maillot sur le Tour de Saint Pour\u00e7ain\/Sioule en finissant dans l\u2019\u00e9chapp\u00e9e victorieuse (12\u00b0 place au final) et sur l\u2019exigeant Tour du Charolais, \u00e9preuve Elite, avec les meilleurs \u00e9quipes du moment, o\u00f9 il finit dans un 3\u00b0 groupe.<\/li>\n<\/ul>\n<p>Retrouvez toute l&rsquo;ACTU du club sur: <a href=\"http:\/\/www.lyon-cyclisme.fr\" target=\"_blank\" rel=\"noopener noreferrer\">http:\/\/www.lyon-cyclisme.fr<\/a><\/p>\n","protected":false},"excerpt":{"rendered":"<p>Au club de Lyon Sprint Evolution, les nouveaux maillots r\u00e9alis\u00e9s suite au partenariat sign\u00e9 avec Hyundai Central Motor, ont \u00e9t\u00e9 port\u00e9s pour la premi\u00e8re fois ce week-end par les cadets qui les ont \u00e9trenn\u00e9s par de tr\u00e8s belles victoires : Nicolas Verne et Mathis Ducruet, (PHOTO A LA UNE) sur la piste de Lyon, ont [&hellip;]<\/p>\n","protected":false},"author":4,"featured_media":24288,"comment_status":"open","ping_status":"open","sticky":false,"template":"","format":"standard","meta":{"footnotes":""},"categories":[2969,1625],"tags":[],"class_list":["post-24285","post","type-post","status-publish","format-standard","has-post-thumbnail","hentry","category-cyclisme-cyclo-vtt","category-lyon"],"yoast_head":"<!-- This site is optimized with the Yoast SEO plugin v27.2 - https:\/\/yoast.com\/product\/yoast-seo-wordpress\/ -->\n<title>LYON 8\u00b0 : Les coureurs du &quot;Lyon Sprint Evolution&quot; brillent en cadets et en \u00e9lite<\/title>\n<meta name=\"description\" content=\"LYON 8\u00b0 : Les coureurs du &quot;Lyon Sprint Evolution&quot; brillent en cadets et en \u00e9lite\" \/>\n<meta name=\"robots\" content=\"index, follow, max-snippet:-1, max-image-preview:large, max-video-preview:-1\" \/>\n<link rel=\"canonical\" href=\"https:\/\/newsestlyonnais.fr\/site\/2017\/04\/11\/lyon-8-les-coureurs-du-lyon-sprint-evolution-brillent-en-cadets-et-elite\/\" \/>\n<meta property=\"og:locale\" content=\"fr_FR\" \/>\n<meta property=\"og:type\" content=\"article\" \/>\n<meta property=\"og:title\" content=\"LYON 8\u00b0 : Les coureurs du &quot;Lyon Sprint Evolution&quot; brillent en cadets et en \u00e9lite\" \/>\n<meta property=\"og:description\" content=\"LYON 8\u00b0 : Les coureurs du &quot;Lyon Sprint Evolution&quot; brillent en cadets et en \u00e9lite\" \/>\n<meta property=\"og:url\" content=\"https:\/\/newsestlyonnais.fr\/site\/2017\/04\/11\/lyon-8-les-coureurs-du-lyon-sprint-evolution-brillent-en-cadets-et-elite\/\" \/>\n<meta property=\"og:site_name\" content=\"News Est Lyonnais\" \/>\n<meta property=\"article:author\" content=\"https:\/\/www.facebook.com\/pascal.oberson.1?fref=ts\" \/>\n<meta property=\"article:published_time\" content=\"2017-04-11T04:12:14+00:00\" \/>\n<meta property=\"article:modified_time\" content=\"2020-10-30T18:44:37+00:00\" \/>\n<meta property=\"og:image\" content=\"https:\/\/i1.wp.com\/newsestlyonnais.fr\/site\/wp-content\/uploads\/2017\/04\/NEWSESTLYONNAIS-LSE-VERNE-.jpg?fit=1000%2C750&ssl=1\" \/>\n\t<meta property=\"og:image:width\" content=\"1000\" \/>\n\t<meta property=\"og:image:height\" content=\"750\" \/>\n\t<meta property=\"og:image:type\" content=\"image\/jpeg\" \/>\n<meta name=\"author\" content=\"R\u00e9dac. NEWS\" \/>\n<meta name=\"twitter:card\" content=\"summary_large_image\" \/>\n<meta name=\"twitter:label1\" content=\"\u00c9crit par\" \/>\n\t<meta name=\"twitter:data1\" content=\"R\u00e9dac. NEWS\" \/>\n\t<meta name=\"twitter:label2\" content=\"Dur\u00e9e de lecture estim\u00e9e\" \/>\n\t<meta name=\"twitter:data2\" content=\"1 minute\" \/>\n<script type=\"application\/ld+json\" class=\"yoast-schema-graph\">{\"@context\":\"https:\/\/schema.org\",\"@graph\":[{\"@type\":\"Article\",\"@id\":\"https:\/\/newsestlyonnais.fr\/site\/2017\/04\/11\/lyon-8-les-coureurs-du-lyon-sprint-evolution-brillent-en-cadets-et-elite\/#article\",\"isPartOf\":{\"@id\":\"https:\/\/newsestlyonnais.fr\/site\/2017\/04\/11\/lyon-8-les-coureurs-du-lyon-sprint-evolution-brillent-en-cadets-et-elite\/\"},\"author\":{\"name\":\"R\u00e9dac. NEWS\",\"@id\":\"https:\/\/newsestlyonnais.fr\/site\/#\/schema\/person\/3230d5615f390bb808365d673001e887\"},\"headline\":\"LYON 8 | Les coureurs du \u00ab\u00a0Lyon Sprint Evolution\u00a0\u00bb brillent en cadets et \u00e9lite\",\"datePublished\":\"2017-04-11T04:12:14+00:00\",\"dateModified\":\"2020-10-30T18:44:37+00:00\",\"mainEntityOfPage\":{\"@id\":\"https:\/\/newsestlyonnais.fr\/site\/2017\/04\/11\/lyon-8-les-coureurs-du-lyon-sprint-evolution-brillent-en-cadets-et-elite\/\"},\"wordCount\":212,\"commentCount\":1,\"publisher\":{\"@id\":\"https:\/\/newsestlyonnais.fr\/site\/#organization\"},\"image\":{\"@id\":\"https:\/\/newsestlyonnais.fr\/site\/2017\/04\/11\/lyon-8-les-coureurs-du-lyon-sprint-evolution-brillent-en-cadets-et-elite\/#primaryimage\"},\"thumbnailUrl\":\"https:\/\/newsestlyonnais.fr\/site\/wp-content\/uploads\/2017\/04\/NEWSESTLYONNAIS-LSE-VERNE-.jpg\",\"articleSection\":[\"Cyclisme | Cyclo | Vtt\",\"Lyon\"],\"inLanguage\":\"fr-FR\",\"potentialAction\":[{\"@type\":\"CommentAction\",\"name\":\"Comment\",\"target\":[\"https:\/\/newsestlyonnais.fr\/site\/2017\/04\/11\/lyon-8-les-coureurs-du-lyon-sprint-evolution-brillent-en-cadets-et-elite\/#respond\"]}]},{\"@type\":\"WebPage\",\"@id\":\"https:\/\/newsestlyonnais.fr\/site\/2017\/04\/11\/lyon-8-les-coureurs-du-lyon-sprint-evolution-brillent-en-cadets-et-elite\/\",\"url\":\"https:\/\/newsestlyonnais.fr\/site\/2017\/04\/11\/lyon-8-les-coureurs-du-lyon-sprint-evolution-brillent-en-cadets-et-elite\/\",\"name\":\"LYON 8\u00b0 : Les coureurs du \\\"Lyon Sprint Evolution\\\" brillent en cadets et en \u00e9lite\",\"isPartOf\":{\"@id\":\"https:\/\/newsestlyonnais.fr\/site\/#website\"},\"primaryImageOfPage\":{\"@id\":\"https:\/\/newsestlyonnais.fr\/site\/2017\/04\/11\/lyon-8-les-coureurs-du-lyon-sprint-evolution-brillent-en-cadets-et-elite\/#primaryimage\"},\"image\":{\"@id\":\"https:\/\/newsestlyonnais.fr\/site\/2017\/04\/11\/lyon-8-les-coureurs-du-lyon-sprint-evolution-brillent-en-cadets-et-elite\/#primaryimage\"},\"thumbnailUrl\":\"https:\/\/newsestlyonnais.fr\/site\/wp-content\/uploads\/2017\/04\/NEWSESTLYONNAIS-LSE-VERNE-.jpg\",\"datePublished\":\"2017-04-11T04:12:14+00:00\",\"dateModified\":\"2020-10-30T18:44:37+00:00\",\"description\":\"LYON 8\u00b0 : Les coureurs du \\\"Lyon Sprint Evolution\\\" brillent en cadets et en \u00e9lite\",\"breadcrumb\":{\"@id\":\"https:\/\/newsestlyonnais.fr\/site\/2017\/04\/11\/lyon-8-les-coureurs-du-lyon-sprint-evolution-brillent-en-cadets-et-elite\/#breadcrumb\"},\"inLanguage\":\"fr-FR\",\"potentialAction\":[{\"@type\":\"ReadAction\",\"target\":[\"https:\/\/newsestlyonnais.fr\/site\/2017\/04\/11\/lyon-8-les-coureurs-du-lyon-sprint-evolution-brillent-en-cadets-et-elite\/\"]}]},{\"@type\":\"ImageObject\",\"inLanguage\":\"fr-FR\",\"@id\":\"https:\/\/newsestlyonnais.fr\/site\/2017\/04\/11\/lyon-8-les-coureurs-du-lyon-sprint-evolution-brillent-en-cadets-et-elite\/#primaryimage\",\"url\":\"https:\/\/newsestlyonnais.fr\/site\/wp-content\/uploads\/2017\/04\/NEWSESTLYONNAIS-LSE-VERNE-.jpg\",\"contentUrl\":\"https:\/\/newsestlyonnais.fr\/site\/wp-content\/uploads\/2017\/04\/NEWSESTLYONNAIS-LSE-VERNE-.jpg\",\"width\":1000,\"height\":750,\"caption\":\"NEWSESTLYONNAIS - LSE VERNE\"},{\"@type\":\"BreadcrumbList\",\"@id\":\"https:\/\/newsestlyonnais.fr\/site\/2017\/04\/11\/lyon-8-les-coureurs-du-lyon-sprint-evolution-brillent-en-cadets-et-elite\/#breadcrumb\",\"itemListElement\":[{\"@type\":\"ListItem\",\"position\":1,\"name\":\"Accueil\",\"item\":\"https:\/\/newsestlyonnais.fr\/site\/\"},{\"@type\":\"ListItem\",\"position\":2,\"name\":\"LYON 8 | Les coureurs du \u00ab\u00a0Lyon Sprint Evolution\u00a0\u00bb brillent en cadets et \u00e9lite\"}]},{\"@type\":\"WebSite\",\"@id\":\"https:\/\/newsestlyonnais.fr\/site\/#website\",\"url\":\"https:\/\/newsestlyonnais.fr\/site\/\",\"name\":\"News Est Lyonnais\",\"description\":\"L&#039;actualit\u00e9 au plus pr\u00e8s\",\"publisher\":{\"@id\":\"https:\/\/newsestlyonnais.fr\/site\/#organization\"},\"potentialAction\":[{\"@type\":\"SearchAction\",\"target\":{\"@type\":\"EntryPoint\",\"urlTemplate\":\"https:\/\/newsestlyonnais.fr\/site\/?s={search_term_string}\"},\"query-input\":{\"@type\":\"PropertyValueSpecification\",\"valueRequired\":true,\"valueName\":\"search_term_string\"}}],\"inLanguage\":\"fr-FR\"},{\"@type\":\"Organization\",\"@id\":\"https:\/\/newsestlyonnais.fr\/site\/#organization\",\"name\":\"News EST LYONNAIS\",\"url\":\"https:\/\/newsestlyonnais.fr\/site\/\",\"logo\":{\"@type\":\"ImageObject\",\"inLanguage\":\"fr-FR\",\"@id\":\"https:\/\/newsestlyonnais.fr\/site\/#\/schema\/logo\/image\/\",\"url\":\"\",\"contentUrl\":\"\",\"caption\":\"News EST LYONNAIS\"},\"image\":{\"@id\":\"https:\/\/newsestlyonnais.fr\/site\/#\/schema\/logo\/image\/\"}},{\"@type\":\"Person\",\"@id\":\"https:\/\/newsestlyonnais.fr\/site\/#\/schema\/person\/3230d5615f390bb808365d673001e887\",\"name\":\"R\u00e9dac. NEWS\",\"sameAs\":[\"http:\/\/www.newsestlyonnais.fr\",\"https:\/\/www.facebook.com\/pascal.oberson.1?fref=ts\",\"https:\/\/fr.linkedin.com\/in\/pascal-oberson-b17045113\"],\"url\":\"https:\/\/newsestlyonnais.fr\/site\/author\/nel\/\"}]}<\/script>\n<!-- \/ Yoast SEO plugin. -->","yoast_head_json":{"title":"LYON 8\u00b0 : Les coureurs du \"Lyon Sprint Evolution\" brillent en cadets et en \u00e9lite","description":"LYON 8\u00b0 : Les coureurs du \"Lyon Sprint Evolution\" brillent en cadets et en \u00e9lite","robots":{"index":"index","follow":"follow","max-snippet":"max-snippet:-1","max-image-preview":"max-image-preview:large","max-video-preview":"max-video-preview:-1"},"canonical":"https:\/\/newsestlyonnais.fr\/site\/2017\/04\/11\/lyon-8-les-coureurs-du-lyon-sprint-evolution-brillent-en-cadets-et-elite\/","og_locale":"fr_FR","og_type":"article","og_title":"LYON 8\u00b0 : Les coureurs du \"Lyon Sprint Evolution\" brillent en cadets et en \u00e9lite","og_description":"LYON 8\u00b0 : Les coureurs du \"Lyon Sprint Evolution\" brillent en cadets et en \u00e9lite","og_url":"https:\/\/newsestlyonnais.fr\/site\/2017\/04\/11\/lyon-8-les-coureurs-du-lyon-sprint-evolution-brillent-en-cadets-et-elite\/","og_site_name":"News Est Lyonnais","article_author":"https:\/\/www.facebook.com\/pascal.oberson.1?fref=ts","article_published_time":"2017-04-11T04:12:14+00:00","article_modified_time":"2020-10-30T18:44:37+00:00","og_image":[{"width":1000,"height":750,"url":"https:\/\/i1.wp.com\/newsestlyonnais.fr\/site\/wp-content\/uploads\/2017\/04\/NEWSESTLYONNAIS-LSE-VERNE-.jpg?fit=1000%2C750&ssl=1","type":"image\/jpeg"}],"author":"R\u00e9dac. NEWS","twitter_card":"summary_large_image","twitter_misc":{"\u00c9crit par":"R\u00e9dac. NEWS","Dur\u00e9e de lecture estim\u00e9e":"1 minute"},"schema":{"@context":"https:\/\/schema.org","@graph":[{"@type":"Article","@id":"https:\/\/newsestlyonnais.fr\/site\/2017\/04\/11\/lyon-8-les-coureurs-du-lyon-sprint-evolution-brillent-en-cadets-et-elite\/#article","isPartOf":{"@id":"https:\/\/newsestlyonnais.fr\/site\/2017\/04\/11\/lyon-8-les-coureurs-du-lyon-sprint-evolution-brillent-en-cadets-et-elite\/"},"author":{"name":"R\u00e9dac. NEWS","@id":"https:\/\/newsestlyonnais.fr\/site\/#\/schema\/person\/3230d5615f390bb808365d673001e887"},"headline":"LYON 8 | Les coureurs du \u00ab\u00a0Lyon Sprint Evolution\u00a0\u00bb brillent en cadets et \u00e9lite","datePublished":"2017-04-11T04:12:14+00:00","dateModified":"2020-10-30T18:44:37+00:00","mainEntityOfPage":{"@id":"https:\/\/newsestlyonnais.fr\/site\/2017\/04\/11\/lyon-8-les-coureurs-du-lyon-sprint-evolution-brillent-en-cadets-et-elite\/"},"wordCount":212,"commentCount":1,"publisher":{"@id":"https:\/\/newsestlyonnais.fr\/site\/#organization"},"image":{"@id":"https:\/\/newsestlyonnais.fr\/site\/2017\/04\/11\/lyon-8-les-coureurs-du-lyon-sprint-evolution-brillent-en-cadets-et-elite\/#primaryimage"},"thumbnailUrl":"https:\/\/newsestlyonnais.fr\/site\/wp-content\/uploads\/2017\/04\/NEWSESTLYONNAIS-LSE-VERNE-.jpg","articleSection":["Cyclisme | Cyclo | Vtt","Lyon"],"inLanguage":"fr-FR","potentialAction":[{"@type":"CommentAction","name":"Comment","target":["https:\/\/newsestlyonnais.fr\/site\/2017\/04\/11\/lyon-8-les-coureurs-du-lyon-sprint-evolution-brillent-en-cadets-et-elite\/#respond"]}]},{"@type":"WebPage","@id":"https:\/\/newsestlyonnais.fr\/site\/2017\/04\/11\/lyon-8-les-coureurs-du-lyon-sprint-evolution-brillent-en-cadets-et-elite\/","url":"https:\/\/newsestlyonnais.fr\/site\/2017\/04\/11\/lyon-8-les-coureurs-du-lyon-sprint-evolution-brillent-en-cadets-et-elite\/","name":"LYON 8\u00b0 : Les coureurs du \"Lyon Sprint Evolution\" brillent en cadets et en \u00e9lite","isPartOf":{"@id":"https:\/\/newsestlyonnais.fr\/site\/#website"},"primaryImageOfPage":{"@id":"https:\/\/newsestlyonnais.fr\/site\/2017\/04\/11\/lyon-8-les-coureurs-du-lyon-sprint-evolution-brillent-en-cadets-et-elite\/#primaryimage"},"image":{"@id":"https:\/\/newsestlyonnais.fr\/site\/2017\/04\/11\/lyon-8-les-coureurs-du-lyon-sprint-evolution-brillent-en-cadets-et-elite\/#primaryimage"},"thumbnailUrl":"https:\/\/newsestlyonnais.fr\/site\/wp-content\/uploads\/2017\/04\/NEWSESTLYONNAIS-LSE-VERNE-.jpg","datePublished":"2017-04-11T04:12:14+00:00","dateModified":"2020-10-30T18:44:37+00:00","description":"LYON 8\u00b0 : Les coureurs du \"Lyon Sprint Evolution\" brillent en cadets et en \u00e9lite","breadcrumb":{"@id":"https:\/\/newsestlyonnais.fr\/site\/2017\/04\/11\/lyon-8-les-coureurs-du-lyon-sprint-evolution-brillent-en-cadets-et-elite\/#breadcrumb"},"inLanguage":"fr-FR","potentialAction":[{"@type":"ReadAction","target":["https:\/\/newsestlyonnais.fr\/site\/2017\/04\/11\/lyon-8-les-coureurs-du-lyon-sprint-evolution-brillent-en-cadets-et-elite\/"]}]},{"@type":"ImageObject","inLanguage":"fr-FR","@id":"https:\/\/newsestlyonnais.fr\/site\/2017\/04\/11\/lyon-8-les-coureurs-du-lyon-sprint-evolution-brillent-en-cadets-et-elite\/#primaryimage","url":"https:\/\/newsestlyonnais.fr\/site\/wp-content\/uploads\/2017\/04\/NEWSESTLYONNAIS-LSE-VERNE-.jpg","contentUrl":"https:\/\/newsestlyonnais.fr\/site\/wp-content\/uploads\/2017\/04\/NEWSESTLYONNAIS-LSE-VERNE-.jpg","width":1000,"height":750,"caption":"NEWSESTLYONNAIS - LSE VERNE"},{"@type":"BreadcrumbList","@id":"https:\/\/newsestlyonnais.fr\/site\/2017\/04\/11\/lyon-8-les-coureurs-du-lyon-sprint-evolution-brillent-en-cadets-et-elite\/#breadcrumb","itemListElement":[{"@type":"ListItem","position":1,"name":"Accueil","item":"https:\/\/newsestlyonnais.fr\/site\/"},{"@type":"ListItem","position":2,"name":"LYON 8 | Les coureurs du \u00ab\u00a0Lyon Sprint Evolution\u00a0\u00bb brillent en cadets et \u00e9lite"}]},{"@type":"WebSite","@id":"https:\/\/newsestlyonnais.fr\/site\/#website","url":"https:\/\/newsestlyonnais.fr\/site\/","name":"News Est Lyonnais","description":"L&#039;actualit\u00e9 au plus pr\u00e8s","publisher":{"@id":"https:\/\/newsestlyonnais.fr\/site\/#organization"},"potentialAction":[{"@type":"SearchAction","target":{"@type":"EntryPoint","urlTemplate":"https:\/\/newsestlyonnais.fr\/site\/?s={search_term_string}"},"query-input":{"@type":"PropertyValueSpecification","valueRequired":true,"valueName":"search_term_string"}}],"inLanguage":"fr-FR"},{"@type":"Organization","@id":"https:\/\/newsestlyonnais.fr\/site\/#organization","name":"News EST LYONNAIS","url":"https:\/\/newsestlyonnais.fr\/site\/","logo":{"@type":"ImageObject","inLanguage":"fr-FR","@id":"https:\/\/newsestlyonnais.fr\/site\/#\/schema\/logo\/image\/","url":"","contentUrl":"","caption":"News EST LYONNAIS"},"image":{"@id":"https:\/\/newsestlyonnais.fr\/site\/#\/schema\/logo\/image\/"}},{"@type":"Person","@id":"https:\/\/newsestlyonnais.fr\/site\/#\/schema\/person\/3230d5615f390bb808365d673001e887","name":"R\u00e9dac. NEWS","sameAs":["http:\/\/www.newsestlyonnais.fr","https:\/\/www.facebook.com\/pascal.oberson.1?fref=ts","https:\/\/fr.linkedin.com\/in\/pascal-oberson-b17045113"],"url":"https:\/\/newsestlyonnais.fr\/site\/author\/nel\/"}]}},"_links":{"self":[{"href":"https:\/\/newsestlyonnais.fr\/site\/wp-json\/wp\/v2\/posts\/24285","targetHints":{"allow":["GET"]}}],"collection":[{"href":"https:\/\/newsestlyonnais.fr\/site\/wp-json\/wp\/v2\/posts"}],"about":[{"href":"https:\/\/newsestlyonnais.fr\/site\/wp-json\/wp\/v2\/types\/post"}],"author":[{"embeddable":true,"href":"https:\/\/newsestlyonnais.fr\/site\/wp-json\/wp\/v2\/users\/4"}],"replies":[{"embeddable":true,"href":"https:\/\/newsestlyonnais.fr\/site\/wp-json\/wp\/v2\/comments?post=24285"}],"version-history":[{"count":0,"href":"https:\/\/newsestlyonnais.fr\/site\/wp-json\/wp\/v2\/posts\/24285\/revisions"}],"wp:featuredmedia":[{"embeddable":true,"href":"https:\/\/newsestlyonnais.fr\/site\/wp-json\/wp\/v2\/media\/24288"}],"wp:attachment":[{"href":"https:\/\/newsestlyonnais.fr\/site\/wp-json\/wp\/v2\/media?parent=24285"}],"wp:term":[{"taxonomy":"category","embeddable":true,"href":"https:\/\/newsestlyonnais.fr\/site\/wp-json\/wp\/v2\/categories?post=24285"},{"taxonomy":"post_tag","embeddable":true,"href":"https:\/\/newsestlyonnais.fr\/site\/wp-json\/wp\/v2\/tags?post=24285"}],"curies":[{"name":"wp","href":"https:\/\/api.w.org\/{rel}","templated":true}]}}