{"id":24327,"date":"2017-04-11T07:00:27","date_gmt":"2017-04-11T06:00:27","guid":{"rendered":"http:\/\/newsestlyonnais.fr\/site\/?p=24327"},"modified":"2020-11-02T15:36:02","modified_gmt":"2020-11-02T14:36:02","slug":"genas-les-seniors-de-l-es-genas-azieu-simposent-a-lexterieur","status":"publish","type":"post","link":"https:\/\/newsestlyonnais.fr\/site\/2017\/04\/11\/genas-les-seniors-de-l-es-genas-azieu-simposent-a-lexterieur\/","title":{"rendered":"GENAS | Les seniors de l&rsquo; ESGA Foot s&rsquo;imposent \u00e0 l&rsquo;ext\u00e9rieur"},"content":{"rendered":"<h4>Ce dernier week-end aura \u00e9t\u00e9 assez prolifique pour le club de l&rsquo; ES Genas-Azieu Foot dont les deux formations seniors se sont impos\u00e9es hors de leurs bases, voici les r\u00e9sultats:<\/h4>\n<ul>\n<li><strong>en seniors,<\/strong> succ\u00e8s de la une en promotion d&rsquo;excellence \u00e0 Sainte Foy 3\/1 qui les place en 4\u00b0 position \u00e0 4 points du leader \u00e0 3 journ\u00e9es de la fin. La 2, toujours invaincue en 3\u00b0 division s&rsquo;est largement impos\u00e9e \u00e0 Colombier-Saugnieu 6\/1.<\/li>\n<li><strong>chez les jeunes<\/strong>: lourde d\u00e9faite des U19 \u00e0 Lyon-Montchat 7\/1 et match nul \u00e0 domicile des U17 face \u00e0 Sainte Foy l\u00e8s Lyon 1\/1. En U15, nul de la une face \u00e0 Pontcharra 3\/3 et belle victoire de la deux face \u00e0 Di\u00e9moz 6\/1.<\/li>\n<li><strong>en f\u00e9minines<\/strong>, d\u00e9faite des seniors \u00e0 Nivolet 2\/1 en honneur r\u00e9gional et match nul pour les 3 autres formations: 1\/1 pour les U20 \u00e0 Poule Les Echarmeaux, 1\/1 pour les U18 \u00e0 Grenoble et 2\/2 pour la 2 aux Sud Lyonnais.<\/li>\n<\/ul>\n<p>&nbsp;<\/p>\n","protected":false},"excerpt":{"rendered":"<p>Ce dernier week-end aura \u00e9t\u00e9 assez prolifique pour le club de l&rsquo; ES Genas-Azieu Foot dont les deux formations seniors se sont impos\u00e9es hors de leurs bases, voici les r\u00e9sultats: en seniors, succ\u00e8s de la une en promotion d&rsquo;excellence \u00e0 Sainte Foy 3\/1 qui les place en 4\u00b0 position \u00e0 4 points du leader \u00e0 [&hellip;]<\/p>\n","protected":false},"author":4,"featured_media":19982,"comment_status":"open","ping_status":"open","sticky":false,"template":"","format":"standard","meta":{"footnotes":""},"categories":[270,1329,2996,1598],"tags":[],"class_list":["post-24327","post","type-post","status-publish","format-standard","has-post-thumbnail","hentry","category-cte-de-communes-c-c-e-l","category-foot","category-football-rugby","category-genas"],"yoast_head":"<!-- This site is optimized with the Yoast SEO plugin v27.2 - https:\/\/yoast.com\/product\/yoast-seo-wordpress\/ -->\n<title>GENAS : Les seniors de l&#039; ES Genas Azieu Foot s&#039;imposent \u00e0 l&#039;ext\u00e9rieur<\/title>\n<meta name=\"description\" content=\"GENAS : Les seniors de l&#039; ES Genas Azieu Foot s&#039;imposent \u00e0 l&#039;ext\u00e9rieur\" \/>\n<meta name=\"robots\" content=\"index, follow, max-snippet:-1, max-image-preview:large, max-video-preview:-1\" \/>\n<link rel=\"canonical\" href=\"https:\/\/newsestlyonnais.fr\/site\/2017\/04\/11\/genas-les-seniors-de-l-es-genas-azieu-simposent-a-lexterieur\/\" \/>\n<meta property=\"og:locale\" content=\"fr_FR\" \/>\n<meta property=\"og:type\" content=\"article\" \/>\n<meta property=\"og:title\" content=\"GENAS : Les seniors de l&#039; ES Genas Azieu Foot s&#039;imposent \u00e0 l&#039;ext\u00e9rieur\" \/>\n<meta property=\"og:description\" content=\"GENAS : Les seniors de l&#039; ES Genas Azieu Foot s&#039;imposent \u00e0 l&#039;ext\u00e9rieur\" \/>\n<meta property=\"og:url\" content=\"https:\/\/newsestlyonnais.fr\/site\/2017\/04\/11\/genas-les-seniors-de-l-es-genas-azieu-simposent-a-lexterieur\/\" \/>\n<meta property=\"og:site_name\" content=\"News Est Lyonnais\" \/>\n<meta property=\"article:author\" content=\"https:\/\/www.facebook.com\/pascal.oberson.1?fref=ts\" \/>\n<meta property=\"article:published_time\" content=\"2017-04-11T06:00:27+00:00\" \/>\n<meta property=\"article:modified_time\" content=\"2020-11-02T14:36:02+00:00\" \/>\n<meta property=\"og:image\" content=\"https:\/\/i1.wp.com\/newsestlyonnais.fr\/site\/wp-content\/uploads\/2017\/01\/NEWSESTLYONNAIS-LOGO-ESGA-FOOT.png?fit=1000%2C750&ssl=1\" \/>\n\t<meta property=\"og:image:width\" content=\"1000\" \/>\n\t<meta property=\"og:image:height\" content=\"750\" \/>\n\t<meta property=\"og:image:type\" content=\"image\/png\" \/>\n<meta name=\"author\" content=\"R\u00e9dac. NEWS\" \/>\n<meta name=\"twitter:card\" content=\"summary_large_image\" \/>\n<meta name=\"twitter:label1\" content=\"\u00c9crit par\" \/>\n\t<meta name=\"twitter:data1\" content=\"R\u00e9dac. NEWS\" \/>\n\t<meta name=\"twitter:label2\" content=\"Dur\u00e9e de lecture estim\u00e9e\" \/>\n\t<meta name=\"twitter:data2\" content=\"1 minute\" \/>\n<script type=\"application\/ld+json\" class=\"yoast-schema-graph\">{\"@context\":\"https:\/\/schema.org\",\"@graph\":[{\"@type\":\"Article\",\"@id\":\"https:\/\/newsestlyonnais.fr\/site\/2017\/04\/11\/genas-les-seniors-de-l-es-genas-azieu-simposent-a-lexterieur\/#article\",\"isPartOf\":{\"@id\":\"https:\/\/newsestlyonnais.fr\/site\/2017\/04\/11\/genas-les-seniors-de-l-es-genas-azieu-simposent-a-lexterieur\/\"},\"author\":{\"name\":\"R\u00e9dac. NEWS\",\"@id\":\"https:\/\/newsestlyonnais.fr\/site\/#\/schema\/person\/3230d5615f390bb808365d673001e887\"},\"headline\":\"GENAS | Les seniors de l&rsquo; ESGA Foot s&rsquo;imposent \u00e0 l&rsquo;ext\u00e9rieur\",\"datePublished\":\"2017-04-11T06:00:27+00:00\",\"dateModified\":\"2020-11-02T14:36:02+00:00\",\"mainEntityOfPage\":{\"@id\":\"https:\/\/newsestlyonnais.fr\/site\/2017\/04\/11\/genas-les-seniors-de-l-es-genas-azieu-simposent-a-lexterieur\/\"},\"wordCount\":155,\"commentCount\":0,\"publisher\":{\"@id\":\"https:\/\/newsestlyonnais.fr\/site\/#organization\"},\"image\":{\"@id\":\"https:\/\/newsestlyonnais.fr\/site\/2017\/04\/11\/genas-les-seniors-de-l-es-genas-azieu-simposent-a-lexterieur\/#primaryimage\"},\"thumbnailUrl\":\"https:\/\/newsestlyonnais.fr\/site\/wp-content\/uploads\/2017\/01\/NEWSESTLYONNAIS-LOGO-ESGA-FOOT.png\",\"articleSection\":[\"CCEL | Communes\",\"Foot | Futsal\",\"Foot | Rugby\",\"Genas\"],\"inLanguage\":\"fr-FR\",\"potentialAction\":[{\"@type\":\"CommentAction\",\"name\":\"Comment\",\"target\":[\"https:\/\/newsestlyonnais.fr\/site\/2017\/04\/11\/genas-les-seniors-de-l-es-genas-azieu-simposent-a-lexterieur\/#respond\"]}]},{\"@type\":\"WebPage\",\"@id\":\"https:\/\/newsestlyonnais.fr\/site\/2017\/04\/11\/genas-les-seniors-de-l-es-genas-azieu-simposent-a-lexterieur\/\",\"url\":\"https:\/\/newsestlyonnais.fr\/site\/2017\/04\/11\/genas-les-seniors-de-l-es-genas-azieu-simposent-a-lexterieur\/\",\"name\":\"GENAS : Les seniors de l' ES Genas Azieu Foot s'imposent \u00e0 l'ext\u00e9rieur\",\"isPartOf\":{\"@id\":\"https:\/\/newsestlyonnais.fr\/site\/#website\"},\"primaryImageOfPage\":{\"@id\":\"https:\/\/newsestlyonnais.fr\/site\/2017\/04\/11\/genas-les-seniors-de-l-es-genas-azieu-simposent-a-lexterieur\/#primaryimage\"},\"image\":{\"@id\":\"https:\/\/newsestlyonnais.fr\/site\/2017\/04\/11\/genas-les-seniors-de-l-es-genas-azieu-simposent-a-lexterieur\/#primaryimage\"},\"thumbnailUrl\":\"https:\/\/newsestlyonnais.fr\/site\/wp-content\/uploads\/2017\/01\/NEWSESTLYONNAIS-LOGO-ESGA-FOOT.png\",\"datePublished\":\"2017-04-11T06:00:27+00:00\",\"dateModified\":\"2020-11-02T14:36:02+00:00\",\"description\":\"GENAS : Les seniors de l' ES Genas Azieu Foot s'imposent \u00e0 l'ext\u00e9rieur\",\"breadcrumb\":{\"@id\":\"https:\/\/newsestlyonnais.fr\/site\/2017\/04\/11\/genas-les-seniors-de-l-es-genas-azieu-simposent-a-lexterieur\/#breadcrumb\"},\"inLanguage\":\"fr-FR\",\"potentialAction\":[{\"@type\":\"ReadAction\",\"target\":[\"https:\/\/newsestlyonnais.fr\/site\/2017\/04\/11\/genas-les-seniors-de-l-es-genas-azieu-simposent-a-lexterieur\/\"]}]},{\"@type\":\"ImageObject\",\"inLanguage\":\"fr-FR\",\"@id\":\"https:\/\/newsestlyonnais.fr\/site\/2017\/04\/11\/genas-les-seniors-de-l-es-genas-azieu-simposent-a-lexterieur\/#primaryimage\",\"url\":\"https:\/\/newsestlyonnais.fr\/site\/wp-content\/uploads\/2017\/01\/NEWSESTLYONNAIS-LOGO-ESGA-FOOT.png\",\"contentUrl\":\"https:\/\/newsestlyonnais.fr\/site\/wp-content\/uploads\/2017\/01\/NEWSESTLYONNAIS-LOGO-ESGA-FOOT.png\",\"width\":1000,\"height\":750,\"caption\":\"NEWSESTLYONNAIS LOGO ESGA FOOT\"},{\"@type\":\"BreadcrumbList\",\"@id\":\"https:\/\/newsestlyonnais.fr\/site\/2017\/04\/11\/genas-les-seniors-de-l-es-genas-azieu-simposent-a-lexterieur\/#breadcrumb\",\"itemListElement\":[{\"@type\":\"ListItem\",\"position\":1,\"name\":\"Accueil\",\"item\":\"https:\/\/newsestlyonnais.fr\/site\/\"},{\"@type\":\"ListItem\",\"position\":2,\"name\":\"GENAS | Les seniors de l&rsquo; ESGA Foot s&rsquo;imposent \u00e0 l&rsquo;ext\u00e9rieur\"}]},{\"@type\":\"WebSite\",\"@id\":\"https:\/\/newsestlyonnais.fr\/site\/#website\",\"url\":\"https:\/\/newsestlyonnais.fr\/site\/\",\"name\":\"News Est Lyonnais\",\"description\":\"L&#039;actualit\u00e9 au plus pr\u00e8s\",\"publisher\":{\"@id\":\"https:\/\/newsestlyonnais.fr\/site\/#organization\"},\"potentialAction\":[{\"@type\":\"SearchAction\",\"target\":{\"@type\":\"EntryPoint\",\"urlTemplate\":\"https:\/\/newsestlyonnais.fr\/site\/?s={search_term_string}\"},\"query-input\":{\"@type\":\"PropertyValueSpecification\",\"valueRequired\":true,\"valueName\":\"search_term_string\"}}],\"inLanguage\":\"fr-FR\"},{\"@type\":\"Organization\",\"@id\":\"https:\/\/newsestlyonnais.fr\/site\/#organization\",\"name\":\"News EST LYONNAIS\",\"url\":\"https:\/\/newsestlyonnais.fr\/site\/\",\"logo\":{\"@type\":\"ImageObject\",\"inLanguage\":\"fr-FR\",\"@id\":\"https:\/\/newsestlyonnais.fr\/site\/#\/schema\/logo\/image\/\",\"url\":\"\",\"contentUrl\":\"\",\"caption\":\"News EST LYONNAIS\"},\"image\":{\"@id\":\"https:\/\/newsestlyonnais.fr\/site\/#\/schema\/logo\/image\/\"}},{\"@type\":\"Person\",\"@id\":\"https:\/\/newsestlyonnais.fr\/site\/#\/schema\/person\/3230d5615f390bb808365d673001e887\",\"name\":\"R\u00e9dac. NEWS\",\"sameAs\":[\"http:\/\/www.newsestlyonnais.fr\",\"https:\/\/www.facebook.com\/pascal.oberson.1?fref=ts\",\"https:\/\/fr.linkedin.com\/in\/pascal-oberson-b17045113\"],\"url\":\"https:\/\/newsestlyonnais.fr\/site\/author\/nel\/\"}]}<\/script>\n<!-- \/ Yoast SEO plugin. -->","yoast_head_json":{"title":"GENAS : Les seniors de l' ES Genas Azieu Foot s'imposent \u00e0 l'ext\u00e9rieur","description":"GENAS : Les seniors de l' ES Genas Azieu Foot s'imposent \u00e0 l'ext\u00e9rieur","robots":{"index":"index","follow":"follow","max-snippet":"max-snippet:-1","max-image-preview":"max-image-preview:large","max-video-preview":"max-video-preview:-1"},"canonical":"https:\/\/newsestlyonnais.fr\/site\/2017\/04\/11\/genas-les-seniors-de-l-es-genas-azieu-simposent-a-lexterieur\/","og_locale":"fr_FR","og_type":"article","og_title":"GENAS : Les seniors de l' ES Genas Azieu Foot s'imposent \u00e0 l'ext\u00e9rieur","og_description":"GENAS : Les seniors de l' ES Genas Azieu Foot s'imposent \u00e0 l'ext\u00e9rieur","og_url":"https:\/\/newsestlyonnais.fr\/site\/2017\/04\/11\/genas-les-seniors-de-l-es-genas-azieu-simposent-a-lexterieur\/","og_site_name":"News Est Lyonnais","article_author":"https:\/\/www.facebook.com\/pascal.oberson.1?fref=ts","article_published_time":"2017-04-11T06:00:27+00:00","article_modified_time":"2020-11-02T14:36:02+00:00","og_image":[{"width":1000,"height":750,"url":"https:\/\/i1.wp.com\/newsestlyonnais.fr\/site\/wp-content\/uploads\/2017\/01\/NEWSESTLYONNAIS-LOGO-ESGA-FOOT.png?fit=1000%2C750&ssl=1","type":"image\/png"}],"author":"R\u00e9dac. NEWS","twitter_card":"summary_large_image","twitter_misc":{"\u00c9crit par":"R\u00e9dac. NEWS","Dur\u00e9e de lecture estim\u00e9e":"1 minute"},"schema":{"@context":"https:\/\/schema.org","@graph":[{"@type":"Article","@id":"https:\/\/newsestlyonnais.fr\/site\/2017\/04\/11\/genas-les-seniors-de-l-es-genas-azieu-simposent-a-lexterieur\/#article","isPartOf":{"@id":"https:\/\/newsestlyonnais.fr\/site\/2017\/04\/11\/genas-les-seniors-de-l-es-genas-azieu-simposent-a-lexterieur\/"},"author":{"name":"R\u00e9dac. NEWS","@id":"https:\/\/newsestlyonnais.fr\/site\/#\/schema\/person\/3230d5615f390bb808365d673001e887"},"headline":"GENAS | Les seniors de l&rsquo; ESGA Foot s&rsquo;imposent \u00e0 l&rsquo;ext\u00e9rieur","datePublished":"2017-04-11T06:00:27+00:00","dateModified":"2020-11-02T14:36:02+00:00","mainEntityOfPage":{"@id":"https:\/\/newsestlyonnais.fr\/site\/2017\/04\/11\/genas-les-seniors-de-l-es-genas-azieu-simposent-a-lexterieur\/"},"wordCount":155,"commentCount":0,"publisher":{"@id":"https:\/\/newsestlyonnais.fr\/site\/#organization"},"image":{"@id":"https:\/\/newsestlyonnais.fr\/site\/2017\/04\/11\/genas-les-seniors-de-l-es-genas-azieu-simposent-a-lexterieur\/#primaryimage"},"thumbnailUrl":"https:\/\/newsestlyonnais.fr\/site\/wp-content\/uploads\/2017\/01\/NEWSESTLYONNAIS-LOGO-ESGA-FOOT.png","articleSection":["CCEL | Communes","Foot | Futsal","Foot | Rugby","Genas"],"inLanguage":"fr-FR","potentialAction":[{"@type":"CommentAction","name":"Comment","target":["https:\/\/newsestlyonnais.fr\/site\/2017\/04\/11\/genas-les-seniors-de-l-es-genas-azieu-simposent-a-lexterieur\/#respond"]}]},{"@type":"WebPage","@id":"https:\/\/newsestlyonnais.fr\/site\/2017\/04\/11\/genas-les-seniors-de-l-es-genas-azieu-simposent-a-lexterieur\/","url":"https:\/\/newsestlyonnais.fr\/site\/2017\/04\/11\/genas-les-seniors-de-l-es-genas-azieu-simposent-a-lexterieur\/","name":"GENAS : Les seniors de l' ES Genas Azieu Foot s'imposent \u00e0 l'ext\u00e9rieur","isPartOf":{"@id":"https:\/\/newsestlyonnais.fr\/site\/#website"},"primaryImageOfPage":{"@id":"https:\/\/newsestlyonnais.fr\/site\/2017\/04\/11\/genas-les-seniors-de-l-es-genas-azieu-simposent-a-lexterieur\/#primaryimage"},"image":{"@id":"https:\/\/newsestlyonnais.fr\/site\/2017\/04\/11\/genas-les-seniors-de-l-es-genas-azieu-simposent-a-lexterieur\/#primaryimage"},"thumbnailUrl":"https:\/\/newsestlyonnais.fr\/site\/wp-content\/uploads\/2017\/01\/NEWSESTLYONNAIS-LOGO-ESGA-FOOT.png","datePublished":"2017-04-11T06:00:27+00:00","dateModified":"2020-11-02T14:36:02+00:00","description":"GENAS : Les seniors de l' ES Genas Azieu Foot s'imposent \u00e0 l'ext\u00e9rieur","breadcrumb":{"@id":"https:\/\/newsestlyonnais.fr\/site\/2017\/04\/11\/genas-les-seniors-de-l-es-genas-azieu-simposent-a-lexterieur\/#breadcrumb"},"inLanguage":"fr-FR","potentialAction":[{"@type":"ReadAction","target":["https:\/\/newsestlyonnais.fr\/site\/2017\/04\/11\/genas-les-seniors-de-l-es-genas-azieu-simposent-a-lexterieur\/"]}]},{"@type":"ImageObject","inLanguage":"fr-FR","@id":"https:\/\/newsestlyonnais.fr\/site\/2017\/04\/11\/genas-les-seniors-de-l-es-genas-azieu-simposent-a-lexterieur\/#primaryimage","url":"https:\/\/newsestlyonnais.fr\/site\/wp-content\/uploads\/2017\/01\/NEWSESTLYONNAIS-LOGO-ESGA-FOOT.png","contentUrl":"https:\/\/newsestlyonnais.fr\/site\/wp-content\/uploads\/2017\/01\/NEWSESTLYONNAIS-LOGO-ESGA-FOOT.png","width":1000,"height":750,"caption":"NEWSESTLYONNAIS LOGO ESGA FOOT"},{"@type":"BreadcrumbList","@id":"https:\/\/newsestlyonnais.fr\/site\/2017\/04\/11\/genas-les-seniors-de-l-es-genas-azieu-simposent-a-lexterieur\/#breadcrumb","itemListElement":[{"@type":"ListItem","position":1,"name":"Accueil","item":"https:\/\/newsestlyonnais.fr\/site\/"},{"@type":"ListItem","position":2,"name":"GENAS | Les seniors de l&rsquo; ESGA Foot s&rsquo;imposent \u00e0 l&rsquo;ext\u00e9rieur"}]},{"@type":"WebSite","@id":"https:\/\/newsestlyonnais.fr\/site\/#website","url":"https:\/\/newsestlyonnais.fr\/site\/","name":"News Est Lyonnais","description":"L&#039;actualit\u00e9 au plus pr\u00e8s","publisher":{"@id":"https:\/\/newsestlyonnais.fr\/site\/#organization"},"potentialAction":[{"@type":"SearchAction","target":{"@type":"EntryPoint","urlTemplate":"https:\/\/newsestlyonnais.fr\/site\/?s={search_term_string}"},"query-input":{"@type":"PropertyValueSpecification","valueRequired":true,"valueName":"search_term_string"}}],"inLanguage":"fr-FR"},{"@type":"Organization","@id":"https:\/\/newsestlyonnais.fr\/site\/#organization","name":"News EST LYONNAIS","url":"https:\/\/newsestlyonnais.fr\/site\/","logo":{"@type":"ImageObject","inLanguage":"fr-FR","@id":"https:\/\/newsestlyonnais.fr\/site\/#\/schema\/logo\/image\/","url":"","contentUrl":"","caption":"News EST LYONNAIS"},"image":{"@id":"https:\/\/newsestlyonnais.fr\/site\/#\/schema\/logo\/image\/"}},{"@type":"Person","@id":"https:\/\/newsestlyonnais.fr\/site\/#\/schema\/person\/3230d5615f390bb808365d673001e887","name":"R\u00e9dac. NEWS","sameAs":["http:\/\/www.newsestlyonnais.fr","https:\/\/www.facebook.com\/pascal.oberson.1?fref=ts","https:\/\/fr.linkedin.com\/in\/pascal-oberson-b17045113"],"url":"https:\/\/newsestlyonnais.fr\/site\/author\/nel\/"}]}},"_links":{"self":[{"href":"https:\/\/newsestlyonnais.fr\/site\/wp-json\/wp\/v2\/posts\/24327","targetHints":{"allow":["GET"]}}],"collection":[{"href":"https:\/\/newsestlyonnais.fr\/site\/wp-json\/wp\/v2\/posts"}],"about":[{"href":"https:\/\/newsestlyonnais.fr\/site\/wp-json\/wp\/v2\/types\/post"}],"author":[{"embeddable":true,"href":"https:\/\/newsestlyonnais.fr\/site\/wp-json\/wp\/v2\/users\/4"}],"replies":[{"embeddable":true,"href":"https:\/\/newsestlyonnais.fr\/site\/wp-json\/wp\/v2\/comments?post=24327"}],"version-history":[{"count":0,"href":"https:\/\/newsestlyonnais.fr\/site\/wp-json\/wp\/v2\/posts\/24327\/revisions"}],"wp:featuredmedia":[{"embeddable":true,"href":"https:\/\/newsestlyonnais.fr\/site\/wp-json\/wp\/v2\/media\/19982"}],"wp:attachment":[{"href":"https:\/\/newsestlyonnais.fr\/site\/wp-json\/wp\/v2\/media?parent=24327"}],"wp:term":[{"taxonomy":"category","embeddable":true,"href":"https:\/\/newsestlyonnais.fr\/site\/wp-json\/wp\/v2\/categories?post=24327"},{"taxonomy":"post_tag","embeddable":true,"href":"https:\/\/newsestlyonnais.fr\/site\/wp-json\/wp\/v2\/tags?post=24327"}],"curies":[{"name":"wp","href":"https:\/\/api.w.org\/{rel}","templated":true}]}}