{"id":24369,"date":"2017-04-11T15:32:02","date_gmt":"2017-04-11T14:32:02","guid":{"rendered":"http:\/\/newsestlyonnais.fr\/site\/?p=24369"},"modified":"2020-11-11T17:26:41","modified_gmt":"2020-11-11T16:26:41","slug":"decinesmeyzieuvaulx-en-velin-champion-de-mon-quartier-revient","status":"publish","type":"post","link":"https:\/\/newsestlyonnais.fr\/site\/2017\/04\/11\/decinesmeyzieuvaulx-en-velin-champion-de-mon-quartier-revient\/","title":{"rendered":"DECINES\/MEYZIEU\/VAULX EN VELIN | \u00a0\u00bb CHAMPION DE MON QUARTIER\u00a0\u00bb revient !"},"content":{"rendered":"<h4>Lanc\u00e9e au printemps 2016 par le D\u00e9cines Meyzieu Athl\u00e9tisme (DMA) l&rsquo;op\u00e9ration \u201cChampion de mon quartier\u201dest de retour d\u00e8s le mercredi 12 avril !<\/h4>\n<p>Une belle opportunit\u00e9 pour tous les jeunes de 6 \u00e0 20 ans de sauter, courir ou lancer et de d\u00e9couvrir l&rsquo;athl\u00e9tisme \u00e0 travers divers ateliers propos\u00e9s en fonction de leur cat\u00e9gorie d\u2019\u00e2ge.<\/p>\n<p>L&rsquo;op\u00e9ration qui se d\u00e9roulait en 2006 dans diff\u00e9rents quartiers de D\u00e9cines et Vaulx en Velin s&rsquo;\u00e9tendra \u00e9galement sur Meyzieu est organis\u00e9e par les <strong>clubs de Vaulx-en-Velin Athl\u00e9tisme et D\u00e9cines Meyzieu Athl\u00e9tisme<\/strong> en partenariat avec les villes de Vaulx en Velin, Meyzieu et D\u00e9cines.<\/p>\n<p><span style=\"text-decoration: underline\"><strong>Les diff\u00e9rentes \u00e9tapes (mercredis de 14 heures \u00e0 17 heures) :<br \/>\n<\/strong><\/span><\/p>\n<ul>\n<li><strong>VAULX EN VELIN<\/strong> : <span class=\"text_exposed_show\">Le 12 avril au Mas du Taureau\/ 26 <\/span><span class=\"text_exposed_show\">avril \u00e0 la Grappini\u00e8re\/ 3 mai <\/span><span class=\"text_exposed_show\">\u00e0 la Balme. <\/span><\/li>\n<li><strong>MEYZIEU<\/strong> : Le 10 mai Les Terrasses\/ 17 mai Les Plant\u00e9es\/ 24 mai\u00a0 Le Mathiolan<\/li>\n<li><strong><span class=\"text_exposed_show\">DECINES : <\/span><\/strong><span class=\"text_exposed_show\">Le 31 mai \u00e0 la Soie\/ 7 juin aux Sablons\/ 21 juin Le Prainet<\/span><\/li>\n<\/ul>\n<ul>\n<li>Plus d&rsquo;infos sur: <a href=\"https:\/\/www.facebook.com\/Champion-de-mon-quartier-204803196549134\/?fref=ts\" target=\"_blank\" rel=\"noopener noreferrer\">https:\/\/www.facebook.com\/Champion-de-mon-quartier-204803196549134\/?fref=ts<\/a><\/li>\n<li>Renseignements au 06.28.93.77.57<\/li>\n<\/ul>\n<figure id=\"attachment_24375\" aria-describedby=\"caption-attachment-24375\" style=\"width: 1000px\" class=\"wp-caption alignleft\"><img loading=\"lazy\" decoding=\"async\" class=\"size-full wp-image-24375\" src=\"https:\/\/newsestlyonnais.fr\/site\/medias\/2017\/04\/NEWSESTLYONNAIS-CAHMPION-MON-QUARTIER-2016.jpg\" alt=\"NEWSESTLYONNAIS - CAHMPION MON QUARTIER 2016\" width=\"1000\" height=\"750\" srcset=\"https:\/\/newsestlyonnais.fr\/site\/wp-content\/uploads\/2017\/04\/NEWSESTLYONNAIS-CAHMPION-MON-QUARTIER-2016.jpg 1000w, https:\/\/newsestlyonnais.fr\/site\/wp-content\/uploads\/2017\/04\/NEWSESTLYONNAIS-CAHMPION-MON-QUARTIER-2016-400x300.jpg 400w, https:\/\/newsestlyonnais.fr\/site\/wp-content\/uploads\/2017\/04\/NEWSESTLYONNAIS-CAHMPION-MON-QUARTIER-2016-768x576.jpg 768w, https:\/\/newsestlyonnais.fr\/site\/wp-content\/uploads\/2017\/04\/NEWSESTLYONNAIS-CAHMPION-MON-QUARTIER-2016-600x450.jpg 600w, https:\/\/newsestlyonnais.fr\/site\/wp-content\/uploads\/2017\/04\/NEWSESTLYONNAIS-CAHMPION-MON-QUARTIER-2016-100x75.jpg 100w\" sizes=\"auto, (max-width: 1000px) 100vw, 1000px\" \/><figcaption id=\"caption-attachment-24375\" class=\"wp-caption-text\">L&rsquo;\u00e9dition 2016 avait rassembl\u00e9 entre 60 \u00e0 70 enfants par \u00e9tapes<\/figcaption><\/figure>\n","protected":false},"excerpt":{"rendered":"<p>Lanc\u00e9e au printemps 2016 par le D\u00e9cines Meyzieu Athl\u00e9tisme (DMA) l&rsquo;op\u00e9ration \u201cChampion de mon quartier\u201dest de retour d\u00e8s le mercredi 12 avril ! Une belle opportunit\u00e9 pour tous les jeunes de 6 \u00e0 20 ans de sauter, courir ou lancer et de d\u00e9couvrir l&rsquo;athl\u00e9tisme \u00e0 travers divers ateliers propos\u00e9s en fonction de leur cat\u00e9gorie d\u2019\u00e2ge. [&hellip;]<\/p>\n","protected":false},"author":4,"featured_media":24372,"comment_status":"open","ping_status":"open","sticky":false,"template":"","format":"standard","meta":{"footnotes":""},"categories":[2968,21,171,24,28],"tags":[],"class_list":["post-24369","post","type-post","status-publish","format-standard","has-post-thumbnail","hentry","category-athle-course-pied-marche","category-decines-charpieu","category-enfance-jeunesse","category-meyzieu","category-vaulx-en-velin"],"yoast_head":"<!-- This site is optimized with the Yoast SEO plugin v27.2 - https:\/\/yoast.com\/product\/yoast-seo-wordpress\/ -->\n<title>DECINES\/MEYZIEU\/VAULX EN VELIN : &quot; CHAMPION DE MON QUARTIER&quot; revient !<\/title>\n<meta name=\"description\" content=\"DECINES\/MEYZIEU\/VAULX EN VELIN : &quot; CHAMPION DE MON QUARTIER&quot; revient !\" \/>\n<meta name=\"robots\" content=\"index, follow, max-snippet:-1, max-image-preview:large, max-video-preview:-1\" \/>\n<link rel=\"canonical\" href=\"https:\/\/newsestlyonnais.fr\/site\/2017\/04\/11\/decinesmeyzieuvaulx-en-velin-champion-de-mon-quartier-revient\/\" \/>\n<meta property=\"og:locale\" content=\"fr_FR\" \/>\n<meta property=\"og:type\" content=\"article\" \/>\n<meta property=\"og:title\" content=\"DECINES\/MEYZIEU\/VAULX EN VELIN : &quot; CHAMPION DE MON QUARTIER&quot; revient !\" \/>\n<meta property=\"og:description\" content=\"DECINES\/MEYZIEU\/VAULX EN VELIN : &quot; CHAMPION DE MON QUARTIER&quot; revient !\" \/>\n<meta property=\"og:url\" content=\"https:\/\/newsestlyonnais.fr\/site\/2017\/04\/11\/decinesmeyzieuvaulx-en-velin-champion-de-mon-quartier-revient\/\" \/>\n<meta property=\"og:site_name\" content=\"News Est Lyonnais\" \/>\n<meta property=\"article:author\" content=\"https:\/\/www.facebook.com\/pascal.oberson.1?fref=ts\" \/>\n<meta property=\"article:published_time\" content=\"2017-04-11T14:32:02+00:00\" \/>\n<meta property=\"article:modified_time\" content=\"2020-11-11T16:26:41+00:00\" \/>\n<meta property=\"og:image\" content=\"https:\/\/i2.wp.com\/newsestlyonnais.fr\/site\/wp-content\/uploads\/2017\/04\/NEWSESTLYONNAIS-CHAMPION-MON-QUARTIER-2017.jpg?fit=1000%2C750&ssl=1\" \/>\n\t<meta property=\"og:image:width\" content=\"1000\" \/>\n\t<meta property=\"og:image:height\" content=\"750\" \/>\n\t<meta property=\"og:image:type\" content=\"image\/jpeg\" \/>\n<meta name=\"author\" content=\"R\u00e9dac. NEWS\" \/>\n<meta name=\"twitter:card\" content=\"summary_large_image\" \/>\n<meta name=\"twitter:label1\" content=\"\u00c9crit par\" \/>\n\t<meta name=\"twitter:data1\" content=\"R\u00e9dac. NEWS\" \/>\n\t<meta name=\"twitter:label2\" content=\"Dur\u00e9e de lecture estim\u00e9e\" \/>\n\t<meta name=\"twitter:data2\" content=\"1 minute\" \/>\n<script type=\"application\/ld+json\" class=\"yoast-schema-graph\">{\"@context\":\"https:\/\/schema.org\",\"@graph\":[{\"@type\":\"Article\",\"@id\":\"https:\/\/newsestlyonnais.fr\/site\/2017\/04\/11\/decinesmeyzieuvaulx-en-velin-champion-de-mon-quartier-revient\/#article\",\"isPartOf\":{\"@id\":\"https:\/\/newsestlyonnais.fr\/site\/2017\/04\/11\/decinesmeyzieuvaulx-en-velin-champion-de-mon-quartier-revient\/\"},\"author\":{\"name\":\"R\u00e9dac. NEWS\",\"@id\":\"https:\/\/newsestlyonnais.fr\/site\/#\/schema\/person\/3230d5615f390bb808365d673001e887\"},\"headline\":\"DECINES\/MEYZIEU\/VAULX EN VELIN | \u00a0\u00bb CHAMPION DE MON QUARTIER\u00a0\u00bb revient !\",\"datePublished\":\"2017-04-11T14:32:02+00:00\",\"dateModified\":\"2020-11-11T16:26:41+00:00\",\"mainEntityOfPage\":{\"@id\":\"https:\/\/newsestlyonnais.fr\/site\/2017\/04\/11\/decinesmeyzieuvaulx-en-velin-champion-de-mon-quartier-revient\/\"},\"wordCount\":199,\"commentCount\":0,\"publisher\":{\"@id\":\"https:\/\/newsestlyonnais.fr\/site\/#organization\"},\"image\":{\"@id\":\"https:\/\/newsestlyonnais.fr\/site\/2017\/04\/11\/decinesmeyzieuvaulx-en-velin-champion-de-mon-quartier-revient\/#primaryimage\"},\"thumbnailUrl\":\"https:\/\/newsestlyonnais.fr\/site\/wp-content\/uploads\/2017\/04\/NEWSESTLYONNAIS-CHAMPION-MON-QUARTIER-2017.jpg\",\"articleSection\":[\"Athl\u00e9 | Course pied | Marche\",\"D\u00e9cines-Charpieu\",\"Enfance | Jeunesse\",\"Meyzieu\",\"Vaulx-en-Velin\"],\"inLanguage\":\"fr-FR\",\"potentialAction\":[{\"@type\":\"CommentAction\",\"name\":\"Comment\",\"target\":[\"https:\/\/newsestlyonnais.fr\/site\/2017\/04\/11\/decinesmeyzieuvaulx-en-velin-champion-de-mon-quartier-revient\/#respond\"]}]},{\"@type\":\"WebPage\",\"@id\":\"https:\/\/newsestlyonnais.fr\/site\/2017\/04\/11\/decinesmeyzieuvaulx-en-velin-champion-de-mon-quartier-revient\/\",\"url\":\"https:\/\/newsestlyonnais.fr\/site\/2017\/04\/11\/decinesmeyzieuvaulx-en-velin-champion-de-mon-quartier-revient\/\",\"name\":\"DECINES\/MEYZIEU\/VAULX EN VELIN : \\\" CHAMPION DE MON QUARTIER\\\" revient !\",\"isPartOf\":{\"@id\":\"https:\/\/newsestlyonnais.fr\/site\/#website\"},\"primaryImageOfPage\":{\"@id\":\"https:\/\/newsestlyonnais.fr\/site\/2017\/04\/11\/decinesmeyzieuvaulx-en-velin-champion-de-mon-quartier-revient\/#primaryimage\"},\"image\":{\"@id\":\"https:\/\/newsestlyonnais.fr\/site\/2017\/04\/11\/decinesmeyzieuvaulx-en-velin-champion-de-mon-quartier-revient\/#primaryimage\"},\"thumbnailUrl\":\"https:\/\/newsestlyonnais.fr\/site\/wp-content\/uploads\/2017\/04\/NEWSESTLYONNAIS-CHAMPION-MON-QUARTIER-2017.jpg\",\"datePublished\":\"2017-04-11T14:32:02+00:00\",\"dateModified\":\"2020-11-11T16:26:41+00:00\",\"description\":\"DECINES\/MEYZIEU\/VAULX EN VELIN : \\\" CHAMPION DE MON QUARTIER\\\" revient !\",\"breadcrumb\":{\"@id\":\"https:\/\/newsestlyonnais.fr\/site\/2017\/04\/11\/decinesmeyzieuvaulx-en-velin-champion-de-mon-quartier-revient\/#breadcrumb\"},\"inLanguage\":\"fr-FR\",\"potentialAction\":[{\"@type\":\"ReadAction\",\"target\":[\"https:\/\/newsestlyonnais.fr\/site\/2017\/04\/11\/decinesmeyzieuvaulx-en-velin-champion-de-mon-quartier-revient\/\"]}]},{\"@type\":\"ImageObject\",\"inLanguage\":\"fr-FR\",\"@id\":\"https:\/\/newsestlyonnais.fr\/site\/2017\/04\/11\/decinesmeyzieuvaulx-en-velin-champion-de-mon-quartier-revient\/#primaryimage\",\"url\":\"https:\/\/newsestlyonnais.fr\/site\/wp-content\/uploads\/2017\/04\/NEWSESTLYONNAIS-CHAMPION-MON-QUARTIER-2017.jpg\",\"contentUrl\":\"https:\/\/newsestlyonnais.fr\/site\/wp-content\/uploads\/2017\/04\/NEWSESTLYONNAIS-CHAMPION-MON-QUARTIER-2017.jpg\",\"width\":1000,\"height\":750,\"caption\":\"L'affiche du projet\"},{\"@type\":\"BreadcrumbList\",\"@id\":\"https:\/\/newsestlyonnais.fr\/site\/2017\/04\/11\/decinesmeyzieuvaulx-en-velin-champion-de-mon-quartier-revient\/#breadcrumb\",\"itemListElement\":[{\"@type\":\"ListItem\",\"position\":1,\"name\":\"Accueil\",\"item\":\"https:\/\/newsestlyonnais.fr\/site\/\"},{\"@type\":\"ListItem\",\"position\":2,\"name\":\"DECINES\/MEYZIEU\/VAULX EN VELIN | \u00a0\u00bb CHAMPION DE MON QUARTIER\u00a0\u00bb revient !\"}]},{\"@type\":\"WebSite\",\"@id\":\"https:\/\/newsestlyonnais.fr\/site\/#website\",\"url\":\"https:\/\/newsestlyonnais.fr\/site\/\",\"name\":\"News Est Lyonnais\",\"description\":\"L&#039;actualit\u00e9 au plus pr\u00e8s\",\"publisher\":{\"@id\":\"https:\/\/newsestlyonnais.fr\/site\/#organization\"},\"potentialAction\":[{\"@type\":\"SearchAction\",\"target\":{\"@type\":\"EntryPoint\",\"urlTemplate\":\"https:\/\/newsestlyonnais.fr\/site\/?s={search_term_string}\"},\"query-input\":{\"@type\":\"PropertyValueSpecification\",\"valueRequired\":true,\"valueName\":\"search_term_string\"}}],\"inLanguage\":\"fr-FR\"},{\"@type\":\"Organization\",\"@id\":\"https:\/\/newsestlyonnais.fr\/site\/#organization\",\"name\":\"News EST LYONNAIS\",\"url\":\"https:\/\/newsestlyonnais.fr\/site\/\",\"logo\":{\"@type\":\"ImageObject\",\"inLanguage\":\"fr-FR\",\"@id\":\"https:\/\/newsestlyonnais.fr\/site\/#\/schema\/logo\/image\/\",\"url\":\"\",\"contentUrl\":\"\",\"caption\":\"News EST LYONNAIS\"},\"image\":{\"@id\":\"https:\/\/newsestlyonnais.fr\/site\/#\/schema\/logo\/image\/\"}},{\"@type\":\"Person\",\"@id\":\"https:\/\/newsestlyonnais.fr\/site\/#\/schema\/person\/3230d5615f390bb808365d673001e887\",\"name\":\"R\u00e9dac. NEWS\",\"sameAs\":[\"http:\/\/www.newsestlyonnais.fr\",\"https:\/\/www.facebook.com\/pascal.oberson.1?fref=ts\",\"https:\/\/fr.linkedin.com\/in\/pascal-oberson-b17045113\"],\"url\":\"https:\/\/newsestlyonnais.fr\/site\/author\/nel\/\"}]}<\/script>\n<!-- \/ Yoast SEO plugin. -->","yoast_head_json":{"title":"DECINES\/MEYZIEU\/VAULX EN VELIN : \" CHAMPION DE MON QUARTIER\" revient !","description":"DECINES\/MEYZIEU\/VAULX EN VELIN : \" CHAMPION DE MON QUARTIER\" revient !","robots":{"index":"index","follow":"follow","max-snippet":"max-snippet:-1","max-image-preview":"max-image-preview:large","max-video-preview":"max-video-preview:-1"},"canonical":"https:\/\/newsestlyonnais.fr\/site\/2017\/04\/11\/decinesmeyzieuvaulx-en-velin-champion-de-mon-quartier-revient\/","og_locale":"fr_FR","og_type":"article","og_title":"DECINES\/MEYZIEU\/VAULX EN VELIN : \" CHAMPION DE MON QUARTIER\" revient !","og_description":"DECINES\/MEYZIEU\/VAULX EN VELIN : \" CHAMPION DE MON QUARTIER\" revient !","og_url":"https:\/\/newsestlyonnais.fr\/site\/2017\/04\/11\/decinesmeyzieuvaulx-en-velin-champion-de-mon-quartier-revient\/","og_site_name":"News Est Lyonnais","article_author":"https:\/\/www.facebook.com\/pascal.oberson.1?fref=ts","article_published_time":"2017-04-11T14:32:02+00:00","article_modified_time":"2020-11-11T16:26:41+00:00","og_image":[{"width":1000,"height":750,"url":"https:\/\/i2.wp.com\/newsestlyonnais.fr\/site\/wp-content\/uploads\/2017\/04\/NEWSESTLYONNAIS-CHAMPION-MON-QUARTIER-2017.jpg?fit=1000%2C750&ssl=1","type":"image\/jpeg"}],"author":"R\u00e9dac. NEWS","twitter_card":"summary_large_image","twitter_misc":{"\u00c9crit par":"R\u00e9dac. NEWS","Dur\u00e9e de lecture estim\u00e9e":"1 minute"},"schema":{"@context":"https:\/\/schema.org","@graph":[{"@type":"Article","@id":"https:\/\/newsestlyonnais.fr\/site\/2017\/04\/11\/decinesmeyzieuvaulx-en-velin-champion-de-mon-quartier-revient\/#article","isPartOf":{"@id":"https:\/\/newsestlyonnais.fr\/site\/2017\/04\/11\/decinesmeyzieuvaulx-en-velin-champion-de-mon-quartier-revient\/"},"author":{"name":"R\u00e9dac. NEWS","@id":"https:\/\/newsestlyonnais.fr\/site\/#\/schema\/person\/3230d5615f390bb808365d673001e887"},"headline":"DECINES\/MEYZIEU\/VAULX EN VELIN | \u00a0\u00bb CHAMPION DE MON QUARTIER\u00a0\u00bb revient !","datePublished":"2017-04-11T14:32:02+00:00","dateModified":"2020-11-11T16:26:41+00:00","mainEntityOfPage":{"@id":"https:\/\/newsestlyonnais.fr\/site\/2017\/04\/11\/decinesmeyzieuvaulx-en-velin-champion-de-mon-quartier-revient\/"},"wordCount":199,"commentCount":0,"publisher":{"@id":"https:\/\/newsestlyonnais.fr\/site\/#organization"},"image":{"@id":"https:\/\/newsestlyonnais.fr\/site\/2017\/04\/11\/decinesmeyzieuvaulx-en-velin-champion-de-mon-quartier-revient\/#primaryimage"},"thumbnailUrl":"https:\/\/newsestlyonnais.fr\/site\/wp-content\/uploads\/2017\/04\/NEWSESTLYONNAIS-CHAMPION-MON-QUARTIER-2017.jpg","articleSection":["Athl\u00e9 | Course pied | Marche","D\u00e9cines-Charpieu","Enfance | Jeunesse","Meyzieu","Vaulx-en-Velin"],"inLanguage":"fr-FR","potentialAction":[{"@type":"CommentAction","name":"Comment","target":["https:\/\/newsestlyonnais.fr\/site\/2017\/04\/11\/decinesmeyzieuvaulx-en-velin-champion-de-mon-quartier-revient\/#respond"]}]},{"@type":"WebPage","@id":"https:\/\/newsestlyonnais.fr\/site\/2017\/04\/11\/decinesmeyzieuvaulx-en-velin-champion-de-mon-quartier-revient\/","url":"https:\/\/newsestlyonnais.fr\/site\/2017\/04\/11\/decinesmeyzieuvaulx-en-velin-champion-de-mon-quartier-revient\/","name":"DECINES\/MEYZIEU\/VAULX EN VELIN : \" CHAMPION DE MON QUARTIER\" revient !","isPartOf":{"@id":"https:\/\/newsestlyonnais.fr\/site\/#website"},"primaryImageOfPage":{"@id":"https:\/\/newsestlyonnais.fr\/site\/2017\/04\/11\/decinesmeyzieuvaulx-en-velin-champion-de-mon-quartier-revient\/#primaryimage"},"image":{"@id":"https:\/\/newsestlyonnais.fr\/site\/2017\/04\/11\/decinesmeyzieuvaulx-en-velin-champion-de-mon-quartier-revient\/#primaryimage"},"thumbnailUrl":"https:\/\/newsestlyonnais.fr\/site\/wp-content\/uploads\/2017\/04\/NEWSESTLYONNAIS-CHAMPION-MON-QUARTIER-2017.jpg","datePublished":"2017-04-11T14:32:02+00:00","dateModified":"2020-11-11T16:26:41+00:00","description":"DECINES\/MEYZIEU\/VAULX EN VELIN : \" CHAMPION DE MON QUARTIER\" revient !","breadcrumb":{"@id":"https:\/\/newsestlyonnais.fr\/site\/2017\/04\/11\/decinesmeyzieuvaulx-en-velin-champion-de-mon-quartier-revient\/#breadcrumb"},"inLanguage":"fr-FR","potentialAction":[{"@type":"ReadAction","target":["https:\/\/newsestlyonnais.fr\/site\/2017\/04\/11\/decinesmeyzieuvaulx-en-velin-champion-de-mon-quartier-revient\/"]}]},{"@type":"ImageObject","inLanguage":"fr-FR","@id":"https:\/\/newsestlyonnais.fr\/site\/2017\/04\/11\/decinesmeyzieuvaulx-en-velin-champion-de-mon-quartier-revient\/#primaryimage","url":"https:\/\/newsestlyonnais.fr\/site\/wp-content\/uploads\/2017\/04\/NEWSESTLYONNAIS-CHAMPION-MON-QUARTIER-2017.jpg","contentUrl":"https:\/\/newsestlyonnais.fr\/site\/wp-content\/uploads\/2017\/04\/NEWSESTLYONNAIS-CHAMPION-MON-QUARTIER-2017.jpg","width":1000,"height":750,"caption":"L'affiche du projet"},{"@type":"BreadcrumbList","@id":"https:\/\/newsestlyonnais.fr\/site\/2017\/04\/11\/decinesmeyzieuvaulx-en-velin-champion-de-mon-quartier-revient\/#breadcrumb","itemListElement":[{"@type":"ListItem","position":1,"name":"Accueil","item":"https:\/\/newsestlyonnais.fr\/site\/"},{"@type":"ListItem","position":2,"name":"DECINES\/MEYZIEU\/VAULX EN VELIN | \u00a0\u00bb CHAMPION DE MON QUARTIER\u00a0\u00bb revient !"}]},{"@type":"WebSite","@id":"https:\/\/newsestlyonnais.fr\/site\/#website","url":"https:\/\/newsestlyonnais.fr\/site\/","name":"News Est Lyonnais","description":"L&#039;actualit\u00e9 au plus pr\u00e8s","publisher":{"@id":"https:\/\/newsestlyonnais.fr\/site\/#organization"},"potentialAction":[{"@type":"SearchAction","target":{"@type":"EntryPoint","urlTemplate":"https:\/\/newsestlyonnais.fr\/site\/?s={search_term_string}"},"query-input":{"@type":"PropertyValueSpecification","valueRequired":true,"valueName":"search_term_string"}}],"inLanguage":"fr-FR"},{"@type":"Organization","@id":"https:\/\/newsestlyonnais.fr\/site\/#organization","name":"News EST LYONNAIS","url":"https:\/\/newsestlyonnais.fr\/site\/","logo":{"@type":"ImageObject","inLanguage":"fr-FR","@id":"https:\/\/newsestlyonnais.fr\/site\/#\/schema\/logo\/image\/","url":"","contentUrl":"","caption":"News EST LYONNAIS"},"image":{"@id":"https:\/\/newsestlyonnais.fr\/site\/#\/schema\/logo\/image\/"}},{"@type":"Person","@id":"https:\/\/newsestlyonnais.fr\/site\/#\/schema\/person\/3230d5615f390bb808365d673001e887","name":"R\u00e9dac. NEWS","sameAs":["http:\/\/www.newsestlyonnais.fr","https:\/\/www.facebook.com\/pascal.oberson.1?fref=ts","https:\/\/fr.linkedin.com\/in\/pascal-oberson-b17045113"],"url":"https:\/\/newsestlyonnais.fr\/site\/author\/nel\/"}]}},"_links":{"self":[{"href":"https:\/\/newsestlyonnais.fr\/site\/wp-json\/wp\/v2\/posts\/24369","targetHints":{"allow":["GET"]}}],"collection":[{"href":"https:\/\/newsestlyonnais.fr\/site\/wp-json\/wp\/v2\/posts"}],"about":[{"href":"https:\/\/newsestlyonnais.fr\/site\/wp-json\/wp\/v2\/types\/post"}],"author":[{"embeddable":true,"href":"https:\/\/newsestlyonnais.fr\/site\/wp-json\/wp\/v2\/users\/4"}],"replies":[{"embeddable":true,"href":"https:\/\/newsestlyonnais.fr\/site\/wp-json\/wp\/v2\/comments?post=24369"}],"version-history":[{"count":0,"href":"https:\/\/newsestlyonnais.fr\/site\/wp-json\/wp\/v2\/posts\/24369\/revisions"}],"wp:featuredmedia":[{"embeddable":true,"href":"https:\/\/newsestlyonnais.fr\/site\/wp-json\/wp\/v2\/media\/24372"}],"wp:attachment":[{"href":"https:\/\/newsestlyonnais.fr\/site\/wp-json\/wp\/v2\/media?parent=24369"}],"wp:term":[{"taxonomy":"category","embeddable":true,"href":"https:\/\/newsestlyonnais.fr\/site\/wp-json\/wp\/v2\/categories?post=24369"},{"taxonomy":"post_tag","embeddable":true,"href":"https:\/\/newsestlyonnais.fr\/site\/wp-json\/wp\/v2\/tags?post=24369"}],"curies":[{"name":"wp","href":"https:\/\/api.w.org\/{rel}","templated":true}]}}